{"id":195,"date":"2012-11-01T10:15:04","date_gmt":"2012-11-01T13:15:04","guid":{"rendered":"http:\/\/cfcontabil.com\/cf\/?p=195"},"modified":"2012-11-01T10:15:04","modified_gmt":"2012-11-01T13:15:04","slug":"receira-federal-alerta-proteja-se-de-falsos-fiscais","status":"publish","type":"post","link":"http:\/\/cfcontabil.com\/cf\/receira-federal-alerta-proteja-se-de-falsos-fiscais\/","title":{"rendered":"Receira Federal alerta: proteja-se de falsos fiscais!"},"content":{"rendered":"<p style=\"text-align: center;\">Servi\u00e7o de utilidade p\u00fablica, prezados.\u00a0Tome cuidado!<\/p>\n<p style=\"text-align: justify;\"><img data-recalc-dims=\"1\" fetchpriority=\"high\" decoding=\"async\" class=\"aligncenter\" src=\"https:\/\/i0.wp.com\/www.evidenciagrupo.com.br\/nfe\/intranet\/fckeditor\/kcfinder\/upload\/images\/1333547553.jpg?resize=737%2C646\" alt=\"\" width=\"737\" height=\"646\" \/><\/p>\n<p style=\"text-align: justify;\"><!--more--><\/p>\n<p style=\"text-align: justify;\">Falsos fiscais abordam empresas em busca de dinheiro f\u00e1cil. Algumas vezes, eles usam o nome de servidores da Receita Federal da ativa. Outras vezes, dizem que s\u00e3o da Associa\u00e7\u00e3o de Auditores Fiscais. Ainda h\u00e1 aqueles que querem vender, falsamente, assinaturas ou an\u00fancios em revistas do Fisco.<\/p>\n<p style=\"text-align: justify;\">Normalmente, ap\u00f3s alguns telefonemas ou envio de e-mails, eles se apresentam pessoalmente na empresa. Bem vestidos e com carteira funcional falsa, eles solicitam livros cont\u00e1beis e lavram termos fiscais. Em s\u00edntese, criam toda uma encena\u00e7\u00e3o levando o contribuinte a sentir que realmente est\u00e1 sob a\u00e7\u00e3o fiscal. Para \u201caliviar a fiscaliza\u00e7\u00e3o\u201d, esses falsos fiscais pedem quantias em dinheiro.<\/p>\n<p>O contribuinte, percebendo que se trata de um falso fiscal, deve chamar a Pol\u00edcia Civil ou a Pol\u00edcia Federal para registrar o flagrante.<\/p>\n<p>&nbsp;<\/p>\n<p style=\"text-align: justify;\"><img data-recalc-dims=\"1\" decoding=\"async\" class=\"aligncenter\" src=\"https:\/\/i0.wp.com\/patobragadoonline.com.br\/wp_\/wp-content\/uploads\/2012\/10\/policia_federal1.jpg?resize=380%2C285\" alt=\"\" width=\"380\" height=\"285\" \/><\/p>\n<p>&nbsp;<\/p>\n<p>A Receita Federal do Brasil esclarece que n\u00e3o tem nenhuma revista ou associa\u00e7\u00e3o autorizada a falar em seu nome. Quando abordada pela fiscaliza\u00e7\u00e3o da Receita Federal, a empresa recebe o Termo de In\u00edcio da A\u00e7\u00e3o Fiscal. Nesse termo, constam o n\u00famero do Mandado de Procedimento Fiscal \u2013 MPF e uma senha de acesso. De posse dessas informa\u00e7\u00f5es, o contribuinte deve, antes de qualquer provid\u00eancia, entrar no s\u00edtio da Receita Federal (www.receita.fazenda.gov.br) e seguir o seguinte caminho: todos os servicos\/ fiscaliza\u00e7\u00e3o\/consulta Mandado de Procedimento Fiscal. No s\u00edtio, o MPF vai confirmar a natureza e a origem da fiscaliza\u00e7\u00e3o.<\/p>\n<p>\u00c9 importante informar que nenhum fiscal da Receita Federal visita ou faz qualquer exig\u00eancia ao sujeito passivo sem um documento escrito. Al\u00e9m disso, todo e qualquer valor devido \u00e0 Uni\u00e3o deve ser recolhido por meio de DARF pelo sistema financeiro, jamais por um servidor.<\/p>\n<p>&nbsp;<\/p>\n<p style=\"text-align: justify;\"><img data-recalc-dims=\"1\" decoding=\"async\" class=\"aligncenter\" src=\"https:\/\/i0.wp.com\/emfocojornal.com\/wp-content\/uploads\/2012\/10\/041.jpg?resize=300%2C157\" alt=\"\" width=\"300\" height=\"157\" \/><br \/>\n<span style=\"font-size: 10px;\"><em>Fonte: Receita Federal<\/em><\/span><\/p>\n","protected":false},"excerpt":{"rendered":"<p>Servi\u00e7o de utilidade p\u00fablica, prezados.\u00a0Tome cuidado!<\/p>\n","protected":false},"author":2,"featured_media":0,"comment_status":"open","ping_status":"open","sticky":false,"template":"","format":"standard","meta":{"jetpack_post_was_ever_published":false,"_jetpack_newsletter_access":"","_jetpack_dont_email_post_to_subs":false,"_jetpack_newsletter_tier_id":0,"_jetpack_memberships_contains_paywalled_content":false,"_jetpack_memberships_contains_paid_content":false,"footnotes":"","jetpack_publicize_message":"","jetpack_publicize_feature_enabled":true,"jetpack_social_post_already_shared":false,"jetpack_social_options":{"image_generator_settings":{"template":"highway","default_image_id":0,"font":"","enabled":false},"version":2}},"categories":[69,46,22],"tags":[70,71,72,73,74],"class_list":["post-195","post","type-post","status-publish","format-standard","hentry","category-contabilidade-2","category-df","category-geral","tag-falsos","tag-federal","tag-fiscais","tag-fraude","tag-receita"],"jetpack_publicize_connections":[],"jetpack_featured_media_url":"","jetpack_sharing_enabled":true,"jetpack_shortlink":"https:\/\/wp.me\/p2wklX-39","jetpack-related-posts":[{"id":100,"url":"http:\/\/cfcontabil.com\/cf\/de-quem-e-a-obrigacao-de-gerar-o-sped-fiscal\/","url_meta":{"origin":195,"position":0},"title":"De quem \u00e9 a obriga\u00e7\u00e3o de gerar o SPED Fiscal?","author":"Vin\u00edcius Moizinho","date":"1 de agosto de 2012","format":false,"excerpt":"Bom dia! Hoje disponibilizo para voc\u00eas um excelente texto produzido pelo colega\u00a0Leandro Felizali, diretor da Vinco\u00a0(empresa brasileira especializada na integra\u00e7\u00e3o de sistemas e na migra\u00e7\u00e3o de dados). Afinal, de quem \u00e9 a obriga\u00e7\u00e3o de gerar o SPED Fiscal? Leandro tem a resposta. Confira logo a seguir. Boa leitura! As exig\u00eancias\u2026","rel":"","context":"Em &quot;Departamento Fiscal&quot;","block_context":{"text":"Departamento Fiscal","link":"http:\/\/cfcontabil.com\/cf\/category\/df\/"},"img":{"alt_text":"","src":"https:\/\/i0.wp.com\/www.gdcorp.com.br\/neoadmin\/imglib\/fnl\/61.jpg?resize=350%2C200","width":350,"height":200},"classes":[]},{"id":119,"url":"http:\/\/cfcontabil.com\/cf\/tecnologia-na-governanca-triburaria\/","url_meta":{"origin":195,"position":1},"title":"Tecnologia na Governan\u00e7a Tribur\u00e1ria","author":"Vin\u00edcius Moizinho","date":"22 de agosto de 2012","format":false,"excerpt":"Bom dia, prezados! Hoje trago a voc\u00eas um excelente artigo produzido por\u00a0Luciano Silva, atual diretor executivo da SPL Fiscal, empresa especializada na presta\u00e7\u00e3o de servi\u00e7os de terceiriza\u00e7\u00e3o de processos fiscais. Nele o autor aborta a import\u00e2ncia do controle tribut\u00e1rio para as empresas brasileiras, destacando como contribuintes podem se beneficiar com\u2026","rel":"","context":"Em &quot;Geral&quot;","block_context":{"text":"Geral","link":"http:\/\/cfcontabil.com\/cf\/category\/geral\/"},"img":{"alt_text":"","src":"https:\/\/i0.wp.com\/thumbs.dreamstime.com\/thumblarge_545\/12865050587MYJsS.jpg?resize=350%2C200","width":350,"height":200},"classes":[]},{"id":726,"url":"http:\/\/cfcontabil.com\/cf\/a-responsabilidade-criminal-do-contador-no-crime-de-sonegacao-fiscal\/","url_meta":{"origin":195,"position":2},"title":"A Responsabilidade Criminal do Contador no crime de Sonega\u00e7\u00e3o Fiscal","author":"Ab\u00edlio Gon\u00e7alves","date":"3 de abril de 2016","format":false,"excerpt":"O delito \u00e9 apenado com multa e reclus\u00e3o, de 2 (dois) a 5 (cinco) anos. \u00c9 importante tanto o empres\u00e1rio ou o pr\u00f3prio Contador conhecer seus limites e responsabilidades. Veja neste artigo O ordenamento jur\u00eddico prev\u00ea diversos crimes tribut\u00e1rios e, dentre eles, o delito de sonega\u00e7\u00e3o fiscal, consoante o art.\u2026","rel":"","context":"Em &quot;Contabilidade em geral&quot;","block_context":{"text":"Contabilidade em geral","link":"http:\/\/cfcontabil.com\/cf\/category\/contabilidade-2\/"},"img":{"alt_text":"","src":"https:\/\/i0.wp.com\/cfcontabil.com\/cf\/wp-content\/uploads\/2016\/04\/criminal2-1.jpg?fit=880%2C380&resize=350%2C200","width":350,"height":200,"srcset":"https:\/\/i0.wp.com\/cfcontabil.com\/cf\/wp-content\/uploads\/2016\/04\/criminal2-1.jpg?fit=880%2C380&resize=350%2C200 1x, https:\/\/i0.wp.com\/cfcontabil.com\/cf\/wp-content\/uploads\/2016\/04\/criminal2-1.jpg?fit=880%2C380&resize=525%2C300 1.5x, https:\/\/i0.wp.com\/cfcontabil.com\/cf\/wp-content\/uploads\/2016\/04\/criminal2-1.jpg?fit=880%2C380&resize=700%2C400 2x"},"classes":[]},{"id":1109,"url":"http:\/\/cfcontabil.com\/cf\/receita-federal-e-fiscos-estaduais-iniciam-fiscalizacao-conjunta\/","url_meta":{"origin":195,"position":3},"title":"Receita Federal e Fiscos Estaduais iniciam fiscaliza\u00e7\u00e3o conjunta","author":"Ab\u00edlio Gon\u00e7alves","date":"6 de abril de 2017","format":false,"excerpt":"A a\u00e7\u00e3o ter\u00e1 foco nas empresas notificadas pelo Alerta do Simples Nacional 3 de 2016. Expectativa \u00e9 de uma recupera\u00e7\u00e3o de R$ 130 milh\u00f5es em tributos sonegados. A Receita Federal, em conjunto com as Secretarias de Fazenda dos Estados do Tocantins, Piau\u00ed, Alagoas, Rio Grande do Norte, Sergipe, Minas Gerais,\u2026","rel":"","context":"Em &quot;Departamento Fiscal&quot;","block_context":{"text":"Departamento Fiscal","link":"http:\/\/cfcontabil.com\/cf\/category\/df\/"},"img":{"alt_text":"","src":"https:\/\/i0.wp.com\/cfcontabil.com\/cf\/wp-content\/uploads\/2017\/01\/simples-1.jpg?fit=520%2C271&resize=350%2C200","width":350,"height":200},"classes":[]},{"id":2853,"url":"http:\/\/cfcontabil.com\/cf\/dirf-dasn-ecf-ecd-as-principais-declaracoes-anuais-para-empresas\/","url_meta":{"origin":195,"position":4},"title":"DIRF, DASN, ECF, ECD: as principais declara\u00e7\u00f5es anuais para empresas","author":"Ab\u00edlio Gon\u00e7alves","date":"23 de fevereiro de 2023","format":false,"excerpt":"As empresas s\u00e3o obrigadas a fornecer v\u00e1rias declara\u00e7\u00f5es anuais ao governo para cumprir suas obriga\u00e7\u00f5es fiscais e cont\u00e1beis.","rel":"","context":"Em &quot;Geral&quot;","block_context":{"text":"Geral","link":"http:\/\/cfcontabil.com\/cf\/category\/geral\/"},"img":{"alt_text":"Free business woman with laptop","src":"https:\/\/i0.wp.com\/cfcontabil.com\/cf\/wp-content\/uploads\/2023\/02\/czNmcy1wcml2YXRlL3Jhd3BpeGVsX2ltYWdlcy93ZWJzaXRlX2NvbnRlbnQvbHIvbnMxODExLWltYWdlLWt3dnljbzN4LmpwZw.jpg?fit=1200%2C900&resize=350%2C200","width":350,"height":200,"srcset":"https:\/\/i0.wp.com\/cfcontabil.com\/cf\/wp-content\/uploads\/2023\/02\/czNmcy1wcml2YXRlL3Jhd3BpeGVsX2ltYWdlcy93ZWJzaXRlX2NvbnRlbnQvbHIvbnMxODExLWltYWdlLWt3dnljbzN4LmpwZw.jpg?fit=1200%2C900&resize=350%2C200 1x, https:\/\/i0.wp.com\/cfcontabil.com\/cf\/wp-content\/uploads\/2023\/02\/czNmcy1wcml2YXRlL3Jhd3BpeGVsX2ltYWdlcy93ZWJzaXRlX2NvbnRlbnQvbHIvbnMxODExLWltYWdlLWt3dnljbzN4LmpwZw.jpg?fit=1200%2C900&resize=525%2C300 1.5x, https:\/\/i0.wp.com\/cfcontabil.com\/cf\/wp-content\/uploads\/2023\/02\/czNmcy1wcml2YXRlL3Jhd3BpeGVsX2ltYWdlcy93ZWJzaXRlX2NvbnRlbnQvbHIvbnMxODExLWltYWdlLWt3dnljbzN4LmpwZw.jpg?fit=1200%2C900&resize=700%2C400 2x, https:\/\/i0.wp.com\/cfcontabil.com\/cf\/wp-content\/uploads\/2023\/02\/czNmcy1wcml2YXRlL3Jhd3BpeGVsX2ltYWdlcy93ZWJzaXRlX2NvbnRlbnQvbHIvbnMxODExLWltYWdlLWt3dnljbzN4LmpwZw.jpg?fit=1200%2C900&resize=1050%2C600 3x"},"classes":[]},{"id":1206,"url":"http:\/\/cfcontabil.com\/cf\/nao-entregou-a-declaracao-de-irpf-2016-saiba-o-risco-da-malha-fina\/","url_meta":{"origin":195,"position":5},"title":"N\u00e3o entregou a Declara\u00e7\u00e3o de IRPF 2016? Saiba o risco da Malha Fina","author":"Ab\u00edlio Gon\u00e7alves","date":"3 de maio de 2016","format":false,"excerpt":"O prazo para envio terminou \u00e0s 23h59 de sexta-feira (29). Multa m\u00ednima \u00e9 de R$ 165,74, mas pode atingir 20% do imposto devido. A Receita Federal recebeu 27.960.663 declara\u00e7\u00f5es do IR, segundo balan\u00e7o divulgado na madrugada deste s\u00e1bado (30). A estimativa \u00e9 que 239 mil contribuintes tenham perdido o prazo\u2026","rel":"","context":"Em &quot;Geral&quot;","block_context":{"text":"Geral","link":"http:\/\/cfcontabil.com\/cf\/category\/geral\/"},"img":{"alt_text":"","src":"https:\/\/i0.wp.com\/cfcontabil.com\/cf\/wp-content\/uploads\/2016\/05\/Imposto_Renda_IR_Prazo-1.jpg?fit=620%2C412&resize=350%2C200","width":350,"height":200,"srcset":"https:\/\/i0.wp.com\/cfcontabil.com\/cf\/wp-content\/uploads\/2016\/05\/Imposto_Renda_IR_Prazo-1.jpg?fit=620%2C412&resize=350%2C200 1x, https:\/\/i0.wp.com\/cfcontabil.com\/cf\/wp-content\/uploads\/2016\/05\/Imposto_Renda_IR_Prazo-1.jpg?fit=620%2C412&resize=525%2C300 1.5x"},"classes":[]}],"jetpack_likes_enabled":true,"_links":{"self":[{"href":"http:\/\/cfcontabil.com\/cf\/wp-json\/wp\/v2\/posts\/195","targetHints":{"allow":["GET"]}}],"collection":[{"href":"http:\/\/cfcontabil.com\/cf\/wp-json\/wp\/v2\/posts"}],"about":[{"href":"http:\/\/cfcontabil.com\/cf\/wp-json\/wp\/v2\/types\/post"}],"author":[{"embeddable":true,"href":"http:\/\/cfcontabil.com\/cf\/wp-json\/wp\/v2\/users\/2"}],"replies":[{"embeddable":true,"href":"http:\/\/cfcontabil.com\/cf\/wp-json\/wp\/v2\/comments?post=195"}],"version-history":[{"count":0,"href":"http:\/\/cfcontabil.com\/cf\/wp-json\/wp\/v2\/posts\/195\/revisions"}],"wp:attachment":[{"href":"http:\/\/cfcontabil.com\/cf\/wp-json\/wp\/v2\/media?parent=195"}],"wp:term":[{"taxonomy":"category","embeddable":true,"href":"http:\/\/cfcontabil.com\/cf\/wp-json\/wp\/v2\/categories?post=195"},{"taxonomy":"post_tag","embeddable":true,"href":"http:\/\/cfcontabil.com\/cf\/wp-json\/wp\/v2\/tags?post=195"}],"curies":[{"name":"wp","href":"https:\/\/api.w.org\/{rel}","templated":true}]}}