{"id":1950,"date":"2019-11-27T07:48:30","date_gmt":"2019-11-27T10:48:30","guid":{"rendered":"http:\/\/cfcontabil.com\/cf\/?p=1950"},"modified":"2019-11-27T07:48:30","modified_gmt":"2019-11-27T10:48:30","slug":"pequenos-devem-regularizar-debitos-com-a-receita","status":"publish","type":"post","link":"http:\/\/cfcontabil.com\/cf\/pequenos-devem-regularizar-debitos-com-a-receita\/","title":{"rendered":"Pequenos devem regularizar d\u00e9bitos com a Receita"},"content":{"rendered":"<p><strong>Empresas optantes pelo Simples Nacional com irregularidades t\u00eam at\u00e9 30 dias para quitar d\u00edvidas. Exclus\u00e3o ter\u00e1 efeitos a partir de 2020<\/strong><\/p>\n<p><a href=\"https:\/\/i0.wp.com\/cfcontabil.com\/cf\/wp-content\/uploads\/2019\/11\/simples-nacional-opcao.jpeg\"><img data-recalc-dims=\"1\" fetchpriority=\"high\" decoding=\"async\" data-attachment-id=\"1952\" data-permalink=\"http:\/\/cfcontabil.com\/cf\/pequenos-devem-regularizar-debitos-com-a-receita\/simples-nacional-opcao\/\" data-orig-file=\"https:\/\/i0.wp.com\/cfcontabil.com\/cf\/wp-content\/uploads\/2019\/11\/simples-nacional-opcao.jpeg?fit=660%2C360\" data-orig-size=\"660,360\" data-comments-opened=\"1\" data-image-meta=\"{&quot;aperture&quot;:&quot;0&quot;,&quot;credit&quot;:&quot;&quot;,&quot;camera&quot;:&quot;&quot;,&quot;caption&quot;:&quot;&quot;,&quot;created_timestamp&quot;:&quot;0&quot;,&quot;copyright&quot;:&quot;&quot;,&quot;focal_length&quot;:&quot;0&quot;,&quot;iso&quot;:&quot;0&quot;,&quot;shutter_speed&quot;:&quot;0&quot;,&quot;title&quot;:&quot;&quot;,&quot;orientation&quot;:&quot;0&quot;}\" data-image-title=\"simples-nacional-opcao\" data-image-description=\"\" data-image-caption=\"\" data-large-file=\"https:\/\/i0.wp.com\/cfcontabil.com\/cf\/wp-content\/uploads\/2019\/11\/simples-nacional-opcao.jpeg?fit=660%2C360\" class=\"aligncenter size-full wp-image-1952\" src=\"https:\/\/i0.wp.com\/cfcontabil.com\/cf\/wp-content\/uploads\/2019\/11\/simples-nacional-opcao.jpeg?resize=660%2C360\" alt=\"\" width=\"660\" height=\"360\" srcset=\"https:\/\/i0.wp.com\/cfcontabil.com\/cf\/wp-content\/uploads\/2019\/11\/simples-nacional-opcao.jpeg?w=660 660w, https:\/\/i0.wp.com\/cfcontabil.com\/cf\/wp-content\/uploads\/2019\/11\/simples-nacional-opcao.jpeg?resize=300%2C164 300w, https:\/\/i0.wp.com\/cfcontabil.com\/cf\/wp-content\/uploads\/2019\/11\/simples-nacional-opcao.jpeg?resize=370%2C202 370w\" sizes=\"(max-width: 660px) 100vw, 660px\" \/><\/a><\/p>\n<p>A Receita Federal notifica micro e pequenas empresas optantes pelo Simples Nacional com d\u00e9bitos junto \u00e0 Secretaria Especial da Receita Federal ou \u00e0 Procuradoria-Geral da Fazenda Nacional. Ap\u00f3s conhecimento do termo, o contribuinte tem at\u00e9 30 dias para impugnar o termo ou regularizar seus d\u00e9bitos. A exclus\u00e3o daqueles que n\u00e3o cumprirem com suas obriga\u00e7\u00f5es tribut\u00e1rias surtir\u00e1 efeitos a partir de 1\u00ba de janeiro de 2020. No total, foram notificados 738.605 devedores, que respondem por d\u00edvidas de R$ 21,5 bilh\u00f5es.<\/p>\n<p>Periodicamente, a Receita faz an\u00e1lise para verificar se as empresas est\u00e3o de acordo com as condi\u00e7\u00f5es de enquadramento do Regime Especial Unificado de Arrecada\u00e7\u00e3o de Tributos e Contribui\u00e7\u00f5es. Caso o estabelecimento apresente irregularidades, a Receita Federal envia cartas com o aviso de exclus\u00e3o.<\/p>\n<p>\u201c\u00c9 o momento de o empres\u00e1rio verificar de que forma pode planejar melhor seu neg\u00f3cio e evitar d\u00edvidas. O Sebrae apoia situa\u00e7\u00f5es como esta com esclarecimentos e orienta\u00e7\u00f5es para que o empres\u00e1rio trabalhe sempre com margens positivas\u201d, explica o presidente do Sebrae, Carlos Melles.<\/p>\n<p>As notifica\u00e7\u00f5es sinalizam quais foram as diverg\u00eancias identificadas. As situa\u00e7\u00f5es s\u00e3o variadas, como falta de documentos, excesso de faturamento, d\u00e9bitos tribut\u00e1rios, erro de cadastro, parcelamentos pendentes ou atividades n\u00e3o permitidas no regime.<\/p>\n<p>O Termo de Exclus\u00e3o pode ser acessado pelo Portal do Simples Nacional ou pelo Atendimento Virtual (e-CAC), sendo preciso apresentar certificado digital ou c\u00f3digo de acesso. O prazo para consulta do termo \u00e9 de 45 dias, a partir da disponibiliza\u00e7\u00e3o do Domic\u00edlio Tribut\u00e1rio Eletr\u00f4nico do Simples Nacional (DTE-SN).<\/p>\n<p>Todo o processo de regulariza\u00e7\u00e3o e parcelamento dos d\u00e9bitos previdenci\u00e1rios ou n\u00e3o previdenci\u00e1rios devem ser efetuados via portal da Receita Federal, n\u00e3o devendo o contribuinte procurar a Receita Federal presencialmente. O pagamento dos d\u00e9bitos pode ser feito \u00e0 vista, parcelado ou com compensa\u00e7\u00e3o. Se a regulariza\u00e7\u00e3o for feita dentro do prazo, n\u00e3o h\u00e1 preju\u00edzo e o optante continua dentro do regime especial.<\/p>\n<p><strong>SIMPLES\u00a0<\/strong><\/p>\n<p>O Simples Nacional \u00e9 um regime compartilhado de arrecada\u00e7\u00e3o, cobran\u00e7a e fiscaliza\u00e7\u00e3o de tributos aplic\u00e1vel \u00e0s Microempresas e Empresas de Pequeno Porte, previsto na Lei Complementar n\u00ba 123, de 14 de dezembro de 2006. De acordo com n\u00fameros da Receita atualizados, em novembro deste ano, mais de 14 milh\u00f5es de empresas s\u00e3o optantes do Simples Nacional.<\/p>\n<div>\n<h3><strong>Modelo do termo de exclus\u00e3o do Simples Nacional<\/strong><\/h3>\n<p><img data-recalc-dims=\"1\" decoding=\"async\" style=\"outline: none; border: 0px; display: block; width: 1005.6px; max-width: 100%; height: auto !important;\" title=\"Termo de exclus\u00e3o Simples Nacional\" src=\"https:\/\/i0.wp.com\/www.contabeis.com.br\/assets\/img\/conteudo\/FILE-20191126-1240T147WK3ABBS8.png?w=1170&#038;ssl=1\" alt=\"Mais de 370 mil empresas foram notificadas e podem ser exclu\u00eddas do &lt;a class='classtermo' href='https:\/\/www.contabeis.com.br\/termos-contabeis\/simples_nacional\/'&gt;Simples Nacional.&lt;\/a&gt; \"  \/><\/p>\n<h3><strong>Modelo de Relat\u00f3rio de pend\u00eancias Simples Nacional<\/strong><\/h3>\n<p>A rela\u00e7\u00e3o de d\u00e9bitos est\u00e1 dispon\u00edvel no link \u201cRelat\u00f3rio de Pend\u00eancias\u201d, que consta da mensagem do Termo de Exclus\u00e3o 2019 recebida no DTE-SN<\/p>\n<p>Segue modelo do relat\u00f3rio de pend\u00eancias referente ao termo de exclus\u00e3o do Simples Nacional:<\/p>\n<p>&nbsp;<\/p>\n<p><img data-recalc-dims=\"1\" decoding=\"async\" title=\"Relat\u00f3rio de D\u00e9bitos Simples Nacional\" src=\"https:\/\/i0.wp.com\/www.contabeis.com.br\/assets\/img\/conteudo\/FILE-20191126-1354ZTXUB1U66CX7.png?w=1170&#038;ssl=1\" alt=\"Empresas tem at\u00e9 dia 12 de dezembro para solicitar o parcelamento de d\u00e9bitos do Simples Nacional\"  \/><\/p>\n<p>O contribuinte que regularizar a totalidade de seus d\u00e9bitos dentro do prazo ter\u00e1 a exclus\u00e3o do\u00a0Simples Nacional\u00a0automaticamente tornada sem efeito, ou seja, o contribuinte continuar\u00e1 nesse regime especial e n\u00e3o precisa comparecer \u00e0s unidades da RFB para adotar qualquer procedimento.<\/p>\n<h3><strong>Como solicitar o parcelamento dos D\u00e9bitos do Simples Nacional<\/strong><\/h3>\n<p>O parcelamento pode ser solicitado em qualquer \u00e9poca do ano, no \u00e2mbito da Receita Federal atrav\u00e9s do eCAC, utilizando o\u00a0Certificado Digital\u00a0ou c\u00f3digo de acesso.<\/p>\n<p>A empresa s\u00f3 pode ter um parcelamento ativo por vez. Caso haja d\u00e9bitos do\u00a0Simples Nacional\u00a0a serem inclu\u00eddos no parcelamento, o contribuinte deve desistir do parcelamento em andamento e solicitar um novo, incluindo todos os d\u00e9bitos.<\/p>\n<p>Tamb\u00e9m vale lembrar que s\u00f3 \u00e9 poss\u00edvel solicitar um parcelamento por ano, assim, caso o pedido de parcelamento tenha sido realizado em janeiro e a empresa necessita de outro refinanciamento das d\u00edvidas, dever\u00e1 aguardar o pr\u00f3ximo ano.<\/p>\n<h3><strong>Regulariza\u00e7\u00e3o do Termo de Exclus\u00e3o do Simples Nacional<\/strong><\/h3>\n<p>Caso a empresa seja exclu\u00edda do\u00a0Simples Nacional,\u00a0mas queira voltar, precisa se manifestar at\u00e9 o dia 31 de janeiro.<\/p>\n<p>Contudo, \u00e9 preciso verificar se, nessa fase, a empresa n\u00e3o est\u00e1 com nenhuma pend\u00eancia tribut\u00e1ria e trabalhista. D\u00e9bitos n\u00e3o permitem o enquadramento no Regime.<\/p>\n<\/div>\n<p>Fonte: Ag\u00eanciaSebrae<\/p>\n","protected":false},"excerpt":{"rendered":"<p>Empresas optantes pelo Simples Nacional com irregularidades t\u00eam at\u00e9 30 dias para quitar d\u00edvidas. Exclus\u00e3o ter\u00e1 efeitos a partir de 2020 A Receita Federal notifica micro e pequenas empresas optantes pelo Simples Nacional com d\u00e9bitos junto \u00e0 Secretaria Especial da Receita Federal ou \u00e0 Procuradoria-Geral da Fazenda Nacional. Ap\u00f3s conhecimento do termo, o contribuinte tem [&hellip;]<\/p>\n","protected":false},"author":1,"featured_media":1951,"comment_status":"open","ping_status":"open","sticky":false,"template":"","format":"standard","meta":{"jetpack_post_was_ever_published":false,"_jetpack_newsletter_access":"","_jetpack_dont_email_post_to_subs":false,"_jetpack_newsletter_tier_id":0,"_jetpack_memberships_contains_paywalled_content":false,"_jetpack_memberships_contains_paid_content":false,"footnotes":"","jetpack_publicize_message":"","jetpack_publicize_feature_enabled":true,"jetpack_social_post_already_shared":true,"jetpack_social_options":{"image_generator_settings":{"template":"highway","default_image_id":0,"font":"","enabled":false},"version":2}},"categories":[46],"tags":[211,296,213,131],"class_list":["post-1950","post","type-post","status-publish","format-standard","has-post-thumbnail","hentry","category-df","tag-nacional","tag-regularizacao","tag-simples","tag-tributacao"],"jetpack_publicize_connections":[],"jetpack_featured_media_url":"https:\/\/i0.wp.com\/cfcontabil.com\/cf\/wp-content\/uploads\/2019\/11\/simples-nacional-empresa.jpg?fit=660%2C350","jetpack_sharing_enabled":true,"jetpack_shortlink":"https:\/\/wp.me\/p2wklX-vs","jetpack-related-posts":[{"id":1869,"url":"http:\/\/cfcontabil.com\/cf\/receita-federal-ameaca-17-mil-empresas-por-dividas-no-df\/","url_meta":{"origin":1950,"position":0},"title":"Receita Federal amea\u00e7a 17 mil empresas por d\u00edvidas no DF","author":"Ab\u00edlio Gon\u00e7alves","date":"11 de novembro de 2019","format":false,"excerpt":"Inadimpl\u00eancia deve ser quitada at\u00e9 fim do ano para que empresariado n\u00e3o seja for\u00e7ado a deixar o Simples Nacional e ver riscos ao neg\u00f3cio Receita Federal\u00a0decidiu mirar em 17.304 microempresas e empresas de pequeno porte do Distrito Federal que optaram pelo sistema\u00a0Simples Nacional\u00a0e mant\u00eam d\u00edvidas com o Fisco nacional. A\u2026","rel":"","context":"Em &quot;Departamento Fiscal&quot;","block_context":{"text":"Departamento Fiscal","link":"http:\/\/cfcontabil.com\/cf\/category\/df\/"},"img":{"alt_text":"","src":"https:\/\/i0.wp.com\/cfcontabil.com\/cf\/wp-content\/uploads\/2017\/02\/receita-federal-1-1.png?fit=702%2C325&resize=350%2C200","width":350,"height":200,"srcset":"https:\/\/i0.wp.com\/cfcontabil.com\/cf\/wp-content\/uploads\/2017\/02\/receita-federal-1-1.png?fit=702%2C325&resize=350%2C200 1x, https:\/\/i0.wp.com\/cfcontabil.com\/cf\/wp-content\/uploads\/2017\/02\/receita-federal-1-1.png?fit=702%2C325&resize=525%2C300 1.5x, https:\/\/i0.wp.com\/cfcontabil.com\/cf\/wp-content\/uploads\/2017\/02\/receita-federal-1-1.png?fit=702%2C325&resize=700%2C400 2x"},"classes":[]},{"id":2047,"url":"http:\/\/cfcontabil.com\/cf\/empresas-que-nao-regularizaram-pendencias-sao-excluidas-do-simples\/","url_meta":{"origin":1950,"position":1},"title":"Empresas que n\u00e3o regularizaram pend\u00eancias s\u00e3o exclu\u00eddas do Simples","author":"Ab\u00edlio Gon\u00e7alves","date":"14 de janeiro de 2020","format":false,"excerpt":"Contribuinte que resolver situa\u00e7\u00e3o poder\u00e1 pedir reinclus\u00e3o no regime As micro e pequenas empresas que n\u00e3o regularizaram as pend\u00eancias com o Simples Nacional \u2013 regime tribut\u00e1rio especial para pequenos neg\u00f3cios \u2013 foram exclu\u00eddas do programa no in\u00edcio de 2020 (dia 1\u00ba). Elas ter\u00e3o at\u00e9 31 de janeiro para resolverem a\u2026","rel":"","context":"Em \"Exclus\u00e3o\"","block_context":{"text":"Exclus\u00e3o","link":"http:\/\/cfcontabil.com\/cf\/tag\/exclusao\/"},"img":{"alt_text":"","src":"https:\/\/i0.wp.com\/cfcontabil.com\/cf\/wp-content\/uploads\/2020\/01\/exclusao-simples-nacional.jpg?fit=600%2C310&resize=350%2C200","width":350,"height":200,"srcset":"https:\/\/i0.wp.com\/cfcontabil.com\/cf\/wp-content\/uploads\/2020\/01\/exclusao-simples-nacional.jpg?fit=600%2C310&resize=350%2C200 1x, https:\/\/i0.wp.com\/cfcontabil.com\/cf\/wp-content\/uploads\/2020\/01\/exclusao-simples-nacional.jpg?fit=600%2C310&resize=525%2C300 1.5x"},"classes":[]},{"id":861,"url":"http:\/\/cfcontabil.com\/cf\/opcao-pelo-simples-nacional\/","url_meta":{"origin":1950,"position":2},"title":"Op\u00e7\u00e3o pelo Simples Nacional","author":"Ab\u00edlio Gon\u00e7alves","date":"23 de janeiro de 2017","format":false,"excerpt":"Podem optar pelo Simples Nacional as microempresas (ME) e empresas de pequeno porte (EPP) que n\u00e3o incorram em nenhuma das veda\u00e7\u00f5es previstas na Lei Complementar 123, de 2006. A empresa poder\u00e1 fazer novo pedido de op\u00e7\u00e3o pelo Simples Nacional at\u00e9 o dia 31\/01\/2017. Conhe\u00e7a os detalhes previstos para a situa\u00e7\u00e3o\u2026","rel":"","context":"Em &quot;Consultoria Empresarial&quot;","block_context":{"text":"Consultoria Empresarial","link":"http:\/\/cfcontabil.com\/cf\/category\/consultoria\/"},"img":{"alt_text":"","src":"https:\/\/i0.wp.com\/cfcontabil.com\/cf\/wp-content\/uploads\/2017\/01\/simples-1.jpg?fit=520%2C271&resize=350%2C200","width":350,"height":200},"classes":[]},{"id":2354,"url":"http:\/\/cfcontabil.com\/cf\/reparcelamento-de-debitos-do-simples-nacional\/","url_meta":{"origin":1950,"position":3},"title":"Reparcelamento de d\u00e9bitos do Simples Nacional","author":"Ab\u00edlio Gon\u00e7alves","date":"4 de novembro de 2020","format":false,"excerpt":"A partir desta ter\u00e7a (03\/11)\u00a0est\u00e1 dispon\u00edvel, no portal do Simples Nacional ou no portal e-CAC, o m\u00f3dulo para reparcelamento de d\u00e9bitos apurados pelo Regime Especial Unificado de Arrecada\u00e7\u00e3o de Tributos e Contribui\u00e7\u00f5es devidos pelas Microempresas e Empresas de Pequeno Porte (Simples Nacional). O limite de 1 pedido de parcelamento por\u2026","rel":"","context":"Em &quot;Departamento Fiscal&quot;","block_context":{"text":"Departamento Fiscal","link":"http:\/\/cfcontabil.com\/cf\/category\/df\/"},"img":{"alt_text":"","src":"https:\/\/i0.wp.com\/cfcontabil.com\/cf\/wp-content\/uploads\/2020\/11\/Simples_Blog.jpg.600x335_q85_box-022957556_crop_detail.jpg?fit=600%2C335&resize=350%2C200","width":350,"height":200,"srcset":"https:\/\/i0.wp.com\/cfcontabil.com\/cf\/wp-content\/uploads\/2020\/11\/Simples_Blog.jpg.600x335_q85_box-022957556_crop_detail.jpg?fit=600%2C335&resize=350%2C200 1x, https:\/\/i0.wp.com\/cfcontabil.com\/cf\/wp-content\/uploads\/2020\/11\/Simples_Blog.jpg.600x335_q85_box-022957556_crop_detail.jpg?fit=600%2C335&resize=525%2C300 1.5x"},"classes":[]},{"id":2653,"url":"http:\/\/cfcontabil.com\/cf\/mei-precisa-pagar-suas-dividas-ate-o-final-de-agosto\/","url_meta":{"origin":1950,"position":4},"title":"MEI precisa pagar suas d\u00edvidas at\u00e9 o final de agosto","author":"Ab\u00edlio Gon\u00e7alves","date":"23 de agosto de 2021","format":false,"excerpt":"A partir de setembro, a Receita Federal encaminhar\u00e1 os d\u00e9bitos n\u00e3o regularizados para a D\u00edvida Ativa, e elas ser\u00e3o cobradas com juros. Os microempreendedores individuais (MEI) que est\u00e3o devendo impostos poder\u00e3o regularizar suas d\u00edvidas at\u00e9 o final deste m\u00eas. A situa\u00e7\u00e3o pode ser resolvida pelo pagamento dos d\u00e9bitos, utilizando o\u2026","rel":"","context":"Em &quot;Departamento Fiscal&quot;","block_context":{"text":"Departamento Fiscal","link":"http:\/\/cfcontabil.com\/cf\/category\/df\/"},"img":{"alt_text":"","src":"https:\/\/i0.wp.com\/cfcontabil.com\/cf\/wp-content\/uploads\/2020\/04\/MEI-1200x675-1.png?fit=1200%2C675&resize=350%2C200","width":350,"height":200,"srcset":"https:\/\/i0.wp.com\/cfcontabil.com\/cf\/wp-content\/uploads\/2020\/04\/MEI-1200x675-1.png?fit=1200%2C675&resize=350%2C200 1x, https:\/\/i0.wp.com\/cfcontabil.com\/cf\/wp-content\/uploads\/2020\/04\/MEI-1200x675-1.png?fit=1200%2C675&resize=525%2C300 1.5x, https:\/\/i0.wp.com\/cfcontabil.com\/cf\/wp-content\/uploads\/2020\/04\/MEI-1200x675-1.png?fit=1200%2C675&resize=700%2C400 2x, https:\/\/i0.wp.com\/cfcontabil.com\/cf\/wp-content\/uploads\/2020\/04\/MEI-1200x675-1.png?fit=1200%2C675&resize=1050%2C600 3x"},"classes":[]},{"id":1384,"url":"http:\/\/cfcontabil.com\/cf\/receita-vai-permitir-novos-parcelamentos-de-dividas-para-empresas-no-simples\/","url_meta":{"origin":1950,"position":5},"title":"Receita vai permitir novos parcelamentos de d\u00edvidas para empresas no Simples","author":"Ab\u00edlio Gon\u00e7alves","date":"1 de setembro de 2018","format":false,"excerpt":"Aten\u00e7\u00e3o que o efeito pr\u00e1tico a partir de 2019 A Receita Federal vai permitir que micro e pequenas empresas optantes do Simples possam fazer novos parcelamentos de d\u00e9bitos. Uma nova resolu\u00e7\u00e3o do Comit\u00ea Gestor do Simples Nacional (142\/18) prev\u00ea a possibilidade de negocia\u00e7\u00e3o de mais de dois reparcelamentos anuais.\u00a0 A\u2026","rel":"","context":"Em &quot;Departamento Fiscal&quot;","block_context":{"text":"Departamento Fiscal","link":"http:\/\/cfcontabil.com\/cf\/category\/df\/"},"img":{"alt_text":"","src":"https:\/\/i0.wp.com\/cfcontabil.com\/cf\/wp-content\/uploads\/2017\/01\/simples-1.jpg?fit=520%2C271&resize=350%2C200","width":350,"height":200},"classes":[]}],"jetpack_likes_enabled":true,"_links":{"self":[{"href":"http:\/\/cfcontabil.com\/cf\/wp-json\/wp\/v2\/posts\/1950","targetHints":{"allow":["GET"]}}],"collection":[{"href":"http:\/\/cfcontabil.com\/cf\/wp-json\/wp\/v2\/posts"}],"about":[{"href":"http:\/\/cfcontabil.com\/cf\/wp-json\/wp\/v2\/types\/post"}],"author":[{"embeddable":true,"href":"http:\/\/cfcontabil.com\/cf\/wp-json\/wp\/v2\/users\/1"}],"replies":[{"embeddable":true,"href":"http:\/\/cfcontabil.com\/cf\/wp-json\/wp\/v2\/comments?post=1950"}],"version-history":[{"count":1,"href":"http:\/\/cfcontabil.com\/cf\/wp-json\/wp\/v2\/posts\/1950\/revisions"}],"predecessor-version":[{"id":1953,"href":"http:\/\/cfcontabil.com\/cf\/wp-json\/wp\/v2\/posts\/1950\/revisions\/1953"}],"wp:featuredmedia":[{"embeddable":true,"href":"http:\/\/cfcontabil.com\/cf\/wp-json\/wp\/v2\/media\/1951"}],"wp:attachment":[{"href":"http:\/\/cfcontabil.com\/cf\/wp-json\/wp\/v2\/media?parent=1950"}],"wp:term":[{"taxonomy":"category","embeddable":true,"href":"http:\/\/cfcontabil.com\/cf\/wp-json\/wp\/v2\/categories?post=1950"},{"taxonomy":"post_tag","embeddable":true,"href":"http:\/\/cfcontabil.com\/cf\/wp-json\/wp\/v2\/tags?post=1950"}],"curies":[{"name":"wp","href":"https:\/\/api.w.org\/{rel}","templated":true}]}}