{"id":1954,"date":"2019-11-27T08:47:45","date_gmt":"2019-11-27T11:47:45","guid":{"rendered":"http:\/\/cfcontabil.com\/cf\/?p=1954"},"modified":"2019-11-27T08:47:45","modified_gmt":"2019-11-27T11:47:45","slug":"mutirao-amplia-atendimento-a-empreendedores-em-taguatinga","status":"publish","type":"post","link":"http:\/\/cfcontabil.com\/cf\/mutirao-amplia-atendimento-a-empreendedores-em-taguatinga\/","title":{"rendered":"Mutir\u00e3o amplia atendimento a empreendedores em Taguatinga"},"content":{"rendered":"<header class=\"single__topo \">\n<div class=\"single__topo--titulo\">\n<div class=\"single__topo--titulo--sutia\">\n<p><strong>Com o apoio do Sebrae, unidade m\u00f3vel do Simplifica PJ d\u00e1 cursos para melhorar gest\u00e3o de microempresas<\/strong><\/p>\n<\/div>\n<\/div>\n<div class=\"single__topo--assinatura bold text-uppercase\"><span class=\"author\">AG\u00caNCIA BRAS\u00cdLIA *<\/span><\/div>\n<\/header>\n<div class=\"single__redes clearfix\"><\/div>\n<div class=\"single__conteudo noticia\">\n<figure id=\"attachment_177557\" class=\"wp-caption aligncenter\" aria-describedby=\"caption-attachment-177557\"><img data-recalc-dims=\"1\" fetchpriority=\"high\" decoding=\"async\" class=\"wp-image-177557 size-full\" src=\"https:\/\/i0.wp.com\/agenciabrasilia.df.gov.br\/wp-conteudo\/uploads\/2019\/11\/Tagua.png?resize=1036%2C699\" sizes=\"(max-width: 1036px) 100vw, 1036px\" srcset=\"https:\/\/agenciabrasilia.df.gov.br\/wp-conteudo\/uploads\/2019\/11\/Tagua.png 1036w, https:\/\/agenciabrasilia.df.gov.br\/wp-conteudo\/uploads\/2019\/11\/Tagua-300x202.png 300w, https:\/\/agenciabrasilia.df.gov.br\/wp-conteudo\/uploads\/2019\/11\/Tagua-768x518.png 768w, https:\/\/agenciabrasilia.df.gov.br\/wp-conteudo\/uploads\/2019\/11\/Tagua-1024x691.png 1024w, https:\/\/agenciabrasilia.df.gov.br\/wp-conteudo\/uploads\/2019\/11\/Tagua-147x99.png 147w, https:\/\/agenciabrasilia.df.gov.br\/wp-conteudo\/uploads\/2019\/11\/Tagua-160x108.png 160w, https:\/\/agenciabrasilia.df.gov.br\/wp-conteudo\/uploads\/2019\/11\/Tagua-256x173.png 256w\" alt=\"\" width=\"1036\" height=\"699\" \/><figcaption id=\"caption-attachment-177557\" class=\"wp-caption-text\"><span style=\"font-size: 8pt;\">Equipe de t\u00e9cnicos far\u00e1 palestras e promover\u00e1 semin\u00e1rios e oficinas sobre temas como gerenciamento e vendas<em>, coaching<\/em>\u00a0do empreendedor, controles financeiros e planos de marketing | Foto: Reprodu\u00e7\u00e3o<\/span><\/p>\n<p>Em parceria com o\u00a0Servi\u00e7o Brasileiro de Apoio \u00e0s Micro e Pequenas Empresas (Sebrae-DF), a Secretaria de Desenvolvimento Econ\u00f4mico (SDE) instalou no centro de Taguatinga uma unidade m\u00f3vel do\u00a0<a href=\"https:\/\/www.agenciabrasilia.df.gov.br\/topicos\/simplifica-pj\/\" target=\"_blank\" rel=\"noopener noreferrer\"><strong>Simplifica PJ<\/strong><\/a>\u00a0para ampliar o atendimento a quem pretende abrir neg\u00f3cio ou se capacitar para melhorar o desempenho da sua empresa. Com uma equipe de 16 funcion\u00e1rios, o \u00f3rg\u00e3o vai ajudar empreendedores a abrir, regularizar e licenciar empresas at\u00e9 a pr\u00f3xima sexta-feira (29), em uma tenda provis\u00f3ria de 300 metros quadrados instalada em frente ao Taguacenter.<\/p>\n<p>Na unidade m\u00f3vel do Simpifica PJ a equipe de t\u00e9cnicos far\u00e1 palestras e promover\u00e1 semin\u00e1rios e oficinas sobre temas como gerenciamento e vendas<em>, coaching<\/em>\u00a0do empreendedor, controles financeiros e planos de marketing. No lan\u00e7amento do Mutir\u00e3o da Simplifica\u00e7\u00e3o, nesta ter\u00e7a-feira (26), o titular da SDE, Ruy Coutinho, disse que a a\u00e7\u00e3o itinerante do Sebrae \u00e9 um importante vetor de apoio \u00e0s micro, pequena e m\u00e9dia empresas do DF.<\/p>\n<p>\u201cPrecisamos facilitar ao m\u00e1ximo a vida de quem pretende empreender no DF, e nosso papel \u00e9 possibilitar estas condi\u00e7\u00f5es\u201d, defendeu o secret\u00e1rio.<\/p>\n<p>Na abertura do Mutir\u00e3o da Simplifica\u00e7\u00e3o, o presidente do Sebrae-DF, Valdir Oliveira, destacou a parceria entre a institui\u00e7\u00e3o que dirige e a SDE como importante instrumento de fomento \u00e0 gera\u00e7\u00e3o de emprego e renda. \u201cChegou a hora de quem quer empreender realizar o sonho de ter um neg\u00f3cio pr\u00f3prio. \u00c9 preciso fomentar o empreendedorismo e a economia local\u201d, destacou o dirigente.<\/p>\n<p>Desde que come\u00e7aram, em 2016, os mutir\u00f5es j\u00e1 percorreram v\u00e1rias regi\u00f5es administrativas do DF. J\u00e1 foram realizados 38 mil atendimentos e cerca de oito mil cursos de capacita\u00e7\u00e3o de empreendedores. O atendimento \u00e9 gratuito e ser\u00e1 prestado das 8h \u00e0s 18h at\u00e9 a pr\u00f3xima sexta-feira (29).<\/p>\n<p>O lan\u00e7amento do Mutir\u00e3o da Simplifica\u00e7\u00e3o contou com a participa\u00e7\u00e3o do administrador de Taguatinga, Geraldo Cezar, do presidente da Junta Comercial de Bens e Servi\u00e7os, Walid Sariedine, e do presidente do Conselho Regional de Contabilidade, Adriano Marrocos.<\/p>\n<p><strong>Servi\u00e7o:<\/strong><\/p>\n<p>Mutir\u00e3o da Simplifica\u00e7\u00e3o \u2013 Taguatinga Norte<\/p>\n<p>Evento GRATUITO<\/p>\n<p>Data: 26 a 29 de novembro de 2019<\/p>\n<p>Hor\u00e1rio dos atendimentos: das 8h \u00e0s 18h<\/p>\n<p>Local: QNE 29, Lote 49 \u2013 Avenida H\u00e9lio Prates (em frente ao Taguacenter)<\/p>\n<p>&nbsp;<\/p>\n<p><em>* Com informa\u00e7\u00f5es da Secretaria de Desenvolvimento Econ\u00f4mico<\/em><\/p>\n<\/figcaption><\/figure>\n<\/div>\n","protected":false},"excerpt":{"rendered":"<p>Com o apoio do Sebrae, unidade m\u00f3vel do Simplifica PJ d\u00e1 cursos para melhorar gest\u00e3o de microempresas AG\u00caNCIA BRAS\u00cdLIA * Equipe de t\u00e9cnicos far\u00e1 palestras e promover\u00e1 semin\u00e1rios e oficinas sobre temas como gerenciamento e vendas, coaching\u00a0do empreendedor, controles financeiros e planos de marketing | Foto: Reprodu\u00e7\u00e3o Em parceria com o\u00a0Servi\u00e7o Brasileiro de Apoio \u00e0s [&hellip;]<\/p>\n","protected":false},"author":1,"featured_media":1955,"comment_status":"open","ping_status":"open","sticky":false,"template":"","format":"standard","meta":{"jetpack_post_was_ever_published":false,"_jetpack_newsletter_access":"","_jetpack_dont_email_post_to_subs":false,"_jetpack_newsletter_tier_id":0,"_jetpack_memberships_contains_paywalled_content":false,"_jetpack_memberships_contains_paid_content":false,"footnotes":"","jetpack_publicize_message":"","jetpack_publicize_feature_enabled":true,"jetpack_social_post_already_shared":true,"jetpack_social_options":{"image_generator_settings":{"template":"highway","default_image_id":0,"font":"","enabled":false},"version":2}},"categories":[60],"tags":[709,444,535,723,722,707,721],"class_list":["post-1954","post","type-post","status-publish","format-standard","has-post-thumbnail","hentry","category-consultoria","tag-df","tag-digital","tag-junta","tag-multirao","tag-pj","tag-sebrae","tag-simplifica"],"jetpack_publicize_connections":[],"jetpack_featured_media_url":"https:\/\/i0.wp.com\/cfcontabil.com\/cf\/wp-content\/uploads\/2019\/11\/simplifica-sebrae-253x189.jpg?fit=253%2C189","jetpack_sharing_enabled":true,"jetpack_shortlink":"https:\/\/wp.me\/p2wklX-vw","jetpack-related-posts":[{"id":1978,"url":"http:\/\/cfcontabil.com\/cf\/mutirao-da-simplificacao-atende-quase-15-mil-pessoas-em-taguatinga\/","url_meta":{"origin":1954,"position":0},"title":"Mutir\u00e3o da Simplifica\u00e7\u00e3o atende quase 1,5 mil pessoas em Taguatinga","author":"Ab\u00edlio Gon\u00e7alves","date":"4 de dezembro de 2019","format":false,"excerpt":"Iniciativa do governo e do Sebrae-DF promoveu orienta\u00e7\u00f5es sobre abertura de empresas e capacita\u00e7\u00f5es relacionadas \u00e0 atividade empreendedora O\u00a0Mutir\u00e3o da Simplifica\u00e7\u00e3o\u00a0atendeu, em quatro dias, quase 1,5 mil empres\u00e1rios e potenciais empreendedores na regi\u00e3o de\u00a0Taguatinga. Entre os dias 26 e 29, a iniciativa promoveu o acesso a orienta\u00e7\u00f5es sobre registro e\u2026","rel":"","context":"Em &quot;Consultoria Empresarial&quot;","block_context":{"text":"Consultoria Empresarial","link":"http:\/\/cfcontabil.com\/cf\/category\/consultoria\/"},"img":{"alt_text":"","src":"https:\/\/i0.wp.com\/cfcontabil.com\/cf\/wp-content\/uploads\/2019\/12\/sebrae-no-df.jpg?fit=678%2C452&resize=350%2C200","width":350,"height":200,"srcset":"https:\/\/i0.wp.com\/cfcontabil.com\/cf\/wp-content\/uploads\/2019\/12\/sebrae-no-df.jpg?fit=678%2C452&resize=350%2C200 1x, https:\/\/i0.wp.com\/cfcontabil.com\/cf\/wp-content\/uploads\/2019\/12\/sebrae-no-df.jpg?fit=678%2C452&resize=525%2C300 1.5x"},"classes":[]},{"id":2208,"url":"http:\/\/cfcontabil.com\/cf\/prazo-para-microempresarios-emitirem-notas-fiscais-e-prorrogado\/","url_meta":{"origin":1954,"position":1},"title":"Prazo para microempres\u00e1rios emitirem notas fiscais \u00e9 prorrogado","author":"Ab\u00edlio Gon\u00e7alves","date":"1 de abril de 2020","format":false,"excerpt":"A medida poder\u00e1 ser efetuada at\u00e9 31 de dezembro. Iniciativa deve beneficiar mais de 135 mil microempres\u00e1rios que se utilizam deste servi\u00e7o O prazo para emiss\u00e3o de notas fiscais por meio do Sistema de Emiss\u00e3o de\u00a0Nota Fiscal Avulsa\u00a0(Senfa) para Microempreendedores Individuais (MEIs) do Distrito Federal foi prorrogado para 31 de\u2026","rel":"","context":"Em &quot;Departamento Fiscal&quot;","block_context":{"text":"Departamento Fiscal","link":"http:\/\/cfcontabil.com\/cf\/category\/df\/"},"img":{"alt_text":"","src":"https:\/\/i0.wp.com\/cfcontabil.com\/cf\/wp-content\/uploads\/2020\/04\/nota-fiscal-eletronica-1024x768-1.jpg?fit=1024%2C768&resize=350%2C200","width":350,"height":200,"srcset":"https:\/\/i0.wp.com\/cfcontabil.com\/cf\/wp-content\/uploads\/2020\/04\/nota-fiscal-eletronica-1024x768-1.jpg?fit=1024%2C768&resize=350%2C200 1x, https:\/\/i0.wp.com\/cfcontabil.com\/cf\/wp-content\/uploads\/2020\/04\/nota-fiscal-eletronica-1024x768-1.jpg?fit=1024%2C768&resize=525%2C300 1.5x, https:\/\/i0.wp.com\/cfcontabil.com\/cf\/wp-content\/uploads\/2020\/04\/nota-fiscal-eletronica-1024x768-1.jpg?fit=1024%2C768&resize=700%2C400 2x"},"classes":[]},{"id":2261,"url":"http:\/\/cfcontabil.com\/cf\/receita-federal-amplia-lista-de-servicos-atendidos-pelo-chat\/","url_meta":{"origin":1954,"position":2},"title":"Receita Federal amplia lista de servi\u00e7os atendidos pelo chat","author":"Ab\u00edlio Gon\u00e7alves","date":"13 de abril de 2020","format":false,"excerpt":"Medida evita deslocamentos at\u00e9 unidades de atendimento A Receita Federal ampliou a lista de servi\u00e7os que s\u00e3o prestados de maneira virtual pelo\u00a0chat\u00a0(atendimento\u00a0online) para evitar deslocamentos at\u00e9 as unidades de atendimento presencial no per\u00edodo de quarentena por causa do coronav\u00edrus. O\u00a0chat\u00a0da Receita foi criado em abril de 2019. A ferramenta permite\u2026","rel":"","context":"Em &quot;Departamento Fiscal&quot;","block_context":{"text":"Departamento Fiscal","link":"http:\/\/cfcontabil.com\/cf\/category\/df\/"},"img":{"alt_text":"","src":"https:\/\/i0.wp.com\/cfcontabil.com\/cf\/wp-content\/uploads\/2020\/04\/celularmaos.jpg?fit=1170%2C700&resize=350%2C200","width":350,"height":200,"srcset":"https:\/\/i0.wp.com\/cfcontabil.com\/cf\/wp-content\/uploads\/2020\/04\/celularmaos.jpg?fit=1170%2C700&resize=350%2C200 1x, https:\/\/i0.wp.com\/cfcontabil.com\/cf\/wp-content\/uploads\/2020\/04\/celularmaos.jpg?fit=1170%2C700&resize=525%2C300 1.5x, https:\/\/i0.wp.com\/cfcontabil.com\/cf\/wp-content\/uploads\/2020\/04\/celularmaos.jpg?fit=1170%2C700&resize=700%2C400 2x, https:\/\/i0.wp.com\/cfcontabil.com\/cf\/wp-content\/uploads\/2020\/04\/celularmaos.jpg?fit=1170%2C700&resize=1050%2C600 3x"},"classes":[]},{"id":1972,"url":"http:\/\/cfcontabil.com\/cf\/dez-opcoes-de-contas-digitais-para-meis-e-pequenos-empresarios\/","url_meta":{"origin":1954,"position":3},"title":"Dez op\u00e7\u00f5es de contas digitais para MEIs e pequenos empres\u00e1rios","author":"Ab\u00edlio Gon\u00e7alves","date":"3 de dezembro de 2019","format":false,"excerpt":"De olho neste mercado, fintechs oferecem desde tarifa de manuten\u00e7\u00e3o zero a boletos sem custos e Ted's gratuitos A onda de fintechs que atingiu seis em cada dez brasileiros (64%) que t\u00eam acesso a computadores e celulares est\u00e1 cada vez mais pr\u00f3xima de atingir tamb\u00e9m os microempreendedores e pequenos neg\u00f3cios.\u2026","rel":"","context":"Em &quot;Consultoria Empresarial&quot;","block_context":{"text":"Consultoria Empresarial","link":"http:\/\/cfcontabil.com\/cf\/category\/consultoria\/"},"img":{"alt_text":"","src":"https:\/\/i0.wp.com\/cfcontabil.com\/cf\/wp-content\/uploads\/2019\/12\/contas-digitais.jpg?fit=678%2C452&resize=350%2C200","width":350,"height":200,"srcset":"https:\/\/i0.wp.com\/cfcontabil.com\/cf\/wp-content\/uploads\/2019\/12\/contas-digitais.jpg?fit=678%2C452&resize=350%2C200 1x, https:\/\/i0.wp.com\/cfcontabil.com\/cf\/wp-content\/uploads\/2019\/12\/contas-digitais.jpg?fit=678%2C452&resize=525%2C300 1.5x"},"classes":[]},{"id":1259,"url":"http:\/\/cfcontabil.com\/cf\/decreto-presidencial-simplifica-atendimento-em-servicos-publicos\/","url_meta":{"origin":1954,"position":4},"title":"Decreto presidencial simplifica atendimento em servi\u00e7os p\u00fablicos","author":"Ab\u00edlio Gon\u00e7alves","date":"25 de julho de 2017","format":false,"excerpt":"A partir de agora, n\u00e3o ser\u00e1 mais necess\u00e1rio apresentar c\u00f3pia autenticada e reconhecimento de firma a \u00f3rg\u00e3os p\u00fablicos federais. Medida teve origem no Conselh\u00e3o Decreto assinado pelo presidente da Rep\u00fablica, Michel Temer, garante a pessoas jur\u00eddicas atendimento simplificado em servi\u00e7os p\u00fablicos. Foram dispensados o reconhecimento de firma e a autentica\u00e7\u00e3o\u2026","rel":"","context":"Em &quot;Geral&quot;","block_context":{"text":"Geral","link":"http:\/\/cfcontabil.com\/cf\/category\/geral\/"},"img":{"alt_text":"","src":"https:\/\/i0.wp.com\/cfcontabil.com\/cf\/wp-content\/uploads\/2017\/07\/ConselhaoPresidencia-1.jpeg?fit=768%2C433&resize=350%2C200","width":350,"height":200,"srcset":"https:\/\/i0.wp.com\/cfcontabil.com\/cf\/wp-content\/uploads\/2017\/07\/ConselhaoPresidencia-1.jpeg?fit=768%2C433&resize=350%2C200 1x, https:\/\/i0.wp.com\/cfcontabil.com\/cf\/wp-content\/uploads\/2017\/07\/ConselhaoPresidencia-1.jpeg?fit=768%2C433&resize=525%2C300 1.5x, https:\/\/i0.wp.com\/cfcontabil.com\/cf\/wp-content\/uploads\/2017\/07\/ConselhaoPresidencia-1.jpeg?fit=768%2C433&resize=700%2C400 2x"},"classes":[]},{"id":1924,"url":"http:\/\/cfcontabil.com\/cf\/lei-da-liberdade-economica-deve-ser-aplicada-diz-presidente-do-sebrae\/","url_meta":{"origin":1954,"position":5},"title":"Lei da Liberdade econ\u00f4mica deve ser aplicada, diz presidente do Sebrae","author":"Ab\u00edlio Gon\u00e7alves","date":"19 de novembro de 2019","format":false,"excerpt":"A nova\u00a0Lei da Liberdade Econ\u00f4mica\u00a0deve facilitar o ambiente de trabalho para as pequenas e m\u00e9dias empresas do pa\u00eds. Essa \u00e9 a opini\u00e3o do diretor-presidente do Servi\u00e7o Brasileiro de Apoio \u00e0s Micro e Pequenas Empresas (Sebrae), Carlos Melles. A lei foi sancionada pelo governo\u00a0h\u00e1 cerca de dois meses. \u201cA gente tem\u2026","rel":"","context":"Em &quot;Consultoria Empresarial&quot;","block_context":{"text":"Consultoria Empresarial","link":"http:\/\/cfcontabil.com\/cf\/category\/consultoria\/"},"img":{"alt_text":"","src":"https:\/\/i0.wp.com\/cfcontabil.com\/cf\/wp-content\/uploads\/2019\/11\/Liberdade.jpg?fit=600%2C310&resize=350%2C200","width":350,"height":200,"srcset":"https:\/\/i0.wp.com\/cfcontabil.com\/cf\/wp-content\/uploads\/2019\/11\/Liberdade.jpg?fit=600%2C310&resize=350%2C200 1x, https:\/\/i0.wp.com\/cfcontabil.com\/cf\/wp-content\/uploads\/2019\/11\/Liberdade.jpg?fit=600%2C310&resize=525%2C300 1.5x"},"classes":[]}],"jetpack_likes_enabled":true,"_links":{"self":[{"href":"http:\/\/cfcontabil.com\/cf\/wp-json\/wp\/v2\/posts\/1954","targetHints":{"allow":["GET"]}}],"collection":[{"href":"http:\/\/cfcontabil.com\/cf\/wp-json\/wp\/v2\/posts"}],"about":[{"href":"http:\/\/cfcontabil.com\/cf\/wp-json\/wp\/v2\/types\/post"}],"author":[{"embeddable":true,"href":"http:\/\/cfcontabil.com\/cf\/wp-json\/wp\/v2\/users\/1"}],"replies":[{"embeddable":true,"href":"http:\/\/cfcontabil.com\/cf\/wp-json\/wp\/v2\/comments?post=1954"}],"version-history":[{"count":1,"href":"http:\/\/cfcontabil.com\/cf\/wp-json\/wp\/v2\/posts\/1954\/revisions"}],"predecessor-version":[{"id":1956,"href":"http:\/\/cfcontabil.com\/cf\/wp-json\/wp\/v2\/posts\/1954\/revisions\/1956"}],"wp:featuredmedia":[{"embeddable":true,"href":"http:\/\/cfcontabil.com\/cf\/wp-json\/wp\/v2\/media\/1955"}],"wp:attachment":[{"href":"http:\/\/cfcontabil.com\/cf\/wp-json\/wp\/v2\/media?parent=1954"}],"wp:term":[{"taxonomy":"category","embeddable":true,"href":"http:\/\/cfcontabil.com\/cf\/wp-json\/wp\/v2\/categories?post=1954"},{"taxonomy":"post_tag","embeddable":true,"href":"http:\/\/cfcontabil.com\/cf\/wp-json\/wp\/v2\/tags?post=1954"}],"curies":[{"name":"wp","href":"https:\/\/api.w.org\/{rel}","templated":true}]}}