{"id":1960,"date":"2019-11-28T14:00:43","date_gmt":"2019-11-28T17:00:43","guid":{"rendered":"http:\/\/cfcontabil.com\/cf\/?p=1960"},"modified":"2019-11-28T11:09:06","modified_gmt":"2019-11-28T14:09:06","slug":"donos-de-pequenos-negocios-apontam-melhoria-do-acesso-ao-credito","status":"publish","type":"post","link":"http:\/\/cfcontabil.com\/cf\/donos-de-pequenos-negocios-apontam-melhoria-do-acesso-ao-credito\/","title":{"rendered":"Donos de pequenos neg\u00f3cios apontam melhoria do acesso ao cr\u00e9dito"},"content":{"rendered":"<p>Pesquisa realizada pelo Sebrae mostra que mais empres\u00e1rios buscaram empr\u00e9stimos em 2019 e que houve melhora na avalia\u00e7\u00e3o do sistema financeiro<\/p>\n<p><a href=\"https:\/\/i0.wp.com\/cfcontabil.com\/cf\/wp-content\/uploads\/2019\/10\/dinheiro.jpg\"><img data-recalc-dims=\"1\" fetchpriority=\"high\" decoding=\"async\" data-attachment-id=\"1809\" data-permalink=\"http:\/\/cfcontabil.com\/cf\/bolsonaro-assina-mp-de-incentivo-a-regularizacao-de-dividas-com-a-uniao-desconto-e-de-ate-70-2\/dinheiro-2\/\" data-orig-file=\"https:\/\/i0.wp.com\/cfcontabil.com\/cf\/wp-content\/uploads\/2019\/10\/dinheiro.jpg?fit=670%2C400\" data-orig-size=\"670,400\" data-comments-opened=\"1\" data-image-meta=\"{&quot;aperture&quot;:&quot;0&quot;,&quot;credit&quot;:&quot;&quot;,&quot;camera&quot;:&quot;&quot;,&quot;caption&quot;:&quot;&quot;,&quot;created_timestamp&quot;:&quot;0&quot;,&quot;copyright&quot;:&quot;&quot;,&quot;focal_length&quot;:&quot;0&quot;,&quot;iso&quot;:&quot;0&quot;,&quot;shutter_speed&quot;:&quot;0&quot;,&quot;title&quot;:&quot;&quot;,&quot;orientation&quot;:&quot;0&quot;}\" data-image-title=\"dinheiro\" data-image-description=\"\" data-image-caption=\"\" data-large-file=\"https:\/\/i0.wp.com\/cfcontabil.com\/cf\/wp-content\/uploads\/2019\/10\/dinheiro.jpg?fit=670%2C400\" class=\"aligncenter size-full wp-image-1809\" src=\"https:\/\/i0.wp.com\/cfcontabil.com\/cf\/wp-content\/uploads\/2019\/10\/dinheiro.jpg?resize=670%2C400\" alt=\"\" width=\"670\" height=\"400\" srcset=\"https:\/\/i0.wp.com\/cfcontabil.com\/cf\/wp-content\/uploads\/2019\/10\/dinheiro.jpg?w=670 670w, https:\/\/i0.wp.com\/cfcontabil.com\/cf\/wp-content\/uploads\/2019\/10\/dinheiro.jpg?resize=300%2C179 300w, https:\/\/i0.wp.com\/cfcontabil.com\/cf\/wp-content\/uploads\/2019\/10\/dinheiro.jpg?resize=370%2C221 370w\" sizes=\"(max-width: 670px) 100vw, 670px\" \/><\/a><\/p>\n<p class=\"leftText\">A melhora dos \u00edndices de confian\u00e7a dos empres\u00e1rios brasileiros, identificada na Sondagem Conjuntural realizada pelo Sebrae, contribui para que os donos de pequenos neg\u00f3cios retomem o interesse em buscar financiamento para suas empresas junto ao sistema financeiro. Segundo o levantamento, ap\u00f3s uma sequ\u00eancia de sucessivas quedas, houve &#8211; neste ano &#8211; um crescimento de 4 pontos percentuais na propor\u00e7\u00e3o de empres\u00e1rios que buscaram empr\u00e9stimo ou financiamento novo (18%), em compara\u00e7\u00e3o com 2018 (14%). Em 2015, 24% dos donos de pequenos neg\u00f3cios ouvidos na pesquisa haviam buscado cr\u00e9dito nos bancos.<\/p>\n<p class=\"leftText\">O levantamento do Sebrae revelou redu\u00e7\u00e3o no percentual de empres\u00e1rios que apresentam algum tipo de avers\u00e3o \u00e0 tomada de empr\u00e9stimos (n\u00e3o confia na pol\u00edtica econ\u00f4mica, tem medo de n\u00e3o conseguir pagar ou n\u00e3o gosta de empr\u00e9stimos). Em 2018, esses motivos representavam 32% das justificativas dos empres\u00e1rios que n\u00e3o buscaram cr\u00e9dito. Em 2019, esse volume caiu para 23%. Ainda de acordo com as empresas ouvidas pelo Sebrae, 63% dos empres\u00e1rios que buscaram obter um empr\u00e9stimo novo, tiveram sucesso na tentativa. O levantamento tamb\u00e9m apontou aumento da propor\u00e7\u00e3o de empreendedores que afirmaram n\u00e3o ter encontrado dificuldade na obten\u00e7\u00e3o do empr\u00e9stimo em 2019 (31%), contra 29% em 2018, e 18% em 2017.<\/p>\n<p class=\"leftText\">Para o presidente do Sebrae, Carlos Melles, a melhora desses indicadores confirma a confian\u00e7a dos donos de micro e pequenas empresas na recupera\u00e7\u00e3o da economia brasileira e na melhoria do ambiente de neg\u00f3cios, que tem sido objeto de esfor\u00e7os constantes do governo federal e do Sebrae. \u201cCom a retomada do crescimento, as pequenas empresas, que foram as principais respons\u00e1veis pela manuten\u00e7\u00e3o do emprego no pa\u00eds ao longo da crise, se sentem mais seguras para buscar cr\u00e9dito e investir na amplia\u00e7\u00e3o de seus neg\u00f3cios. Al\u00e9m disso, n\u00e3o podemos nos esquecer que o brasileiro agora est\u00e1 mais livre para empreender, com a chegada da Lei da Liberdade Econ\u00f4mica. As novas regras deixam o ambiente menos burocr\u00e1tico e sem amarras, comenta Melles.<\/p>\n<p class=\"leftText\">De acordo com o estudo do Sebrae, houve em 2019 melhora na avalia\u00e7\u00e3o do sistema banc\u00e1rio por parte dos donos de micro e pequenas empresas. A soma da avalia\u00e7\u00e3o \u201cruim\u201d e \u201cmuito ruim\u201d passou de 61% (2018) para 56% (2019). Quando questionados sobre o que poderia ser feito para facilitar a aquisi\u00e7\u00e3o de novos empr\u00e9stimos\/financiamentos, a resposta mais apontada pelos empreendedores foi: \u201creduzir as altas taxas de juros pagas pelos tomadores\u201d. O Capital de giro (52%), seguido da compra de m\u00e1quinas\/equipamentos ou reforma\/amplia\u00e7\u00e3o do neg\u00f3cio (ambas com 35%) foram as principais finalidades dos empr\u00e9stimos obtidos por donos de micro e pequenas empresas em 2019. O valor m\u00e9dio solicitado foi de R$ 32.780,00. J\u00e1 o valor m\u00e9dio concedido foi de R$ 29.537,00.<\/p>\n<p class=\"leftText\"><strong>N\u00fameros da Pesquisa do Sebrae sobre Financiamento<\/strong><br \/>\n\u2022 18% das MPEs tentaram obter um empr\u00e9stimo ou financiamento novo nos \u00faltimos 6 meses.<br \/>\n\u2022 A Empresa de Pequeno Porte foi o segmento que mais tentou empr\u00e9stimo novo 25%, seguido de Microempresa (22%) e Microempreendedor Individual (11%).<br \/>\n\u2022 50% n\u00e3o tentou obter empr\u00e9stimo porque n\u00e3o precisou.<br \/>\n\u2022 23% n\u00e3o tentou empr\u00e9stimo por receio (n\u00e3o gosta de empr\u00e9stimo 12%; n\u00e3o conseguiria pagar 6%; n\u00e3o confia na pol\u00edtica econ\u00f4mica 5%).<br \/>\n\u2022 A avers\u00e3o \u00e0 tomada de empr\u00e9stimo novo \u00e9 maior entre os MEI (26%) e no ensino fundamental (29%).<br \/>\n\u2022 63% dos que tentaram obter um empr\u00e9stimo novo tiveram sucesso.<br \/>\n\u2022 31% dos entrevistados disseram n\u00e3o ter encontrado dificuldade para obter empr\u00e9stimo.<br \/>\n\u2022 O \u201ccapital de giro\u201d \u00e9 a finalidade mais demandada (52%), seguida de compra de m\u00e1quinas e equipamentos (35%) e reforma\/amplia\u00e7\u00e3o do neg\u00f3cio (35%).<\/p>\n<p class=\"leftText\">Valor solicitado (m\u00e9dia)<br \/>\n\u2022 MPE \u2013 32.780<br \/>\n\u2022 MEI \u2013 17.869<br \/>\n\u2022 ME \u2013 37.405<br \/>\n\u2022 EPP \u2013 48.270<\/p>\n<p class=\"leftText\">Valor concedido (m\u00e9dia)<br \/>\n\u2022 MPE &#8211; R$ 29.537<br \/>\n\u2022 MEI \u2013 R$ 12.316 &#8211; 69% do solicitado<br \/>\n\u2022 ME \u2013 R$ 32.716 &#8211; 87% do solicitado<br \/>\n\u2022 EPP \u2013 R$ 46.545 &#8211; 96% do solicitado<\/p>\n","protected":false},"excerpt":{"rendered":"<p>Pesquisa realizada pelo Sebrae mostra que mais empres\u00e1rios buscaram empr\u00e9stimos em 2019 e que houve melhora na avalia\u00e7\u00e3o do sistema financeiro A melhora dos \u00edndices de confian\u00e7a dos empres\u00e1rios brasileiros, identificada na Sondagem Conjuntural realizada pelo Sebrae, contribui para que os donos de pequenos neg\u00f3cios retomem o interesse em buscar financiamento para suas empresas junto [&hellip;]<\/p>\n","protected":false},"author":1,"featured_media":1961,"comment_status":"open","ping_status":"open","sticky":false,"template":"","format":"standard","meta":{"jetpack_post_was_ever_published":false,"_jetpack_newsletter_access":"","_jetpack_dont_email_post_to_subs":false,"_jetpack_newsletter_tier_id":0,"_jetpack_memberships_contains_paywalled_content":false,"_jetpack_memberships_contains_paid_content":false,"footnotes":"","jetpack_publicize_message":"","jetpack_publicize_feature_enabled":true,"jetpack_social_post_already_shared":true,"jetpack_social_options":{"image_generator_settings":{"template":"highway","default_image_id":0,"font":"","enabled":false},"version":2}},"categories":[60],"tags":[300,303,169],"class_list":["post-1960","post","type-post","status-publish","format-standard","has-post-thumbnail","hentry","category-consultoria","tag-credito","tag-empresa","tag-empresario"],"jetpack_publicize_connections":[],"jetpack_featured_media_url":"https:\/\/i0.wp.com\/cfcontabil.com\/cf\/wp-content\/uploads\/2019\/11\/pequenos-neg%C3%B3cios.jpg?fit=600%2C310","jetpack_sharing_enabled":true,"jetpack_shortlink":"https:\/\/wp.me\/p2wklX-vC","jetpack-related-posts":[{"id":2316,"url":"http:\/\/cfcontabil.com\/cf\/so-14-dos-pequenos-negocios-ja-conseguiram-credito-na-pandemia-diz-sebrae\/","url_meta":{"origin":1960,"position":0},"title":"S\u00f3 14% dos pequenos neg\u00f3cios j\u00e1 conseguiram cr\u00e9dito na pandemia, diz Sebrae","author":"Ab\u00edlio Gon\u00e7alves","date":"20 de maio de 2020","format":false,"excerpt":"Pesquisa do Sebrae diz que 58% das MPEs que pediram cr\u00e9dito nas \u00faltimas semanas j\u00e1 tiveram o pedido negado. Outros 18% est\u00e3o em an\u00e1lise, sendo que 53% aguardam uma resposta dos bancos h\u00e1 mais de duas semanas O Programa Nacional de Apoio \u00e0s Microempresas e Empresas de Pequeno Porte (Pronampe)\u2026","rel":"","context":"Em \"Cr\u00e9dito\"","block_context":{"text":"Cr\u00e9dito","link":"http:\/\/cfcontabil.com\/cf\/tag\/credito\/"},"img":{"alt_text":"","src":"https:\/\/i0.wp.com\/cfcontabil.com\/cf\/wp-content\/uploads\/2019\/11\/dinheiro-nota-real.jpg?fit=678%2C452&resize=350%2C200","width":350,"height":200,"srcset":"https:\/\/i0.wp.com\/cfcontabil.com\/cf\/wp-content\/uploads\/2019\/11\/dinheiro-nota-real.jpg?fit=678%2C452&resize=350%2C200 1x, https:\/\/i0.wp.com\/cfcontabil.com\/cf\/wp-content\/uploads\/2019\/11\/dinheiro-nota-real.jpg?fit=678%2C452&resize=525%2C300 1.5x"},"classes":[]},{"id":2158,"url":"http:\/\/cfcontabil.com\/cf\/coronavirus-sebrae-lanca-guia-de-gestao-financeira-para-orientar-pequenos-negocios\/","url_meta":{"origin":1960,"position":1},"title":"Coronav\u00edrus: Sebrae lan\u00e7a Guia de Gest\u00e3o Financeira para orientar pequenos neg\u00f3cios","author":"Ab\u00edlio Gon\u00e7alves","date":"18 de mar\u00e7o de 2020","format":false,"excerpt":"Documento orienta donos de pequenos neg\u00f3cios com recomenda\u00e7\u00f5es preparadas por especialistas. Medidas est\u00e3o alinhadas \u00e0s do Banco Central e Febraban O Guia de Gest\u00e3o Financeira do Sebrae busca apoiar os donos de pequenos neg\u00f3cios nesse momento de instabilidade econ\u00f4mica causada pelos efeitos do novo Coronav\u00edrus. O documento traz orienta\u00e7\u00f5es sobre\u2026","rel":"","context":"Em &quot;Geral&quot;","block_context":{"text":"Geral","link":"http:\/\/cfcontabil.com\/cf\/category\/geral\/"},"img":{"alt_text":"","src":"https:\/\/i0.wp.com\/cfcontabil.com\/cf\/wp-content\/uploads\/2020\/03\/coronavirus_1280x720_00124C00.jpg?fit=810%2C455&resize=350%2C200","width":350,"height":200,"srcset":"https:\/\/i0.wp.com\/cfcontabil.com\/cf\/wp-content\/uploads\/2020\/03\/coronavirus_1280x720_00124C00.jpg?fit=810%2C455&resize=350%2C200 1x, https:\/\/i0.wp.com\/cfcontabil.com\/cf\/wp-content\/uploads\/2020\/03\/coronavirus_1280x720_00124C00.jpg?fit=810%2C455&resize=525%2C300 1.5x, https:\/\/i0.wp.com\/cfcontabil.com\/cf\/wp-content\/uploads\/2020\/03\/coronavirus_1280x720_00124C00.jpg?fit=810%2C455&resize=700%2C400 2x"},"classes":[]},{"id":1127,"url":"http:\/\/cfcontabil.com\/cf\/projeto-preve-juros-menores-para-micro-e-pequenas-empresas\/","url_meta":{"origin":1960,"position":2},"title":"Projeto prev\u00ea juros menores para micro e pequenas empresas","author":"Ab\u00edlio Gon\u00e7alves","date":"17 de abril de 2017","format":false,"excerpt":"A proposta, em tramita\u00e7\u00e3o na C\u00e2mara, estabelece ainda a cria\u00e7\u00e3o da Empresa Simples de Cr\u00e9dito. Aumentar a oferta e reduzir o custo do cr\u00e9dito para os pequenos neg\u00f3cios.\u00a0 Esse ser\u00e1 um dos principais objetivos do Projeto de Lei Complementar (PLP) 341\/2017, que foi apresentado nesta quarta-feira, 12\/04 pela Frente Parlamentar\u2026","rel":"","context":"Em &quot;Consultoria Empresarial&quot;","block_context":{"text":"Consultoria Empresarial","link":"http:\/\/cfcontabil.com\/cf\/category\/consultoria\/"},"img":{"alt_text":"","src":"https:\/\/i0.wp.com\/cfcontabil.com\/cf\/wp-content\/uploads\/2016\/03\/dinheiro-1.jpg?fit=661%2C351&resize=350%2C200","width":350,"height":200,"srcset":"https:\/\/i0.wp.com\/cfcontabil.com\/cf\/wp-content\/uploads\/2016\/03\/dinheiro-1.jpg?fit=661%2C351&resize=350%2C200 1x, https:\/\/i0.wp.com\/cfcontabil.com\/cf\/wp-content\/uploads\/2016\/03\/dinheiro-1.jpg?fit=661%2C351&resize=525%2C300 1.5x"},"classes":[]},{"id":849,"url":"http:\/\/cfcontabil.com\/cf\/governo-vai-liberar-r-82-bi-para-pequenos-empresarios-nos-proximos-dois-anos\/","url_meta":{"origin":1960,"position":3},"title":"Governo vai liberar R$ 8,2 bi para pequenos empres\u00e1rios nos pr\u00f3ximos dois anos","author":"Ab\u00edlio Gon\u00e7alves","date":"21 de janeiro de 2017","format":false,"excerpt":"O governo federal vai disponibilizar R$ 8,2 bilh\u00f5es em cr\u00e9dito para pequenos empres\u00e1rios nos pr\u00f3ximos dois anos. Os recursos liberados s\u00e3o do Fundo de Amparo ao Trabalhador (FAT) e do Banco Nacional do Desenvolvimento Econ\u00f4mico e Social (BNDES). O objetivo \u00e9 reduzir a inadimpl\u00eancia das empresas de menor porte e\u2026","rel":"","context":"Em &quot;Geral&quot;","block_context":{"text":"Geral","link":"http:\/\/cfcontabil.com\/cf\/category\/geral\/"},"img":{"alt_text":"","src":"https:\/\/i0.wp.com\/cfcontabil.com\/cf\/wp-content\/uploads\/2017\/01\/Moedas-1-real-1.jpg?fit=810%2C455&resize=350%2C200","width":350,"height":200,"srcset":"https:\/\/i0.wp.com\/cfcontabil.com\/cf\/wp-content\/uploads\/2017\/01\/Moedas-1-real-1.jpg?fit=810%2C455&resize=350%2C200 1x, https:\/\/i0.wp.com\/cfcontabil.com\/cf\/wp-content\/uploads\/2017\/01\/Moedas-1-real-1.jpg?fit=810%2C455&resize=525%2C300 1.5x, https:\/\/i0.wp.com\/cfcontabil.com\/cf\/wp-content\/uploads\/2017\/01\/Moedas-1-real-1.jpg?fit=810%2C455&resize=700%2C400 2x"},"classes":[]},{"id":1029,"url":"http:\/\/cfcontabil.com\/cf\/consultoria-empresarial-seu-negocio-precisa\/","url_meta":{"origin":1960,"position":4},"title":"Consultoria Empresarial: Seu neg\u00f3cio precisa?","author":"Ab\u00edlio Gon\u00e7alves","date":"24 de outubro de 2012","format":false,"excerpt":"A Consultoria Empresarial pode ser comparada ao que \u00e9 feito por um m\u00e9dico: o paciente em busca de melhora revela seus sintomas que s\u00e3o observados e a sua combina\u00e7\u00e3o determinar\u00e1 qual \u00e9 a doen\u00e7a diagnosticada e como deve ser tratada. No caso das empresas os sintomas podem ser: lucro pequeno,\u2026","rel":"","context":"Em &quot;Consultoria Empresarial&quot;","block_context":{"text":"Consultoria Empresarial","link":"http:\/\/cfcontabil.com\/cf\/category\/consultoria\/"},"img":{"alt_text":"","src":"https:\/\/i0.wp.com\/cfcontabil.com\/cf\/wp-content\/uploads\/2012\/10\/saibaoqueasua-empresa-precisa.png?resize=350%2C200","width":350,"height":200},"classes":[]},{"id":1587,"url":"http:\/\/cfcontabil.com\/cf\/tecnologia-e-contabilidade\/","url_meta":{"origin":1960,"position":5},"title":"Tecnologia e Contabilidade","author":"Ab\u00edlio Gon\u00e7alves","date":"16 de setembro de 2019","format":false,"excerpt":"Como surpreende o ritmo das inova\u00e7\u00f5es e a tend\u00eancia mundial com os r\u00e1pidos avan\u00e7os tecnol\u00f3gicos atualmente. \u00c9 um processo sem volta, que vislumbra um tempo novo surgindo. \u00c9 poss\u00edvel ressaltar que o impacto \u00e9 sentindo em todas as \u00e1reas de neg\u00f3cios e at\u00e9 da vida cotidiana. A evolu\u00e7\u00e3o \u00e9 um\u2026","rel":"","context":"Em &quot;Consultoria Empresarial&quot;","block_context":{"text":"Consultoria Empresarial","link":"http:\/\/cfcontabil.com\/cf\/category\/consultoria\/"},"img":{"alt_text":"","src":"https:\/\/i0.wp.com\/cfcontabil.com\/cf\/wp-content\/uploads\/2019\/09\/tecnologia-na-contabilidade-vantagens-1024x633.jpg?fit=1024%2C633&resize=350%2C200","width":350,"height":200,"srcset":"https:\/\/i0.wp.com\/cfcontabil.com\/cf\/wp-content\/uploads\/2019\/09\/tecnologia-na-contabilidade-vantagens-1024x633.jpg?fit=1024%2C633&resize=350%2C200 1x, https:\/\/i0.wp.com\/cfcontabil.com\/cf\/wp-content\/uploads\/2019\/09\/tecnologia-na-contabilidade-vantagens-1024x633.jpg?fit=1024%2C633&resize=525%2C300 1.5x, https:\/\/i0.wp.com\/cfcontabil.com\/cf\/wp-content\/uploads\/2019\/09\/tecnologia-na-contabilidade-vantagens-1024x633.jpg?fit=1024%2C633&resize=700%2C400 2x"},"classes":[]}],"jetpack_likes_enabled":true,"_links":{"self":[{"href":"http:\/\/cfcontabil.com\/cf\/wp-json\/wp\/v2\/posts\/1960","targetHints":{"allow":["GET"]}}],"collection":[{"href":"http:\/\/cfcontabil.com\/cf\/wp-json\/wp\/v2\/posts"}],"about":[{"href":"http:\/\/cfcontabil.com\/cf\/wp-json\/wp\/v2\/types\/post"}],"author":[{"embeddable":true,"href":"http:\/\/cfcontabil.com\/cf\/wp-json\/wp\/v2\/users\/1"}],"replies":[{"embeddable":true,"href":"http:\/\/cfcontabil.com\/cf\/wp-json\/wp\/v2\/comments?post=1960"}],"version-history":[{"count":2,"href":"http:\/\/cfcontabil.com\/cf\/wp-json\/wp\/v2\/posts\/1960\/revisions"}],"predecessor-version":[{"id":1963,"href":"http:\/\/cfcontabil.com\/cf\/wp-json\/wp\/v2\/posts\/1960\/revisions\/1963"}],"wp:featuredmedia":[{"embeddable":true,"href":"http:\/\/cfcontabil.com\/cf\/wp-json\/wp\/v2\/media\/1961"}],"wp:attachment":[{"href":"http:\/\/cfcontabil.com\/cf\/wp-json\/wp\/v2\/media?parent=1960"}],"wp:term":[{"taxonomy":"category","embeddable":true,"href":"http:\/\/cfcontabil.com\/cf\/wp-json\/wp\/v2\/categories?post=1960"},{"taxonomy":"post_tag","embeddable":true,"href":"http:\/\/cfcontabil.com\/cf\/wp-json\/wp\/v2\/tags?post=1960"}],"curies":[{"name":"wp","href":"https:\/\/api.w.org\/{rel}","templated":true}]}}