{"id":1964,"date":"2019-11-28T18:00:14","date_gmt":"2019-11-28T21:00:14","guid":{"rendered":"http:\/\/cfcontabil.com\/cf\/?p=1964"},"modified":"2019-11-28T11:16:13","modified_gmt":"2019-11-28T14:16:13","slug":"representantes-da-industria-seguem-preocupados","status":"publish","type":"post","link":"http:\/\/cfcontabil.com\/cf\/representantes-da-industria-seguem-preocupados\/","title":{"rendered":"Representantes da ind\u00fastria seguem preocupados"},"content":{"rendered":"<p>ara o setor, que almeja avan\u00e7ar no desenvolvimento da ind\u00fastria de informa\u00e7\u00e3o, a redu\u00e7\u00e3o dos valores da Funda\u00e7\u00e3o de Apoio \u00e0 Pesquisa acaba sendo desastrosa<\/p>\n<p><a href=\"https:\/\/i0.wp.com\/cfcontabil.com\/cf\/wp-content\/uploads\/2019\/11\/CLDF1-camera-legislativa.jpg\"><img data-recalc-dims=\"1\" fetchpriority=\"high\" decoding=\"async\" data-attachment-id=\"1965\" data-permalink=\"http:\/\/cfcontabil.com\/cf\/representantes-da-industria-seguem-preocupados\/cldf1-camera-legislativa\/\" data-orig-file=\"https:\/\/i0.wp.com\/cfcontabil.com\/cf\/wp-content\/uploads\/2019\/11\/CLDF1-camera-legislativa.jpg?fit=1000%2C667\" data-orig-size=\"1000,667\" data-comments-opened=\"1\" data-image-meta=\"{&quot;aperture&quot;:&quot;0&quot;,&quot;credit&quot;:&quot;&quot;,&quot;camera&quot;:&quot;&quot;,&quot;caption&quot;:&quot;&quot;,&quot;created_timestamp&quot;:&quot;0&quot;,&quot;copyright&quot;:&quot;&quot;,&quot;focal_length&quot;:&quot;0&quot;,&quot;iso&quot;:&quot;0&quot;,&quot;shutter_speed&quot;:&quot;0&quot;,&quot;title&quot;:&quot;&quot;,&quot;orientation&quot;:&quot;0&quot;}\" data-image-title=\"CLDF1 camera legislativa\" data-image-description=\"\" data-image-caption=\"\" data-large-file=\"https:\/\/i0.wp.com\/cfcontabil.com\/cf\/wp-content\/uploads\/2019\/11\/CLDF1-camera-legislativa.jpg?fit=1000%2C667\" class=\"aligncenter size-full wp-image-1965\" src=\"https:\/\/i0.wp.com\/cfcontabil.com\/cf\/wp-content\/uploads\/2019\/11\/CLDF1-camera-legislativa.jpg?resize=1000%2C667\" alt=\"\" width=\"1000\" height=\"667\" srcset=\"https:\/\/i0.wp.com\/cfcontabil.com\/cf\/wp-content\/uploads\/2019\/11\/CLDF1-camera-legislativa.jpg?w=1000 1000w, https:\/\/i0.wp.com\/cfcontabil.com\/cf\/wp-content\/uploads\/2019\/11\/CLDF1-camera-legislativa.jpg?resize=300%2C200 300w, https:\/\/i0.wp.com\/cfcontabil.com\/cf\/wp-content\/uploads\/2019\/11\/CLDF1-camera-legislativa.jpg?resize=768%2C512 768w, https:\/\/i0.wp.com\/cfcontabil.com\/cf\/wp-content\/uploads\/2019\/11\/CLDF1-camera-legislativa.jpg?resize=272%2C182 272w, https:\/\/i0.wp.com\/cfcontabil.com\/cf\/wp-content\/uploads\/2019\/11\/CLDF1-camera-legislativa.jpg?resize=770%2C514 770w, https:\/\/i0.wp.com\/cfcontabil.com\/cf\/wp-content\/uploads\/2019\/11\/CLDF1-camera-legislativa.jpg?resize=370%2C247 370w\" sizes=\"(max-width: 1000px) 100vw, 1000px\" \/><\/a><\/p>\n<p>Representantes da ind\u00fastria no DF est\u00e3o preocupados com a diminui\u00e7\u00e3o dos recursos da Funda\u00e7\u00e3o de Apoio \u00e0 Pesquisa, que est\u00e1 parada na C\u00e2mara Legislativa. Para o setor, que almeja avan\u00e7ar no desenvolvimento da ind\u00fastria de informa\u00e7\u00e3o, a redu\u00e7\u00e3o dos valores acaba sendo desastrosa.<\/p>\n<h3>Condi\u00e7\u00f5es dadas<\/h3>\n<p>H\u00e1 o entendimento no meio produtivo de que Bras\u00edlia possui diversos fatores sociais que favorecem a implanta\u00e7\u00e3o da nova ind\u00fastria. O presidente da Fibra, Jamal Bittar (foto), lembrou que, al\u00e9m de a capital ser detentora de uma forma\u00e7\u00e3o intelectual superior \u00e0 m\u00e9dia (na forma\u00e7\u00e3o de mestres e doutores), o DF possui uma proximidade com o poder pol\u00edtico pouco explorada. E, mesmo com as desigualdades sociais, o poder de compra de parte dos brasilienses \u00e9 invejado por outros estados.<\/p>\n<h3>Iniciando o cumprimento judicial<\/h3>\n<p>Anunciado em sal\u00e3o Nobre do Buriti na ter\u00e7a (26), o estudo contratado pelo GDF para avaliar a contamina\u00e7\u00e3o do solo e do aqu\u00edfero da regi\u00e3o do aterro sanit\u00e1rio \u00e9 um cumprimento de decis\u00e3o judicial contra o governo e a SLU. Sem a elabora\u00e7\u00e3o do diagn\u00f3stico, o Executivo fica im\u00f3vel para tomar medidas com rela\u00e7\u00e3o ao antigo lix\u00e3o da Estrutural, fechado desde janeiro de 2018.<\/p>\n<h3>Fim do conflito<\/h3>\n<p>O imbr\u00f3glio da Rua 4 de Vicente Pires, j\u00e1 tratado por esta coluna, foi resolvido em negocia\u00e7\u00e3o junto ao GDF, e os 110 metros que iriam ser deixados \u00e0 deriva v\u00e3o ser conclu\u00eddos pela construtora VP, respons\u00e1vel pelas obras da via.<\/p>\n<h3>Acelerando as obras<\/h3>\n<p>A Rua 3, inicialmente prevista para 2020, recebeu ordens do governador Ibaneis Rocha (MDB) para que as obras sejam tocadas pela DER este ano. A promessa \u00e9 de que parte importante da via deva ser conclu\u00edda at\u00e9 o ano novo.<\/p>\n<h3>Desmarcando compromissos<\/h3>\n<p>Antes de ter a reuni\u00e3o no Pal\u00e1cio do Buriti cancelada ontem, o presidente do Conselho Regional de Contabilidade, Adriano Marrocos, planejou defender ao governador dois projetos que est\u00e3o parados pela burocracia do Executivo local. O primeiro estabelece que todo Conselho Fiscal tenha o m\u00ednimo de um contador. O outro pede que a associa\u00e7\u00e3o seja autorizada a participar de conselhos, fundos e grupos vinculados ao governo local. Um novo encontro ainda n\u00e3o foi definido.<\/p>\n<h3>Teoria e pr\u00e1tica<\/h3>\n<p>No comando das PPPs do governo local, o secret\u00e1rio Everardo Gueiros chegou a assinar um dos cap\u00edtulos do livro Tratado de Parcerias P\u00fablico-Privadas: Teoria e Pr\u00e1tica I, que re\u00fane an\u00e1lises detalhadas das parcerias com o setor produtivo. Na publica\u00e7\u00e3o, o integrante palaciano debate as PPPs junto \u00e0 mobilidade urbana. A pasta de Gueiros tem estudado projetos para tentar desafogar os estacionamentos mais congestionados da cidade.<\/p>\n<h3>Inspira\u00e7\u00e3o vizinha<\/h3>\n<p>Foi protocolado na CLDF um projeto de lei inspirado na legisla\u00e7\u00e3o do estado de Goi\u00e1s. A proposta visa dar mais seguran\u00e7a jur\u00eddica \u00e0s empresas e tentar reduzir o chamado \u201cCusto Brasil\u201d. Para a elabora\u00e7\u00e3o da mat\u00e9ria, o distrital Jos\u00e9 Gomes (PSB) esteve reunido com o parlamentar estadual vizinho, Thiago Albernaz (Solidariedade). A expectativa \u00e9 que a norma aumente a competitividade do DF e d\u00ea mais transpar\u00eancia \u00e0s contrata\u00e7\u00f5es realizadas pelo poder p\u00fablico.<\/p>\n<p>Fonte: Jornal de Bras\u00edlia<\/p>\n","protected":false},"excerpt":{"rendered":"<p>ara o setor, que almeja avan\u00e7ar no desenvolvimento da ind\u00fastria de informa\u00e7\u00e3o, a redu\u00e7\u00e3o dos valores da Funda\u00e7\u00e3o de Apoio \u00e0 Pesquisa acaba sendo desastrosa Representantes da ind\u00fastria no DF est\u00e3o preocupados com a diminui\u00e7\u00e3o dos recursos da Funda\u00e7\u00e3o de Apoio \u00e0 Pesquisa, que est\u00e1 parada na C\u00e2mara Legislativa. Para o setor, que almeja avan\u00e7ar [&hellip;]<\/p>\n","protected":false},"author":1,"featured_media":1966,"comment_status":"open","ping_status":"open","sticky":false,"template":"","format":"standard","meta":{"jetpack_post_was_ever_published":false,"_jetpack_newsletter_access":"","_jetpack_dont_email_post_to_subs":false,"_jetpack_newsletter_tier_id":0,"_jetpack_memberships_contains_paywalled_content":false,"_jetpack_memberships_contains_paid_content":false,"footnotes":"","jetpack_publicize_message":"","jetpack_publicize_feature_enabled":true,"jetpack_social_post_already_shared":true,"jetpack_social_options":{"image_generator_settings":{"template":"highway","default_image_id":0,"font":"","enabled":false},"version":2}},"categories":[60],"tags":[725,112,724],"class_list":["post-1964","post","type-post","status-publish","format-standard","has-post-thumbnail","hentry","category-consultoria","tag-cldf","tag-gdf","tag-industria"],"jetpack_publicize_connections":[],"jetpack_featured_media_url":"https:\/\/i0.wp.com\/cfcontabil.com\/cf\/wp-content\/uploads\/2019\/11\/industria.jpg?fit=679%2C452","jetpack_sharing_enabled":true,"jetpack_shortlink":"https:\/\/wp.me\/p2wklX-vG","jetpack-related-posts":[{"id":2010,"url":"http:\/\/cfcontabil.com\/cf\/cresceu-19-a-economia-do-df-no-terceiro-trimestre-de-2019\/","url_meta":{"origin":1964,"position":0},"title":"Cresceu 1,9% a economia do DF no terceiro trimestre de 2019","author":"Ab\u00edlio Gon\u00e7alves","date":"12 de dezembro de 2019","format":false,"excerpt":"Todos os setores locais evolu\u00edram, com destaque para a Constru\u00e7\u00e3o Civil que reverteu uma s\u00e9rie de resultados negativos desde 2013 e ascendeu 0,8% Segundo o \u00cdndice de Desempenho Econ\u00f4mico do Distrito Federal (Idecon-DF), a economia do Distrito Federal cresceu 1,8% no terceiro trimestre de 2019 na compara\u00e7\u00e3o com o mesmo\u2026","rel":"","context":"Em &quot;Consultoria Empresarial&quot;","block_context":{"text":"Consultoria Empresarial","link":"http:\/\/cfcontabil.com\/cf\/category\/consultoria\/"},"img":{"alt_text":"","src":"https:\/\/i0.wp.com\/cfcontabil.com\/cf\/wp-content\/uploads\/2019\/10\/empresarios.jpg?fit=640%2C433&resize=350%2C200","width":350,"height":200,"srcset":"https:\/\/i0.wp.com\/cfcontabil.com\/cf\/wp-content\/uploads\/2019\/10\/empresarios.jpg?fit=640%2C433&resize=350%2C200 1x, https:\/\/i0.wp.com\/cfcontabil.com\/cf\/wp-content\/uploads\/2019\/10\/empresarios.jpg?fit=640%2C433&resize=525%2C300 1.5x"},"classes":[]},{"id":1998,"url":"http:\/\/cfcontabil.com\/cf\/pequena-empresa-aumenta-produtividade-em-22-com-industria-4-0-diz-cni\/","url_meta":{"origin":1964,"position":1},"title":"Pequena empresa aumenta produtividade em 22% com ind\u00fastria 4.0, diz CNI","author":"Ab\u00edlio Gon\u00e7alves","date":"10 de dezembro de 2019","format":false,"excerpt":"A ado\u00e7\u00e3o de tecnologias de monitoramento em tempo real de processos produtivos aumentou em 22% a produtividade de pequenas e m\u00e9dias empresas. Em alguns casos, a melhora foi de 50%, em m\u00e9dia, segundo balan\u00e7o divulgado pela CNI (Confedera\u00e7\u00e3o Nacional da Ind\u00fastria) nesta segunda-feira (9). As ferramentas da chamada ind\u00fastria 4.0\u2026","rel":"","context":"Em &quot;Consultoria Empresarial&quot;","block_context":{"text":"Consultoria Empresarial","link":"http:\/\/cfcontabil.com\/cf\/category\/consultoria\/"},"img":{"alt_text":"","src":"https:\/\/i0.wp.com\/cfcontabil.com\/cf\/wp-content\/uploads\/2019\/12\/accounting-bankbook-business-948887.jpg?fit=1200%2C722&resize=350%2C200","width":350,"height":200,"srcset":"https:\/\/i0.wp.com\/cfcontabil.com\/cf\/wp-content\/uploads\/2019\/12\/accounting-bankbook-business-948887.jpg?fit=1200%2C722&resize=350%2C200 1x, https:\/\/i0.wp.com\/cfcontabil.com\/cf\/wp-content\/uploads\/2019\/12\/accounting-bankbook-business-948887.jpg?fit=1200%2C722&resize=525%2C300 1.5x, https:\/\/i0.wp.com\/cfcontabil.com\/cf\/wp-content\/uploads\/2019\/12\/accounting-bankbook-business-948887.jpg?fit=1200%2C722&resize=700%2C400 2x, https:\/\/i0.wp.com\/cfcontabil.com\/cf\/wp-content\/uploads\/2019\/12\/accounting-bankbook-business-948887.jpg?fit=1200%2C722&resize=1050%2C600 3x"},"classes":[]},{"id":2615,"url":"http:\/\/cfcontabil.com\/cf\/comercio-e-servicos-do-df-reagem-a-crise-e-voltam-a-contratar\/","url_meta":{"origin":1964,"position":2},"title":"Com\u00e9rcio e servi\u00e7os do DF reagem \u00e0 crise e voltam a contratar","author":"Ab\u00edlio Gon\u00e7alves","date":"9 de agosto de 2021","format":false,"excerpt":"O n\u00famero de empregados aumentou 12,3% em junho de 2021, se comparado ao mesmo per\u00edodo do ano passado Governo e empres\u00e1rios est\u00e3o animados porque, finalmente, o com\u00e9rcio e os servi\u00e7os est\u00e3o se recuperando, segundo empregadores, depois de um longo tempo em recess\u00e3o. O aquecimento desses setores gerou 24 mil novos\u2026","rel":"","context":"Em &quot;Geral&quot;","block_context":{"text":"Geral","link":"http:\/\/cfcontabil.com\/cf\/category\/geral\/"},"img":{"alt_text":"","src":"https:\/\/i0.wp.com\/cfcontabil.com\/cf\/wp-content\/uploads\/2017\/05\/carteira-de-trabalho-1.jpg?fit=590%2C302&resize=350%2C200","width":350,"height":200,"srcset":"https:\/\/i0.wp.com\/cfcontabil.com\/cf\/wp-content\/uploads\/2017\/05\/carteira-de-trabalho-1.jpg?fit=590%2C302&resize=350%2C200 1x, https:\/\/i0.wp.com\/cfcontabil.com\/cf\/wp-content\/uploads\/2017\/05\/carteira-de-trabalho-1.jpg?fit=590%2C302&resize=525%2C300 1.5x"},"classes":[]},{"id":1904,"url":"http:\/\/cfcontabil.com\/cf\/secretaria-assina-primeiro-contrato-do-emprega-df\/","url_meta":{"origin":1964,"position":3},"title":"Secretaria assina primeiro contrato do Emprega DF","author":"Ab\u00edlio Gon\u00e7alves","date":"18 de novembro de 2019","format":false,"excerpt":"Empresa vai gerar 130 novos postos de trabalho. Desconto no ICMS chegar\u00e1 67% e j\u00e1 reflete em investimentos Criado em meados abril para incentivar os investimentos no Distrito Federal, o programa\u00a0Emprega DF\u00a0come\u00e7a a sair do papel. O grupo empresarial SKS foi o primeiro a assinar contrato com a Secretaria de\u2026","rel":"","context":"Em &quot;Geral&quot;","block_context":{"text":"Geral","link":"http:\/\/cfcontabil.com\/cf\/category\/geral\/"},"img":{"alt_text":"","src":"https:\/\/i0.wp.com\/cfcontabil.com\/cf\/wp-content\/uploads\/2019\/11\/Emprega-DF.jpg?fit=680%2C451&resize=350%2C200","width":350,"height":200,"srcset":"https:\/\/i0.wp.com\/cfcontabil.com\/cf\/wp-content\/uploads\/2019\/11\/Emprega-DF.jpg?fit=680%2C451&resize=350%2C200 1x, https:\/\/i0.wp.com\/cfcontabil.com\/cf\/wp-content\/uploads\/2019\/11\/Emprega-DF.jpg?fit=680%2C451&resize=525%2C300 1.5x"},"classes":[]},{"id":250,"url":"http:\/\/cfcontabil.com\/cf\/substituicao-tributaria-como-afeta-sua-empresa\/","url_meta":{"origin":1964,"position":4},"title":"Substitui\u00e7\u00e3o tribut\u00e1ria: como afeta sua empresa?","author":"Vin\u00edcius Moizinho","date":"6 de dezembro de 2012","format":false,"excerpt":"O Brasil \u00e9 um dos pa\u00edses com maior carga tribut\u00e1ria do mundo - e tamb\u00e9m com uma das mais complexas estruturas de arrecada\u00e7\u00e3o de impostos, tanto federais, quanto estaduais e municipais. Ao abrir novos neg\u00f3cios ou diversificar os j\u00e1 existentes, os empreendedores devem ficar atentos ao Imposto sobre Circula\u00e7\u00e3o de\u2026","rel":"","context":"Em &quot;Geral&quot;","block_context":{"text":"Geral","link":"http:\/\/cfcontabil.com\/cf\/category\/geral\/"},"img":{"alt_text":"","src":"https:\/\/i0.wp.com\/www.ajegoias.com.br\/wp-content\/uploads\/2012\/03\/imposto-581x326.jpg?resize=350%2C200","width":350,"height":200,"srcset":"https:\/\/i0.wp.com\/www.ajegoias.com.br\/wp-content\/uploads\/2012\/03\/imposto-581x326.jpg?resize=350%2C200 1x, https:\/\/i0.wp.com\/www.ajegoias.com.br\/wp-content\/uploads\/2012\/03\/imposto-581x326.jpg?resize=525%2C300 1.5x"},"classes":[]},{"id":2018,"url":"http:\/\/cfcontabil.com\/cf\/lancamento-dos-servicos-100-digitais-da-junta-comercial\/","url_meta":{"origin":1964,"position":5},"title":"Lan\u00e7amento dos servi\u00e7os 100% digitais da Junta Comercial","author":"Ab\u00edlio Gon\u00e7alves","date":"13 de dezembro de 2019","format":false,"excerpt":"Quando assumiu a gest\u00e3o da Junta Comercial, Industrial e Servi\u00e7os do DF em julho, o governador Ibaneis Rocha acordou com o setor produtivo que a autarquia rec\u00e9m-criada seria guiada pelos princ\u00edpios da transpar\u00eancia e da celeridade, al\u00e9m de ter todo o acervo digitalizado at\u00e9 o fim deste ano. Esta foi\u2026","rel":"","context":"Em &quot;Consultoria Empresarial&quot;","block_context":{"text":"Consultoria Empresarial","link":"http:\/\/cfcontabil.com\/cf\/category\/consultoria\/"},"img":{"alt_text":"","src":"https:\/\/i0.wp.com\/cfcontabil.com\/cf\/wp-content\/uploads\/2019\/12\/JUCIS-DF.jpg?fit=500%2C333&resize=350%2C200","width":350,"height":200},"classes":[]}],"jetpack_likes_enabled":true,"_links":{"self":[{"href":"http:\/\/cfcontabil.com\/cf\/wp-json\/wp\/v2\/posts\/1964","targetHints":{"allow":["GET"]}}],"collection":[{"href":"http:\/\/cfcontabil.com\/cf\/wp-json\/wp\/v2\/posts"}],"about":[{"href":"http:\/\/cfcontabil.com\/cf\/wp-json\/wp\/v2\/types\/post"}],"author":[{"embeddable":true,"href":"http:\/\/cfcontabil.com\/cf\/wp-json\/wp\/v2\/users\/1"}],"replies":[{"embeddable":true,"href":"http:\/\/cfcontabil.com\/cf\/wp-json\/wp\/v2\/comments?post=1964"}],"version-history":[{"count":1,"href":"http:\/\/cfcontabil.com\/cf\/wp-json\/wp\/v2\/posts\/1964\/revisions"}],"predecessor-version":[{"id":1967,"href":"http:\/\/cfcontabil.com\/cf\/wp-json\/wp\/v2\/posts\/1964\/revisions\/1967"}],"wp:featuredmedia":[{"embeddable":true,"href":"http:\/\/cfcontabil.com\/cf\/wp-json\/wp\/v2\/media\/1966"}],"wp:attachment":[{"href":"http:\/\/cfcontabil.com\/cf\/wp-json\/wp\/v2\/media?parent=1964"}],"wp:term":[{"taxonomy":"category","embeddable":true,"href":"http:\/\/cfcontabil.com\/cf\/wp-json\/wp\/v2\/categories?post=1964"},{"taxonomy":"post_tag","embeddable":true,"href":"http:\/\/cfcontabil.com\/cf\/wp-json\/wp\/v2\/tags?post=1964"}],"curies":[{"name":"wp","href":"https:\/\/api.w.org\/{rel}","templated":true}]}}