{"id":1968,"date":"2019-11-29T09:43:27","date_gmt":"2019-11-29T12:43:27","guid":{"rendered":"http:\/\/cfcontabil.com\/cf\/?p=1968"},"modified":"2019-11-29T09:43:27","modified_gmt":"2019-11-29T12:43:27","slug":"receita-federal-divulga-norma-sobre-a-declaracao-do-imposto-sobre-a-renda-retido-na-fonte-2020","status":"publish","type":"post","link":"http:\/\/cfcontabil.com\/cf\/receita-federal-divulga-norma-sobre-a-declaracao-do-imposto-sobre-a-renda-retido-na-fonte-2020\/","title":{"rendered":"Receita Federal divulga norma sobre a Declara\u00e7\u00e3o do Imposto sobre a Renda Retido na Fonte 2020"},"content":{"rendered":"<div class=\"documentDescription\"><strong>Declara\u00e7\u00e3o dever\u00e1 ser apresentada at\u00e9 as 23h59min59s do dia 28 de fevereiro de 2020<\/strong><\/div>\n<div><\/div>\n<div class=\"horizontal\"><img data-recalc-dims=\"1\" decoding=\"async\" class=\"alignleft\" src=\"https:\/\/i0.wp.com\/receita.economia.gov.br\/noticias\/ascom\/2019\/novembro\/receita-federal-divulga-norma-sobre-a-declaracao-do-imposto-sobre-a-renda-retido-na-fonte-2020\/in.jpeg\/%40%40images\/65e29ecb-0ada-437d-8e25-7e71d41a50c0.jpeg?w=1170\" \/>Foi publicada hoje, no Di\u00e1rio Oficial da Uni\u00e3o, a\u00a0<a class=\"external-link\" title=\"\" href=\"http:\/\/normas.receita.fazenda.gov.br\/sijut2consulta\/link.action?visao=anotado&amp;idAto=105149\" target=\"_self\" rel=\"noopener noreferrer\">Instru\u00e7\u00e3o Normativa RFB n\u00ba 1.915<\/a>, de 2019, que disp\u00f5e sobre a Declara\u00e7\u00e3o do Imposto sobre a Renda Retido na Fonte referente ao ano-calend\u00e1rio de 2019 \u2013 Dirf 2020. O objetivo \u00e9 possibilitar o correto cumprimento dessa obriga\u00e7\u00e3o acess\u00f3ria pelos declarantes previstos na norma.<\/p>\n<p>A apresenta\u00e7\u00e3o da Dirf 2020 \u00e9 obrigat\u00f3ria para pessoas jur\u00eddicas e f\u00edsicas que pagaram ou creditaram rendimentos sobre os quais tenha incidido reten\u00e7\u00e3o do Imposto sobre a Renda Retido na Fonte (IRRF), ainda que em um \u00fanico m\u00eas do ano-calend\u00e1rio, por si ou como representantes de terceiros.<\/p>\n<p>A Dirf 2020 dever\u00e1 ser apresentada at\u00e9 as 23h59min59s do dia 28 de fevereiro de 2020 atrav\u00e9s do Programa Gerador de Declara\u00e7\u00f5es \u2013 PGD Dirf 2020 \u2013 de uso obrigat\u00f3rio \u2013 a ser disponibilizado pela Secretaria da Receita Federal do Brasil (RFB), em seu s\u00edtio na internet, a partir do primeiro dia \u00fatil de janeiro de 2020.<\/p>\n<p>A aprova\u00e7\u00e3o do leiaute aplic\u00e1vel aos campos, registros e arquivos da Dirf 2020 para fins de importa\u00e7\u00e3o de dados ao PGD Dirf 2020 dever\u00e1 ser divulgada por meio de Ato Declarat\u00f3rio Executivo, a ser expedido pela Coordena\u00e7\u00e3o-Geral de Fiscaliza\u00e7\u00e3o (Cofis) ap\u00f3s a publica\u00e7\u00e3o desta Instru\u00e7\u00e3o Normativa.<\/p>\n<p style=\"text-align: center;\">A Instru\u00e7\u00e3o Normativa introduz apenas uma altera\u00e7\u00e3o com rela\u00e7\u00e3o aos anos anteriores ao estabelecer a obrigatoriedade de declara\u00e7\u00e3o dos benefici\u00e1rios dos rendimentos pagos em cumprimento de decis\u00e3o da Justi\u00e7a Estadual ou Trabalhista, ainda que dispensada a reten\u00e7\u00e3o do Imposto de Renda.<a href=\"https:\/\/i0.wp.com\/cfcontabil.com\/cf\/wp-content\/uploads\/2019\/11\/dirf-imposto-renda.jpg\"><img data-recalc-dims=\"1\" fetchpriority=\"high\" decoding=\"async\" data-attachment-id=\"1970\" data-permalink=\"http:\/\/cfcontabil.com\/cf\/receita-federal-divulga-norma-sobre-a-declaracao-do-imposto-sobre-a-renda-retido-na-fonte-2020\/dirf-imposto-renda\/\" data-orig-file=\"https:\/\/i0.wp.com\/cfcontabil.com\/cf\/wp-content\/uploads\/2019\/11\/dirf-imposto-renda.jpg?fit=609%2C503\" data-orig-size=\"609,503\" data-comments-opened=\"1\" data-image-meta=\"{&quot;aperture&quot;:&quot;0&quot;,&quot;credit&quot;:&quot;&quot;,&quot;camera&quot;:&quot;&quot;,&quot;caption&quot;:&quot;&quot;,&quot;created_timestamp&quot;:&quot;0&quot;,&quot;copyright&quot;:&quot;&quot;,&quot;focal_length&quot;:&quot;0&quot;,&quot;iso&quot;:&quot;0&quot;,&quot;shutter_speed&quot;:&quot;0&quot;,&quot;title&quot;:&quot;&quot;,&quot;orientation&quot;:&quot;0&quot;}\" data-image-title=\"dirf imposto renda\" data-image-description=\"\" data-image-caption=\"\" data-large-file=\"https:\/\/i0.wp.com\/cfcontabil.com\/cf\/wp-content\/uploads\/2019\/11\/dirf-imposto-renda.jpg?fit=609%2C503\" class=\"aligncenter size-full wp-image-1970\" src=\"https:\/\/i0.wp.com\/cfcontabil.com\/cf\/wp-content\/uploads\/2019\/11\/dirf-imposto-renda.jpg?resize=609%2C503\" alt=\"\" width=\"609\" height=\"503\" srcset=\"https:\/\/i0.wp.com\/cfcontabil.com\/cf\/wp-content\/uploads\/2019\/11\/dirf-imposto-renda.jpg?w=609 609w, https:\/\/i0.wp.com\/cfcontabil.com\/cf\/wp-content\/uploads\/2019\/11\/dirf-imposto-renda.jpg?resize=300%2C248 300w, https:\/\/i0.wp.com\/cfcontabil.com\/cf\/wp-content\/uploads\/2019\/11\/dirf-imposto-renda.jpg?resize=370%2C306 370w\" sizes=\"(max-width: 609px) 100vw, 609px\" \/><\/a><a class=\"internal-link\" title=\"\" href=\"http:\/\/receita.economia.gov.br\/interface\/lista-de-servicos\/declaracoes-e-demonstrativos\/dirf\/acessar-o-programa\" target=\"_self\" rel=\"noopener noreferrer\"><img data-recalc-dims=\"1\" decoding=\"async\" class=\"image-inline\" title=\"Clique aqui para acessar o servi\u00e7o\" src=\"https:\/\/i0.wp.com\/receita.economia.gov.br\/arquivos-e-imagens\/botoes1\/acessar-o-servico.png\/%40%40images\/845af2e1-d028-4014-9d3e-e1a232084338.png?w=1170\" alt=\"Clique aqui para acessar o servi\u00e7o\" \/><\/a><\/p>\n<\/div>\n","protected":false},"excerpt":{"rendered":"<p>Declara\u00e7\u00e3o dever\u00e1 ser apresentada at\u00e9 as 23h59min59s do dia 28 de fevereiro de 2020 Foi publicada hoje, no Di\u00e1rio Oficial da Uni\u00e3o, a\u00a0Instru\u00e7\u00e3o Normativa RFB n\u00ba 1.915, de 2019, que disp\u00f5e sobre a Declara\u00e7\u00e3o do Imposto sobre a Renda Retido na Fonte referente ao ano-calend\u00e1rio de 2019 \u2013 Dirf 2020. O objetivo \u00e9 possibilitar o [&hellip;]<\/p>\n","protected":false},"author":1,"featured_media":1969,"comment_status":"open","ping_status":"open","sticky":false,"template":"","format":"standard","meta":{"jetpack_post_was_ever_published":false,"_jetpack_newsletter_access":"","_jetpack_dont_email_post_to_subs":false,"_jetpack_newsletter_tier_id":0,"_jetpack_memberships_contains_paywalled_content":false,"_jetpack_memberships_contains_paid_content":false,"footnotes":"","jetpack_publicize_message":"","jetpack_publicize_feature_enabled":true,"jetpack_social_post_already_shared":true,"jetpack_social_options":{"image_generator_settings":{"template":"highway","default_image_id":0,"font":"","enabled":false},"version":2}},"categories":[46,29],"tags":[106,339,281,108,111],"class_list":["post-1968","post","type-post","status-publish","format-standard","has-post-thumbnail","hentry","category-df","category-dp","tag-declaracao","tag-dirf","tag-fonte","tag-imposto","tag-renda"],"jetpack_publicize_connections":[],"jetpack_featured_media_url":"https:\/\/i0.wp.com\/cfcontabil.com\/cf\/wp-content\/uploads\/2019\/11\/dirf-imposto-renda-banner.png?fit=886%2C346","jetpack_sharing_enabled":true,"jetpack_shortlink":"https:\/\/wp.me\/p2wklX-vK","jetpack-related-posts":[{"id":2108,"url":"http:\/\/cfcontabil.com\/cf\/dirf-sem-erros-prepare-se-para-a-entrega\/","url_meta":{"origin":1968,"position":0},"title":"DIRF sem erros: prepare-se para a entrega","author":"Ab\u00edlio Gon\u00e7alves","date":"18 de fevereiro de 2020","format":false,"excerpt":"O prazo para entregar a DIRF referente ao ano-calend\u00e1rio 2019 \u00e9 dia 28 de fevereiro de 2020, a DIRF tem como objetivo informar os rendimentos pagos e\/ou reten\u00e7\u00f5es na fonte sob algumas circunst\u00e2ncias previstas na legisla\u00e7\u00e3o. O prazo para entregar a DIRF referente ao ano-calend\u00e1rio 2019 \u00e9 dia 28 de\u2026","rel":"","context":"Em &quot;Departamento Fiscal&quot;","block_context":{"text":"Departamento Fiscal","link":"http:\/\/cfcontabil.com\/cf\/category\/df\/"},"img":{"alt_text":"","src":"https:\/\/i0.wp.com\/cfcontabil.com\/cf\/wp-content\/uploads\/2019\/11\/dirf-imposto-renda.jpg?fit=609%2C503&resize=350%2C200","width":350,"height":200,"srcset":"https:\/\/i0.wp.com\/cfcontabil.com\/cf\/wp-content\/uploads\/2019\/11\/dirf-imposto-renda.jpg?fit=609%2C503&resize=350%2C200 1x, https:\/\/i0.wp.com\/cfcontabil.com\/cf\/wp-content\/uploads\/2019\/11\/dirf-imposto-renda.jpg?fit=609%2C503&resize=525%2C300 1.5x"},"classes":[]},{"id":877,"url":"http:\/\/cfcontabil.com\/cf\/atraso-em-liberacao-de-programa-da-dirf-pode-comprometer-a-declaracao-de-imposto-de-renda\/","url_meta":{"origin":1968,"position":1},"title":"Atraso em libera\u00e7\u00e3o de programa da Dirf pode comprometer a declara\u00e7\u00e3o de imposto de renda","author":"Ab\u00edlio Gon\u00e7alves","date":"26 de janeiro de 2017","format":false,"excerpt":"CFC encaminhou\u00a0of\u00edcio para Receita solicitando a imediata disponibiliza\u00e7\u00e3o de programa de transmiss\u00e3o da DIRF O Conselho Federal de Contabilidade (CFC) enviou, nesta ter\u00e7a-feira (24), of\u00edcio ao secret\u00e1rio da Receita Federal, Jorge Rachid, pedindo a prorroga\u00e7\u00e3o do prazo de entrega da Declara\u00e7\u00e3o do Imposto de Renda Retido na Fonte (Dirf), previsto\u2026","rel":"","context":"Em &quot;Departamento Pessoal&quot;","block_context":{"text":"Departamento Pessoal","link":"http:\/\/cfcontabil.com\/cf\/category\/dp\/"},"img":{"alt_text":"","src":"https:\/\/i0.wp.com\/cfcontabil.com\/cf\/wp-content\/uploads\/2017\/01\/DIRF_698x57613-1.jpg?fit=1000%2C826&resize=350%2C200","width":350,"height":200,"srcset":"https:\/\/i0.wp.com\/cfcontabil.com\/cf\/wp-content\/uploads\/2017\/01\/DIRF_698x57613-1.jpg?fit=1000%2C826&resize=350%2C200 1x, https:\/\/i0.wp.com\/cfcontabil.com\/cf\/wp-content\/uploads\/2017\/01\/DIRF_698x57613-1.jpg?fit=1000%2C826&resize=525%2C300 1.5x, https:\/\/i0.wp.com\/cfcontabil.com\/cf\/wp-content\/uploads\/2017\/01\/DIRF_698x57613-1.jpg?fit=1000%2C826&resize=700%2C400 2x"},"classes":[]},{"id":1227,"url":"http:\/\/cfcontabil.com\/cf\/prazo-para-entrega-da-dirf-se-encerra-em-27-de-fevereiro\/","url_meta":{"origin":1968,"position":2},"title":"Prazo para entrega da DIRF se encerra em 27 de fevereiro","author":"Ab\u00edlio Gon\u00e7alves","date":"23 de fevereiro de 2017","format":false,"excerpt":"Aten\u00e7\u00e3o: em alguns casos documento tem que ser entregue mesmo por quem n\u00e3o reteve IR O prazo para apresenta\u00e7\u00e3o da DIRF2017 se encerra as 23h59min59s, hor\u00e1rio de Bras\u00edlia, de 27 de fevereiro de 2017. A Receita Federal alerta que entre as hip\u00f3teses de obrigatoriedade de apresenta\u00e7\u00e3o da Declara\u00e7\u00e3o do Imposto\u2026","rel":"","context":"Em &quot;Departamento Pessoal&quot;","block_context":{"text":"Departamento Pessoal","link":"http:\/\/cfcontabil.com\/cf\/category\/dp\/"},"img":{"alt_text":"","src":"","width":0,"height":0},"classes":[]},{"id":894,"url":"http:\/\/cfcontabil.com\/cf\/receita-federal-disponibiliza-o-programa-gerador-da-dirf-2017\/","url_meta":{"origin":1968,"position":3},"title":"Receita Federal disponibiliza o Programa Gerador da DIRF 2017","author":"Ab\u00edlio Gon\u00e7alves","date":"27 de janeiro de 2017","format":false,"excerpt":"A Declara\u00e7\u00e3o do Imposto de Renda Retido na Fonte \u2013 DIRF \u2013 \u00e9 uma obriga\u00e7\u00e3o tribut\u00e1ria acess\u00f3ria devida por todas as pessoas jur\u00eddicas \u2013 independentemente da forma de tributa\u00e7\u00e3o perante o imposto de renda \u2013 da reten\u00e7\u00e3o do IRF - Imposto de Renda na Fonte. Aten\u00e7\u00e3o ao prazo de entrega\u2026","rel":"","context":"Em &quot;Departamento Pessoal&quot;","block_context":{"text":"Departamento Pessoal","link":"http:\/\/cfcontabil.com\/cf\/category\/dp\/"},"img":{"alt_text":"","src":"https:\/\/i0.wp.com\/cfcontabil.com\/cf\/wp-content\/uploads\/2017\/01\/dirf-2017-tem-novo-prazo-de-entrega-1.png?fit=1200%2C627&resize=350%2C200","width":350,"height":200,"srcset":"https:\/\/i0.wp.com\/cfcontabil.com\/cf\/wp-content\/uploads\/2017\/01\/dirf-2017-tem-novo-prazo-de-entrega-1.png?fit=1200%2C627&resize=350%2C200 1x, https:\/\/i0.wp.com\/cfcontabil.com\/cf\/wp-content\/uploads\/2017\/01\/dirf-2017-tem-novo-prazo-de-entrega-1.png?fit=1200%2C627&resize=525%2C300 1.5x, https:\/\/i0.wp.com\/cfcontabil.com\/cf\/wp-content\/uploads\/2017\/01\/dirf-2017-tem-novo-prazo-de-entrega-1.png?fit=1200%2C627&resize=700%2C400 2x, https:\/\/i0.wp.com\/cfcontabil.com\/cf\/wp-content\/uploads\/2017\/01\/dirf-2017-tem-novo-prazo-de-entrega-1.png?fit=1200%2C627&resize=1050%2C600 3x"},"classes":[]},{"id":900,"url":"http:\/\/cfcontabil.com\/cf\/alterada-a-data-de-entrega-da-dirf-2017\/","url_meta":{"origin":1968,"position":4},"title":"Alterada a data de entrega da DIRF 2017","author":"Ab\u00edlio Gon\u00e7alves","date":"27 de janeiro de 2017","format":false,"excerpt":"INSTRU\u00c7\u00c3O NORMATIVA RFB N\u00ba\u00a01686,\u00a0DE\u00a026 DE JANEIRO DE 2017 (Publicado(a) no DOU de 27\/01\/2017, se\u00e7\u00e3o 1, p\u00e1g. 24)\u00a0\u00a0 Altera a Instru\u00e7\u00e3o Normativa RFB n\u00ba 1.671, de 22 de novembro de 2016, que disp\u00f5e sobre a Declara\u00e7\u00e3o do Imposto sobre a Renda Retido na Fonte relativa ao ano-calend\u00e1rio de 2016 e a\u2026","rel":"","context":"Em &quot;Departamento Pessoal&quot;","block_context":{"text":"Departamento Pessoal","link":"http:\/\/cfcontabil.com\/cf\/category\/dp\/"},"img":{"alt_text":"","src":"https:\/\/i0.wp.com\/cfcontabil.com\/cf\/wp-content\/uploads\/2017\/01\/dirf-2017-tem-novo-prazo-de-entrega-1.png?fit=1200%2C627&resize=350%2C200","width":350,"height":200,"srcset":"https:\/\/i0.wp.com\/cfcontabil.com\/cf\/wp-content\/uploads\/2017\/01\/dirf-2017-tem-novo-prazo-de-entrega-1.png?fit=1200%2C627&resize=350%2C200 1x, https:\/\/i0.wp.com\/cfcontabil.com\/cf\/wp-content\/uploads\/2017\/01\/dirf-2017-tem-novo-prazo-de-entrega-1.png?fit=1200%2C627&resize=525%2C300 1.5x, https:\/\/i0.wp.com\/cfcontabil.com\/cf\/wp-content\/uploads\/2017\/01\/dirf-2017-tem-novo-prazo-de-entrega-1.png?fit=1200%2C627&resize=700%2C400 2x, https:\/\/i0.wp.com\/cfcontabil.com\/cf\/wp-content\/uploads\/2017\/01\/dirf-2017-tem-novo-prazo-de-entrega-1.png?fit=1200%2C627&resize=1050%2C600 3x"},"classes":[]},{"id":2853,"url":"http:\/\/cfcontabil.com\/cf\/dirf-dasn-ecf-ecd-as-principais-declaracoes-anuais-para-empresas\/","url_meta":{"origin":1968,"position":5},"title":"DIRF, DASN, ECF, ECD: as principais declara\u00e7\u00f5es anuais para empresas","author":"Ab\u00edlio Gon\u00e7alves","date":"23 de fevereiro de 2023","format":false,"excerpt":"As empresas s\u00e3o obrigadas a fornecer v\u00e1rias declara\u00e7\u00f5es anuais ao governo para cumprir suas obriga\u00e7\u00f5es fiscais e cont\u00e1beis.","rel":"","context":"Em &quot;Geral&quot;","block_context":{"text":"Geral","link":"http:\/\/cfcontabil.com\/cf\/category\/geral\/"},"img":{"alt_text":"Free business woman with laptop","src":"https:\/\/i0.wp.com\/cfcontabil.com\/cf\/wp-content\/uploads\/2023\/02\/czNmcy1wcml2YXRlL3Jhd3BpeGVsX2ltYWdlcy93ZWJzaXRlX2NvbnRlbnQvbHIvbnMxODExLWltYWdlLWt3dnljbzN4LmpwZw.jpg?fit=1200%2C900&resize=350%2C200","width":350,"height":200,"srcset":"https:\/\/i0.wp.com\/cfcontabil.com\/cf\/wp-content\/uploads\/2023\/02\/czNmcy1wcml2YXRlL3Jhd3BpeGVsX2ltYWdlcy93ZWJzaXRlX2NvbnRlbnQvbHIvbnMxODExLWltYWdlLWt3dnljbzN4LmpwZw.jpg?fit=1200%2C900&resize=350%2C200 1x, https:\/\/i0.wp.com\/cfcontabil.com\/cf\/wp-content\/uploads\/2023\/02\/czNmcy1wcml2YXRlL3Jhd3BpeGVsX2ltYWdlcy93ZWJzaXRlX2NvbnRlbnQvbHIvbnMxODExLWltYWdlLWt3dnljbzN4LmpwZw.jpg?fit=1200%2C900&resize=525%2C300 1.5x, https:\/\/i0.wp.com\/cfcontabil.com\/cf\/wp-content\/uploads\/2023\/02\/czNmcy1wcml2YXRlL3Jhd3BpeGVsX2ltYWdlcy93ZWJzaXRlX2NvbnRlbnQvbHIvbnMxODExLWltYWdlLWt3dnljbzN4LmpwZw.jpg?fit=1200%2C900&resize=700%2C400 2x, https:\/\/i0.wp.com\/cfcontabil.com\/cf\/wp-content\/uploads\/2023\/02\/czNmcy1wcml2YXRlL3Jhd3BpeGVsX2ltYWdlcy93ZWJzaXRlX2NvbnRlbnQvbHIvbnMxODExLWltYWdlLWt3dnljbzN4LmpwZw.jpg?fit=1200%2C900&resize=1050%2C600 3x"},"classes":[]}],"jetpack_likes_enabled":true,"_links":{"self":[{"href":"http:\/\/cfcontabil.com\/cf\/wp-json\/wp\/v2\/posts\/1968","targetHints":{"allow":["GET"]}}],"collection":[{"href":"http:\/\/cfcontabil.com\/cf\/wp-json\/wp\/v2\/posts"}],"about":[{"href":"http:\/\/cfcontabil.com\/cf\/wp-json\/wp\/v2\/types\/post"}],"author":[{"embeddable":true,"href":"http:\/\/cfcontabil.com\/cf\/wp-json\/wp\/v2\/users\/1"}],"replies":[{"embeddable":true,"href":"http:\/\/cfcontabil.com\/cf\/wp-json\/wp\/v2\/comments?post=1968"}],"version-history":[{"count":1,"href":"http:\/\/cfcontabil.com\/cf\/wp-json\/wp\/v2\/posts\/1968\/revisions"}],"predecessor-version":[{"id":1971,"href":"http:\/\/cfcontabil.com\/cf\/wp-json\/wp\/v2\/posts\/1968\/revisions\/1971"}],"wp:featuredmedia":[{"embeddable":true,"href":"http:\/\/cfcontabil.com\/cf\/wp-json\/wp\/v2\/media\/1969"}],"wp:attachment":[{"href":"http:\/\/cfcontabil.com\/cf\/wp-json\/wp\/v2\/media?parent=1968"}],"wp:term":[{"taxonomy":"category","embeddable":true,"href":"http:\/\/cfcontabil.com\/cf\/wp-json\/wp\/v2\/categories?post=1968"},{"taxonomy":"post_tag","embeddable":true,"href":"http:\/\/cfcontabil.com\/cf\/wp-json\/wp\/v2\/tags?post=1968"}],"curies":[{"name":"wp","href":"https:\/\/api.w.org\/{rel}","templated":true}]}}