{"id":1978,"date":"2019-12-04T12:00:18","date_gmt":"2019-12-04T15:00:18","guid":{"rendered":"http:\/\/cfcontabil.com\/cf\/?p=1978"},"modified":"2019-12-04T09:20:51","modified_gmt":"2019-12-04T12:20:51","slug":"mutirao-da-simplificacao-atende-quase-15-mil-pessoas-em-taguatinga","status":"publish","type":"post","link":"http:\/\/cfcontabil.com\/cf\/mutirao-da-simplificacao-atende-quase-15-mil-pessoas-em-taguatinga\/","title":{"rendered":"Mutir\u00e3o da Simplifica\u00e7\u00e3o atende quase 1,5 mil pessoas em Taguatinga"},"content":{"rendered":"<h2 class=\"txt-gray mb-0 h4\">Iniciativa do governo e do Sebrae-DF promoveu orienta\u00e7\u00f5es sobre abertura de empresas e capacita\u00e7\u00f5es relacionadas \u00e0 atividade empreendedora<\/h2>\n<p><a href=\"https:\/\/i0.wp.com\/cfcontabil.com\/cf\/wp-content\/uploads\/2019\/12\/multirao-20191203182008370836u.jpeg\"><img data-recalc-dims=\"1\" fetchpriority=\"high\" decoding=\"async\" data-attachment-id=\"1979\" data-permalink=\"http:\/\/cfcontabil.com\/cf\/mutirao-da-simplificacao-atende-quase-15-mil-pessoas-em-taguatinga\/multirao-20191203182008370836u\/\" data-orig-file=\"https:\/\/i0.wp.com\/cfcontabil.com\/cf\/wp-content\/uploads\/2019\/12\/multirao-20191203182008370836u.jpeg?fit=675%2C405\" data-orig-size=\"675,405\" data-comments-opened=\"1\" data-image-meta=\"{&quot;aperture&quot;:&quot;0&quot;,&quot;credit&quot;:&quot;&quot;,&quot;camera&quot;:&quot;&quot;,&quot;caption&quot;:&quot;&quot;,&quot;created_timestamp&quot;:&quot;0&quot;,&quot;copyright&quot;:&quot;&quot;,&quot;focal_length&quot;:&quot;0&quot;,&quot;iso&quot;:&quot;0&quot;,&quot;shutter_speed&quot;:&quot;0&quot;,&quot;title&quot;:&quot;&quot;,&quot;orientation&quot;:&quot;0&quot;}\" data-image-title=\"multirao 20191203182008370836u\" data-image-description=\"\" data-image-caption=\"\" data-large-file=\"https:\/\/i0.wp.com\/cfcontabil.com\/cf\/wp-content\/uploads\/2019\/12\/multirao-20191203182008370836u.jpeg?fit=675%2C405\" class=\"aligncenter size-full wp-image-1979\" src=\"https:\/\/i0.wp.com\/cfcontabil.com\/cf\/wp-content\/uploads\/2019\/12\/multirao-20191203182008370836u.jpeg?resize=675%2C405\" alt=\"\" width=\"675\" height=\"405\" srcset=\"https:\/\/i0.wp.com\/cfcontabil.com\/cf\/wp-content\/uploads\/2019\/12\/multirao-20191203182008370836u.jpeg?w=675 675w, https:\/\/i0.wp.com\/cfcontabil.com\/cf\/wp-content\/uploads\/2019\/12\/multirao-20191203182008370836u.jpeg?resize=300%2C180 300w, https:\/\/i0.wp.com\/cfcontabil.com\/cf\/wp-content\/uploads\/2019\/12\/multirao-20191203182008370836u.jpeg?resize=370%2C222 370w\" sizes=\"(max-width: 675px) 100vw, 675px\" \/><\/a><\/p>\n<p>O\u00a0<strong>Mutir\u00e3o da Simplifica\u00e7\u00e3o<\/strong>\u00a0atendeu, em quatro dias, quase 1,5 mil empres\u00e1rios e potenciais empreendedores na regi\u00e3o de\u00a0<strong>Taguatinga<\/strong>. Entre os dias 26 e 29, a iniciativa promoveu o acesso a orienta\u00e7\u00f5es sobre registro e licenciamento de empresas e capacita\u00e7\u00f5es gratuitas, como palestras, oficinas e cursos para melhorar o gerenciamento, principalmente das microempresas.<\/p>\n<div>Para atender o p\u00fablico, uma estrutura provis\u00f3ria foi montada pela Secretaria de Desenvolvimento Econ\u00f4mico (<strong>SDE<\/strong>) em parceria com o\u00a0<strong>Sebrae-DF<\/strong>. O espa\u00e7o principal era destinado a atendimentos e orienta\u00e7\u00f5es e outras duas salas de aula foram palco de troca de conhecimento.<\/div>\n<div><\/div>\n<div>Temas como vendas, coaching empreendedor, gest\u00e3o de neg\u00f3cio, viabilidade e licenciamento, compras governamentais, controles financeiros e plano de marketing foram abordados. A maior parte das demandas durante o mutir\u00e3o foi para regulariza\u00e7\u00e3o de quem pretende criar ou ampliar seu pr\u00f3prio neg\u00f3cio.<\/div>\n<div><\/div>\n<div>&#8220;Foram muitos atendimentos da Receita Federal e do Conselho Regional de Contabilidade, como parcelamentos de d\u00e9bito de microempreendedores individuais&#8221;, destacou a analista de Gest\u00e3o Estrat\u00e9gica e Pol\u00edticas P\u00fablicas do Sebrae, Ludmila Castro.<\/div>\n<div><\/div>\n<div>Os servi\u00e7os oferecidos durante o mutir\u00e3o s\u00e3o uma extens\u00e3o do trabalho di\u00e1rio do Simplifica PJ, unidade da SDE que funciona em Taguatinga, na QI 19, lotes 28\/32, e re\u00fane \u00f3rg\u00e3os do governo voltados para abertura, regulariza\u00e7\u00e3o, licenciamento, capacita\u00e7\u00e3o e baixa de empresas.<\/div>\n<div><\/div>\n<div><em>Com informa\u00e7\u00f5es da Secretaria de Desenvolvimento Econ\u00f4mico<\/em><\/div>\n","protected":false},"excerpt":{"rendered":"<p>Iniciativa do governo e do Sebrae-DF promoveu orienta\u00e7\u00f5es sobre abertura de empresas e capacita\u00e7\u00f5es relacionadas \u00e0 atividade empreendedora O\u00a0Mutir\u00e3o da Simplifica\u00e7\u00e3o\u00a0atendeu, em quatro dias, quase 1,5 mil empres\u00e1rios e potenciais empreendedores na regi\u00e3o de\u00a0Taguatinga. Entre os dias 26 e 29, a iniciativa promoveu o acesso a orienta\u00e7\u00f5es sobre registro e licenciamento de empresas e capacita\u00e7\u00f5es [&hellip;]<\/p>\n","protected":false},"author":1,"featured_media":1980,"comment_status":"open","ping_status":"open","sticky":false,"template":"","format":"standard","meta":{"jetpack_post_was_ever_published":false,"_jetpack_newsletter_access":"","_jetpack_dont_email_post_to_subs":false,"_jetpack_newsletter_tier_id":0,"_jetpack_memberships_contains_paywalled_content":false,"_jetpack_memberships_contains_paid_content":false,"footnotes":"","jetpack_publicize_message":"","jetpack_publicize_feature_enabled":true,"jetpack_social_post_already_shared":true,"jetpack_social_options":{"image_generator_settings":{"template":"highway","default_image_id":0,"font":"","enabled":false},"version":2}},"categories":[60],"tags":[709,723,726,707],"class_list":["post-1978","post","type-post","status-publish","format-standard","has-post-thumbnail","hentry","category-consultoria","tag-df","tag-multirao","tag-negocio","tag-sebrae"],"jetpack_publicize_connections":[],"jetpack_featured_media_url":"https:\/\/i0.wp.com\/cfcontabil.com\/cf\/wp-content\/uploads\/2019\/12\/sebrae-no-df.jpg?fit=678%2C452","jetpack_sharing_enabled":true,"jetpack_shortlink":"https:\/\/wp.me\/p2wklX-vU","jetpack-related-posts":[{"id":1954,"url":"http:\/\/cfcontabil.com\/cf\/mutirao-amplia-atendimento-a-empreendedores-em-taguatinga\/","url_meta":{"origin":1978,"position":0},"title":"Mutir\u00e3o amplia atendimento a empreendedores em Taguatinga","author":"Ab\u00edlio Gon\u00e7alves","date":"27 de novembro de 2019","format":false,"excerpt":"Com o apoio do Sebrae, unidade m\u00f3vel do Simplifica PJ d\u00e1 cursos para melhorar gest\u00e3o de microempresas AG\u00caNCIA BRAS\u00cdLIA * Equipe de t\u00e9cnicos far\u00e1 palestras e promover\u00e1 semin\u00e1rios e oficinas sobre temas como gerenciamento e vendas, coaching\u00a0do empreendedor, controles financeiros e planos de marketing | Foto: Reprodu\u00e7\u00e3o Em parceria com\u2026","rel":"","context":"Em &quot;Consultoria Empresarial&quot;","block_context":{"text":"Consultoria Empresarial","link":"http:\/\/cfcontabil.com\/cf\/category\/consultoria\/"},"img":{"alt_text":"","src":"https:\/\/i0.wp.com\/agenciabrasilia.df.gov.br\/wp-conteudo\/uploads\/2019\/11\/Tagua.png?resize=350%2C200","width":350,"height":200,"srcset":"https:\/\/i0.wp.com\/agenciabrasilia.df.gov.br\/wp-conteudo\/uploads\/2019\/11\/Tagua.png?resize=350%2C200 1x, https:\/\/i0.wp.com\/agenciabrasilia.df.gov.br\/wp-conteudo\/uploads\/2019\/11\/Tagua.png?resize=525%2C300 1.5x, https:\/\/i0.wp.com\/agenciabrasilia.df.gov.br\/wp-conteudo\/uploads\/2019\/11\/Tagua.png?resize=700%2C400 2x"},"classes":[]},{"id":2158,"url":"http:\/\/cfcontabil.com\/cf\/coronavirus-sebrae-lanca-guia-de-gestao-financeira-para-orientar-pequenos-negocios\/","url_meta":{"origin":1978,"position":1},"title":"Coronav\u00edrus: Sebrae lan\u00e7a Guia de Gest\u00e3o Financeira para orientar pequenos neg\u00f3cios","author":"Ab\u00edlio Gon\u00e7alves","date":"18 de mar\u00e7o de 2020","format":false,"excerpt":"Documento orienta donos de pequenos neg\u00f3cios com recomenda\u00e7\u00f5es preparadas por especialistas. Medidas est\u00e3o alinhadas \u00e0s do Banco Central e Febraban O Guia de Gest\u00e3o Financeira do Sebrae busca apoiar os donos de pequenos neg\u00f3cios nesse momento de instabilidade econ\u00f4mica causada pelos efeitos do novo Coronav\u00edrus. O documento traz orienta\u00e7\u00f5es sobre\u2026","rel":"","context":"Em &quot;Geral&quot;","block_context":{"text":"Geral","link":"http:\/\/cfcontabil.com\/cf\/category\/geral\/"},"img":{"alt_text":"","src":"https:\/\/i0.wp.com\/cfcontabil.com\/cf\/wp-content\/uploads\/2020\/03\/coronavirus_1280x720_00124C00.jpg?fit=810%2C455&resize=350%2C200","width":350,"height":200,"srcset":"https:\/\/i0.wp.com\/cfcontabil.com\/cf\/wp-content\/uploads\/2020\/03\/coronavirus_1280x720_00124C00.jpg?fit=810%2C455&resize=350%2C200 1x, https:\/\/i0.wp.com\/cfcontabil.com\/cf\/wp-content\/uploads\/2020\/03\/coronavirus_1280x720_00124C00.jpg?fit=810%2C455&resize=525%2C300 1.5x, https:\/\/i0.wp.com\/cfcontabil.com\/cf\/wp-content\/uploads\/2020\/03\/coronavirus_1280x720_00124C00.jpg?fit=810%2C455&resize=700%2C400 2x"},"classes":[]},{"id":2208,"url":"http:\/\/cfcontabil.com\/cf\/prazo-para-microempresarios-emitirem-notas-fiscais-e-prorrogado\/","url_meta":{"origin":1978,"position":2},"title":"Prazo para microempres\u00e1rios emitirem notas fiscais \u00e9 prorrogado","author":"Ab\u00edlio Gon\u00e7alves","date":"1 de abril de 2020","format":false,"excerpt":"A medida poder\u00e1 ser efetuada at\u00e9 31 de dezembro. Iniciativa deve beneficiar mais de 135 mil microempres\u00e1rios que se utilizam deste servi\u00e7o O prazo para emiss\u00e3o de notas fiscais por meio do Sistema de Emiss\u00e3o de\u00a0Nota Fiscal Avulsa\u00a0(Senfa) para Microempreendedores Individuais (MEIs) do Distrito Federal foi prorrogado para 31 de\u2026","rel":"","context":"Em &quot;Departamento Fiscal&quot;","block_context":{"text":"Departamento Fiscal","link":"http:\/\/cfcontabil.com\/cf\/category\/df\/"},"img":{"alt_text":"","src":"https:\/\/i0.wp.com\/cfcontabil.com\/cf\/wp-content\/uploads\/2020\/04\/nota-fiscal-eletronica-1024x768-1.jpg?fit=1024%2C768&resize=350%2C200","width":350,"height":200,"srcset":"https:\/\/i0.wp.com\/cfcontabil.com\/cf\/wp-content\/uploads\/2020\/04\/nota-fiscal-eletronica-1024x768-1.jpg?fit=1024%2C768&resize=350%2C200 1x, https:\/\/i0.wp.com\/cfcontabil.com\/cf\/wp-content\/uploads\/2020\/04\/nota-fiscal-eletronica-1024x768-1.jpg?fit=1024%2C768&resize=525%2C300 1.5x, https:\/\/i0.wp.com\/cfcontabil.com\/cf\/wp-content\/uploads\/2020\/04\/nota-fiscal-eletronica-1024x768-1.jpg?fit=1024%2C768&resize=700%2C400 2x"},"classes":[]},{"id":1900,"url":"http:\/\/cfcontabil.com\/cf\/whatsapp-quer-ajudar-6-milhoes-de-micro-e-pequenas-empresas-no-brasil\/","url_meta":{"origin":1978,"position":3},"title":"WhatsApp quer ajudar 6 milh\u00f5es de micro e pequenas empresas no Brasil","author":"Ab\u00edlio Gon\u00e7alves","date":"14 de novembro de 2019","format":false,"excerpt":"Parceria com Sebrae-SP visa ajudar MPEs a se conectar com clientes e expandir neg\u00f3cios As pessoas j\u00e1 usam o WhatsApp para fazer neg\u00f3cios, mas a empresa quer tornar tudo ainda mais claro. E o WhatsApp Business, que chegou no Brasil em janeiro de 2018, \u00e9 o principal meio de fazer\u2026","rel":"","context":"Em &quot;Consultoria Empresarial&quot;","block_context":{"text":"Consultoria Empresarial","link":"http:\/\/cfcontabil.com\/cf\/category\/consultoria\/"},"img":{"alt_text":"","src":"https:\/\/i0.wp.com\/cfcontabil.com\/cf\/wp-content\/uploads\/2019\/11\/WhatsApp-1.jpg?fit=739%2C415&resize=350%2C200","width":350,"height":200,"srcset":"https:\/\/i0.wp.com\/cfcontabil.com\/cf\/wp-content\/uploads\/2019\/11\/WhatsApp-1.jpg?fit=739%2C415&resize=350%2C200 1x, https:\/\/i0.wp.com\/cfcontabil.com\/cf\/wp-content\/uploads\/2019\/11\/WhatsApp-1.jpg?fit=739%2C415&resize=525%2C300 1.5x, https:\/\/i0.wp.com\/cfcontabil.com\/cf\/wp-content\/uploads\/2019\/11\/WhatsApp-1.jpg?fit=739%2C415&resize=700%2C400 2x"},"classes":[]},{"id":2658,"url":"http:\/\/cfcontabil.com\/cf\/como-o-esocial-simplificado-ajudara-pequenas-empresas-a-regularizar-funcionarios\/","url_meta":{"origin":1978,"position":4},"title":"Como o eSocial simplificado ajudar\u00e1 pequenas empresas a regularizar funcion\u00e1rios","author":"Ab\u00edlio Gon\u00e7alves","date":"25 de agosto de 2021","format":false,"excerpt":"O\u00a0eSocial\u00a0\u00e9 um sistema do governo federal que\u00a0unifica o acesso a informa\u00e7\u00f5es dos trabalhadores de uma empresa, por parte do empregador. A partir de outubro, ele ganhar\u00e1 um m\u00f3dulo simplificado\u00a0para ajudar o Microempreendedor Individual (MEI) a prestar informa\u00e7\u00f5es sobre a empresa. Na pr\u00e1tica, ele vai estimular os pequenos empreendedores a combater\u2026","rel":"","context":"Em &quot;Departamento Pessoal&quot;","block_context":{"text":"Departamento Pessoal","link":"http:\/\/cfcontabil.com\/cf\/category\/dp\/"},"img":{"alt_text":"","src":"https:\/\/i0.wp.com\/cfcontabil.com\/cf\/wp-content\/uploads\/2018\/09\/esocial-1-810x456-1.jpg?fit=810%2C456&resize=350%2C200","width":350,"height":200,"srcset":"https:\/\/i0.wp.com\/cfcontabil.com\/cf\/wp-content\/uploads\/2018\/09\/esocial-1-810x456-1.jpg?fit=810%2C456&resize=350%2C200 1x, https:\/\/i0.wp.com\/cfcontabil.com\/cf\/wp-content\/uploads\/2018\/09\/esocial-1-810x456-1.jpg?fit=810%2C456&resize=525%2C300 1.5x, https:\/\/i0.wp.com\/cfcontabil.com\/cf\/wp-content\/uploads\/2018\/09\/esocial-1-810x456-1.jpg?fit=810%2C456&resize=700%2C400 2x"},"classes":[]},{"id":1924,"url":"http:\/\/cfcontabil.com\/cf\/lei-da-liberdade-economica-deve-ser-aplicada-diz-presidente-do-sebrae\/","url_meta":{"origin":1978,"position":5},"title":"Lei da Liberdade econ\u00f4mica deve ser aplicada, diz presidente do Sebrae","author":"Ab\u00edlio Gon\u00e7alves","date":"19 de novembro de 2019","format":false,"excerpt":"A nova\u00a0Lei da Liberdade Econ\u00f4mica\u00a0deve facilitar o ambiente de trabalho para as pequenas e m\u00e9dias empresas do pa\u00eds. Essa \u00e9 a opini\u00e3o do diretor-presidente do Servi\u00e7o Brasileiro de Apoio \u00e0s Micro e Pequenas Empresas (Sebrae), Carlos Melles. A lei foi sancionada pelo governo\u00a0h\u00e1 cerca de dois meses. \u201cA gente tem\u2026","rel":"","context":"Em &quot;Consultoria Empresarial&quot;","block_context":{"text":"Consultoria Empresarial","link":"http:\/\/cfcontabil.com\/cf\/category\/consultoria\/"},"img":{"alt_text":"","src":"https:\/\/i0.wp.com\/cfcontabil.com\/cf\/wp-content\/uploads\/2019\/11\/Liberdade.jpg?fit=600%2C310&resize=350%2C200","width":350,"height":200,"srcset":"https:\/\/i0.wp.com\/cfcontabil.com\/cf\/wp-content\/uploads\/2019\/11\/Liberdade.jpg?fit=600%2C310&resize=350%2C200 1x, https:\/\/i0.wp.com\/cfcontabil.com\/cf\/wp-content\/uploads\/2019\/11\/Liberdade.jpg?fit=600%2C310&resize=525%2C300 1.5x"},"classes":[]}],"jetpack_likes_enabled":true,"_links":{"self":[{"href":"http:\/\/cfcontabil.com\/cf\/wp-json\/wp\/v2\/posts\/1978","targetHints":{"allow":["GET"]}}],"collection":[{"href":"http:\/\/cfcontabil.com\/cf\/wp-json\/wp\/v2\/posts"}],"about":[{"href":"http:\/\/cfcontabil.com\/cf\/wp-json\/wp\/v2\/types\/post"}],"author":[{"embeddable":true,"href":"http:\/\/cfcontabil.com\/cf\/wp-json\/wp\/v2\/users\/1"}],"replies":[{"embeddable":true,"href":"http:\/\/cfcontabil.com\/cf\/wp-json\/wp\/v2\/comments?post=1978"}],"version-history":[{"count":1,"href":"http:\/\/cfcontabil.com\/cf\/wp-json\/wp\/v2\/posts\/1978\/revisions"}],"predecessor-version":[{"id":1981,"href":"http:\/\/cfcontabil.com\/cf\/wp-json\/wp\/v2\/posts\/1978\/revisions\/1981"}],"wp:featuredmedia":[{"embeddable":true,"href":"http:\/\/cfcontabil.com\/cf\/wp-json\/wp\/v2\/media\/1980"}],"wp:attachment":[{"href":"http:\/\/cfcontabil.com\/cf\/wp-json\/wp\/v2\/media?parent=1978"}],"wp:term":[{"taxonomy":"category","embeddable":true,"href":"http:\/\/cfcontabil.com\/cf\/wp-json\/wp\/v2\/categories?post=1978"},{"taxonomy":"post_tag","embeddable":true,"href":"http:\/\/cfcontabil.com\/cf\/wp-json\/wp\/v2\/tags?post=1978"}],"curies":[{"name":"wp","href":"https:\/\/api.w.org\/{rel}","templated":true}]}}