{"id":1983,"date":"2019-12-06T09:37:48","date_gmt":"2019-12-06T12:37:48","guid":{"rendered":"http:\/\/cfcontabil.com\/cf\/?p=1983"},"modified":"2019-12-06T09:37:48","modified_gmt":"2019-12-06T12:37:48","slug":"governo-altera-cronograma-do-esocial","status":"publish","type":"post","link":"http:\/\/cfcontabil.com\/cf\/governo-altera-cronograma-do-esocial\/","title":{"rendered":"Governo altera cronograma do eSocial"},"content":{"rendered":"<h4 class=\"subtitulo\">O adiamento acontecer\u00e1 em raz\u00e3o de mudan\u00e7as decorrentes da simplifica\u00e7\u00e3o do eSocial<\/h4>\n<div class=\"fotodestaque\"><img data-recalc-dims=\"1\" decoding=\"async\" class=\"alignleft\" src=\"https:\/\/i0.wp.com\/fenacon.org.br\/media\/uploads\/noticias\/2019\/12\/n_41448_e4a66c7b98de5af061f948757b322a80.jpg.600x335_q85_box-22%2C0%2C577%2C310_crop_detail.jpg?w=1170\" alt=\"\" \/><\/div>\n<div class=\"articleTexto\">\n<p>A<em>diamento abranger\u00e1 os eventos de folha de pagamento para o Grupo 3 (micro e pequenas empresas, MEI, empregadores pessoas f\u00edsicas e entidades sem fins lucrativos), eventos de SST para o Grupo 1 (empresas com faturamento superior a R$78 milh\u00f5es) e eventos do Grupo 4 (\u00f3rg\u00e3os p\u00fablicos e organiza\u00e7\u00f5es internacionais).<\/em><\/p>\n<p>Ser\u00e1 adiado o calend\u00e1rio de obrigatoriedade do eSocial que estabelece o envio de eventos de folha de pagamento para o Grupo 3 (micro e pequenas empresas, MEI, empregadores pessoas f\u00edsicas e entidades sem fins lucrativos), eventos de Seguran\u00e7a e Sa\u00fade no Trabalho &#8211; SST para o Grupo 1 (empresas com faturamento superior a R$ 78 milh\u00f5es), bem como os eventos dos \u00f3rg\u00e3os p\u00fablicos e organiza\u00e7\u00f5es internacionais.<\/p>\n<p>O adiamento acontecer\u00e1 em raz\u00e3o de mudan\u00e7as decorrentes da simplifica\u00e7\u00e3o do eSocial que est\u00e3o em andamento, bem como a adequa\u00e7\u00e3o \u00e0 Medida Provis\u00f3ria n\u00ba 905\/2019 \u2013 Emprego Verde e Amarelo.<\/p>\n<p>As novas datas de obrigatoriedade ser\u00e3o definidas e divulgadas por meio de portaria espec\u00edfica, a qual ser\u00e1 publicada nos pr\u00f3ximos dias.<\/p>\n<p>Leia mais\u00a0<a href=\"http:\/\/portal.esocial.gov.br\/noticias\/alteracao-no-cronograma-eventos-de-folha-de-pagamento-e-de-sst-serao-prorrogados\">AQUI<\/a><\/p>\n<\/div>\n","protected":false},"excerpt":{"rendered":"<p>O adiamento acontecer\u00e1 em raz\u00e3o de mudan\u00e7as decorrentes da simplifica\u00e7\u00e3o do eSocial Adiamento abranger\u00e1 os eventos de folha de pagamento para o Grupo 3 (micro e pequenas empresas, MEI, empregadores pessoas f\u00edsicas e entidades sem fins lucrativos), eventos de SST para o Grupo 1 (empresas com faturamento superior a R$78 milh\u00f5es) e eventos do Grupo [&hellip;]<\/p>\n","protected":false},"author":1,"featured_media":1411,"comment_status":"open","ping_status":"open","sticky":false,"template":"","format":"standard","meta":{"jetpack_post_was_ever_published":false,"_jetpack_newsletter_access":"","_jetpack_dont_email_post_to_subs":false,"_jetpack_newsletter_tier_id":0,"_jetpack_memberships_contains_paywalled_content":false,"_jetpack_memberships_contains_paid_content":false,"footnotes":"","jetpack_publicize_message":"","jetpack_publicize_feature_enabled":true,"jetpack_social_post_already_shared":true,"jetpack_social_options":{"image_generator_settings":{"template":"highway","default_image_id":0,"font":"","enabled":false},"version":2}},"categories":[29],"tags":[587,78,442],"class_list":["post-1983","post","type-post","status-publish","format-standard","has-post-thumbnail","hentry","category-dp","tag-cronograma","tag-esocial","tag-prorrogado"],"jetpack_publicize_connections":[],"jetpack_featured_media_url":"https:\/\/i0.wp.com\/cfcontabil.com\/cf\/wp-content\/uploads\/2018\/10\/esocial-24-09-2-750x430-1.jpg?fit=750%2C430","jetpack_sharing_enabled":true,"jetpack_shortlink":"https:\/\/wp.me\/p2wklX-vZ","jetpack-related-posts":[{"id":1958,"url":"http:\/\/cfcontabil.com\/cf\/esocial-contabiliza-mais-de-39-milhoes-de-trabalhadores-cadastrados\/","url_meta":{"origin":1983,"position":0},"title":"eSocial contabiliza mais de 39 milh\u00f5es de trabalhadores cadastrados","author":"Ab\u00edlio Gon\u00e7alves","date":"28 de novembro de 2019","format":false,"excerpt":"At\u00e9 julho, \u00faltimo m\u00eas que foi feita a contabilidade oficial, 39.236.553 milh\u00f5es de trabalhadores estavam integrados \u00e0 base do eSocial. O n\u00famero representa a quantidade de empregados de empresas (inclusive empregador pessoa f\u00edsica, como produtores rurais e profissionais liberais), empregados dom\u00e9sticos e demais trabalhadores sem v\u00ednculo de emprego (estagi\u00e1rios, bolsistas,\u2026","rel":"","context":"Em &quot;Departamento Pessoal&quot;","block_context":{"text":"Departamento Pessoal","link":"http:\/\/cfcontabil.com\/cf\/category\/dp\/"},"img":{"alt_text":"","src":"https:\/\/i0.wp.com\/cfcontabil.com\/cf\/wp-content\/uploads\/2018\/09\/esocial-1-810x456-1.jpg?fit=810%2C456&resize=350%2C200","width":350,"height":200,"srcset":"https:\/\/i0.wp.com\/cfcontabil.com\/cf\/wp-content\/uploads\/2018\/09\/esocial-1-810x456-1.jpg?fit=810%2C456&resize=350%2C200 1x, https:\/\/i0.wp.com\/cfcontabil.com\/cf\/wp-content\/uploads\/2018\/09\/esocial-1-810x456-1.jpg?fit=810%2C456&resize=525%2C300 1.5x, https:\/\/i0.wp.com\/cfcontabil.com\/cf\/wp-content\/uploads\/2018\/09\/esocial-1-810x456-1.jpg?fit=810%2C456&resize=700%2C400 2x"},"classes":[]},{"id":1396,"url":"http:\/\/cfcontabil.com\/cf\/a-2a-fase-do-esocial\/","url_meta":{"origin":1983,"position":1},"title":"A 2\u00aa fase do eSocial","author":"Ab\u00edlio Gon\u00e7alves","date":"16 de outubro de 2018","format":false,"excerpt":"Empresas com faturamento at\u00e9 R$ 78 milh\u00f5es iniciaram em 10 de outubro de 2018 A\u00a0segunda fase do eSocial tem in\u00edcio nesta quarta-feira, dia 10 de outubro, abrangendo entidades empresariais com faturamento de at\u00e9 R$ 78 milh\u00f5es no ano de 2016 e que n\u00e3o sejam optantes pelo Simples Nacional. Essa etapa\u2026","rel":"","context":"Em &quot;Departamento Pessoal&quot;","block_context":{"text":"Departamento Pessoal","link":"http:\/\/cfcontabil.com\/cf\/category\/dp\/"},"img":{"alt_text":"","src":"https:\/\/i0.wp.com\/cfcontabil.com\/cf\/wp-content\/uploads\/2017\/06\/esocial-462x234-1.png?fit=462%2C234&resize=350%2C200","width":350,"height":200},"classes":[]},{"id":2027,"url":"http:\/\/cfcontabil.com\/cf\/medias-empresas-concluem-migracao-para-esocial\/","url_meta":{"origin":1983,"position":2},"title":"M\u00e9dias empresas concluem migra\u00e7\u00e3o para eSocial","author":"Ab\u00edlio Gon\u00e7alves","date":"2 de janeiro de 2020","format":false,"excerpt":"Dados de seguran\u00e7a do trabalhador passam a ser inseridos no sistema Sistema informatizado de presta\u00e7\u00e3o de informa\u00e7\u00f5es de empresas e trabalhadores, o\u00a0eSocial\u00a0torna-se completamente obrigat\u00f3rio para os m\u00e9dios empregadores a partir de\u00a0hoje\u00a0(2). Cerca de 1,24 milh\u00e3o de m\u00e9dias empresas, que faturam at\u00e9 R$ 78 milh\u00f5es por ano, dever\u00e3o inserir os dados\u2026","rel":"","context":"Em &quot;Departamento Pessoal&quot;","block_context":{"text":"Departamento Pessoal","link":"http:\/\/cfcontabil.com\/cf\/category\/dp\/"},"img":{"alt_text":"","src":"https:\/\/i0.wp.com\/cfcontabil.com\/cf\/wp-content\/uploads\/2017\/06\/esocial-462x234-1.png?fit=462%2C234&resize=350%2C200","width":350,"height":200},"classes":[]},{"id":1358,"url":"http:\/\/cfcontabil.com\/cf\/caixa-aprova-alteracao-no-cronograma-de-implantacao-do-esocial\/","url_meta":{"origin":1983,"position":3},"title":"Caixa aprova altera\u00e7\u00e3o no cronograma de implanta\u00e7\u00e3o do eSocial","author":"Ab\u00edlio Gon\u00e7alves","date":"23 de agosto de 2018","format":false,"excerpt":"Criou o 4\u00ba grupo de empregadores, que compreende o segurado especial e o pequeno produtor rural pessoa f\u00edsica e estabeleceu novo cronograma de fases.","rel":"","context":"Em &quot;Departamento Pessoal&quot;","block_context":{"text":"Departamento Pessoal","link":"http:\/\/cfcontabil.com\/cf\/category\/dp\/"},"img":{"alt_text":"","src":"https:\/\/i0.wp.com\/cfcontabil.com\/cf\/wp-content\/uploads\/2018\/08\/esocial2-1.png?fit=807%2C368&resize=350%2C200","width":350,"height":200,"srcset":"https:\/\/i0.wp.com\/cfcontabil.com\/cf\/wp-content\/uploads\/2018\/08\/esocial2-1.png?fit=807%2C368&resize=350%2C200 1x, https:\/\/i0.wp.com\/cfcontabil.com\/cf\/wp-content\/uploads\/2018\/08\/esocial2-1.png?fit=807%2C368&resize=525%2C300 1.5x, https:\/\/i0.wp.com\/cfcontabil.com\/cf\/wp-content\/uploads\/2018\/08\/esocial2-1.png?fit=807%2C368&resize=700%2C400 2x"},"classes":[]},{"id":1386,"url":"http:\/\/cfcontabil.com\/cf\/prorrogada-inicio-da-segunda-fase-de-implantacao-empresas-com-faturamento-de-ate-r78-milhoes\/","url_meta":{"origin":1983,"position":4},"title":"Prorrogada in\u00edcio da segunda fase de implanta\u00e7\u00e3o &#8211; empresas com faturamento de at\u00e9 R$78 milh\u00f5es","author":"Ab\u00edlio Gon\u00e7alves","date":"3 de setembro de 2018","format":false,"excerpt":"Primeira fase, que terminaria em agosto, ser\u00e1 estendida at\u00e9 setembro. Segunda fase iniciar\u00e1 em 10 de outubro.\u00a0 Ap\u00f3s ouvir as empresas com faturamento inferior a R$78 milh\u00f5es, o eSocial ampliou o prazo da primeira fase de implanta\u00e7\u00e3o do programa para este grupo, que terminaria neste m\u00eas de agosto. Nesta etapa,\u2026","rel":"","context":"Em &quot;Departamento Pessoal&quot;","block_context":{"text":"Departamento Pessoal","link":"http:\/\/cfcontabil.com\/cf\/category\/dp\/"},"img":{"alt_text":"","src":"https:\/\/i0.wp.com\/cfcontabil.com\/cf\/wp-content\/uploads\/2018\/09\/esocial-1-810x456-1.jpg?fit=810%2C456&resize=350%2C200","width":350,"height":200,"srcset":"https:\/\/i0.wp.com\/cfcontabil.com\/cf\/wp-content\/uploads\/2018\/09\/esocial-1-810x456-1.jpg?fit=810%2C456&resize=350%2C200 1x, https:\/\/i0.wp.com\/cfcontabil.com\/cf\/wp-content\/uploads\/2018\/09\/esocial-1-810x456-1.jpg?fit=810%2C456&resize=525%2C300 1.5x, https:\/\/i0.wp.com\/cfcontabil.com\/cf\/wp-content\/uploads\/2018\/09\/esocial-1-810x456-1.jpg?fit=810%2C456&resize=700%2C400 2x"},"classes":[]},{"id":2038,"url":"http:\/\/cfcontabil.com\/cf\/cronograma-do-esocial-tem-novas-datas-para-2020-e-2021\/","url_meta":{"origin":1983,"position":5},"title":"Cronograma do eSocial tem novas datas para 2020 e 2021","author":"Ab\u00edlio Gon\u00e7alves","date":"3 de janeiro de 2020","format":false,"excerpt":"Portaria publicada no Di\u00e1rio Oficial da Uni\u00e3o atualiza prazos de implanta\u00e7\u00e3o do sistema em 2020 e 2021 O calend\u00e1rio de implanta\u00e7\u00e3o do\u00a0eSocial\u00a0nas empresas foi alterado.\u00a0Portaria n\u00ba 1.419, de 23 de dezembro de 2019, publicada no Di\u00e1rio Oficial da Uni\u00e3o (DOU) do \u00faltimo dia 24, prorrogou o prazo para a in\u00edcio\u2026","rel":"","context":"Em &quot;Departamento Pessoal&quot;","block_context":{"text":"Departamento Pessoal","link":"http:\/\/cfcontabil.com\/cf\/category\/dp\/"},"img":{"alt_text":"","src":"https:\/\/i0.wp.com\/cfcontabil.com\/cf\/wp-content\/uploads\/2020\/01\/esocial-calendario.jpg?fit=600%2C310&resize=350%2C200","width":350,"height":200,"srcset":"https:\/\/i0.wp.com\/cfcontabil.com\/cf\/wp-content\/uploads\/2020\/01\/esocial-calendario.jpg?fit=600%2C310&resize=350%2C200 1x, https:\/\/i0.wp.com\/cfcontabil.com\/cf\/wp-content\/uploads\/2020\/01\/esocial-calendario.jpg?fit=600%2C310&resize=525%2C300 1.5x"},"classes":[]}],"jetpack_likes_enabled":true,"_links":{"self":[{"href":"http:\/\/cfcontabil.com\/cf\/wp-json\/wp\/v2\/posts\/1983","targetHints":{"allow":["GET"]}}],"collection":[{"href":"http:\/\/cfcontabil.com\/cf\/wp-json\/wp\/v2\/posts"}],"about":[{"href":"http:\/\/cfcontabil.com\/cf\/wp-json\/wp\/v2\/types\/post"}],"author":[{"embeddable":true,"href":"http:\/\/cfcontabil.com\/cf\/wp-json\/wp\/v2\/users\/1"}],"replies":[{"embeddable":true,"href":"http:\/\/cfcontabil.com\/cf\/wp-json\/wp\/v2\/comments?post=1983"}],"version-history":[{"count":1,"href":"http:\/\/cfcontabil.com\/cf\/wp-json\/wp\/v2\/posts\/1983\/revisions"}],"predecessor-version":[{"id":1984,"href":"http:\/\/cfcontabil.com\/cf\/wp-json\/wp\/v2\/posts\/1983\/revisions\/1984"}],"wp:featuredmedia":[{"embeddable":true,"href":"http:\/\/cfcontabil.com\/cf\/wp-json\/wp\/v2\/media\/1411"}],"wp:attachment":[{"href":"http:\/\/cfcontabil.com\/cf\/wp-json\/wp\/v2\/media?parent=1983"}],"wp:term":[{"taxonomy":"category","embeddable":true,"href":"http:\/\/cfcontabil.com\/cf\/wp-json\/wp\/v2\/categories?post=1983"},{"taxonomy":"post_tag","embeddable":true,"href":"http:\/\/cfcontabil.com\/cf\/wp-json\/wp\/v2\/tags?post=1983"}],"curies":[{"name":"wp","href":"https:\/\/api.w.org\/{rel}","templated":true}]}}