{"id":1985,"date":"2019-12-07T16:00:05","date_gmt":"2019-12-07T19:00:05","guid":{"rendered":"http:\/\/cfcontabil.com\/cf\/?p=1985"},"modified":"2019-12-06T15:37:42","modified_gmt":"2019-12-06T18:37:42","slug":"receita-abre-na-segunda-feira-consultas-ao-7o-lote-do-ir-2019-restituicoes-somam-r-700-milhoes","status":"publish","type":"post","link":"http:\/\/cfcontabil.com\/cf\/receita-abre-na-segunda-feira-consultas-ao-7o-lote-do-ir-2019-restituicoes-somam-r-700-milhoes\/","title":{"rendered":"Receita abre na segunda-feira consultas ao 7\u00ba lote do IR 2019; restitui\u00e7\u00f5es somam R$ 700 milh\u00f5es"},"content":{"rendered":"<h2 class=\"content-head__subtitle\">Lote contempla 320.606 pessoas e ser\u00e1 pago em 16 de dezembro. Consultas devem ser feitas pelo site da Receita, ou por meio do aplicativo para tablets e smartphones.<\/h2>\n<div class=\"mc-column content-text active-extra-styles active-capital-letter\" data-block-type=\"unstyled\" data-block-weight=\"40\" data-block-id=\"1\">\n<p class=\"content-text__container theme-color-primary-first-letter\" data-track-category=\"Link no Texto\" data-track-links=\"\">A Secretaria da Receita Federal informou que ser\u00e3o abertas na segunda-feira (9), a partir das 9h, as consultas ao s\u00e9timo lote de restitui\u00e7\u00e3o do Imposto de Renda de Pessoas F\u00edsicas (IRPF) de 2019, e a lotes residuais de anos anteriores.<\/p>\n<\/div>\n<div class=\"wall protected-content\">\n<div class=\"mc-column content-text active-extra-styles \" data-block-type=\"unstyled\" data-block-weight=\"33\" data-block-id=\"2\">\n<p class=\"content-text__container \" data-track-category=\"Link no Texto\" data-track-links=\"\">De acordo com o Fisco, ser\u00e3o contemplados 320.606 contribuintes no s\u00e9timo e \u00faltimo lote do ano, e os valores das restitui\u00e7\u00f5es totalizar\u00e3o R$ 700 milh\u00f5es. Os dep\u00f3sitos ser\u00e3o feitos em 16 de dezembro.<\/p>\n<\/div>\n<div class=\"mc-column content-text active-extra-styles \" data-block-type=\"unstyled\" data-block-weight=\"43\" data-block-id=\"3\">\n<p class=\"content-text__container \" data-track-category=\"Link no Texto\" data-track-links=\"\">Assim que abertas, as consultas podem ser feitas pelo\u00a0<a href=\"https:\/\/servicos.receita.fazenda.gov.br\/Servicos\/ConsRest\/Atual.app\/paginas\/index.asp\" target=\"_blank\" rel=\"noopener noreferrer\">site da Receita Federal na internet<\/a>. H\u00e1 ainda o aplicativo para tablets e smartphones, que facilita consulta \u00e0s declara\u00e7\u00f5es do IRPF e situa\u00e7\u00e3o cadastral no CPF, diretamente nas bases de dados da Receita Federal.<\/p>\n<\/div>\n<div class=\"mc-column content-text active-extra-styles \" data-block-type=\"unstyled\" data-block-weight=\"35\" data-block-id=\"4\">\n<p class=\"content-text__container \" data-track-category=\"Link no Texto\" data-track-links=\"\">Neste ano, a Receita Federal\u00a0<a href=\"https:\/\/g1.globo.com\/economia\/imposto-de-renda\/2019\/noticia\/2019\/05\/01\/imposto-de-renda-2019-receita-recebeu-306-milhoes-de-declaracoes.ghtml\">recebeu 30.677.080 at\u00e9 o dia 30 de abril<\/a>, prazo final para a entrega do documento sem multa. O \u00f3rg\u00e3o esperava receber 30,5 milh\u00f5es de declara\u00e7\u00f5es do Imposto de Renda 2019.<\/p>\n<\/div>\n<div class=\"mc-column content-text active-extra-styles\" data-block-type=\"raw\" data-block-weight=\"2\" data-block-id=\"5\">\n<div class=\"content-intertitle\">\n<h2>Malha fina<\/h2>\n<\/div>\n<\/div>\n<div class=\"mc-column content-text active-extra-styles \" data-block-type=\"unstyled\" data-block-weight=\"56\" data-block-id=\"6\">\n<p class=\"content-text__container \" data-track-category=\"Link no Texto\" data-track-links=\"\">O Fisco lembra que \u00e9 poss\u00edvel checar se a declara\u00e7\u00e3o foi processada. E se ela estiver j\u00e1 na fila de pagamentos, as informa\u00e7\u00f5es prestadas est\u00e3o coerentes com o banco de dados da Receita \u2013 indicando que a declara\u00e7\u00e3o, a princ\u00edpio, n\u00e3o tem pend\u00eancias (a Receita Federal tem at\u00e9 cinco anos para pedir esclarecimentos sobre as declara\u00e7\u00f5es).<\/p>\n<p data-track-category=\"Link no Texto\" data-track-links=\"\">A verifica\u00e7\u00e3o pode ser feita pelo servi\u00e7o Meu Imposto de Renda da Receita Federal. Para isso, \u00e9 preciso gerar um c\u00f3digo de acesso, a partir do n\u00famero do CPF, data de nascimento e recibos de entrega das duas \u00faltimas declara\u00e7\u00f5es.<\/p>\n<p data-track-category=\"Link no Texto\" data-track-links=\"\">\n<\/div>\n<\/div>\n","protected":false},"excerpt":{"rendered":"<p>Lote contempla 320.606 pessoas e ser\u00e1 pago em 16 de dezembro. Consultas devem ser feitas pelo site da Receita, ou por meio do aplicativo para tablets e smartphones. A Secretaria da Receita Federal informou que ser\u00e3o abertas na segunda-feira (9), a partir das 9h, as consultas ao s\u00e9timo lote de restitui\u00e7\u00e3o do Imposto de Renda [&hellip;]<\/p>\n","protected":false},"author":1,"featured_media":940,"comment_status":"open","ping_status":"open","sticky":false,"template":"","format":"standard","meta":{"jetpack_post_was_ever_published":false,"_jetpack_newsletter_access":"","_jetpack_dont_email_post_to_subs":false,"_jetpack_newsletter_tier_id":0,"_jetpack_memberships_contains_paywalled_content":false,"_jetpack_memberships_contains_paid_content":false,"footnotes":"","jetpack_publicize_message":"","jetpack_publicize_feature_enabled":true,"jetpack_social_post_already_shared":true,"jetpack_social_options":{"image_generator_settings":{"template":"highway","default_image_id":0,"font":"","enabled":false},"version":2}},"categories":[46],"tags":[35,108,229,111,117],"class_list":["post-1985","post","type-post","status-publish","format-standard","has-post-thumbnail","hentry","category-df","tag-fisco","tag-imposto","tag-ir","tag-renda","tag-restituicao"],"jetpack_publicize_connections":[],"jetpack_featured_media_url":"https:\/\/i0.wp.com\/cfcontabil.com\/cf\/wp-content\/uploads\/2017\/02\/imposto-de-renda-2017-1.jpg?fit=640%2C365","jetpack_sharing_enabled":true,"jetpack_shortlink":"https:\/\/wp.me\/p2wklX-w1","jetpack-related-posts":[{"id":1252,"url":"http:\/\/cfcontabil.com\/cf\/receita-abre-hoje-segunda-feira-consulta-ao-segundo-lote-de-restituicao-do-irpf-de-2017\/","url_meta":{"origin":1985,"position":0},"title":"Receita abre hoje (segunda-feira) consulta ao segundo lote de restitui\u00e7\u00e3o do IRPF de 2017","author":"Ab\u00edlio Gon\u00e7alves","date":"10 de julho de 2017","format":false,"excerpt":"O segundo lote de restitui\u00e7\u00e3o do IRPF 2017 contempla 1.347.761 contribuintes. A partir das 9 horas de segunda-feira, 10 de julho, estar\u00e1 dispon\u00edvel para consulta o segundo lote de restitui\u00e7\u00e3o do IRPF 2017 que contempla 1.347.761 contribuintes, totalizando mais de R$2,5 bilh\u00f5es. O lote multiexerc\u00edcio de restitui\u00e7\u00e3o do Imposto sobre\u2026","rel":"","context":"Em &quot;Departamento Fiscal&quot;","block_context":{"text":"Departamento Fiscal","link":"http:\/\/cfcontabil.com\/cf\/category\/df\/"},"img":{"alt_text":"","src":"https:\/\/i0.wp.com\/cfcontabil.com\/cf\/wp-content\/uploads\/2017\/02\/irpfrfb-1.jpg?fit=640%2C340&resize=350%2C200","width":350,"height":200,"srcset":"https:\/\/i0.wp.com\/cfcontabil.com\/cf\/wp-content\/uploads\/2017\/02\/irpfrfb-1.jpg?fit=640%2C340&resize=350%2C200 1x, https:\/\/i0.wp.com\/cfcontabil.com\/cf\/wp-content\/uploads\/2017\/02\/irpfrfb-1.jpg?fit=640%2C340&resize=525%2C300 1.5x"},"classes":[]},{"id":1043,"url":"http:\/\/cfcontabil.com\/cf\/receita-abre-na-quarta-feira-83-a-consulta-ao-lote-residual-de-restituicao-multiexercicio-do-irpf-do-mes-de-marco2017\/","url_meta":{"origin":1985,"position":1},"title":"Receita abre na quarta-feira (8\/3) a consulta ao lote residual de restitui\u00e7\u00e3o multiexerc\u00edcio do IRPF do m\u00eas de Mar\u00e7o\/2017","author":"Ab\u00edlio Gon\u00e7alves","date":"8 de mar\u00e7o de 2017","format":false,"excerpt":"O cr\u00e9dito banc\u00e1rio para 156.307 contribuintes ser\u00e1 realizado no dia 15 de mar\u00e7o. A partir das 9 horas de quarta-feira, 8 de mar\u00e7o, estar\u00e1 dispon\u00edvel para consulta o lote multiexerc\u00edcio de restitui\u00e7\u00e3o do Imposto sobre a Renda da Pessoa F\u00edsica, contemplando as restitui\u00e7\u00f5es residuais, referentes aos exerc\u00edcios de 2008 a\u2026","rel":"","context":"Em &quot;Departamento Fiscal&quot;","block_context":{"text":"Departamento Fiscal","link":"http:\/\/cfcontabil.com\/cf\/category\/df\/"},"img":{"alt_text":"","src":"https:\/\/i0.wp.com\/cfcontabil.com\/cf\/wp-content\/uploads\/2017\/02\/irpfrfb-1.jpg?fit=640%2C340&resize=350%2C200","width":350,"height":200,"srcset":"https:\/\/i0.wp.com\/cfcontabil.com\/cf\/wp-content\/uploads\/2017\/02\/irpfrfb-1.jpg?fit=640%2C340&resize=350%2C200 1x, https:\/\/i0.wp.com\/cfcontabil.com\/cf\/wp-content\/uploads\/2017\/02\/irpfrfb-1.jpg?fit=640%2C340&resize=525%2C300 1.5x"},"classes":[]},{"id":934,"url":"http:\/\/cfcontabil.com\/cf\/receita-abriu-na-quarta-feira-82-a-consulta-ao-lote-residual-de-restituicao-multiexercicio-do-irpf-do-mes-de-fev2017\/","url_meta":{"origin":1985,"position":2},"title":"Receita abriu na quarta-feira (8\/2) a consulta ao lote residual de restitui\u00e7\u00e3o multiexerc\u00edcio do IRPF do m\u00eas de FEV\/2017","author":"Ab\u00edlio Gon\u00e7alves","date":"10 de fevereiro de 2017","format":false,"excerpt":"A partir das 9 horas de quarta-feira, 8 de fevereiro, estar\u00e1 dispon\u00edvel para consulta o lote multiexerc\u00edcio de restitui\u00e7\u00e3o do Imposto sobre a Renda da Pessoa F\u00edsica, contemplando as restitui\u00e7\u00f5es residuais, referentes aos exerc\u00edcios de 2008 a 2016. O cr\u00e9dito banc\u00e1rio para 115.831 contribuintes ser\u00e1 realizado no dia 15 de\u2026","rel":"","context":"Em &quot;Departamento Fiscal&quot;","block_context":{"text":"Departamento Fiscal","link":"http:\/\/cfcontabil.com\/cf\/category\/df\/"},"img":{"alt_text":"","src":"https:\/\/i0.wp.com\/cfcontabil.com\/cf\/wp-content\/uploads\/2017\/02\/restituicao-imposto-de-renda-1.jpg?fit=600%2C300&resize=350%2C200","width":350,"height":200,"srcset":"https:\/\/i0.wp.com\/cfcontabil.com\/cf\/wp-content\/uploads\/2017\/02\/restituicao-imposto-de-renda-1.jpg?fit=600%2C300&resize=350%2C200 1x, https:\/\/i0.wp.com\/cfcontabil.com\/cf\/wp-content\/uploads\/2017\/02\/restituicao-imposto-de-renda-1.jpg?fit=600%2C300&resize=525%2C300 1.5x"},"classes":[]},{"id":1235,"url":"http:\/\/cfcontabil.com\/cf\/saiba-como-alterar-o-banco-para-ressarcimento-de-impostos\/","url_meta":{"origin":1985,"position":3},"title":"Saiba como alterar o banco para ressarcimento de impostos","author":"Ab\u00edlio Gon\u00e7alves","date":"9 de mar\u00e7o de 2017","format":false,"excerpt":"Contribuintes devem atualizar dados na retifica\u00e7\u00e3o do Imposto de Renda Quem pretende alterar a conta banc\u00e1ria na qual deve receber a restitui\u00e7\u00e3o do Imposto de Renda precisa ficar atento para garantir o cr\u00e9dito dos valores. Depois de preencher e enviar a declara\u00e7\u00e3o do IR, cujo prazo teve\u00a0in\u00edcio na quinta-feira (2),\u2026","rel":"","context":"Em &quot;Departamento Fiscal&quot;","block_context":{"text":"Departamento Fiscal","link":"http:\/\/cfcontabil.com\/cf\/category\/df\/"},"img":{"alt_text":"","src":"https:\/\/i0.wp.com\/cfcontabil.com\/cf\/wp-content\/uploads\/2017\/02\/imposto-de-renda-2017-1.jpg?fit=640%2C365&resize=350%2C200","width":350,"height":200,"srcset":"https:\/\/i0.wp.com\/cfcontabil.com\/cf\/wp-content\/uploads\/2017\/02\/imposto-de-renda-2017-1.jpg?fit=640%2C365&resize=350%2C200 1x, https:\/\/i0.wp.com\/cfcontabil.com\/cf\/wp-content\/uploads\/2017\/02\/imposto-de-renda-2017-1.jpg?fit=640%2C365&resize=525%2C300 1.5x"},"classes":[]},{"id":2219,"url":"http:\/\/cfcontabil.com\/cf\/governo-decide-manter-cronograma-de-restituicao-do-imposto-de-renda\/","url_meta":{"origin":1985,"position":4},"title":"Governo decide manter cronograma de restitui\u00e7\u00e3o do Imposto de Renda","author":"Ab\u00edlio Gon\u00e7alves","date":"4 de abril de 2020","format":false,"excerpt":"No primeiro lote, previsto para maio, ser\u00e1 dada prioridade para idosos, portadores de defici\u00eancia e doen\u00e7a grave O governo federal anunciou nesta quinta-feira (2) que decidiu manter o cronograma previsto para restitui\u00e7\u00f5es do Imposto de Renda. \"Considerando toda esta situa\u00e7\u00e3o excepcional que estamos vivenciando neste momento, decidimos manter o cronograma\u2026","rel":"","context":"Em &quot;Departamento Fiscal&quot;","block_context":{"text":"Departamento Fiscal","link":"http:\/\/cfcontabil.com\/cf\/category\/df\/"},"img":{"alt_text":"","src":"https:\/\/i0.wp.com\/cfcontabil.com\/cf\/wp-content\/uploads\/2017\/02\/restituicao-imposto-de-renda-1.jpg?fit=600%2C300&resize=350%2C200","width":350,"height":200,"srcset":"https:\/\/i0.wp.com\/cfcontabil.com\/cf\/wp-content\/uploads\/2017\/02\/restituicao-imposto-de-renda-1.jpg?fit=600%2C300&resize=350%2C200 1x, https:\/\/i0.wp.com\/cfcontabil.com\/cf\/wp-content\/uploads\/2017\/02\/restituicao-imposto-de-renda-1.jpg?fit=600%2C300&resize=525%2C300 1.5x"},"classes":[]},{"id":1164,"url":"http:\/\/cfcontabil.com\/cf\/receita-paga-hoje-restituicao-residual-do-imposto-de-renda-pessoa-fisica\/","url_meta":{"origin":1985,"position":5},"title":"Receita paga hoje restitui\u00e7\u00e3o residual do Imposto de Renda Pessoa F\u00edsica","author":"Ab\u00edlio Gon\u00e7alves","date":"16 de maio de 2017","format":false,"excerpt":"A Receita Federal paga hoje (15) restitui\u00e7\u00e3o residual do Imposto de Renda da Pessoa F\u00edsica (IRPF), referente aos exerc\u00edcios de 2008 a 2016. O cr\u00e9dito banc\u00e1rio para 128.232 contribuintes totaliza R$ 213,4 milh\u00f5es, dos quais R$ 74,7 milh\u00f5es se referem aos contribuintes com direito a prioridade no recebimento: 22.107 idosos\u2026","rel":"","context":"Em &quot;Departamento Fiscal&quot;","block_context":{"text":"Departamento Fiscal","link":"http:\/\/cfcontabil.com\/cf\/category\/df\/"},"img":{"alt_text":"","src":"https:\/\/i0.wp.com\/cfcontabil.com\/cf\/wp-content\/uploads\/2017\/02\/irpfrfb-1.jpg?fit=640%2C340&resize=350%2C200","width":350,"height":200,"srcset":"https:\/\/i0.wp.com\/cfcontabil.com\/cf\/wp-content\/uploads\/2017\/02\/irpfrfb-1.jpg?fit=640%2C340&resize=350%2C200 1x, https:\/\/i0.wp.com\/cfcontabil.com\/cf\/wp-content\/uploads\/2017\/02\/irpfrfb-1.jpg?fit=640%2C340&resize=525%2C300 1.5x"},"classes":[]}],"jetpack_likes_enabled":true,"_links":{"self":[{"href":"http:\/\/cfcontabil.com\/cf\/wp-json\/wp\/v2\/posts\/1985","targetHints":{"allow":["GET"]}}],"collection":[{"href":"http:\/\/cfcontabil.com\/cf\/wp-json\/wp\/v2\/posts"}],"about":[{"href":"http:\/\/cfcontabil.com\/cf\/wp-json\/wp\/v2\/types\/post"}],"author":[{"embeddable":true,"href":"http:\/\/cfcontabil.com\/cf\/wp-json\/wp\/v2\/users\/1"}],"replies":[{"embeddable":true,"href":"http:\/\/cfcontabil.com\/cf\/wp-json\/wp\/v2\/comments?post=1985"}],"version-history":[{"count":1,"href":"http:\/\/cfcontabil.com\/cf\/wp-json\/wp\/v2\/posts\/1985\/revisions"}],"predecessor-version":[{"id":1986,"href":"http:\/\/cfcontabil.com\/cf\/wp-json\/wp\/v2\/posts\/1985\/revisions\/1986"}],"wp:featuredmedia":[{"embeddable":true,"href":"http:\/\/cfcontabil.com\/cf\/wp-json\/wp\/v2\/media\/940"}],"wp:attachment":[{"href":"http:\/\/cfcontabil.com\/cf\/wp-json\/wp\/v2\/media?parent=1985"}],"wp:term":[{"taxonomy":"category","embeddable":true,"href":"http:\/\/cfcontabil.com\/cf\/wp-json\/wp\/v2\/categories?post=1985"},{"taxonomy":"post_tag","embeddable":true,"href":"http:\/\/cfcontabil.com\/cf\/wp-json\/wp\/v2\/tags?post=1985"}],"curies":[{"name":"wp","href":"https:\/\/api.w.org\/{rel}","templated":true}]}}