{"id":1987,"date":"2019-12-07T10:00:41","date_gmt":"2019-12-07T13:00:41","guid":{"rendered":"http:\/\/cfcontabil.com\/cf\/?p=1987"},"modified":"2019-12-06T15:52:36","modified_gmt":"2019-12-06T18:52:36","slug":"governo-prepara-mudancas-no-esocial-para-janeiro-diz-marinho","status":"publish","type":"post","link":"http:\/\/cfcontabil.com\/cf\/governo-prepara-mudancas-no-esocial-para-janeiro-diz-marinho\/","title":{"rendered":"Governo prepara mudan\u00e7as no eSocial para janeiro, diz Marinho"},"content":{"rendered":"<div class=\"ckeditor__ckeditor__text\">Na FIESC, secret\u00e1rio de Previd\u00eancia e Trabalho informou que ser\u00e1 feita uma ampla simplifica\u00e7\u00e3o do sistema, com foco na desburocratiza\u00e7\u00e3o. Ele participou de encontro, nesta quinta-feira (5), promovido pelo Conselho das Federa\u00e7\u00f5es Empresariais de SC, em Florian\u00f3polis<\/div>\n<div class=\"field field--name-field-body-text field--type-entity-reference-revisions field--label-hidden field__items\">\n<div class=\"field__item\">\n<div class=\"paragraph paragraph--type--photos-gallery paragraph--view-mode--default\">\n<section class=\"carousel__carousel__container\">\n<div class=\"carousel__carousel__divImage\">\n<ul>\n<li class=\"carousel__carousel__slideCenter full-width\">\n<article class=\"carousel__carousel__carousel-item\"><img data-recalc-dims=\"1\" fetchpriority=\"high\" decoding=\"async\" src=\"https:\/\/i0.wp.com\/fiesc.com.br\/sites\/default\/files\/styles\/800x533\/public\/galeria\/2019-12\/FS-47.jpg?resize=800%2C533&#038;ssl=1\" alt=\"Em sua palestra, Marinho disse que o novo eSocial vai tornar o ambiente de neg\u00f3cios melhor (foto: Filipe Scotti) \" width=\"800\" height=\"533\" \/><\/p>\n<div class=\"carousel__carousel__text styleguide__structure__container\">\n<div class=\"carousel__carousel__textInner\" data-dotdotdot=\"js-plugin--fsi-dotdotdot-1575643191\">\n<p>Em sua palestra, Marinho disse que o novo eSocial vai tornar o ambiente de neg\u00f3cios melhor (foto: Filipe Scotti)<\/p>\n<p>O governo federal deve anunciar em janeiro mudan\u00e7as no eSocial, que deve passar por ampla simplifica\u00e7\u00e3o, antecipou o secret\u00e1rio especial de Previd\u00eancia e Trabalho do Minist\u00e9rio da Economia, Rog\u00e9rio Marinho. \u201cVamos apresentar o novo modelo muito mais simplificado e desburocratizado e tamb\u00e9m vamos apresentar um novo modelo para micro, pequenos e m\u00e9dios empres\u00e1rios\u201d, afirmou ele, lembrando que o eSocial tinha cerca de 2000 mil\u00a0<em>layouts<\/em>\u00a0no in\u00edcio do ano e deve reduzir para 500 no in\u00edcio de 2020. \u201cO eSocial vai mudar para tornar o ambiente de neg\u00f3cios melhor\u201d, declarou ele, durante semin\u00e1rio, promovido pelo Conselho das Federa\u00e7\u00f5es Empresariais de Santa Catarina (COFEM), nesta quinta-feira (5), na FIESC, em Florian\u00f3polis, com a participa\u00e7\u00e3o de mais de 350 lideran\u00e7as empresariais de todo o estado.<\/p>\n<p>O eSocial \u00e9 um sistema pelo qual as empresas comunicam ao governo federal, periodicamente, indicadores de sa\u00fade e seguran\u00e7a do trabalhador, informa\u00e7\u00f5es trabalhistas, previdenci\u00e1rias, tribut\u00e1rias e fiscais. Durante a palestra, Marinho fez um panorama das diversas medidas tomadas pelo governo ao longo do ano em \u00e1reas como a fiscal, econ\u00f4mica, privatiza\u00e7\u00f5es e concess\u00f5es e chamou a aten\u00e7\u00e3o para a moderniza\u00e7\u00e3o das Normas Regulamentadoras (NRs). \u201cQuando cheguei na Secretaria, sabia que era complicado, mas n\u00e3o sabia que era tanto. As 37 NRs da sa\u00fade e seguran\u00e7a do trabalho permitiam 6.970 tipos de multas. Estabelecemos um grupo de trabalho para fazer a customiza\u00e7\u00e3o das normas dentro da comiss\u00e3o tripartite. As 10 primeiras NRs j\u00e1 foram customizadas e as outras ser\u00e3o melhoradas ao longo de 2020. Estamos num processo gradativo de alinhar sem perder de vista a seguran\u00e7a e a sa\u00fade de quem trabalha\u201d, explicou.<\/p>\n<p>Outro assunto abordado foi a Medida Provis\u00f3ria 905\/19, que institui o Programa Verde e Amarelo. Uma das metas \u00e9 gerar 1,8 milh\u00e3o de vagas para os jovens nos pr\u00f3ximos tr\u00eas anos. \u201cO programa \u00e9 extenso e estamos colocando que, preferencialmente, esse jovem seja treinado pelo Sistema S. A ideia \u00e9 propiciar aos jovens que buscam o primeiro emprego um atrativo porque mesmo quando melhora a economia, quem entra por \u00faltimo no vag\u00e3o do crescimento s\u00e3o os que buscam o primeiro emprego\u201d, observou.<\/p>\n<p>Para o presidente da FIESC, Mario Cezar de Aguiar, o Programa Verde a Amarelo vem ao encontro das demandas da ind\u00fastria catarinense e brasileira. \u201cMelhora as rela\u00e7\u00f5es de trabalho, com perspectivas de aumento do emprego e de crescimento econ\u00f4mico. Estamos estudando as medidas e esperamos que o Congresso Nacional aprove a MP, que \u00e9 altamente positiva para o pa\u00eds\u201d, avaliou.<\/p>\n<p>Em sua exposi\u00e7\u00e3o, Aguiar chamou a aten\u00e7\u00e3o para a diversifica\u00e7\u00e3o da ind\u00fastria e da economia catarinense e destacou que o estado tem 27 cidades entre as 100 brasileiras com maior \u00cdndice de Desenvolvimento Humano (IDH) e registra o menor \u00edndice de desigualdade social (0,65). Tamb\u00e9m \u00e9 o segundo mais competitivo do pa\u00eds. O estado tem a sexta maior economia do pa\u00eds, com um PIB de R$ 277 bilh\u00f5es, ocupa a primeira posi\u00e7\u00e3o no abate de su\u00ednos e produ\u00e7\u00e3o de pescados e \u00e9 o segundo maior produtor de frango do Brasil. Outros segmentos catarinenses que se destacam em n\u00edvel nacional s\u00e3o o t\u00eaxtil e vestu\u00e1rio, pl\u00e1stico, m\u00f3veis, cer\u00e2mico, m\u00e1quinas e equipamentos, alimentos e constru\u00e7\u00e3o civil. \u201cSanta Catarina \u00e9 um estado de empreendedorismo e oportunidades. Nosso desempenho \u00e9 melhor que a m\u00e9dia brasileira\u201d, ressaltou.<\/p>\n<p>Aguiar tamb\u00e9m chamou a aten\u00e7\u00e3o para o desequil\u00edbrio entre a arrecada\u00e7\u00e3o de impostos e o retorno dos investimentos. \u201cA arrecada\u00e7\u00e3o de tributos federais em 2018 foi da ordem de R$ 58,8 bilh\u00f5es, mas o retorno ao estado foi de apenas R$ 7,7 bilh\u00f5es no per\u00edodo, a quarta pior rela\u00e7\u00e3o entre o que se contribui e o que se recebe do governo federal\u201d, salientou.<\/p>\n<p>Fonte: https:\/\/fiesc.com.br\/pt-br\/imprensa\/governo-prepara-mudancas-no-e-social-para-janeiro-diz-marinho<\/p>\n<\/div>\n<\/div>\n<\/article>\n<\/li>\n<\/ul>\n<\/div>\n<\/section>\n<\/div>\n<\/div>\n<\/div>\n","protected":false},"excerpt":{"rendered":"<p>Na FIESC, secret\u00e1rio de Previd\u00eancia e Trabalho informou que ser\u00e1 feita uma ampla simplifica\u00e7\u00e3o do sistema, com foco na desburocratiza\u00e7\u00e3o. Ele participou de encontro, nesta quinta-feira (5), promovido pelo Conselho das Federa\u00e7\u00f5es Empresariais de SC, em Florian\u00f3polis Em sua palestra, Marinho disse que o novo eSocial vai tornar o ambiente de neg\u00f3cios melhor (foto: Filipe [&hellip;]<\/p>\n","protected":false},"author":1,"featured_media":1387,"comment_status":"open","ping_status":"open","sticky":false,"template":"","format":"standard","meta":{"jetpack_post_was_ever_published":false,"_jetpack_newsletter_access":"","_jetpack_dont_email_post_to_subs":false,"_jetpack_newsletter_tier_id":0,"_jetpack_memberships_contains_paywalled_content":false,"_jetpack_memberships_contains_paid_content":false,"footnotes":"","jetpack_publicize_message":"","jetpack_publicize_feature_enabled":true,"jetpack_social_post_already_shared":true,"jetpack_social_options":{"image_generator_settings":{"template":"highway","default_image_id":0,"font":"","enabled":false},"version":2}},"categories":[29],"tags":[78,470,728],"class_list":["post-1987","post","type-post","status-publish","format-standard","has-post-thumbnail","hentry","category-dp","tag-esocial","tag-modernizacao","tag-mudanca"],"jetpack_publicize_connections":[],"jetpack_featured_media_url":"https:\/\/i0.wp.com\/cfcontabil.com\/cf\/wp-content\/uploads\/2018\/09\/esocial-1-810x456-1.jpg?fit=810%2C456","jetpack_sharing_enabled":true,"jetpack_shortlink":"https:\/\/wp.me\/p2wklX-w3","jetpack-related-posts":[{"id":1983,"url":"http:\/\/cfcontabil.com\/cf\/governo-altera-cronograma-do-esocial\/","url_meta":{"origin":1987,"position":0},"title":"Governo altera cronograma do eSocial","author":"Ab\u00edlio Gon\u00e7alves","date":"6 de dezembro de 2019","format":false,"excerpt":"O adiamento acontecer\u00e1 em raz\u00e3o de mudan\u00e7as decorrentes da simplifica\u00e7\u00e3o do eSocial Adiamento abranger\u00e1 os eventos de folha de pagamento para o Grupo 3 (micro e pequenas empresas, MEI, empregadores pessoas f\u00edsicas e entidades sem fins lucrativos), eventos de SST para o Grupo 1 (empresas com faturamento superior a R$78\u2026","rel":"","context":"Em &quot;Departamento Pessoal&quot;","block_context":{"text":"Departamento Pessoal","link":"http:\/\/cfcontabil.com\/cf\/category\/dp\/"},"img":{"alt_text":"","src":"https:\/\/i0.wp.com\/cfcontabil.com\/cf\/wp-content\/uploads\/2018\/10\/esocial-24-09-2-750x430-1.jpg?fit=750%2C430&resize=350%2C200","width":350,"height":200,"srcset":"https:\/\/i0.wp.com\/cfcontabil.com\/cf\/wp-content\/uploads\/2018\/10\/esocial-24-09-2-750x430-1.jpg?fit=750%2C430&resize=350%2C200 1x, https:\/\/i0.wp.com\/cfcontabil.com\/cf\/wp-content\/uploads\/2018\/10\/esocial-24-09-2-750x430-1.jpg?fit=750%2C430&resize=525%2C300 1.5x, https:\/\/i0.wp.com\/cfcontabil.com\/cf\/wp-content\/uploads\/2018\/10\/esocial-24-09-2-750x430-1.jpg?fit=750%2C430&resize=700%2C400 2x"},"classes":[]},{"id":2038,"url":"http:\/\/cfcontabil.com\/cf\/cronograma-do-esocial-tem-novas-datas-para-2020-e-2021\/","url_meta":{"origin":1987,"position":1},"title":"Cronograma do eSocial tem novas datas para 2020 e 2021","author":"Ab\u00edlio Gon\u00e7alves","date":"3 de janeiro de 2020","format":false,"excerpt":"Portaria publicada no Di\u00e1rio Oficial da Uni\u00e3o atualiza prazos de implanta\u00e7\u00e3o do sistema em 2020 e 2021 O calend\u00e1rio de implanta\u00e7\u00e3o do\u00a0eSocial\u00a0nas empresas foi alterado.\u00a0Portaria n\u00ba 1.419, de 23 de dezembro de 2019, publicada no Di\u00e1rio Oficial da Uni\u00e3o (DOU) do \u00faltimo dia 24, prorrogou o prazo para a in\u00edcio\u2026","rel":"","context":"Em &quot;Departamento Pessoal&quot;","block_context":{"text":"Departamento Pessoal","link":"http:\/\/cfcontabil.com\/cf\/category\/dp\/"},"img":{"alt_text":"","src":"https:\/\/i0.wp.com\/cfcontabil.com\/cf\/wp-content\/uploads\/2020\/01\/esocial-calendario.jpg?fit=600%2C310&resize=350%2C200","width":350,"height":200,"srcset":"https:\/\/i0.wp.com\/cfcontabil.com\/cf\/wp-content\/uploads\/2020\/01\/esocial-calendario.jpg?fit=600%2C310&resize=350%2C200 1x, https:\/\/i0.wp.com\/cfcontabil.com\/cf\/wp-content\/uploads\/2020\/01\/esocial-calendario.jpg?fit=600%2C310&resize=525%2C300 1.5x"},"classes":[]},{"id":1242,"url":"http:\/\/cfcontabil.com\/cf\/esocial-ambiente-de-producao-restrita\/","url_meta":{"origin":1987,"position":2},"title":"eSOCIAL &#8211; Ambiente de Produ\u00e7\u00e3o Restrita","author":"Ab\u00edlio Gon\u00e7alves","date":"29 de junho de 2017","format":false,"excerpt":"O ambiente de Produ\u00e7\u00e3o Restrita \u00e9 uma infraestrutura criada no \u00e2mbito do projeto eSocial para viabilizar a realiza\u00e7\u00e3o de testes pelas empresas, sem qualquer efeito jur\u00eddico. Trata-se de um ambiente limitado, com n\u00famero m\u00e1ximo de trabalhadores por empresa, destinado exclusivamente a testes funcionais. Portanto, n\u00e3o \u00e9 um ambiente para a\u2026","rel":"","context":"Em &quot;Departamento Pessoal&quot;","block_context":{"text":"Departamento Pessoal","link":"http:\/\/cfcontabil.com\/cf\/category\/dp\/"},"img":{"alt_text":"","src":"https:\/\/i0.wp.com\/cfcontabil.com\/cf\/wp-content\/uploads\/2017\/06\/esocial-462x234-1.png?fit=462%2C234&resize=350%2C200","width":350,"height":200},"classes":[]},{"id":670,"url":"http:\/\/cfcontabil.com\/cf\/com-esocial-a-fiscalizacao-vai-crescer\/","url_meta":{"origin":1987,"position":3},"title":"Com eSocial a fiscaliza\u00e7\u00e3o vai crescer","author":"Ab\u00edlio Gon\u00e7alves","date":"12 de mar\u00e7o de 2016","format":false,"excerpt":"Sistema exigir\u00e1 das empresas informa\u00e7\u00f5es sobre condi\u00e7\u00f5es do trabalho Em janeiro de 2017, come\u00e7ou a valer o m\u00f3dulo referente \u00e0 Seguran\u00e7a e Sa\u00fade do Trabalho (SST) do eSocial, que vai exigir das empresas informa\u00e7\u00f5es sobre condi\u00e7\u00f5es ambientais do trabalho e rotinas dos funcion\u00e1rios. O impacto dessa mudan\u00e7a ser\u00e1 gigantesco na\u2026","rel":"","context":"Em &quot;Departamento Pessoal&quot;","block_context":{"text":"Departamento Pessoal","link":"http:\/\/cfcontabil.com\/cf\/category\/dp\/"},"img":{"alt_text":"","src":"https:\/\/i0.wp.com\/cfcontabil.com\/cf\/wp-content\/uploads\/2016\/03\/e-social-1.jpg?fit=467%2C322&resize=350%2C200","width":350,"height":200},"classes":[]},{"id":1226,"url":"http:\/\/cfcontabil.com\/cf\/atencao-aos-prazos-esocial-para-empresas-esta-chegando-e-deve-ser-prioridade-em-2017\/","url_meta":{"origin":1987,"position":4},"title":"Aten\u00e7\u00e3o aos prazos: eSocial para empresas est\u00e1 chegando e deve ser prioridade em 2017","author":"Ab\u00edlio Gon\u00e7alves","date":"27 de fevereiro de 2017","format":false,"excerpt":"O eSocial, que faz parte do cotidiano dos empregadores dom\u00e9sticos desde 2015, dever\u00e1 ser adotado por todas as empresas do pa\u00eds a partir de janeiro de 2018. Se a sua organiza\u00e7\u00e3o ainda est\u00e1 confusa com os prazos, fique atento: o ambiente de testes estar\u00e1 dispon\u00edvel a partir de julho deste\u2026","rel":"","context":"Em &quot;Departamento Pessoal&quot;","block_context":{"text":"Departamento Pessoal","link":"http:\/\/cfcontabil.com\/cf\/category\/dp\/"},"img":{"alt_text":"","src":"https:\/\/i0.wp.com\/cfcontabil.com\/cf\/wp-content\/uploads\/2016\/03\/esocial-1374759873-2.png?fit=439%2C339&resize=350%2C200","width":350,"height":200},"classes":[]},{"id":1386,"url":"http:\/\/cfcontabil.com\/cf\/prorrogada-inicio-da-segunda-fase-de-implantacao-empresas-com-faturamento-de-ate-r78-milhoes\/","url_meta":{"origin":1987,"position":5},"title":"Prorrogada in\u00edcio da segunda fase de implanta\u00e7\u00e3o &#8211; empresas com faturamento de at\u00e9 R$78 milh\u00f5es","author":"Ab\u00edlio Gon\u00e7alves","date":"3 de setembro de 2018","format":false,"excerpt":"Primeira fase, que terminaria em agosto, ser\u00e1 estendida at\u00e9 setembro. Segunda fase iniciar\u00e1 em 10 de outubro.\u00a0 Ap\u00f3s ouvir as empresas com faturamento inferior a R$78 milh\u00f5es, o eSocial ampliou o prazo da primeira fase de implanta\u00e7\u00e3o do programa para este grupo, que terminaria neste m\u00eas de agosto. Nesta etapa,\u2026","rel":"","context":"Em &quot;Departamento Pessoal&quot;","block_context":{"text":"Departamento Pessoal","link":"http:\/\/cfcontabil.com\/cf\/category\/dp\/"},"img":{"alt_text":"","src":"https:\/\/i0.wp.com\/cfcontabil.com\/cf\/wp-content\/uploads\/2018\/09\/esocial-1-810x456-1.jpg?fit=810%2C456&resize=350%2C200","width":350,"height":200,"srcset":"https:\/\/i0.wp.com\/cfcontabil.com\/cf\/wp-content\/uploads\/2018\/09\/esocial-1-810x456-1.jpg?fit=810%2C456&resize=350%2C200 1x, https:\/\/i0.wp.com\/cfcontabil.com\/cf\/wp-content\/uploads\/2018\/09\/esocial-1-810x456-1.jpg?fit=810%2C456&resize=525%2C300 1.5x, https:\/\/i0.wp.com\/cfcontabil.com\/cf\/wp-content\/uploads\/2018\/09\/esocial-1-810x456-1.jpg?fit=810%2C456&resize=700%2C400 2x"},"classes":[]}],"jetpack_likes_enabled":true,"_links":{"self":[{"href":"http:\/\/cfcontabil.com\/cf\/wp-json\/wp\/v2\/posts\/1987","targetHints":{"allow":["GET"]}}],"collection":[{"href":"http:\/\/cfcontabil.com\/cf\/wp-json\/wp\/v2\/posts"}],"about":[{"href":"http:\/\/cfcontabil.com\/cf\/wp-json\/wp\/v2\/types\/post"}],"author":[{"embeddable":true,"href":"http:\/\/cfcontabil.com\/cf\/wp-json\/wp\/v2\/users\/1"}],"replies":[{"embeddable":true,"href":"http:\/\/cfcontabil.com\/cf\/wp-json\/wp\/v2\/comments?post=1987"}],"version-history":[{"count":1,"href":"http:\/\/cfcontabil.com\/cf\/wp-json\/wp\/v2\/posts\/1987\/revisions"}],"predecessor-version":[{"id":1988,"href":"http:\/\/cfcontabil.com\/cf\/wp-json\/wp\/v2\/posts\/1987\/revisions\/1988"}],"wp:featuredmedia":[{"embeddable":true,"href":"http:\/\/cfcontabil.com\/cf\/wp-json\/wp\/v2\/media\/1387"}],"wp:attachment":[{"href":"http:\/\/cfcontabil.com\/cf\/wp-json\/wp\/v2\/media?parent=1987"}],"wp:term":[{"taxonomy":"category","embeddable":true,"href":"http:\/\/cfcontabil.com\/cf\/wp-json\/wp\/v2\/categories?post=1987"},{"taxonomy":"post_tag","embeddable":true,"href":"http:\/\/cfcontabil.com\/cf\/wp-json\/wp\/v2\/tags?post=1987"}],"curies":[{"name":"wp","href":"https:\/\/api.w.org\/{rel}","templated":true}]}}