{"id":1989,"date":"2019-12-06T18:00:11","date_gmt":"2019-12-06T21:00:11","guid":{"rendered":"http:\/\/cfcontabil.com\/cf\/?p=1989"},"modified":"2019-12-06T15:56:53","modified_gmt":"2019-12-06T18:56:53","slug":"junta-comercial-passara-a-receber-apenas-documentos-digitais","status":"publish","type":"post","link":"http:\/\/cfcontabil.com\/cf\/junta-comercial-passara-a-receber-apenas-documentos-digitais\/","title":{"rendered":"Junta Comercial passar\u00e1 a receber apenas documentos digitais"},"content":{"rendered":"<p>Objetivo \u00e9 dar fim \u00e0s filas no local. Atendimento presencial ser\u00e1 realizado apenas por agendamento<\/p>\n<p><img data-recalc-dims=\"1\" decoding=\"async\" src=\"https:\/\/i0.wp.com\/jornaldebrasilia.com.br\/wp-content\/uploads\/2019\/12\/junta-comercial-bddf.transfer-frame-1174.jpg?w=1170&#038;ssl=1\"><\/p>\n<p>Para acabar com filas e longas esperas, a partir do pr\u00f3ximo dia 16 de dezembro, a Junta Comercial, Industrial e Servi\u00e7os do Distrito Federal (Jucis-DF) s\u00f3 receber\u00e1 documentos digitalizados. O site do \u00f3rg\u00e3o oferecer\u00e1 um servi\u00e7o de chat 24 horas para auxiliar os solicitantes.<\/p>\n<p>O \u00faltimo dia para empres\u00e1rios individuais, sociedade an\u00f4nima (S.A) e cooperativas entregarem documentos f\u00edsicos \u00e9 o dia 13.<\/p>\n<h3><strong>Digitaliza\u00e7\u00e3o total<\/strong><\/h3>\n<p>\u201cUma das promessas do governador Ibaneis Rocha era trazer a Junta Comercial para o GDF, mas n\u00e3o era s\u00f3 assumir a gest\u00e3o, era melhorar a vida do empres\u00e1rio; e, com a digitaliza\u00e7\u00e3o total da autarquia, damos mais um passo nesse sentido\u201d, explica o presidente da Jucis-DF, Walid Sariedine. \u201cAgora, o empres\u00e1rio e o contador podem resolver tudo pela internet. Nada mais de filas na Junta Comercial.\u201d<\/p>\n<p>A mudan\u00e7a atende \u00e0 resolu\u00e7\u00e3o do Plen\u00e1rio de Vogais, que, aprovada em 31 de julho deste ano, disciplina a ado\u00e7\u00e3o exclusiva do registro digital para presta\u00e7\u00e3o dos servi\u00e7os de registro p\u00fablico de empresas mercantis e atividades afins na Jucis-DF. Outros prazos foram determinados na \u00e9poca para que as pessoas tivessem tempo de se adequar \u00e0 mudan\u00e7a. Todos os demais j\u00e1 encerraram.<\/p>\n<p>Com informa\u00e7\u00f5es da Ag\u00eancia Bras\u00edlia<\/p>\n","protected":false},"excerpt":{"rendered":"<p>Objetivo \u00e9 dar fim \u00e0s filas no local. Atendimento presencial ser\u00e1 realizado apenas por agendamento Para acabar com filas e longas esperas, a partir do pr\u00f3ximo dia 16 de dezembro, a Junta Comercial, Industrial e Servi\u00e7os do Distrito Federal (Jucis-DF) s\u00f3 receber\u00e1 documentos digitalizados. O site do \u00f3rg\u00e3o oferecer\u00e1 um servi\u00e7o de chat 24 horas [&hellip;]<\/p>\n","protected":false},"author":1,"featured_media":1990,"comment_status":"open","ping_status":"open","sticky":false,"template":"","format":"standard","meta":{"jetpack_post_was_ever_published":false,"_jetpack_newsletter_access":"","_jetpack_dont_email_post_to_subs":false,"_jetpack_newsletter_tier_id":0,"_jetpack_memberships_contains_paywalled_content":false,"_jetpack_memberships_contains_paid_content":false,"footnotes":"","jetpack_publicize_message":"","jetpack_publicize_feature_enabled":true,"jetpack_social_post_already_shared":true,"jetpack_social_options":{"image_generator_settings":{"template":"highway","default_image_id":0,"font":"","enabled":false},"version":2}},"categories":[60],"tags":[533,444,535,324],"class_list":["post-1989","post","type-post","status-publish","format-standard","has-post-thumbnail","hentry","category-consultoria","tag-comercial","tag-digital","tag-junta","tag-registro"],"jetpack_publicize_connections":[],"jetpack_featured_media_url":"https:\/\/i0.wp.com\/cfcontabil.com\/cf\/wp-content\/uploads\/2019\/12\/junta-digital-df.png?fit=294%2C171","jetpack_sharing_enabled":true,"jetpack_shortlink":"https:\/\/wp.me\/p2wklX-w5","jetpack-related-posts":[{"id":2018,"url":"http:\/\/cfcontabil.com\/cf\/lancamento-dos-servicos-100-digitais-da-junta-comercial\/","url_meta":{"origin":1989,"position":0},"title":"Lan\u00e7amento dos servi\u00e7os 100% digitais da Junta Comercial","author":"Ab\u00edlio Gon\u00e7alves","date":"13 de dezembro de 2019","format":false,"excerpt":"Quando assumiu a gest\u00e3o da Junta Comercial, Industrial e Servi\u00e7os do DF em julho, o governador Ibaneis Rocha acordou com o setor produtivo que a autarquia rec\u00e9m-criada seria guiada pelos princ\u00edpios da transpar\u00eancia e da celeridade, al\u00e9m de ter todo o acervo digitalizado at\u00e9 o fim deste ano. Esta foi\u2026","rel":"","context":"Em &quot;Consultoria Empresarial&quot;","block_context":{"text":"Consultoria Empresarial","link":"http:\/\/cfcontabil.com\/cf\/category\/consultoria\/"},"img":{"alt_text":"","src":"https:\/\/i0.wp.com\/cfcontabil.com\/cf\/wp-content\/uploads\/2019\/12\/JUCIS-DF.jpg?fit=500%2C333&resize=350%2C200","width":350,"height":200},"classes":[]},{"id":2321,"url":"http:\/\/cfcontabil.com\/cf\/distrito-federal-ajuda-empresas-a-abrirem-mais-rapido\/","url_meta":{"origin":1989,"position":1},"title":"Distrito Federal ajuda empresas a abrirem mais r\u00e1pido","author":"Ab\u00edlio Gon\u00e7alves","date":"14 de julho de 2020","format":false,"excerpt":"Etapas de an\u00e1lise para obter registro empresarial tiveram, em junho, o menor tempo de execu\u00e7\u00e3o em todo o pa\u00eds Gra\u00e7as ao ambiente 100% digital, \u00e0 integra\u00e7\u00e3o entre os \u00f3rg\u00e3os e ao regime de teletrabalho implementados pela Junta Comercial, Industrial e Servi\u00e7os do Distrito Federal (Jucis-DF), empres\u00e1rios e contadores podem contar\u2026","rel":"","context":"Em \"abertura\"","block_context":{"text":"abertura","link":"http:\/\/cfcontabil.com\/cf\/tag\/abertura\/"},"img":{"alt_text":"","src":"https:\/\/i0.wp.com\/cfcontabil.com\/cf\/wp-content\/uploads\/2019\/12\/abertura-de-Empresas.jpg?fit=1080%2C640&resize=350%2C200","width":350,"height":200,"srcset":"https:\/\/i0.wp.com\/cfcontabil.com\/cf\/wp-content\/uploads\/2019\/12\/abertura-de-Empresas.jpg?fit=1080%2C640&resize=350%2C200 1x, https:\/\/i0.wp.com\/cfcontabil.com\/cf\/wp-content\/uploads\/2019\/12\/abertura-de-Empresas.jpg?fit=1080%2C640&resize=525%2C300 1.5x, https:\/\/i0.wp.com\/cfcontabil.com\/cf\/wp-content\/uploads\/2019\/12\/abertura-de-Empresas.jpg?fit=1080%2C640&resize=700%2C400 2x, https:\/\/i0.wp.com\/cfcontabil.com\/cf\/wp-content\/uploads\/2019\/12\/abertura-de-Empresas.jpg?fit=1080%2C640&resize=1050%2C600 3x"},"classes":[]},{"id":1864,"url":"http:\/\/cfcontabil.com\/cf\/empresas-poderao-abrir-filiais-em-outros-estados-instantaneamente\/","url_meta":{"origin":1989,"position":2},"title":"Empresas poder\u00e3o abrir filiais em outros estados instantaneamente","author":"Ab\u00edlio Gon\u00e7alves","date":"8 de novembro de 2019","format":false,"excerpt":"Altera\u00e7\u00f5es, transfer\u00eancias e extin\u00e7\u00f5es tamb\u00e9m ficam mais r\u00e1pidas. At\u00e9 recentemente, a abertura de filiais em outros estados demorava v\u00e1rias semanas. A abertura de filiais de empresas em estados fora da sede passou a ser instant\u00e2nea. Por meio da integra\u00e7\u00e3o digital das juntas comerciais, o registro de outras unidades em outros\u2026","rel":"","context":"Em &quot;Consultoria Empresarial&quot;","block_context":{"text":"Consultoria Empresarial","link":"http:\/\/cfcontabil.com\/cf\/category\/consultoria\/"},"img":{"alt_text":"","src":"https:\/\/i0.wp.com\/cfcontabil.com\/cf\/wp-content\/uploads\/2019\/11\/filial-filiais.jpg?fit=600%2C340&resize=350%2C200","width":350,"height":200,"srcset":"https:\/\/i0.wp.com\/cfcontabil.com\/cf\/wp-content\/uploads\/2019\/11\/filial-filiais.jpg?fit=600%2C340&resize=350%2C200 1x, https:\/\/i0.wp.com\/cfcontabil.com\/cf\/wp-content\/uploads\/2019\/11\/filial-filiais.jpg?fit=600%2C340&resize=525%2C300 1.5x"},"classes":[]},{"id":1752,"url":"http:\/\/cfcontabil.com\/cf\/novas-regras-para-guarda-e-conservacao-de-comprovantes-e-livros-contabeis-e-fiscais\/","url_meta":{"origin":1989,"position":3},"title":"Novas regras para guarda e conserva\u00e7\u00e3o de comprovantes e livros cont\u00e1beis e fiscais","author":"Ab\u00edlio Gon\u00e7alves","date":"15 de outubro de 2019","format":false,"excerpt":"Em 11 de outubro de 2019, a Receita Federal do Brasil publicou o Ato Declarat\u00f3rio Interpretativo (ADI) n\u00ba\u00a04,\u00a0que veicula uma nova interpreta\u00e7\u00e3o para o preceito do \u00a7 \u00fanico do art. 195 do C\u00f3digo Tribut\u00e1rio Nacional \u2013 CTN, que disp\u00f5e sobre a guarda e conserva\u00e7\u00e3o de livros e documentos fiscais.\u00a0 De\u2026","rel":"","context":"Em &quot;Departamento Fiscal&quot;","block_context":{"text":"Departamento Fiscal","link":"http:\/\/cfcontabil.com\/cf\/category\/df\/"},"img":{"alt_text":"","src":"https:\/\/i0.wp.com\/cfcontabil.com\/cf\/wp-content\/uploads\/2019\/10\/pastas.jpg?fit=678%2C452&resize=350%2C200","width":350,"height":200,"srcset":"https:\/\/i0.wp.com\/cfcontabil.com\/cf\/wp-content\/uploads\/2019\/10\/pastas.jpg?fit=678%2C452&resize=350%2C200 1x, https:\/\/i0.wp.com\/cfcontabil.com\/cf\/wp-content\/uploads\/2019\/10\/pastas.jpg?fit=678%2C452&resize=525%2C300 1.5x"},"classes":[]},{"id":1241,"url":"http:\/\/cfcontabil.com\/cf\/desenvolvimento-economico-aprova-prazo-maximo-de-72-horas-para-registrar-empresa-em-junta-comercial\/","url_meta":{"origin":1989,"position":4},"title":"Desenvolvimento Econ\u00f4mico aprova prazo m\u00e1ximo de 72 horas para registrar empresa em junta comercial","author":"Ab\u00edlio Gon\u00e7alves","date":"28 de junho de 2017","format":false,"excerpt":"A Comiss\u00e3o de Desenvolvimento Econ\u00f4mico, Ind\u00fastria, Com\u00e9rcio e Servi\u00e7os aprovou o Projeto de Lei 6072\/16, do deputado F\u00e9lix Mendon\u00e7a J\u00fanior (PDT-BA), que estabelece prazo m\u00e1ximo de 72 horas para defini\u00e7\u00e3o sobre registro de empresas pelas juntas comerciais. Pela proposta, o prazo limite dever\u00e1 ser obedecido sempre que o interessado apresentar\u2026","rel":"","context":"Em &quot;Consultoria Empresarial&quot;","block_context":{"text":"Consultoria Empresarial","link":"http:\/\/cfcontabil.com\/cf\/category\/consultoria\/"},"img":{"alt_text":"","src":"https:\/\/i0.wp.com\/cfcontabil.com\/cf\/wp-content\/uploads\/2017\/06\/assinatura-1.jpg?fit=600%2C400&resize=350%2C200","width":350,"height":200,"srcset":"https:\/\/i0.wp.com\/cfcontabil.com\/cf\/wp-content\/uploads\/2017\/06\/assinatura-1.jpg?fit=600%2C400&resize=350%2C200 1x, https:\/\/i0.wp.com\/cfcontabil.com\/cf\/wp-content\/uploads\/2017\/06\/assinatura-1.jpg?fit=600%2C400&resize=525%2C300 1.5x"},"classes":[]},{"id":2125,"url":"http:\/\/cfcontabil.com\/cf\/mudanca-na-assinatura-digital-na-junta-comercial-drei-n-075-2020\/","url_meta":{"origin":1989,"position":5},"title":"MUDAN\u00c7A NA ASSINATURA DIGITAL NA JUNTA COMERCIAL &#8211; DREI N\u00b0 075\/2020","author":"Ab\u00edlio Gon\u00e7alves","date":"27 de fevereiro de 2020","format":false,"excerpt":"ASSINATURA DIGITAL DE ATOS E DOCUMENTOS LEVADOS A REGISTRO NA JUNTA COMERCIAL - DREI N\u00b0 075\/2020 Foi publicada no D.O.U (19.02.2020) a Instru\u00e7\u00e3o Normativa DREI n\u00b0 75\/2020\u00a0que trata sobre a assinatura digital de atos e documentos levados a registro na Junta Comercial, onde,\u00a0a partir de 02.03.2020, passa a ser aceita\u2026","rel":"","context":"Em &quot;Consultoria Empresarial&quot;","block_context":{"text":"Consultoria Empresarial","link":"http:\/\/cfcontabil.com\/cf\/category\/consultoria\/"},"img":{"alt_text":"","src":"https:\/\/i0.wp.com\/cfcontabil.com\/cf\/wp-content\/uploads\/2020\/02\/Assinatura-digital-Junta-Comercial-2.jpeg?fit=1080%2C1080&resize=350%2C200","width":350,"height":200,"srcset":"https:\/\/i0.wp.com\/cfcontabil.com\/cf\/wp-content\/uploads\/2020\/02\/Assinatura-digital-Junta-Comercial-2.jpeg?fit=1080%2C1080&resize=350%2C200 1x, https:\/\/i0.wp.com\/cfcontabil.com\/cf\/wp-content\/uploads\/2020\/02\/Assinatura-digital-Junta-Comercial-2.jpeg?fit=1080%2C1080&resize=525%2C300 1.5x, https:\/\/i0.wp.com\/cfcontabil.com\/cf\/wp-content\/uploads\/2020\/02\/Assinatura-digital-Junta-Comercial-2.jpeg?fit=1080%2C1080&resize=700%2C400 2x, https:\/\/i0.wp.com\/cfcontabil.com\/cf\/wp-content\/uploads\/2020\/02\/Assinatura-digital-Junta-Comercial-2.jpeg?fit=1080%2C1080&resize=1050%2C600 3x"},"classes":[]}],"jetpack_likes_enabled":true,"_links":{"self":[{"href":"http:\/\/cfcontabil.com\/cf\/wp-json\/wp\/v2\/posts\/1989","targetHints":{"allow":["GET"]}}],"collection":[{"href":"http:\/\/cfcontabil.com\/cf\/wp-json\/wp\/v2\/posts"}],"about":[{"href":"http:\/\/cfcontabil.com\/cf\/wp-json\/wp\/v2\/types\/post"}],"author":[{"embeddable":true,"href":"http:\/\/cfcontabil.com\/cf\/wp-json\/wp\/v2\/users\/1"}],"replies":[{"embeddable":true,"href":"http:\/\/cfcontabil.com\/cf\/wp-json\/wp\/v2\/comments?post=1989"}],"version-history":[{"count":2,"href":"http:\/\/cfcontabil.com\/cf\/wp-json\/wp\/v2\/posts\/1989\/revisions"}],"predecessor-version":[{"id":1992,"href":"http:\/\/cfcontabil.com\/cf\/wp-json\/wp\/v2\/posts\/1989\/revisions\/1992"}],"wp:featuredmedia":[{"embeddable":true,"href":"http:\/\/cfcontabil.com\/cf\/wp-json\/wp\/v2\/media\/1990"}],"wp:attachment":[{"href":"http:\/\/cfcontabil.com\/cf\/wp-json\/wp\/v2\/media?parent=1989"}],"wp:term":[{"taxonomy":"category","embeddable":true,"href":"http:\/\/cfcontabil.com\/cf\/wp-json\/wp\/v2\/categories?post=1989"},{"taxonomy":"post_tag","embeddable":true,"href":"http:\/\/cfcontabil.com\/cf\/wp-json\/wp\/v2\/tags?post=1989"}],"curies":[{"name":"wp","href":"https:\/\/api.w.org\/{rel}","templated":true}]}}