{"id":1993,"date":"2019-12-09T11:19:41","date_gmt":"2019-12-09T14:19:41","guid":{"rendered":"http:\/\/cfcontabil.com\/cf\/?p=1993"},"modified":"2019-12-09T11:19:41","modified_gmt":"2019-12-09T14:19:41","slug":"lei-do-bem-empresas-terao-acesso-a-guia-que-mostra-beneficios-do-investimento-em-inovacao","status":"publish","type":"post","link":"http:\/\/cfcontabil.com\/cf\/lei-do-bem-empresas-terao-acesso-a-guia-que-mostra-beneficios-do-investimento-em-inovacao\/","title":{"rendered":"Lei do Bem: empresas ter\u00e3o acesso a guia que mostra benef\u00edcios do investimento em inova\u00e7\u00e3o"},"content":{"rendered":"<p>O Minist\u00e9rio da Ci\u00eancia Tecnologia lan\u00e7ou um guia pr\u00e1tico para estimular a empresas aderirem \u00e0 Lei do Bem.<\/p>\n<p>&nbsp;<\/p>\n<p>A Lei do Bem \u00e9 um programa que prev\u00ea incentivos \u00e0 inova\u00e7\u00e3o tecnol\u00f3gica e tem como objetivo o est\u00edmulo \u00e0s empresas para a realiza\u00e7\u00e3o de atividades de pesquisa, desenvolvimento e inova\u00e7\u00e3o.<\/p>\n<p>&nbsp;<\/p>\n<p>A lei atua como incentivo fiscal para neg\u00f3cios que envolvem atividades de pesquisa, desenvolvimento e inova\u00e7\u00e3o tecnol\u00f3gica.<\/p>\n<p>&nbsp;<\/p>\n<p>Na pr\u00e1tica, o Minist\u00e9rio da Ci\u00eancia e Tecnologia incentiva as empresas a investirem em pesquisa e desenvolvimento. Em troca, elas pagam menos impostos.<\/p>\n<p>&nbsp;<\/p>\n<p>Neste ano, 1.800 empresas aderiram \u00e0 proposta. Outras 150 mil est\u00e3o aptas para participar. E o guia pr\u00e1tico quer aumentar o n\u00famero de empresas, com explica Marcelo Meireles, diretor do Departamento de Estruturas do Minist\u00e9rio da Ci\u00eancia e Tecnologia.<\/p>\n<p>&nbsp;<\/p>\n<p>A Lei do Bem permite a redu\u00e7\u00e3o de pelo menos 20,4% dos gastos de Imposto de Renda e Contribui\u00e7\u00e3o Social sobre o Lucro L\u00edquido (CSLL). A redu\u00e7\u00e3o pode chegar a 27,2% em alguns casos.<\/p>\n","protected":false},"excerpt":{"rendered":"<p>O Minist\u00e9rio da Ci\u00eancia Tecnologia lan\u00e7ou um guia pr\u00e1tico para estimular a empresas aderirem \u00e0 Lei do Bem. &nbsp; A Lei do Bem \u00e9 um programa que prev\u00ea incentivos \u00e0 inova\u00e7\u00e3o tecnol\u00f3gica e tem como objetivo o est\u00edmulo \u00e0s empresas para a realiza\u00e7\u00e3o de atividades de pesquisa, desenvolvimento e inova\u00e7\u00e3o. &nbsp; A lei atua como [&hellip;]<\/p>\n","protected":false},"author":1,"featured_media":1994,"comment_status":"open","ping_status":"open","sticky":false,"template":"","format":"standard","meta":{"jetpack_post_was_ever_published":false,"_jetpack_newsletter_access":"","_jetpack_dont_email_post_to_subs":false,"_jetpack_newsletter_tier_id":0,"_jetpack_memberships_contains_paywalled_content":false,"_jetpack_memberships_contains_paid_content":false,"footnotes":"","jetpack_publicize_message":"","jetpack_publicize_feature_enabled":true,"jetpack_social_post_already_shared":true,"jetpack_social_options":{"image_generator_settings":{"template":"highway","default_image_id":0,"font":"","enabled":false},"version":2}},"categories":[60],"tags":[729,303,342,492],"class_list":["post-1993","post","type-post","status-publish","format-standard","has-post-thumbnail","hentry","category-consultoria","tag-bem","tag-empresa","tag-lei","tag-proposta"],"jetpack_publicize_connections":[],"jetpack_featured_media_url":"https:\/\/i0.wp.com\/cfcontabil.com\/cf\/wp-content\/uploads\/2019\/12\/lei-do-bem.png?fit=540%2C278","jetpack_sharing_enabled":true,"jetpack_shortlink":"https:\/\/wp.me\/p2wklX-w9","jetpack-related-posts":[{"id":2607,"url":"http:\/\/cfcontabil.com\/cf\/sem-dinheiro-pmes-ficam-longe-da-transformacao-digital\/","url_meta":{"origin":1993,"position":0},"title":"Sem dinheiro, PMEs ficam longe da transforma\u00e7\u00e3o digital","author":"Ab\u00edlio Gon\u00e7alves","date":"7 de agosto de 2021","format":false,"excerpt":"Pesquisa produzida pela FGV Projetos em parceria com a Ag\u00eancia Brasileira de Desenvolvimento Industrial (ABDI) sobre a maturidade digital das micro e pequenas empresas (MPEs) revelou que dois ter\u00e7os das empresas (66%) est\u00e3o em iniciais de maturidade digital. As anal\u00f3gicas somam 18%; e outras 48% s\u00e3o emergentes, ou seja, promovem\u2026","rel":"","context":"Em &quot;Geral&quot;","block_context":{"text":"Geral","link":"http:\/\/cfcontabil.com\/cf\/category\/geral\/"},"img":{"alt_text":"","src":"https:\/\/i0.wp.com\/cfcontabil.com\/cf\/wp-content\/uploads\/2021\/08\/brasil_digital.jpg?fit=705%2C396&resize=350%2C200","width":350,"height":200,"srcset":"https:\/\/i0.wp.com\/cfcontabil.com\/cf\/wp-content\/uploads\/2021\/08\/brasil_digital.jpg?fit=705%2C396&resize=350%2C200 1x, https:\/\/i0.wp.com\/cfcontabil.com\/cf\/wp-content\/uploads\/2021\/08\/brasil_digital.jpg?fit=705%2C396&resize=525%2C300 1.5x, https:\/\/i0.wp.com\/cfcontabil.com\/cf\/wp-content\/uploads\/2021\/08\/brasil_digital.jpg?fit=705%2C396&resize=700%2C400 2x"},"classes":[]},{"id":1924,"url":"http:\/\/cfcontabil.com\/cf\/lei-da-liberdade-economica-deve-ser-aplicada-diz-presidente-do-sebrae\/","url_meta":{"origin":1993,"position":1},"title":"Lei da Liberdade econ\u00f4mica deve ser aplicada, diz presidente do Sebrae","author":"Ab\u00edlio Gon\u00e7alves","date":"19 de novembro de 2019","format":false,"excerpt":"A nova\u00a0Lei da Liberdade Econ\u00f4mica\u00a0deve facilitar o ambiente de trabalho para as pequenas e m\u00e9dias empresas do pa\u00eds. Essa \u00e9 a opini\u00e3o do diretor-presidente do Servi\u00e7o Brasileiro de Apoio \u00e0s Micro e Pequenas Empresas (Sebrae), Carlos Melles. A lei foi sancionada pelo governo\u00a0h\u00e1 cerca de dois meses. \u201cA gente tem\u2026","rel":"","context":"Em &quot;Consultoria Empresarial&quot;","block_context":{"text":"Consultoria Empresarial","link":"http:\/\/cfcontabil.com\/cf\/category\/consultoria\/"},"img":{"alt_text":"","src":"https:\/\/i0.wp.com\/cfcontabil.com\/cf\/wp-content\/uploads\/2019\/11\/Liberdade.jpg?fit=600%2C310&resize=350%2C200","width":350,"height":200,"srcset":"https:\/\/i0.wp.com\/cfcontabil.com\/cf\/wp-content\/uploads\/2019\/11\/Liberdade.jpg?fit=600%2C310&resize=350%2C200 1x, https:\/\/i0.wp.com\/cfcontabil.com\/cf\/wp-content\/uploads\/2019\/11\/Liberdade.jpg?fit=600%2C310&resize=525%2C300 1.5x"},"classes":[]},{"id":1427,"url":"http:\/\/cfcontabil.com\/cf\/sancionada-a-lei-de-convalidacao-de-beneficios-fiscais-no-df\/","url_meta":{"origin":1993,"position":2},"title":"Sancionada a lei de convalida\u00e7\u00e3o de benef\u00edcios fiscais no DF","author":"Ab\u00edlio Gon\u00e7alves","date":"20 de novembro de 2018","format":false,"excerpt":"Assinatura ocorreu nesta segunda (19), no Buriti. Norma permite que o Distrito Federal conceda vantagens em condi\u00e7\u00e3o de igualdade com estados do Centro-Oeste MARYNA LACERDA, DA AG\u00caNCIA BRAS\u00cdLIA A economia do Distrito Federal fica mais competitiva com a san\u00e7\u00e3o do\u00a0Projeto de Lei n\u00ba 2.063, de 2018. A norma trata da\u00a0convalida\u00e7\u00e3o\u2026","rel":"","context":"Em &quot;Consultoria Empresarial&quot;","block_context":{"text":"Consultoria Empresarial","link":"http:\/\/cfcontabil.com\/cf\/category\/consultoria\/"},"img":{"alt_text":"","src":"https:\/\/i0.wp.com\/cfcontabil.com\/cf\/wp-content\/uploads\/2016\/04\/notebook-1.jpg?fit=627%2C400&resize=350%2C200","width":350,"height":200,"srcset":"https:\/\/i0.wp.com\/cfcontabil.com\/cf\/wp-content\/uploads\/2016\/04\/notebook-1.jpg?fit=627%2C400&resize=350%2C200 1x, https:\/\/i0.wp.com\/cfcontabil.com\/cf\/wp-content\/uploads\/2016\/04\/notebook-1.jpg?fit=627%2C400&resize=525%2C300 1.5x"},"classes":[]},{"id":550,"url":"http:\/\/cfcontabil.com\/cf\/simples-nacional-alteracoes-promovidas-pela-lei-complementar-1472014\/","url_meta":{"origin":1993,"position":3},"title":"Simples Nacional: altera\u00e7\u00f5es promovidas pela Lei Complementar 147\/2014","author":"Vin\u00edcius Moizinho","date":"11 de agosto de 2014","format":false,"excerpt":"A Lei Complementar n\u00ba 147, de 7 de agosto de 2014, alterou a Lei Complementar n\u00ba 123, de 2006, que institui o Estatuto da Micro e Pequena Empresa e disp\u00f5e sobre o Simples Nacional. As altera\u00e7\u00f5es ser\u00e3o objeto de regulamenta\u00e7\u00e3o pelo Comit\u00ea Gestor do Simples Nacional (CGSN). Com a universaliza\u00e7\u00e3o\u2026","rel":"","context":"Em &quot;Consultoria Empresarial&quot;","block_context":{"text":"Consultoria Empresarial","link":"http:\/\/cfcontabil.com\/cf\/category\/consultoria\/"},"img":{"alt_text":"","src":"","width":0,"height":0},"classes":[]},{"id":1922,"url":"http:\/\/cfcontabil.com\/cf\/empresas-devem-criar-banco-de-dados-para-guardar-informacoes-de-clientes\/","url_meta":{"origin":1993,"position":4},"title":"Empresas devem criar banco de dados para guardar informa\u00e7\u00f5es de clientes","author":"Ab\u00edlio Gon\u00e7alves","date":"19 de novembro de 2019","format":false,"excerpt":"A proposta trata-se de um compilado de regulamenta\u00e7\u00f5es que abarca diversos pontos do C\u00f3digo de Defesa do Consumidor. A lei n\u00ba 13.709\/18, que trata da\u00a0Lei Geral de Prote\u00e7\u00e3o de Dados (LGPD), entrar\u00e1 em vigor em agosto de 2020. A proposta trata-se de um compilado de regulamenta\u00e7\u00f5es que abarca diversos pontos\u2026","rel":"","context":"Em &quot;Consultoria Empresarial&quot;","block_context":{"text":"Consultoria Empresarial","link":"http:\/\/cfcontabil.com\/cf\/category\/consultoria\/"},"img":{"alt_text":"","src":"https:\/\/i0.wp.com\/cfcontabil.com\/cf\/wp-content\/uploads\/2019\/10\/LGPD-cadeado.jpg?fit=619%2C496&resize=350%2C200","width":350,"height":200,"srcset":"https:\/\/i0.wp.com\/cfcontabil.com\/cf\/wp-content\/uploads\/2019\/10\/LGPD-cadeado.jpg?fit=619%2C496&resize=350%2C200 1x, https:\/\/i0.wp.com\/cfcontabil.com\/cf\/wp-content\/uploads\/2019\/10\/LGPD-cadeado.jpg?fit=619%2C496&resize=525%2C300 1.5x"},"classes":[]},{"id":880,"url":"http:\/\/cfcontabil.com\/cf\/projeto-autoriza-caixa-a-financiar-abertura-de-empresas-com-recursos-do-fgts\/","url_meta":{"origin":1993,"position":5},"title":"Projeto autoriza Caixa a financiar abertura de empresas com recursos do FGTS","author":"Ab\u00edlio Gon\u00e7alves","date":"26 de janeiro de 2017","format":false,"excerpt":"Tramita na C\u00e2mara dos Deputados projeto de lei (PL 4923\/16) que autoriza a Caixa Econ\u00f4mica Federal a usar recursos do Fundo de Garantia do Tempo de Servi\u00e7o (FGTS) para financiar a abertura de novas empresas, desde que estas tenham plano de neg\u00f3cios validado pelo Sebrae e gerem no m\u00ednimo dois\u2026","rel":"","context":"Em &quot;Consultoria Empresarial&quot;","block_context":{"text":"Consultoria Empresarial","link":"http:\/\/cfcontabil.com\/cf\/category\/consultoria\/"},"img":{"alt_text":"","src":"https:\/\/i0.wp.com\/cfcontabil.com\/cf\/wp-content\/uploads\/2016\/03\/FGTS.jpg?resize=350%2C200","width":350,"height":200,"srcset":"https:\/\/i0.wp.com\/cfcontabil.com\/cf\/wp-content\/uploads\/2016\/03\/FGTS.jpg?resize=350%2C200 1x, https:\/\/i0.wp.com\/cfcontabil.com\/cf\/wp-content\/uploads\/2016\/03\/FGTS.jpg?resize=525%2C300 1.5x, https:\/\/i0.wp.com\/cfcontabil.com\/cf\/wp-content\/uploads\/2016\/03\/FGTS.jpg?resize=700%2C400 2x"},"classes":[]}],"jetpack_likes_enabled":true,"_links":{"self":[{"href":"http:\/\/cfcontabil.com\/cf\/wp-json\/wp\/v2\/posts\/1993","targetHints":{"allow":["GET"]}}],"collection":[{"href":"http:\/\/cfcontabil.com\/cf\/wp-json\/wp\/v2\/posts"}],"about":[{"href":"http:\/\/cfcontabil.com\/cf\/wp-json\/wp\/v2\/types\/post"}],"author":[{"embeddable":true,"href":"http:\/\/cfcontabil.com\/cf\/wp-json\/wp\/v2\/users\/1"}],"replies":[{"embeddable":true,"href":"http:\/\/cfcontabil.com\/cf\/wp-json\/wp\/v2\/comments?post=1993"}],"version-history":[{"count":1,"href":"http:\/\/cfcontabil.com\/cf\/wp-json\/wp\/v2\/posts\/1993\/revisions"}],"predecessor-version":[{"id":1995,"href":"http:\/\/cfcontabil.com\/cf\/wp-json\/wp\/v2\/posts\/1993\/revisions\/1995"}],"wp:featuredmedia":[{"embeddable":true,"href":"http:\/\/cfcontabil.com\/cf\/wp-json\/wp\/v2\/media\/1994"}],"wp:attachment":[{"href":"http:\/\/cfcontabil.com\/cf\/wp-json\/wp\/v2\/media?parent=1993"}],"wp:term":[{"taxonomy":"category","embeddable":true,"href":"http:\/\/cfcontabil.com\/cf\/wp-json\/wp\/v2\/categories?post=1993"},{"taxonomy":"post_tag","embeddable":true,"href":"http:\/\/cfcontabil.com\/cf\/wp-json\/wp\/v2\/tags?post=1993"}],"curies":[{"name":"wp","href":"https:\/\/api.w.org\/{rel}","templated":true}]}}