{"id":1998,"date":"2019-12-10T16:01:25","date_gmt":"2019-12-10T19:01:25","guid":{"rendered":"http:\/\/cfcontabil.com\/cf\/?p=1998"},"modified":"2019-12-10T16:01:25","modified_gmt":"2019-12-10T19:01:25","slug":"pequena-empresa-aumenta-produtividade-em-22-com-industria-4-0-diz-cni","status":"publish","type":"post","link":"http:\/\/cfcontabil.com\/cf\/pequena-empresa-aumenta-produtividade-em-22-com-industria-4-0-diz-cni\/","title":{"rendered":"Pequena empresa aumenta produtividade em 22% com ind\u00fastria 4.0, diz CNI"},"content":{"rendered":"<p>A ado\u00e7\u00e3o de tecnologias de monitoramento em tempo real de processos produtivos aumentou em 22% a produtividade de pequenas e m\u00e9dias empresas. Em alguns casos, a melhora foi de 50%, em m\u00e9dia, segundo balan\u00e7o divulgado pela CNI (Confedera\u00e7\u00e3o Nacional da Ind\u00fastria) nesta segunda-feira (9).<\/p>\n<p><a href=\"https:\/\/i0.wp.com\/cfcontabil.com\/cf\/wp-content\/uploads\/2019\/12\/gestao.jpg\"><img data-recalc-dims=\"1\" fetchpriority=\"high\" decoding=\"async\" data-attachment-id=\"2000\" data-permalink=\"http:\/\/cfcontabil.com\/cf\/pequena-empresa-aumenta-produtividade-em-22-com-industria-4-0-diz-cni\/gestao\/\" data-orig-file=\"https:\/\/i0.wp.com\/cfcontabil.com\/cf\/wp-content\/uploads\/2019\/12\/gestao.jpg?fit=940%2C523\" data-orig-size=\"940,523\" data-comments-opened=\"1\" data-image-meta=\"{&quot;aperture&quot;:&quot;0&quot;,&quot;credit&quot;:&quot;&quot;,&quot;camera&quot;:&quot;&quot;,&quot;caption&quot;:&quot;&quot;,&quot;created_timestamp&quot;:&quot;0&quot;,&quot;copyright&quot;:&quot;&quot;,&quot;focal_length&quot;:&quot;0&quot;,&quot;iso&quot;:&quot;0&quot;,&quot;shutter_speed&quot;:&quot;0&quot;,&quot;title&quot;:&quot;&quot;,&quot;orientation&quot;:&quot;0&quot;}\" data-image-title=\"gestao\" data-image-description=\"\" data-image-caption=\"\" data-large-file=\"https:\/\/i0.wp.com\/cfcontabil.com\/cf\/wp-content\/uploads\/2019\/12\/gestao.jpg?fit=940%2C523\" class=\"aligncenter size-full wp-image-2000\" src=\"https:\/\/i0.wp.com\/cfcontabil.com\/cf\/wp-content\/uploads\/2019\/12\/gestao.jpg?resize=940%2C523\" alt=\"\" width=\"940\" height=\"523\" srcset=\"https:\/\/i0.wp.com\/cfcontabil.com\/cf\/wp-content\/uploads\/2019\/12\/gestao.jpg?w=940 940w, https:\/\/i0.wp.com\/cfcontabil.com\/cf\/wp-content\/uploads\/2019\/12\/gestao.jpg?resize=300%2C167 300w, https:\/\/i0.wp.com\/cfcontabil.com\/cf\/wp-content\/uploads\/2019\/12\/gestao.jpg?resize=768%2C427 768w, https:\/\/i0.wp.com\/cfcontabil.com\/cf\/wp-content\/uploads\/2019\/12\/gestao.jpg?resize=770%2C428 770w, https:\/\/i0.wp.com\/cfcontabil.com\/cf\/wp-content\/uploads\/2019\/12\/gestao.jpg?resize=370%2C206 370w\" sizes=\"(max-width: 940px) 100vw, 940px\" \/><\/a><\/p>\n<div class=\"article-paragraph\">\n<p>As ferramentas da chamada ind\u00fastria 4.0 foram aplicadas em um projeto-piloto chamado Ind\u00fastria Mais Avan\u00e7ada, realizado com 43 micro, pequenas e m\u00e9dias empresas entre maio de 2018 e outubro deste ano.<\/p>\n<div id=\"slot-intext\" class=\"ad-banner ad-banner-fixed-not-repeat ad-banner-tag-visible ad-banner-tag-collapse\">\n<div id=\"slot-intext_place\" class=\"ad-banner-tag-slot-intext_place\" data-google-query-id=\"CJuP1MXgq-YCFQYDgQodiL0K9w\" data-cid=\"138269039602\" data-lin=\"5050989097\">\n<div id=\"google_ads_iframe_\/21766049037\/GauchaZH\/economia\/interna_9__container__\"><iframe id=\"google_ads_iframe_\/21766049037\/GauchaZH\/economia\/interna_9\" title=\"3rd party ad content\" name=\"google_ads_iframe_\/21766049037\/GauchaZH\/economia\/interna_9\" width=\"1\" height=\"1\" frameborder=\"0\" marginwidth=\"0\" marginheight=\"0\" scrolling=\"no\" data-google-container-id=\"a\" data-load-complete=\"true\" data-mce-fragment=\"1\"><\/iframe><\/div>\n<\/div>\n<\/div>\n<\/div>\n<div class=\"article-paragraph\">\n<p>As participantes j\u00e1 tinham passado por outro programa de melhora na produtividade. Na etapa encerrada h\u00e1 dois meses, elas adotaram tecnologias de baixo custo -at\u00e9 R$ 3.000- para dinamizar a identifica\u00e7\u00e3o de falhas. As empresas eram dos segmentos de alimentos e bebidas, metalmec\u00e2nica, moveleiro, vestu\u00e1rio e cal\u00e7ados.<\/p>\n<\/div>\n<div class=\"article-paragraph\">\n<p>Segundo a CNI, a melhoria dos processos come\u00e7ava com a instala\u00e7\u00e3o de sensores no maquin\u00e1rio de produ\u00e7\u00e3o. Os dados eram recolhidos e guardados em coletores, que depois eram transmitidos a uma plataforma chamada Minha Ind\u00fastria Avan\u00e7ada.<\/p>\n<\/div>\n<div class=\"article-paragraph\">\n<p>A m\u00e1quina com o sensor passava ent\u00e3o a ser acompanhada a partir de tablets e celulares, em tempo real. O Senai (Servi\u00e7o nacional de Aprendizagem Industrial) atribuiu a essa possibilidade a principal raz\u00e3o para a melhoria, que \u00e9 o maior controle de cada indicador do processo de produ\u00e7\u00e3o, permitindo a antecipa\u00e7\u00e3o de eventuais problemas.<\/p>\n<\/div>\n<div class=\"article-paragraph\">\n<p>Em uma ind\u00fastria de massas para pastel e pizza em Salvador, o Senai diz que a utiliza\u00e7\u00e3o dos sensores nas m\u00e1quinas de empacotamento aumentou a produtividade em 32,8%.<\/p>\n<\/div>\n<div class=\"article-paragraph\">\n<p>Empresas no Piau\u00ed (55%), Rio Grande do Norte (41%), Acre (37%) e S\u00e3o Paulo (37%) s\u00e3o as que registraram mais ganho m\u00e9dio de produtividade. Entre os setores, a melhora foi mais acentuada no segmento moveleiro, como aumento de 23,91%.<\/p>\n<\/div>\n<div class=\"article-paragraph\">\n<p>O gerente-executivo de Inova\u00e7\u00e3o e Tecnologia do Senai, Marcelo Prim, diz, em nota, que as empresas que usavam menos t\u00e9cnicas de gerenciamento da produ\u00e7\u00e3o s\u00e3o as que acabam tendo os melhores resultados. &#8220;A t\u00e9cnica nova, ao ser introduzida em uma empresa que utiliza poucos m\u00e9todos de gest\u00e3o, proporciona um ganho maior em produtividade&#8221;, afirma.<\/p>\n<\/div>\n<div class=\"article-paragraph\">\n<p>O balan\u00e7o aponta ainda que as microempresas foram as que mais se beneficiaram da ado\u00e7\u00e3o dessas tecnologias, com um aumento m\u00e9dio de produtividade de 44,82%. Entre as empresas de alimentos e bebidas, o desempenho subiu 75%.<\/p>\n<\/div>\n","protected":false},"excerpt":{"rendered":"<p>A ado\u00e7\u00e3o de tecnologias de monitoramento em tempo real de processos produtivos aumentou em 22% a produtividade de pequenas e m\u00e9dias empresas. Em alguns casos, a melhora foi de 50%, em m\u00e9dia, segundo balan\u00e7o divulgado pela CNI (Confedera\u00e7\u00e3o Nacional da Ind\u00fastria) nesta segunda-feira (9). As ferramentas da chamada ind\u00fastria 4.0 foram aplicadas em um projeto-piloto [&hellip;]<\/p>\n","protected":false},"author":1,"featured_media":1999,"comment_status":"open","ping_status":"open","sticky":false,"template":"","format":"standard","meta":{"jetpack_post_was_ever_published":false,"_jetpack_newsletter_access":"","_jetpack_dont_email_post_to_subs":false,"_jetpack_newsletter_tier_id":0,"_jetpack_memberships_contains_paywalled_content":false,"_jetpack_memberships_contains_paid_content":false,"footnotes":"","jetpack_publicize_message":"","jetpack_publicize_feature_enabled":true,"jetpack_social_post_already_shared":true,"jetpack_social_options":{"image_generator_settings":{"template":"highway","default_image_id":0,"font":"","enabled":false},"version":2}},"categories":[60],"tags":[730,303,306],"class_list":["post-1998","post","type-post","status-publish","format-standard","has-post-thumbnail","hentry","category-consultoria","tag-cni","tag-empresa","tag-pequena"],"jetpack_publicize_connections":[],"jetpack_featured_media_url":"https:\/\/i0.wp.com\/cfcontabil.com\/cf\/wp-content\/uploads\/2019\/12\/accounting-bankbook-business-948887.jpg?fit=2500%2C1505","jetpack_sharing_enabled":true,"jetpack_shortlink":"https:\/\/wp.me\/p2wklX-we","jetpack-related-posts":[{"id":1871,"url":"http:\/\/cfcontabil.com\/cf\/impostos-dificultam-pequenos-e-medios-negocios-dizem-empresarios\/","url_meta":{"origin":1998,"position":0},"title":"Impostos dificultam pequenos e m\u00e9dios neg\u00f3cios, dizem empres\u00e1rios","author":"Ab\u00edlio Gon\u00e7alves","date":"11 de novembro de 2019","format":false,"excerpt":"Levantamento foi realizado pelo Inper com 1.287 empreendedores A carga tribut\u00e1ria \u00e9 o principal entrave para a evolu\u00e7\u00e3o de pequenos e m\u00e9dios neg\u00f3cios no Brasil. A avalia\u00e7\u00e3o de empreendedores dos setores de com\u00e9rcio, ind\u00fastria e servi\u00e7os consta de levantamento realizado pelo Centro de Estudos em Neg\u00f3cios do Insper, com apoio\u2026","rel":"","context":"Em &quot;Departamento Fiscal&quot;","block_context":{"text":"Departamento Fiscal","link":"http:\/\/cfcontabil.com\/cf\/category\/df\/"},"img":{"alt_text":"","src":"https:\/\/i0.wp.com\/cfcontabil.com\/cf\/wp-content\/uploads\/2019\/10\/imposto.jpg?fit=715%2C300&resize=350%2C200","width":350,"height":200,"srcset":"https:\/\/i0.wp.com\/cfcontabil.com\/cf\/wp-content\/uploads\/2019\/10\/imposto.jpg?fit=715%2C300&resize=350%2C200 1x, https:\/\/i0.wp.com\/cfcontabil.com\/cf\/wp-content\/uploads\/2019\/10\/imposto.jpg?fit=715%2C300&resize=525%2C300 1.5x, https:\/\/i0.wp.com\/cfcontabil.com\/cf\/wp-content\/uploads\/2019\/10\/imposto.jpg?fit=715%2C300&resize=700%2C400 2x"},"classes":[]},{"id":250,"url":"http:\/\/cfcontabil.com\/cf\/substituicao-tributaria-como-afeta-sua-empresa\/","url_meta":{"origin":1998,"position":1},"title":"Substitui\u00e7\u00e3o tribut\u00e1ria: como afeta sua empresa?","author":"Vin\u00edcius Moizinho","date":"6 de dezembro de 2012","format":false,"excerpt":"O Brasil \u00e9 um dos pa\u00edses com maior carga tribut\u00e1ria do mundo - e tamb\u00e9m com uma das mais complexas estruturas de arrecada\u00e7\u00e3o de impostos, tanto federais, quanto estaduais e municipais. Ao abrir novos neg\u00f3cios ou diversificar os j\u00e1 existentes, os empreendedores devem ficar atentos ao Imposto sobre Circula\u00e7\u00e3o de\u2026","rel":"","context":"Em &quot;Geral&quot;","block_context":{"text":"Geral","link":"http:\/\/cfcontabil.com\/cf\/category\/geral\/"},"img":{"alt_text":"","src":"https:\/\/i0.wp.com\/www.ajegoias.com.br\/wp-content\/uploads\/2012\/03\/imposto-581x326.jpg?resize=350%2C200","width":350,"height":200,"srcset":"https:\/\/i0.wp.com\/www.ajegoias.com.br\/wp-content\/uploads\/2012\/03\/imposto-581x326.jpg?resize=350%2C200 1x, https:\/\/i0.wp.com\/www.ajegoias.com.br\/wp-content\/uploads\/2012\/03\/imposto-581x326.jpg?resize=525%2C300 1.5x"},"classes":[]},{"id":1814,"url":"http:\/\/cfcontabil.com\/cf\/conta-azul-lanca-solucao-de-folha-de-pagamento\/","url_meta":{"origin":1998,"position":2},"title":"Conta Azul lan\u00e7a solu\u00e7\u00e3o de Folha de Pagamento","author":"Ab\u00edlio Gon\u00e7alves","date":"28 de outubro de 2019","format":false,"excerpt":"Com empresas cont\u00e1beis e pequenas empresas como clientes, objetivo \u00e9 fomentar efeito plataforma no mercado B2B. A Conta Azul, fintech de gest\u00e3o B2B mais inovadora do Brasil, realizou na \u00faltima quarta-feira, 23, o lan\u00e7amento de uma solu\u00e7\u00e3o de departamento pessoal que amplia a proposta de valor da Conta Azul Mais,\u2026","rel":"","context":"Em &quot;Contabilidade em geral&quot;","block_context":{"text":"Contabilidade em geral","link":"http:\/\/cfcontabil.com\/cf\/category\/contabilidade-2\/"},"img":{"alt_text":"","src":"https:\/\/i0.wp.com\/cfcontabil.com\/cf\/wp-content\/uploads\/2019\/10\/ContaAzulCON.png?fit=764%2C401&resize=350%2C200","width":350,"height":200,"srcset":"https:\/\/i0.wp.com\/cfcontabil.com\/cf\/wp-content\/uploads\/2019\/10\/ContaAzulCON.png?fit=764%2C401&resize=350%2C200 1x, https:\/\/i0.wp.com\/cfcontabil.com\/cf\/wp-content\/uploads\/2019\/10\/ContaAzulCON.png?fit=764%2C401&resize=525%2C300 1.5x, https:\/\/i0.wp.com\/cfcontabil.com\/cf\/wp-content\/uploads\/2019\/10\/ContaAzulCON.png?fit=764%2C401&resize=700%2C400 2x"},"classes":[]},{"id":1082,"url":"http:\/\/cfcontabil.com\/cf\/temer-queria-simplificar-impostos-agora-pensa-em-aumenta-los\/","url_meta":{"origin":1998,"position":3},"title":"Temer queria simplificar impostos. Agora pensa em aument\u00e1-los","author":"Ab\u00edlio Gon\u00e7alves","date":"23 de mar\u00e7o de 2017","format":false,"excerpt":"\"Se o governo quer fazer via medida provis\u00f3ria, \u00e9 porque vem aumento\u201d, diz diretor da Fenacon O governo Temer parecia disposto a simplificar o pagamento de impostos, sem mexer - para mais nem para menos - na carga tribut\u00e1ria. A ideia era fazer uma \u201creforma fatiada\u201d, via medidas provis\u00f3rias, come\u00e7ando\u2026","rel":"","context":"Em &quot;Departamento Fiscal&quot;","block_context":{"text":"Departamento Fiscal","link":"http:\/\/cfcontabil.com\/cf\/category\/df\/"},"img":{"alt_text":"","src":"https:\/\/i0.wp.com\/cfcontabil.com\/cf\/wp-content\/uploads\/2017\/01\/Moedas-1-real-1.jpg?fit=810%2C455&resize=350%2C200","width":350,"height":200,"srcset":"https:\/\/i0.wp.com\/cfcontabil.com\/cf\/wp-content\/uploads\/2017\/01\/Moedas-1-real-1.jpg?fit=810%2C455&resize=350%2C200 1x, https:\/\/i0.wp.com\/cfcontabil.com\/cf\/wp-content\/uploads\/2017\/01\/Moedas-1-real-1.jpg?fit=810%2C455&resize=525%2C300 1.5x, https:\/\/i0.wp.com\/cfcontabil.com\/cf\/wp-content\/uploads\/2017\/01\/Moedas-1-real-1.jpg?fit=810%2C455&resize=700%2C400 2x"},"classes":[]},{"id":1960,"url":"http:\/\/cfcontabil.com\/cf\/donos-de-pequenos-negocios-apontam-melhoria-do-acesso-ao-credito\/","url_meta":{"origin":1998,"position":4},"title":"Donos de pequenos neg\u00f3cios apontam melhoria do acesso ao cr\u00e9dito","author":"Ab\u00edlio Gon\u00e7alves","date":"28 de novembro de 2019","format":false,"excerpt":"Pesquisa realizada pelo Sebrae mostra que mais empres\u00e1rios buscaram empr\u00e9stimos em 2019 e que houve melhora na avalia\u00e7\u00e3o do sistema financeiro A melhora dos \u00edndices de confian\u00e7a dos empres\u00e1rios brasileiros, identificada na Sondagem Conjuntural realizada pelo Sebrae, contribui para que os donos de pequenos neg\u00f3cios retomem o interesse em buscar\u2026","rel":"","context":"Em &quot;Consultoria Empresarial&quot;","block_context":{"text":"Consultoria Empresarial","link":"http:\/\/cfcontabil.com\/cf\/category\/consultoria\/"},"img":{"alt_text":"","src":"https:\/\/i0.wp.com\/cfcontabil.com\/cf\/wp-content\/uploads\/2019\/11\/pequenos-neg%C3%B3cios.jpg?fit=600%2C310&resize=350%2C200","width":350,"height":200,"srcset":"https:\/\/i0.wp.com\/cfcontabil.com\/cf\/wp-content\/uploads\/2019\/11\/pequenos-neg%C3%B3cios.jpg?fit=600%2C310&resize=350%2C200 1x, https:\/\/i0.wp.com\/cfcontabil.com\/cf\/wp-content\/uploads\/2019\/11\/pequenos-neg%C3%B3cios.jpg?fit=600%2C310&resize=525%2C300 1.5x"},"classes":[]},{"id":1900,"url":"http:\/\/cfcontabil.com\/cf\/whatsapp-quer-ajudar-6-milhoes-de-micro-e-pequenas-empresas-no-brasil\/","url_meta":{"origin":1998,"position":5},"title":"WhatsApp quer ajudar 6 milh\u00f5es de micro e pequenas empresas no Brasil","author":"Ab\u00edlio Gon\u00e7alves","date":"14 de novembro de 2019","format":false,"excerpt":"Parceria com Sebrae-SP visa ajudar MPEs a se conectar com clientes e expandir neg\u00f3cios As pessoas j\u00e1 usam o WhatsApp para fazer neg\u00f3cios, mas a empresa quer tornar tudo ainda mais claro. E o WhatsApp Business, que chegou no Brasil em janeiro de 2018, \u00e9 o principal meio de fazer\u2026","rel":"","context":"Em &quot;Consultoria Empresarial&quot;","block_context":{"text":"Consultoria Empresarial","link":"http:\/\/cfcontabil.com\/cf\/category\/consultoria\/"},"img":{"alt_text":"","src":"https:\/\/i0.wp.com\/cfcontabil.com\/cf\/wp-content\/uploads\/2019\/11\/WhatsApp-1.jpg?fit=739%2C415&resize=350%2C200","width":350,"height":200,"srcset":"https:\/\/i0.wp.com\/cfcontabil.com\/cf\/wp-content\/uploads\/2019\/11\/WhatsApp-1.jpg?fit=739%2C415&resize=350%2C200 1x, https:\/\/i0.wp.com\/cfcontabil.com\/cf\/wp-content\/uploads\/2019\/11\/WhatsApp-1.jpg?fit=739%2C415&resize=525%2C300 1.5x, https:\/\/i0.wp.com\/cfcontabil.com\/cf\/wp-content\/uploads\/2019\/11\/WhatsApp-1.jpg?fit=739%2C415&resize=700%2C400 2x"},"classes":[]}],"jetpack_likes_enabled":true,"_links":{"self":[{"href":"http:\/\/cfcontabil.com\/cf\/wp-json\/wp\/v2\/posts\/1998","targetHints":{"allow":["GET"]}}],"collection":[{"href":"http:\/\/cfcontabil.com\/cf\/wp-json\/wp\/v2\/posts"}],"about":[{"href":"http:\/\/cfcontabil.com\/cf\/wp-json\/wp\/v2\/types\/post"}],"author":[{"embeddable":true,"href":"http:\/\/cfcontabil.com\/cf\/wp-json\/wp\/v2\/users\/1"}],"replies":[{"embeddable":true,"href":"http:\/\/cfcontabil.com\/cf\/wp-json\/wp\/v2\/comments?post=1998"}],"version-history":[{"count":1,"href":"http:\/\/cfcontabil.com\/cf\/wp-json\/wp\/v2\/posts\/1998\/revisions"}],"predecessor-version":[{"id":2001,"href":"http:\/\/cfcontabil.com\/cf\/wp-json\/wp\/v2\/posts\/1998\/revisions\/2001"}],"wp:featuredmedia":[{"embeddable":true,"href":"http:\/\/cfcontabil.com\/cf\/wp-json\/wp\/v2\/media\/1999"}],"wp:attachment":[{"href":"http:\/\/cfcontabil.com\/cf\/wp-json\/wp\/v2\/media?parent=1998"}],"wp:term":[{"taxonomy":"category","embeddable":true,"href":"http:\/\/cfcontabil.com\/cf\/wp-json\/wp\/v2\/categories?post=1998"},{"taxonomy":"post_tag","embeddable":true,"href":"http:\/\/cfcontabil.com\/cf\/wp-json\/wp\/v2\/tags?post=1998"}],"curies":[{"name":"wp","href":"https:\/\/api.w.org\/{rel}","templated":true}]}}