{"id":2002,"date":"2019-12-11T12:00:59","date_gmt":"2019-12-11T15:00:59","guid":{"rendered":"http:\/\/cfcontabil.com\/cf\/?p=2002"},"modified":"2019-12-11T12:00:59","modified_gmt":"2019-12-11T15:00:59","slug":"mudancas-no-mei-virao-apenas-em-2021-ate-la-ocupacoes-do-setor-cultural-serao-mantidas-no-programa","status":"publish","type":"post","link":"http:\/\/cfcontabil.com\/cf\/mudancas-no-mei-virao-apenas-em-2021-ate-la-ocupacoes-do-setor-cultural-serao-mantidas-no-programa\/","title":{"rendered":"Mudan\u00e7as no MEI vir\u00e3o apenas em 2021. At\u00e9 l\u00e1, ocupa\u00e7\u00f5es do setor cultural ser\u00e3o mantidas no programa"},"content":{"rendered":"<h2>Governo pretendia excluir 14 categorias do regime especial de tributa\u00e7\u00e3o, mas decis\u00e3o ser\u00e1 revogada nesta quarta-feira<\/h2>\n<p>&nbsp;<\/p>\n<p>O governo decidiu adiar para 2021 as mudan\u00e7as que pretendia fazer no regime do Microempreendedor Individual (<strong>MEI<\/strong>), ap\u00f3s a pol\u00eamica no fim de semana em torno da exclus\u00e3o de categorias do programa.<\/p>\n<p>No s\u00e1bado, diante da rea\u00e7\u00e3o negativa de integrantes do setor de cultura em torno de uma resolu\u00e7\u00e3o que retirava do regime especial v\u00e1rias ocupa\u00e7\u00f5es ligadas \u00e0 cultura, como m\u00fasico, cantor e contador de hist\u00f3rias, o presidente Jair Bolsonaro determinou a revoga\u00e7\u00e3o da norma, o que deve acontecer nesta quarta-feira.<\/p>\n","protected":false},"excerpt":{"rendered":"<p>Governo pretendia excluir 14 categorias do regime especial de tributa\u00e7\u00e3o, mas decis\u00e3o ser\u00e1 revogada nesta quarta-feira &nbsp; O governo decidiu adiar para 2021 as mudan\u00e7as que pretendia fazer no regime do Microempreendedor Individual (MEI), ap\u00f3s a pol\u00eamica no fim de semana em torno da exclus\u00e3o de categorias do programa. No s\u00e1bado, diante da rea\u00e7\u00e3o negativa [&hellip;]<\/p>\n","protected":false},"author":1,"featured_media":2003,"comment_status":"open","ping_status":"open","sticky":false,"template":"","format":"standard","meta":{"jetpack_post_was_ever_published":false,"_jetpack_newsletter_access":"","_jetpack_dont_email_post_to_subs":false,"_jetpack_newsletter_tier_id":0,"_jetpack_memberships_contains_paywalled_content":false,"_jetpack_memberships_contains_paid_content":false,"footnotes":"","jetpack_publicize_message":"","jetpack_publicize_feature_enabled":true,"jetpack_social_post_already_shared":true,"jetpack_social_options":{"image_generator_settings":{"template":"highway","default_image_id":0,"font":"","enabled":false},"version":2}},"categories":[60],"tags":[257,211,213],"class_list":["post-2002","post","type-post","status-publish","format-standard","has-post-thumbnail","hentry","category-consultoria","tag-mei","tag-nacional","tag-simples"],"jetpack_publicize_connections":[],"jetpack_featured_media_url":"https:\/\/i0.wp.com\/cfcontabil.com\/cf\/wp-content\/uploads\/2019\/12\/mei.jpg?fit=600%2C310","jetpack_sharing_enabled":true,"jetpack_shortlink":"https:\/\/wp.me\/p2wklX-wi","jetpack-related-posts":[{"id":2664,"url":"http:\/\/cfcontabil.com\/cf\/mei-confira-quais-profissionais-nao-podem-abrir-registro-na-categoria\/","url_meta":{"origin":2002,"position":0},"title":"MEI: confira quais profissionais n\u00e3o podem abrir registro na categoria","author":"Ab\u00edlio Gon\u00e7alves","date":"19 de novembro de 2021","format":false,"excerpt":"A categoria est\u00e1 em evid\u00eancia e cerca de 80% das empresas abertas em 2021 foram como Microempreendedor Individual, mas nem todos podem aderir ao regime. O Microempreendedor Individual\u00a0(MEI)\u00a0\u00e9 um regime tribut\u00e1rio que permite que o pequeno empres\u00e1rio formalize seu neg\u00f3cio e usufrua de diversos benef\u00edcios e direitos contribuindo mensalmente com\u2026","rel":"","context":"Em &quot;Departamento Fiscal&quot;","block_context":{"text":"Departamento Fiscal","link":"http:\/\/cfcontabil.com\/cf\/category\/df\/"},"img":{"alt_text":"","src":"https:\/\/i0.wp.com\/cfcontabil.com\/cf\/wp-content\/uploads\/2019\/12\/mei.jpg?fit=600%2C310&resize=350%2C200","width":350,"height":200,"srcset":"https:\/\/i0.wp.com\/cfcontabil.com\/cf\/wp-content\/uploads\/2019\/12\/mei.jpg?fit=600%2C310&resize=350%2C200 1x, https:\/\/i0.wp.com\/cfcontabil.com\/cf\/wp-content\/uploads\/2019\/12\/mei.jpg?fit=600%2C310&resize=525%2C300 1.5x"},"classes":[]},{"id":2425,"url":"http:\/\/cfcontabil.com\/cf\/mp-1-046-altera-regras-para-teletrabalho-antecipacao-de-ferias-e-feriados-e-fgts\/","url_meta":{"origin":2002,"position":1},"title":"MP 1.046 altera regras para teletrabalho, antecipa\u00e7\u00e3o de f\u00e9rias e feriados e FGTS","author":"Ab\u00edlio Gon\u00e7alves","date":"29 de abril de 2021","format":false,"excerpt":"O Di\u00e1rio Oficial da Uni\u00e3o publicou nesta quarta-feira (28) a Medida Provis\u00f3ria 1.046\/2021 que flexibiliza as regras trabalhistas para permitir teletrabalho, antecipa\u00e7\u00e3o de\u00a0f\u00e9rias\u00a0individuais, concess\u00e3o de\u00a0f\u00e9rias\u00a0coletivas e diferimento do recolhimento das contribui\u00e7\u00f5es ao Fundo de Garantia do Tempo de Servi\u00e7o\u00a0(FGTS)\u00a0. Segundo o governo, o objetivo da MP \u00e9 atenuar o impacto\u2026","rel":"","context":"Em &quot;Geral&quot;","block_context":{"text":"Geral","link":"http:\/\/cfcontabil.com\/cf\/category\/geral\/"},"img":{"alt_text":"","src":"https:\/\/i0.wp.com\/cfcontabil.com\/cf\/wp-content\/uploads\/2021\/04\/teletrabalho.jpeg?fit=512%2C213&resize=350%2C200","width":350,"height":200},"classes":[]},{"id":1082,"url":"http:\/\/cfcontabil.com\/cf\/temer-queria-simplificar-impostos-agora-pensa-em-aumenta-los\/","url_meta":{"origin":2002,"position":2},"title":"Temer queria simplificar impostos. Agora pensa em aument\u00e1-los","author":"Ab\u00edlio Gon\u00e7alves","date":"23 de mar\u00e7o de 2017","format":false,"excerpt":"\"Se o governo quer fazer via medida provis\u00f3ria, \u00e9 porque vem aumento\u201d, diz diretor da Fenacon O governo Temer parecia disposto a simplificar o pagamento de impostos, sem mexer - para mais nem para menos - na carga tribut\u00e1ria. A ideia era fazer uma \u201creforma fatiada\u201d, via medidas provis\u00f3rias, come\u00e7ando\u2026","rel":"","context":"Em &quot;Departamento Fiscal&quot;","block_context":{"text":"Departamento Fiscal","link":"http:\/\/cfcontabil.com\/cf\/category\/df\/"},"img":{"alt_text":"","src":"https:\/\/i0.wp.com\/cfcontabil.com\/cf\/wp-content\/uploads\/2017\/01\/Moedas-1-real-1.jpg?fit=810%2C455&resize=350%2C200","width":350,"height":200,"srcset":"https:\/\/i0.wp.com\/cfcontabil.com\/cf\/wp-content\/uploads\/2017\/01\/Moedas-1-real-1.jpg?fit=810%2C455&resize=350%2C200 1x, https:\/\/i0.wp.com\/cfcontabil.com\/cf\/wp-content\/uploads\/2017\/01\/Moedas-1-real-1.jpg?fit=810%2C455&resize=525%2C300 1.5x, https:\/\/i0.wp.com\/cfcontabil.com\/cf\/wp-content\/uploads\/2017\/01\/Moedas-1-real-1.jpg?fit=810%2C455&resize=700%2C400 2x"},"classes":[]},{"id":2396,"url":"http:\/\/cfcontabil.com\/cf\/mei-precisa-ficar-atento-as-obrigacoes-de-inicio-de-ano\/","url_meta":{"origin":2002,"position":3},"title":"MEI precisa ficar atento \u00e0s obriga\u00e7\u00f5es de in\u00edcio de ano","author":"Ab\u00edlio Gon\u00e7alves","date":"8 de janeiro de 2021","format":false,"excerpt":"A cada final de ano o governo federal informa quais ocupa\u00e7\u00f5es poder\u00e3o recolher impostos como MEI O prazo para a declara\u00e7\u00e3o anual de rendimento do MEI (DASN-SIMEI) j\u00e1 come\u00e7ou e vai at\u00e9 o dia 31 de maio de 2021. O Microempreendedor Individual tamb\u00e9m deve observar as mudan\u00e7as no Portal do\u2026","rel":"","context":"Em &quot;Consultoria Empresarial&quot;","block_context":{"text":"Consultoria Empresarial","link":"http:\/\/cfcontabil.com\/cf\/category\/consultoria\/"},"img":{"alt_text":"","src":"https:\/\/i0.wp.com\/cfcontabil.com\/cf\/wp-content\/uploads\/2020\/04\/MEI-1200x675-1.png?fit=1200%2C675&resize=350%2C200","width":350,"height":200,"srcset":"https:\/\/i0.wp.com\/cfcontabil.com\/cf\/wp-content\/uploads\/2020\/04\/MEI-1200x675-1.png?fit=1200%2C675&resize=350%2C200 1x, https:\/\/i0.wp.com\/cfcontabil.com\/cf\/wp-content\/uploads\/2020\/04\/MEI-1200x675-1.png?fit=1200%2C675&resize=525%2C300 1.5x, https:\/\/i0.wp.com\/cfcontabil.com\/cf\/wp-content\/uploads\/2020\/04\/MEI-1200x675-1.png?fit=1200%2C675&resize=700%2C400 2x, https:\/\/i0.wp.com\/cfcontabil.com\/cf\/wp-content\/uploads\/2020\/04\/MEI-1200x675-1.png?fit=1200%2C675&resize=1050%2C600 3x"},"classes":[]},{"id":250,"url":"http:\/\/cfcontabil.com\/cf\/substituicao-tributaria-como-afeta-sua-empresa\/","url_meta":{"origin":2002,"position":4},"title":"Substitui\u00e7\u00e3o tribut\u00e1ria: como afeta sua empresa?","author":"Vin\u00edcius Moizinho","date":"6 de dezembro de 2012","format":false,"excerpt":"O Brasil \u00e9 um dos pa\u00edses com maior carga tribut\u00e1ria do mundo - e tamb\u00e9m com uma das mais complexas estruturas de arrecada\u00e7\u00e3o de impostos, tanto federais, quanto estaduais e municipais. Ao abrir novos neg\u00f3cios ou diversificar os j\u00e1 existentes, os empreendedores devem ficar atentos ao Imposto sobre Circula\u00e7\u00e3o de\u2026","rel":"","context":"Em &quot;Geral&quot;","block_context":{"text":"Geral","link":"http:\/\/cfcontabil.com\/cf\/category\/geral\/"},"img":{"alt_text":"","src":"https:\/\/i0.wp.com\/www.ajegoias.com.br\/wp-content\/uploads\/2012\/03\/imposto-581x326.jpg?resize=350%2C200","width":350,"height":200,"srcset":"https:\/\/i0.wp.com\/www.ajegoias.com.br\/wp-content\/uploads\/2012\/03\/imposto-581x326.jpg?resize=350%2C200 1x, https:\/\/i0.wp.com\/www.ajegoias.com.br\/wp-content\/uploads\/2012\/03\/imposto-581x326.jpg?resize=525%2C300 1.5x"},"classes":[]},{"id":2533,"url":"http:\/\/cfcontabil.com\/cf\/mei-tem-ate-31-de-agosto-de-2021-para-regularizar-seus-debitos\/","url_meta":{"origin":2002,"position":5},"title":"MEI tem at\u00e9 31 de agosto de 2021 para regularizar seus d\u00e9bitos","author":"Ab\u00edlio Gon\u00e7alves","date":"5 de agosto de 2021","format":false,"excerpt":"At\u00e9 o dia 31\/08\/2021, o MEI\u00a0poder\u00e1\u00a0regularizar\u00a0seus d\u00e9bitos (INSS, ISS e ICMS)\u00a0por meio de recolhimento em DAS, acessando o\u00a0PGMEI,\u00a0ou\u00a0parcelando.\u00a0 A\u00a0partir de setembro, a Receita Federal (RFB) encaminhar\u00e1\u00a0os d\u00e9bitos\u00a0apurados nas\u00a0Declara\u00e7\u00f5es Anuais Simplificadas para o Microempreendedor Individual\u00a0(DASN-Simei), n\u00e3o regularizados, para inscri\u00e7\u00e3o em D\u00edvida Ativa. O envio \u00e0 D\u00edvida Ativa ser\u00e1 da seguinte forma:\u2013\u2026","rel":"","context":"Em &quot;Geral&quot;","block_context":{"text":"Geral","link":"http:\/\/cfcontabil.com\/cf\/category\/geral\/"},"img":{"alt_text":"","src":"https:\/\/i0.wp.com\/cfcontabil.com\/cf\/wp-content\/uploads\/2017\/03\/mei-micro-empreendedor-individual-696x287-1.jpg?fit=696%2C287&resize=350%2C200","width":350,"height":200,"srcset":"https:\/\/i0.wp.com\/cfcontabil.com\/cf\/wp-content\/uploads\/2017\/03\/mei-micro-empreendedor-individual-696x287-1.jpg?fit=696%2C287&resize=350%2C200 1x, https:\/\/i0.wp.com\/cfcontabil.com\/cf\/wp-content\/uploads\/2017\/03\/mei-micro-empreendedor-individual-696x287-1.jpg?fit=696%2C287&resize=525%2C300 1.5x"},"classes":[]}],"jetpack_likes_enabled":true,"_links":{"self":[{"href":"http:\/\/cfcontabil.com\/cf\/wp-json\/wp\/v2\/posts\/2002","targetHints":{"allow":["GET"]}}],"collection":[{"href":"http:\/\/cfcontabil.com\/cf\/wp-json\/wp\/v2\/posts"}],"about":[{"href":"http:\/\/cfcontabil.com\/cf\/wp-json\/wp\/v2\/types\/post"}],"author":[{"embeddable":true,"href":"http:\/\/cfcontabil.com\/cf\/wp-json\/wp\/v2\/users\/1"}],"replies":[{"embeddable":true,"href":"http:\/\/cfcontabil.com\/cf\/wp-json\/wp\/v2\/comments?post=2002"}],"version-history":[{"count":1,"href":"http:\/\/cfcontabil.com\/cf\/wp-json\/wp\/v2\/posts\/2002\/revisions"}],"predecessor-version":[{"id":2004,"href":"http:\/\/cfcontabil.com\/cf\/wp-json\/wp\/v2\/posts\/2002\/revisions\/2004"}],"wp:featuredmedia":[{"embeddable":true,"href":"http:\/\/cfcontabil.com\/cf\/wp-json\/wp\/v2\/media\/2003"}],"wp:attachment":[{"href":"http:\/\/cfcontabil.com\/cf\/wp-json\/wp\/v2\/media?parent=2002"}],"wp:term":[{"taxonomy":"category","embeddable":true,"href":"http:\/\/cfcontabil.com\/cf\/wp-json\/wp\/v2\/categories?post=2002"},{"taxonomy":"post_tag","embeddable":true,"href":"http:\/\/cfcontabil.com\/cf\/wp-json\/wp\/v2\/tags?post=2002"}],"curies":[{"name":"wp","href":"https:\/\/api.w.org\/{rel}","templated":true}]}}