{"id":2006,"date":"2019-12-11T14:00:32","date_gmt":"2019-12-11T17:00:32","guid":{"rendered":"http:\/\/cfcontabil.com\/cf\/?p=2006"},"modified":"2019-12-11T12:08:36","modified_gmt":"2019-12-11T15:08:36","slug":"zorra-e-alvo-de-nota-de-repudio-do-conselho-federal-de-contabilidade","status":"publish","type":"post","link":"http:\/\/cfcontabil.com\/cf\/zorra-e-alvo-de-nota-de-repudio-do-conselho-federal-de-contabilidade\/","title":{"rendered":"&#8216;Zorra&#8217; \u00e9 alvo de nota de rep\u00fadio do Conselho Federal de Contabilidade"},"content":{"rendered":"<p>Esquete de humor\u00edstico da Globo mostrou contador vencendo o &#8216;Trof\u00e9u N\u00e3o Fede e Nem Cheira&#8217;<\/p>\n<p><a href=\"https:\/\/i0.wp.com\/cfcontabil.com\/cf\/wp-content\/uploads\/2019\/12\/zorra-1576011343276.jpg\"><img data-recalc-dims=\"1\" fetchpriority=\"high\" decoding=\"async\" data-attachment-id=\"2008\" data-permalink=\"http:\/\/cfcontabil.com\/cf\/zorra-e-alvo-de-nota-de-repudio-do-conselho-federal-de-contabilidade\/zorra-1576011343276\/\" data-orig-file=\"https:\/\/i0.wp.com\/cfcontabil.com\/cf\/wp-content\/uploads\/2019\/12\/zorra-1576011343276.jpg?fit=640%2C374\" data-orig-size=\"640,374\" data-comments-opened=\"1\" data-image-meta=\"{&quot;aperture&quot;:&quot;0&quot;,&quot;credit&quot;:&quot;&quot;,&quot;camera&quot;:&quot;&quot;,&quot;caption&quot;:&quot;&quot;,&quot;created_timestamp&quot;:&quot;0&quot;,&quot;copyright&quot;:&quot;&quot;,&quot;focal_length&quot;:&quot;0&quot;,&quot;iso&quot;:&quot;0&quot;,&quot;shutter_speed&quot;:&quot;0&quot;,&quot;title&quot;:&quot;&quot;,&quot;orientation&quot;:&quot;0&quot;}\" data-image-title=\"zorra 1576011343276\" data-image-description=\"\" data-image-caption=\"\" data-large-file=\"https:\/\/i0.wp.com\/cfcontabil.com\/cf\/wp-content\/uploads\/2019\/12\/zorra-1576011343276.jpg?fit=640%2C374\" class=\"aligncenter size-full wp-image-2008\" src=\"https:\/\/i0.wp.com\/cfcontabil.com\/cf\/wp-content\/uploads\/2019\/12\/zorra-1576011343276.jpg?resize=640%2C374\" alt=\"\" width=\"640\" height=\"374\" srcset=\"https:\/\/i0.wp.com\/cfcontabil.com\/cf\/wp-content\/uploads\/2019\/12\/zorra-1576011343276.jpg?w=640 640w, https:\/\/i0.wp.com\/cfcontabil.com\/cf\/wp-content\/uploads\/2019\/12\/zorra-1576011343276.jpg?resize=300%2C175 300w, https:\/\/i0.wp.com\/cfcontabil.com\/cf\/wp-content\/uploads\/2019\/12\/zorra-1576011343276.jpg?resize=370%2C216 370w\" sizes=\"(max-width: 640px) 100vw, 640px\" \/><\/a><\/p>\n<p>O\u00a0<strong>Conselho Federal<\/strong><strong>\u00a0de\u00a0<\/strong><strong>Contabilidade<\/strong>\u00a0divulgou uma nota de rep\u00fadio ao\u00a0<strong><a href=\"https:\/\/gshow.globo.com\/programas\/zorra\/\" target=\"_blank\" rel=\"nofollow noopener noreferrer\"><em>Zorra<\/em><\/a><\/strong>, programa de\u00a0humor\u00a0da\u00a0<strong>Globo<\/strong>, nesta ter\u00e7a-feira, 10.<\/p>\n<p>O motivo foi uma\u00a0esquete\u00a0exibida no \u00faltimo s\u00e1bado, 7, em que o\u00a0<strong>&#8220;Trof\u00e9u N\u00e3o Fede e Nem Cheira&#8221;<\/strong>\u00a0\u00e9 entregue a um contador, interpretado por\u00a0<strong>Welder Rodrigues<\/strong>.<\/p>\n<p>&#8220;Vamos \u00e0quele que n\u00e3o foi o melhor, mas tamb\u00e9m n\u00e3o foi o pior do ano. Uma premia\u00e7\u00e3o exclusiva para quem nunca ganhou nada na vida. O Trof\u00e9u N\u00e3o Fede e Nem Cheira de 2019 vai para Cesar Lobato, da contabilidade!&#8221;, introduz a apresentadora do pr\u00eamio fict\u00edcio, vivida por\u00a0<a href=\"https:\/\/www.instagram.com\/flaviagreis\/?hl=pt-br\" target=\"_blank\" rel=\"nofollow noopener noreferrer\"><strong>Flavia Reis<\/strong><\/a>.<\/p>\n<p>O contador, ent\u00e3o, discursa: &#8220;Queria agradecer ao meu chefe, que sempre falou para mim que meu trabalho \u00e9 &#8216;ok&#8217;. Meus professores, que me incentivaram dando nota seis a vida inteira. Dava pra passar, n\u00e9? E meus pais, que nunca esperaram nada de importante da minha pessoa&#8221;.<\/p>\n<p>&#8220;Nunca decepcionei ningu\u00e9m, mas tamb\u00e9m nunca supreendi&#8221;, finaliza o personagem.<\/p>\n<h3 class=\"intertitulo\">Nota de rep\u00fadio ao\u00a0<em>Zorra<\/em><\/h3>\n<p>O Conselho Federal de Contabilidade, por\u00e9m, n\u00e3o viu a piada com bons olhos, e afirmou que o\u00a0<em>Zorra<\/em>\u00a0&#8220;desrespeitou uma classe cont\u00e1bil de mais de 520 mil profissionais. [&#8230;] De forma desrespeitosa e debochada, depreciou a imagem do Profissional da Contabilidade no epis\u00f3dio &#8216;Pr\u00eamio Nem Fede e Nem Cheira'&#8221;.<\/p>\n<p>&#8220;A pr\u00f3pria Rede Globo possui em seus quadros diversos contadores trabalhando para a empresa e, portanto, deveria se envergonhar de difundir tais estere\u00f3tipos de seus pr\u00f3prios funcion\u00e1rios&#8221;, ressalta.<\/p>\n<p>Na nota de rep\u00fadio, o programa tamb\u00e9m \u00e9 equivocadamente chamado de\u00a0<strong><a href=\"http:\/\/memoriaglobo.globo.com\/programas\/entretenimento\/humor\/zorra-total.htm\" target=\"_blank\" rel=\"nofollow noopener noreferrer\"><em>Zorra Total<\/em><\/a><\/strong>, humor\u00edstico que foi exibido na mesma faixa de hor\u00e1rio que o atual\u00a0<em>Zorra\u00a0<\/em>entre 1999 e 2015.<\/p>\n<p><a href=\"https:\/\/globoplay.globo.com\/v\/8149042\/\" target=\"_blank\" rel=\"nofollow noopener noreferrer\">Clique aqui para assistir \u00e0 esquete do\u00a0<em>Zorra<\/em>\u00a0que originou a nota de rep\u00fadio.<\/a><\/p>\n<p>Leia abaixo a \u00edntegra da nota de rep\u00fadio ao\u00a0<em>Zorra<\/em>\u00a0divulgada pelo Conselho Federal de Contabilidade:<\/p>\n<p><em>&#8220;O Conselho Federal de Contabilidade vem a p\u00fablico externar rep\u00fadio ao programa Zorra Total, da TV Globo, exibido no \u00faltimo s\u00e1bado, 7, que, de forma desrespeitosa e debochada, depreciou a imagem do Profissional da Contabilidade, no epis\u00f3dio &#8216;Pr\u00eamio Nem fede e Nem cheira&#8217;.<\/em><\/p>\n<p><em>Ali\u00e1s, a Rede Globo de Televis\u00e3o, em outras oportunidades, em suas telenovelas ou miniss\u00e9ries, j\u00e1 apresentou cenas envolvendo a figura do Contador de forma depreciativa e, inobstante as manifesta\u00e7\u00f5es do CFC e de outros \u00f3rg\u00e3os da classe, permanece com essa pr\u00e1tica de vilipendiar o Profissional da Contabilidade.<\/em><\/p>\n<p><em>Lamentamos que uma empresa de comunica\u00e7\u00e3o de massa, que opera mediante concess\u00e3o do Poder P\u00fablico, utilize essa autoriza\u00e7\u00e3o estatal para difamar profissionais que det\u00eam a confian\u00e7a da sociedade por agir no interesse p\u00fablico e por exercerem sua fun\u00e7\u00e3o com zelo, dilig\u00eancia, honestidade, seriedade, integridade e compet\u00eancia em todo o Pa\u00eds.<\/em><\/p>\n<p><em>A pr\u00f3pria Rede Globo possui em seus quadros diversos contadores trabalhando para a empresa e, portanto, deveria se envergonhar de difundir tais estere\u00f3tipos de seus pr\u00f3prios funcion\u00e1rios.<\/em><\/p>\n<p><em>Em \u201cPrinc\u00edpios e Valores da TV Globo no V\u00eddeo\u201d, dispon\u00edvel em seu s\u00edtio na internet, a TV Globo afirma que tem por compromisso valorizar o Brasil e seus talentos, sua origem e cultura \u2013 principais fontes de inspira\u00e7\u00e3o para os<\/em><\/p>\n<p><em>conte\u00fados que ela pesquisa, cria, produz e exibe.<\/em><\/p>\n<p><em>Entretanto, a pr\u00e1tica que vemos em sua programa\u00e7\u00e3o n\u00e3o nos parece estar alinhada com esses princ\u00edpios. Exemplo disso est\u00e1 estampado na edi\u00e7\u00e3o do programa referido, que desrespeitou uma classe cont\u00e1bil de mais de 520 mil profissionais, que existe no Brasil e no mundo h\u00e1 mais de um s\u00e9culo, quando a TV Globo sequer pensava em existir.<\/em><\/p>\n<p><em>Lamentamos que a Dire\u00e7\u00e3o dessa empresa n\u00e3o tenha o devido zelo e acur\u00e1cia na sele\u00e7\u00e3o e na contrata\u00e7\u00e3o daqueles que fazem ou dirigem seus programas e permita que sejam produzidas pe\u00e7as de v\u00eddeo de t\u00e3o baixa qualidade art\u00edstica e nenhuma preocupa\u00e7\u00e3o com os princ\u00edpios e valores que propaga e os que regem a sua atividade empresarial.<\/em><\/p>\n<p><em>Conselho Federal de Contabilidade&#8221;<\/em><\/p>\n","protected":false},"excerpt":{"rendered":"<p>Esquete de humor\u00edstico da Globo mostrou contador vencendo o &#8216;Trof\u00e9u N\u00e3o Fede e Nem Cheira&#8217; O\u00a0Conselho Federal\u00a0de\u00a0Contabilidade\u00a0divulgou uma nota de rep\u00fadio ao\u00a0Zorra, programa de\u00a0humor\u00a0da\u00a0Globo, nesta ter\u00e7a-feira, 10. O motivo foi uma\u00a0esquete\u00a0exibida no \u00faltimo s\u00e1bado, 7, em que o\u00a0&#8220;Trof\u00e9u N\u00e3o Fede e Nem Cheira&#8221;\u00a0\u00e9 entregue a um contador, interpretado por\u00a0Welder Rodrigues. &#8220;Vamos \u00e0quele que n\u00e3o foi [&hellip;]<\/p>\n","protected":false},"author":1,"featured_media":2007,"comment_status":"open","ping_status":"open","sticky":false,"template":"","format":"standard","meta":{"jetpack_post_was_ever_published":false,"_jetpack_newsletter_access":"","_jetpack_dont_email_post_to_subs":false,"_jetpack_newsletter_tier_id":0,"_jetpack_memberships_contains_paywalled_content":false,"_jetpack_memberships_contains_paid_content":false,"footnotes":"","jetpack_publicize_message":"","jetpack_publicize_feature_enabled":true,"jetpack_social_post_already_shared":true,"jetpack_social_options":{"image_generator_settings":{"template":"highway","default_image_id":0,"font":"","enabled":false},"version":2}},"categories":[22],"tags":[320,321,21,71,205],"class_list":["post-2006","post","type-post","status-publish","format-standard","has-post-thumbnail","hentry","category-geral","tag-cfc","tag-conselho","tag-contabilidade","tag-federal","tag-nota"],"jetpack_publicize_connections":[],"jetpack_featured_media_url":"https:\/\/i0.wp.com\/cfcontabil.com\/cf\/wp-content\/uploads\/2019\/12\/CFC.png?fit=500%2C250","jetpack_sharing_enabled":true,"jetpack_shortlink":"https:\/\/wp.me\/p2wklX-wm","jetpack-related-posts":[{"id":316,"url":"http:\/\/cfcontabil.com\/cf\/caso-cachoeira-braco-direito-nao-e-contador\/","url_meta":{"origin":2006,"position":0},"title":"Caso Cachoeira: \u201cBra\u00e7o direito\u201d N\u00c3O \u00e9 Contador","author":"Vin\u00edcius Moizinho","date":"25 de janeiro de 2013","format":false,"excerpt":"Bom dia, prezados! Hoje venho lhes trazer uma informa\u00e7\u00e3o relevante que, infelizmente, tem sido negligenciada pela m\u00eddia em geral. \u00c9 a respeito de Geovani Pereira da Silva, preso por ser considerado o contador da quadrilha desmantelada pela Pol\u00edcia Federal na resolu\u00e7\u00e3o do Caso\u00a0Carlinhos Cachoeira. O Conselho Regional de Contabilidade do\u2026","rel":"","context":"Em &quot;Geral&quot;","block_context":{"text":"Geral","link":"http:\/\/cfcontabil.com\/cf\/category\/geral\/"},"img":{"alt_text":"Conselho Regional de Contabilidade do DF","src":"https:\/\/i0.wp.com\/api.ning.com\/files\/dp5RmXzcyHBAaTQGxS-th1QSkWv34NNAjXClDAZf9qtJost6xYP2BTF5WlAXh7b50XStOJdvLZ1G7XiG3i0pF1KC7TJGeZ7G\/LogoCRCDF_peq.gif?resize=350%2C200","width":350,"height":200},"classes":[]},{"id":1404,"url":"http:\/\/cfcontabil.com\/cf\/o-papel-do-profissional-da-contabilidade-na-2a-fase-do-esocial\/","url_meta":{"origin":2006,"position":1},"title":"O papel do profissional da contabilidade na 2\u00aa fase do eSocial","author":"Ab\u00edlio Gon\u00e7alves","date":"18 de outubro de 2018","format":false,"excerpt":"\u00c9 importante orientar o empres\u00e1rio para que os dados dos seus funcion\u00e1rios estejam organizados Fonte: CFC - Por Andr\u00e9a Rosa\u00a0Com informa\u00e7\u00f5es da Receita Federal do Brasil A segunda fase do eSocial teve in\u00edcio nesta quarta-feira (10), abrangendo entidades empresariais com faturamento de at\u00e9 R$ 78 milh\u00f5es no ano de 2016\u2026","rel":"","context":"Em &quot;Departamento Pessoal&quot;","block_context":{"text":"Departamento Pessoal","link":"http:\/\/cfcontabil.com\/cf\/category\/dp\/"},"img":{"alt_text":"","src":"https:\/\/i0.wp.com\/cfcontabil.com\/cf\/wp-content\/uploads\/2017\/06\/esocial-pasta-1.jpg?fit=1000%2C591&resize=350%2C200","width":350,"height":200,"srcset":"https:\/\/i0.wp.com\/cfcontabil.com\/cf\/wp-content\/uploads\/2017\/06\/esocial-pasta-1.jpg?fit=1000%2C591&resize=350%2C200 1x, https:\/\/i0.wp.com\/cfcontabil.com\/cf\/wp-content\/uploads\/2017\/06\/esocial-pasta-1.jpg?fit=1000%2C591&resize=525%2C300 1.5x, https:\/\/i0.wp.com\/cfcontabil.com\/cf\/wp-content\/uploads\/2017\/06\/esocial-pasta-1.jpg?fit=1000%2C591&resize=700%2C400 2x"},"classes":[]},{"id":611,"url":"http:\/\/cfcontabil.com\/cf\/x-convencao-de-contabildade-do-distrito-federal\/","url_meta":{"origin":2006,"position":2},"title":"X Conven\u00e7\u00e3o de Contabildade do Distrito Federal","author":"Ab\u00edlio Gon\u00e7alves","date":"10 de setembro de 2015","format":false,"excerpt":"\u201cCom a Contabilidade o Brasil se faz Transparente\u201d Com este tema que o Conselho Regional de Contabilidade do Distrito Federal (CRCDF) realizou a X Conven\u00e7\u00e3o de Contabilidade do Distrito Federal, \u00a0nos dias 20 e 21 de agosto\u00a0na sede da LBV, situada na SGAS 915 Sul. A Conven\u00e7\u00e3o de\u00a0Contabilidade \u00e9 um\u2026","rel":"","context":"Em &quot;Consultoria Empresarial&quot;","block_context":{"text":"Consultoria Empresarial","link":"http:\/\/cfcontabil.com\/cf\/category\/consultoria\/"},"img":{"alt_text":"","src":"https:\/\/i0.wp.com\/cfcontabil.com\/cf\/wp-content\/uploads\/2015\/09\/xconvencaocontabilidadedf-tema-2.png?fit=600%2C600&resize=350%2C200","width":350,"height":200,"srcset":"https:\/\/i0.wp.com\/cfcontabil.com\/cf\/wp-content\/uploads\/2015\/09\/xconvencaocontabilidadedf-tema-2.png?fit=600%2C600&resize=350%2C200 1x, https:\/\/i0.wp.com\/cfcontabil.com\/cf\/wp-content\/uploads\/2015\/09\/xconvencaocontabilidadedf-tema-2.png?fit=600%2C600&resize=525%2C300 1.5x"},"classes":[]},{"id":367,"url":"http:\/\/cfcontabil.com\/cf\/o-contador-na-era-tecnologica\/","url_meta":{"origin":2006,"position":3},"title":"O Contador na Era Tecnol\u00f3gica","author":"Vin\u00edcius Moizinho","date":"18 de setembro de 2013","format":false,"excerpt":"Bom dia, prezados! \u00c9 fato que a internacionaliza\u00e7\u00e3o das normas cont\u00e1beis deu ao contador outro perfil. A ultrapassada imagem que vinculada ao contador brasileiro, como sendo o guarda-livros de caneta atr\u00e1s da orelha, n\u00e3o passa hoje de folclore e caricatura. A abertura dos mercados globais tornou a Contabilidade a quarta\u2026","rel":"","context":"Em &quot;Consultoria Empresarial&quot;","block_context":{"text":"Consultoria Empresarial","link":"http:\/\/cfcontabil.com\/cf\/category\/consultoria\/"},"img":{"alt_text":"","src":"https:\/\/i0.wp.com\/www.serkat.com.br\/img\/topo\/servicos.jpg?resize=350%2C200","width":350,"height":200},"classes":[]},{"id":1026,"url":"http:\/\/cfcontabil.com\/cf\/dia-do-contador\/","url_meta":{"origin":2006,"position":4},"title":"Dia do Contador","author":"Vin\u00edcius Moizinho","date":"21 de setembro de 2012","format":false,"excerpt":"Nos antecipando um pouquinho aos final de semana, fica a lembran\u00e7a: \u00a0contabilista, parab\u00e9ns pelo seu dia! Como homenagem, reproduzimos texto de Fernando Kitzinger Dannemann, dispon\u00edvel no portal Recando das Letras. Confira! DIA DO CONTADOR - 22 de setembro\u00a0 \u00a0\u00a0\u00a0\u00a0\u00a0\u00a0\u00a0\u00a0\u00a0\u00a0Regulamentada pelo decreto n\u00ba 9295 de 1946, a profiss\u00e3o de contador tem\u2026","rel":"","context":"Em &quot;Geral&quot;","block_context":{"text":"Geral","link":"http:\/\/cfcontabil.com\/cf\/category\/geral\/"},"img":{"alt_text":"","src":"https:\/\/i0.wp.com\/cfcontabil.com\/cf\/wp-content\/uploads\/2012\/09\/Dia-do-Contador.png?resize=350%2C200","width":350,"height":200},"classes":[]},{"id":2293,"url":"http:\/\/cfcontabil.com\/cf\/dia-do-trabalho-pandemia-da-covid-19-trouxe-mudancas-na-rotina-dos-profissionais-da-contabilidade\/","url_meta":{"origin":2006,"position":5},"title":"Dia do Trabalho: Pandemia da Covid-19 trouxe mudan\u00e7as na rotina dos profissionais da contabilidade","author":"Ab\u00edlio Gon\u00e7alves","date":"5 de maio de 2020","format":false,"excerpt":"A limita\u00e7\u00e3o do contato social e da circula\u00e7\u00e3o de pessoas, como forma de combate e controle \u00e0 pandemia da Covid-19, e a crise econ\u00f4mica gerada pela doen\u00e7a impactaram diretamente na vida do trabalhador. Como um elo importante da cadeia econ\u00f4mica dos pa\u00edses, os profissionais da contabilidade sentem os efeitos da\u2026","rel":"","context":"Em &quot;Geral&quot;","block_context":{"text":"Geral","link":"http:\/\/cfcontabil.com\/cf\/category\/geral\/"},"img":{"alt_text":"","src":"https:\/\/i0.wp.com\/cfcontabil.com\/cf\/wp-content\/uploads\/2020\/04\/coronavirus-continentes-mundo.jpeg?resize=350%2C200","width":350,"height":200,"srcset":"https:\/\/i0.wp.com\/cfcontabil.com\/cf\/wp-content\/uploads\/2020\/04\/coronavirus-continentes-mundo.jpeg?resize=350%2C200 1x, https:\/\/i0.wp.com\/cfcontabil.com\/cf\/wp-content\/uploads\/2020\/04\/coronavirus-continentes-mundo.jpeg?resize=525%2C300 1.5x"},"classes":[]}],"jetpack_likes_enabled":true,"_links":{"self":[{"href":"http:\/\/cfcontabil.com\/cf\/wp-json\/wp\/v2\/posts\/2006","targetHints":{"allow":["GET"]}}],"collection":[{"href":"http:\/\/cfcontabil.com\/cf\/wp-json\/wp\/v2\/posts"}],"about":[{"href":"http:\/\/cfcontabil.com\/cf\/wp-json\/wp\/v2\/types\/post"}],"author":[{"embeddable":true,"href":"http:\/\/cfcontabil.com\/cf\/wp-json\/wp\/v2\/users\/1"}],"replies":[{"embeddable":true,"href":"http:\/\/cfcontabil.com\/cf\/wp-json\/wp\/v2\/comments?post=2006"}],"version-history":[{"count":1,"href":"http:\/\/cfcontabil.com\/cf\/wp-json\/wp\/v2\/posts\/2006\/revisions"}],"predecessor-version":[{"id":2009,"href":"http:\/\/cfcontabil.com\/cf\/wp-json\/wp\/v2\/posts\/2006\/revisions\/2009"}],"wp:featuredmedia":[{"embeddable":true,"href":"http:\/\/cfcontabil.com\/cf\/wp-json\/wp\/v2\/media\/2007"}],"wp:attachment":[{"href":"http:\/\/cfcontabil.com\/cf\/wp-json\/wp\/v2\/media?parent=2006"}],"wp:term":[{"taxonomy":"category","embeddable":true,"href":"http:\/\/cfcontabil.com\/cf\/wp-json\/wp\/v2\/categories?post=2006"},{"taxonomy":"post_tag","embeddable":true,"href":"http:\/\/cfcontabil.com\/cf\/wp-json\/wp\/v2\/tags?post=2006"}],"curies":[{"name":"wp","href":"https:\/\/api.w.org\/{rel}","templated":true}]}}