{"id":2010,"date":"2019-12-12T08:39:33","date_gmt":"2019-12-12T11:39:33","guid":{"rendered":"http:\/\/cfcontabil.com\/cf\/?p=2010"},"modified":"2019-12-12T08:39:33","modified_gmt":"2019-12-12T11:39:33","slug":"cresceu-19-a-economia-do-df-no-terceiro-trimestre-de-2019","status":"publish","type":"post","link":"http:\/\/cfcontabil.com\/cf\/cresceu-19-a-economia-do-df-no-terceiro-trimestre-de-2019\/","title":{"rendered":"Cresceu 1,9% a economia do DF no terceiro trimestre de 2019"},"content":{"rendered":"<p>Todos os setores locais evolu\u00edram, com destaque para a Constru\u00e7\u00e3o Civil que reverteu uma s\u00e9rie de resultados negativos desde 2013 e ascendeu 0,8%<\/p>\n<div class=\"mvp-author-info-wrap left relative\"><img data-recalc-dims=\"1\" decoding=\"async\" src=\"https:\/\/i0.wp.com\/jornaldebrasilia.com.br\/wp-content\/uploads\/2019\/12\/economia_ilustracao-2.jpg?w=1170&#038;ssl=1\" \/><\/div>\n<div>\n<header class=\"single__topo \">\n<p class=\"single__topo--assinatura bold text-uppercase\">Segundo o \u00cdndice de Desempenho Econ\u00f4mico do Distrito Federal (Idecon-DF), a economia do Distrito Federal cresceu 1,8% no terceiro trimestre de 2019 na compara\u00e7\u00e3o com o mesmo per\u00edodo do ano anterior. O dado foi apresentado nesta quarta-feira (11), no Pal\u00e1cio do Buriti.<\/p>\n<\/header>\n<div class=\"single__conteudo noticia\">\n<p dir=\"ltr\">Os n\u00fameros positivos se estenderam a todos os setores locais, como a agropecu\u00e1ria, com 1,4%; o setor de servi\u00e7os, com 1,8%; e a ind\u00fastria, com 1,4%. Outro destaque foi a constru\u00e7\u00e3o civil, com alta de 0,8%, o melhor resultado desde junho de 2013.<\/p>\n<p dir=\"ltr\">A divulga\u00e7\u00e3o dos indicadores ocorreu durante o Painel An\u00e1lises Econ\u00f4micas, evento realizado em parceria entre a Secretaria de Economia e a Companhia de Planejamento do Distrito Federal (Codeplan).<\/p>\n<p dir=\"ltr\">\u201cOs indicadores apontam uma melhora na economia do Distrito Federal em compara\u00e7\u00e3o tanto ao pa\u00eds como a outros estados. Tivemos um crescimento do Produto Interno Bruto (PIB) de 1,8%, enquanto a m\u00e9dia do pa\u00eds est\u00e1 em 1%. A grosso modo \u00e9 quase o dobro. A infla\u00e7\u00e3o do DF \u00e9 a menor do pa\u00eds. Estamos com 2,11%, que \u00e9 abaixo do m\u00ednimo da meta nacional de 2,89%\u201d, aponta o presidente da Codeplan, Jean Lima.<\/p>\n<div id=\"jorna-20445171\" class=\"jorna-teads\"><\/div>\n<p dir=\"ltr\">A infla\u00e7\u00e3o menor, segundo Jean Lima, reflete nos bons n\u00fameros do com\u00e9rcio. \u201cSignifica o aumento da capacidade de consumo das fam\u00edlias. \u00c9 um dado muito positivo, com acesso maior ao cr\u00e9dito e outras pol\u00edticas que o GDF vem desenvolvendo\u201d, refor\u00e7a.<\/p>\n<p dir=\"ltr\">Ao citar medidas que o governo tomou para a redu\u00e7\u00e3o de tributos, como o fim do diferencial de al\u00edquota (Difal), o secret\u00e1rio de Economia, Andr\u00e9 Clemente, tamb\u00e9m destacou a evolu\u00e7\u00e3o do PIB.<\/p>\n<p dir=\"ltr\">\u201cSe n\u00e3o tivermos finan\u00e7as saud\u00e1veis n\u00e3o teremos um DF melhor. Por isso o governador Ibaneis Rocha tem dado uma import\u00e2ncia enorme \u00e0 \u00e1rea econ\u00f4mica. Temos planejado todas as a\u00e7\u00f5es pensando no macro, no micro e na economia individual, nas fam\u00edlias. N\u00e3o adianta viver s\u00f3 de teses. Tivemos um crescimento do PIB que foi quase o dobro do governo federal. \u00c9 uma s\u00e9rie de medidas que comprovam que estamos no caminho. \u00c9 s\u00f3 o come\u00e7o\u201d, afirma o secret\u00e1rio de Economia, Andr\u00e9 Clemente.<\/p>\n<p dir=\"ltr\">A evolu\u00e7\u00e3o nos \u00edndices do DF tamb\u00e9m foi destacada pela gerente de Contas e Estudos Setoriais, Clarissa Jahns Schlabitz. \u201cA economia do Distrito Federal tem mostrado uma trajet\u00f3ria de recupera\u00e7\u00e3o econ\u00f4mica consistente ao longo dos \u00faltimos trimestres. Este \u00e9 o quarto resultado do Idecon com varia\u00e7\u00e3o percentual acima da varia\u00e7\u00e3o do PIB do Brasil, que foi de 1,2%\u201d.<\/p>\n<p dir=\"ltr\"><strong>Com\u00e9rcio e cr\u00e9dito<\/strong><\/p>\n<p dir=\"ltr\">Respons\u00e1vel por 95,7% da economia do DF, o setor de servi\u00e7os manteve a linha ascendente. A \u00e1rea de com\u00e9rcio registrou eleva\u00e7\u00e3o de 2,6%, ap\u00f3s crescimento de 1,0% no per\u00edodo anterior.<\/p>\n<p dir=\"ltr\">Colaborou para os indicadores auxiliares desse crescimento a expans\u00e3o do saldo de cr\u00e9dito a pessoas f\u00edsicas. A trajet\u00f3ria se manteve crescente desde abril de 2019, atingindo em setembro um valor 5,2% superior ao obtido no mesmo m\u00eas do ano anterior.<\/p>\n<p dir=\"ltr\">\u201cO cr\u00e9dito a pessoas f\u00edsicas possui boa rela\u00e7\u00e3o com o consumo das fam\u00edlias, e o volume de com\u00e9rcio, principalmente na compra de bens dur\u00e1veis, como autom\u00f3veis e geladeira, e semidur\u00e1veis, como vestu\u00e1rios e cal\u00e7ados\u201d, aponta Clarrisa Schlabitz.<\/p>\n<p dir=\"ltr\"><strong>Constru\u00e7\u00e3o Civil<\/strong><\/p>\n<p dir=\"ltr\">Outra setor que merece aten\u00e7\u00e3o \u00e9 o da constru\u00e7\u00e3o civil. Os resultados negativos que vinham desde 2013 foram revertidos, com um aumento de 0,8% no terceiro trimestre de 2019. \u201c\u00c9 uma tend\u00eancia que a Constru\u00e7\u00e3o Civil est\u00e1 retomando\u201d, lembra Jean Lima.<\/p>\n<p dir=\"ltr\">O presidente da Codeplan lista a pol\u00edtica de libera\u00e7\u00e3o dos alvar\u00e1s e do ICMS para setores da constru\u00e7\u00e3o civil como pontos para essa ascendente. \u201cIsso tem ajudado bastante a dinamizar esse setor. Olhando para 2020 a proje\u00e7\u00e3o \u00e9 que continue com um aumento lento e gradual\u201d.<\/p>\n<p dir=\"ltr\">Com informa\u00e7\u00f5es da Ag\u00eancia Bras\u00edlia.<\/p>\n<\/div>\n<\/div>\n","protected":false},"excerpt":{"rendered":"<p>Todos os setores locais evolu\u00edram, com destaque para a Constru\u00e7\u00e3o Civil que reverteu uma s\u00e9rie de resultados negativos desde 2013 e ascendeu 0,8% Segundo o \u00cdndice de Desempenho Econ\u00f4mico do Distrito Federal (Idecon-DF), a economia do Distrito Federal cresceu 1,8% no terceiro trimestre de 2019 na compara\u00e7\u00e3o com o mesmo per\u00edodo do ano anterior. O [&hellip;]<\/p>\n","protected":false},"author":1,"featured_media":1836,"comment_status":"open","ping_status":"open","sticky":false,"template":"","format":"standard","meta":{"jetpack_post_was_ever_published":false,"_jetpack_newsletter_access":"","_jetpack_dont_email_post_to_subs":false,"_jetpack_newsletter_tier_id":0,"_jetpack_memberships_contains_paywalled_content":false,"_jetpack_memberships_contains_paid_content":false,"footnotes":"","jetpack_publicize_message":"","jetpack_publicize_feature_enabled":true,"jetpack_social_post_already_shared":true,"jetpack_social_options":{"image_generator_settings":{"template":"highway","default_image_id":0,"font":"","enabled":false},"version":2}},"categories":[60],"tags":[301,112,731],"class_list":["post-2010","post","type-post","status-publish","format-standard","has-post-thumbnail","hentry","category-consultoria","tag-crescimento","tag-gdf","tag-setores"],"jetpack_publicize_connections":[],"jetpack_featured_media_url":"https:\/\/i0.wp.com\/cfcontabil.com\/cf\/wp-content\/uploads\/2019\/10\/empresarios.jpg?fit=640%2C433","jetpack_sharing_enabled":true,"jetpack_shortlink":"https:\/\/wp.me\/p2wklX-wq","jetpack-related-posts":[{"id":2615,"url":"http:\/\/cfcontabil.com\/cf\/comercio-e-servicos-do-df-reagem-a-crise-e-voltam-a-contratar\/","url_meta":{"origin":2010,"position":0},"title":"Com\u00e9rcio e servi\u00e7os do DF reagem \u00e0 crise e voltam a contratar","author":"Ab\u00edlio Gon\u00e7alves","date":"9 de agosto de 2021","format":false,"excerpt":"O n\u00famero de empregados aumentou 12,3% em junho de 2021, se comparado ao mesmo per\u00edodo do ano passado Governo e empres\u00e1rios est\u00e3o animados porque, finalmente, o com\u00e9rcio e os servi\u00e7os est\u00e3o se recuperando, segundo empregadores, depois de um longo tempo em recess\u00e3o. O aquecimento desses setores gerou 24 mil novos\u2026","rel":"","context":"Em &quot;Geral&quot;","block_context":{"text":"Geral","link":"http:\/\/cfcontabil.com\/cf\/category\/geral\/"},"img":{"alt_text":"","src":"https:\/\/i0.wp.com\/cfcontabil.com\/cf\/wp-content\/uploads\/2017\/05\/carteira-de-trabalho-1.jpg?fit=590%2C302&resize=350%2C200","width":350,"height":200,"srcset":"https:\/\/i0.wp.com\/cfcontabil.com\/cf\/wp-content\/uploads\/2017\/05\/carteira-de-trabalho-1.jpg?fit=590%2C302&resize=350%2C200 1x, https:\/\/i0.wp.com\/cfcontabil.com\/cf\/wp-content\/uploads\/2017\/05\/carteira-de-trabalho-1.jpg?fit=590%2C302&resize=525%2C300 1.5x"},"classes":[]},{"id":2093,"url":"http:\/\/cfcontabil.com\/cf\/confianca-do-empresario-do-comercio-tem-melhora-janeiro-desde-2013\/","url_meta":{"origin":2010,"position":1},"title":"Confian\u00e7a do empres\u00e1rio do com\u00e9rcio aumentou em janeiro desde 2013","author":"Ab\u00edlio Gon\u00e7alves","date":"20 de janeiro de 2020","format":false,"excerpt":"Com crescimento mensal de 2%, Icec chega \u00e0 quinta alta seguida no primeiro m\u00eas de 2020 A confian\u00e7a do empres\u00e1rio do com\u00e9rcio apresentou a quinta alta consecutiva em janeiro de 2020, de acordo com o \u00cdndice de Confian\u00e7a do Empres\u00e1rio do Com\u00e9rcio (Icec), medido pela Confedera\u00e7\u00e3o Nacional do Com\u00e9rcio de\u2026","rel":"","context":"Em &quot;Consultoria Empresarial&quot;","block_context":{"text":"Consultoria Empresarial","link":"http:\/\/cfcontabil.com\/cf\/category\/consultoria\/"},"img":{"alt_text":"","src":"https:\/\/i0.wp.com\/cfcontabil.com\/cf\/wp-content\/uploads\/2020\/01\/loja-ciclista-bicicleta.jpg?fit=733%2C458&resize=350%2C200","width":350,"height":200,"srcset":"https:\/\/i0.wp.com\/cfcontabil.com\/cf\/wp-content\/uploads\/2020\/01\/loja-ciclista-bicicleta.jpg?fit=733%2C458&resize=350%2C200 1x, https:\/\/i0.wp.com\/cfcontabil.com\/cf\/wp-content\/uploads\/2020\/01\/loja-ciclista-bicicleta.jpg?fit=733%2C458&resize=525%2C300 1.5x, https:\/\/i0.wp.com\/cfcontabil.com\/cf\/wp-content\/uploads\/2020\/01\/loja-ciclista-bicicleta.jpg?fit=733%2C458&resize=700%2C400 2x"},"classes":[]},{"id":2321,"url":"http:\/\/cfcontabil.com\/cf\/distrito-federal-ajuda-empresas-a-abrirem-mais-rapido\/","url_meta":{"origin":2010,"position":2},"title":"Distrito Federal ajuda empresas a abrirem mais r\u00e1pido","author":"Ab\u00edlio Gon\u00e7alves","date":"14 de julho de 2020","format":false,"excerpt":"Etapas de an\u00e1lise para obter registro empresarial tiveram, em junho, o menor tempo de execu\u00e7\u00e3o em todo o pa\u00eds Gra\u00e7as ao ambiente 100% digital, \u00e0 integra\u00e7\u00e3o entre os \u00f3rg\u00e3os e ao regime de teletrabalho implementados pela Junta Comercial, Industrial e Servi\u00e7os do Distrito Federal (Jucis-DF), empres\u00e1rios e contadores podem contar\u2026","rel":"","context":"Em \"abertura\"","block_context":{"text":"abertura","link":"http:\/\/cfcontabil.com\/cf\/tag\/abertura\/"},"img":{"alt_text":"","src":"https:\/\/i0.wp.com\/cfcontabil.com\/cf\/wp-content\/uploads\/2019\/12\/abertura-de-Empresas.jpg?fit=1080%2C640&resize=350%2C200","width":350,"height":200,"srcset":"https:\/\/i0.wp.com\/cfcontabil.com\/cf\/wp-content\/uploads\/2019\/12\/abertura-de-Empresas.jpg?fit=1080%2C640&resize=350%2C200 1x, https:\/\/i0.wp.com\/cfcontabil.com\/cf\/wp-content\/uploads\/2019\/12\/abertura-de-Empresas.jpg?fit=1080%2C640&resize=525%2C300 1.5x, https:\/\/i0.wp.com\/cfcontabil.com\/cf\/wp-content\/uploads\/2019\/12\/abertura-de-Empresas.jpg?fit=1080%2C640&resize=700%2C400 2x, https:\/\/i0.wp.com\/cfcontabil.com\/cf\/wp-content\/uploads\/2019\/12\/abertura-de-Empresas.jpg?fit=1080%2C640&resize=1050%2C600 3x"},"classes":[]},{"id":1904,"url":"http:\/\/cfcontabil.com\/cf\/secretaria-assina-primeiro-contrato-do-emprega-df\/","url_meta":{"origin":2010,"position":3},"title":"Secretaria assina primeiro contrato do Emprega DF","author":"Ab\u00edlio Gon\u00e7alves","date":"18 de novembro de 2019","format":false,"excerpt":"Empresa vai gerar 130 novos postos de trabalho. Desconto no ICMS chegar\u00e1 67% e j\u00e1 reflete em investimentos Criado em meados abril para incentivar os investimentos no Distrito Federal, o programa\u00a0Emprega DF\u00a0come\u00e7a a sair do papel. O grupo empresarial SKS foi o primeiro a assinar contrato com a Secretaria de\u2026","rel":"","context":"Em &quot;Geral&quot;","block_context":{"text":"Geral","link":"http:\/\/cfcontabil.com\/cf\/category\/geral\/"},"img":{"alt_text":"","src":"https:\/\/i0.wp.com\/cfcontabil.com\/cf\/wp-content\/uploads\/2019\/11\/Emprega-DF.jpg?fit=680%2C451&resize=350%2C200","width":350,"height":200,"srcset":"https:\/\/i0.wp.com\/cfcontabil.com\/cf\/wp-content\/uploads\/2019\/11\/Emprega-DF.jpg?fit=680%2C451&resize=350%2C200 1x, https:\/\/i0.wp.com\/cfcontabil.com\/cf\/wp-content\/uploads\/2019\/11\/Emprega-DF.jpg?fit=680%2C451&resize=525%2C300 1.5x"},"classes":[]},{"id":2357,"url":"http:\/\/cfcontabil.com\/cf\/aprovacao-do-refis-salvara-diversas-empresas-afirma-fecomercio-df\/","url_meta":{"origin":2010,"position":4},"title":"\u201cAprova\u00e7\u00e3o do Refis salvar\u00e1 diversas empresas\u201d, afirma Fecom\u00e9rcio-DF","author":"Ab\u00edlio Gon\u00e7alves","date":"4 de novembro de 2020","format":false,"excerpt":"Projeto foi aprovado nesta ter\u00e7a-feira na CLDF e seguiu para san\u00e7\u00e3o do governador Ibaneis Rocha Muito aguardado pelo setor produtivo do Distrito Federal, o Programa de Incentivo \u00e0 Regulariza\u00e7\u00e3o Fiscal do Distrito Federal (Refis-DF) foi aprovado pela C\u00e2mara Legislativa na noite desta ter\u00e7a-feira (3\/11). Agora, o texto segue para an\u00e1lise\u2026","rel":"","context":"Em &quot;Departamento Fiscal&quot;","block_context":{"text":"Departamento Fiscal","link":"http:\/\/cfcontabil.com\/cf\/category\/df\/"},"img":{"alt_text":"","src":"https:\/\/i0.wp.com\/cfcontabil.com\/cf\/wp-content\/uploads\/2020\/11\/cldf-01-fb.jpg?fit=600%2C315&resize=350%2C200","width":350,"height":200,"srcset":"https:\/\/i0.wp.com\/cfcontabil.com\/cf\/wp-content\/uploads\/2020\/11\/cldf-01-fb.jpg?fit=600%2C315&resize=350%2C200 1x, https:\/\/i0.wp.com\/cfcontabil.com\/cf\/wp-content\/uploads\/2020\/11\/cldf-01-fb.jpg?fit=600%2C315&resize=525%2C300 1.5x"},"classes":[]},{"id":1932,"url":"http:\/\/cfcontabil.com\/cf\/programa-de-integridade-ajuda-pequena-empresa-do-df-a-se-adequar-a-lei\/","url_meta":{"origin":2010,"position":5},"title":"Programa de integridade ajuda pequena empresa do DF a se adequar \u00e0 lei","author":"Ab\u00edlio Gon\u00e7alves","date":"21 de novembro de 2019","format":false,"excerpt":"Legisla\u00e7\u00e3o que entrar\u00e1 em vigor em 1\u00ba de janeiro de 2020 exige compliance em companhias de todos os portes que prestam servi\u00e7os para o governo distrital A Lei 6.308\/2019 come\u00e7ar\u00e1 a valer em 1\u00ba de janeiro de 2020 e todas empresas que t\u00eam contratos com o governo do\u00a0Distrito Federal\u00a0dever\u00e3o implementar\u2026","rel":"","context":"Em &quot;Geral&quot;","block_context":{"text":"Geral","link":"http:\/\/cfcontabil.com\/cf\/category\/geral\/"},"img":{"alt_text":"","src":"https:\/\/i0.wp.com\/cfcontabil.com\/cf\/wp-content\/uploads\/2019\/11\/programa-integridade-df-20191120174710797573u.jpg?fit=675%2C449&resize=350%2C200","width":350,"height":200,"srcset":"https:\/\/i0.wp.com\/cfcontabil.com\/cf\/wp-content\/uploads\/2019\/11\/programa-integridade-df-20191120174710797573u.jpg?fit=675%2C449&resize=350%2C200 1x, https:\/\/i0.wp.com\/cfcontabil.com\/cf\/wp-content\/uploads\/2019\/11\/programa-integridade-df-20191120174710797573u.jpg?fit=675%2C449&resize=525%2C300 1.5x"},"classes":[]}],"jetpack_likes_enabled":true,"_links":{"self":[{"href":"http:\/\/cfcontabil.com\/cf\/wp-json\/wp\/v2\/posts\/2010","targetHints":{"allow":["GET"]}}],"collection":[{"href":"http:\/\/cfcontabil.com\/cf\/wp-json\/wp\/v2\/posts"}],"about":[{"href":"http:\/\/cfcontabil.com\/cf\/wp-json\/wp\/v2\/types\/post"}],"author":[{"embeddable":true,"href":"http:\/\/cfcontabil.com\/cf\/wp-json\/wp\/v2\/users\/1"}],"replies":[{"embeddable":true,"href":"http:\/\/cfcontabil.com\/cf\/wp-json\/wp\/v2\/comments?post=2010"}],"version-history":[{"count":1,"href":"http:\/\/cfcontabil.com\/cf\/wp-json\/wp\/v2\/posts\/2010\/revisions"}],"predecessor-version":[{"id":2011,"href":"http:\/\/cfcontabil.com\/cf\/wp-json\/wp\/v2\/posts\/2010\/revisions\/2011"}],"wp:featuredmedia":[{"embeddable":true,"href":"http:\/\/cfcontabil.com\/cf\/wp-json\/wp\/v2\/media\/1836"}],"wp:attachment":[{"href":"http:\/\/cfcontabil.com\/cf\/wp-json\/wp\/v2\/media?parent=2010"}],"wp:term":[{"taxonomy":"category","embeddable":true,"href":"http:\/\/cfcontabil.com\/cf\/wp-json\/wp\/v2\/categories?post=2010"},{"taxonomy":"post_tag","embeddable":true,"href":"http:\/\/cfcontabil.com\/cf\/wp-json\/wp\/v2\/tags?post=2010"}],"curies":[{"name":"wp","href":"https:\/\/api.w.org\/{rel}","templated":true}]}}