{"id":2012,"date":"2019-12-13T11:59:20","date_gmt":"2019-12-13T14:59:20","guid":{"rendered":"http:\/\/cfcontabil.com\/cf\/?p=2012"},"modified":"2019-12-13T11:59:20","modified_gmt":"2019-12-13T14:59:20","slug":"receita-federal-notifica-179-mil-empresas-de-todo-pais-por-divergencias-no-irpj-e-na-csll","status":"publish","type":"post","link":"http:\/\/cfcontabil.com\/cf\/receita-federal-notifica-179-mil-empresas-de-todo-pais-por-divergencias-no-irpj-e-na-csll\/","title":{"rendered":"Receita Federal notifica 17,9 mil empresas de todo pa\u00eds por diverg\u00eancias no IRPJ e na CSLL"},"content":{"rendered":"<h2 class=\"content-head__subtitle\">Empresas poder\u00e3o recolher os valores devidos at\u00e9 31 de janeiro. Se n\u00e3o se regularizarem, multa prevista vai de 75% a 225%, al\u00e9m dos juros de mora.<\/h2>\n<div class=\"mc-column content-text active-extra-styles active-capital-letter\" data-block-type=\"unstyled\" data-block-weight=\"43\" data-block-id=\"1\">\n<p class=\"content-text__container theme-color-primary-first-letter\" data-track-category=\"Link no Texto\" data-track-links=\"\">A Secretaria da Receita Federal informou nesta quinta-feira (12) que notificou 17.934 empresas de todo o pa\u00eds para pagar diferen\u00e7as relativas ao recolhimento de Imposto de Renda Pessoa Jur\u00eddica (IRPJ) e Contribui\u00e7\u00e3o Social sobre Lucro L\u00edquido (CSLL) sobre rendimentos de aplica\u00e7\u00f5es financeiras.<\/p>\n<\/div>\n<div class=\"wall protected-content\">\n<div class=\"mc-column content-text active-extra-styles \" data-block-type=\"unstyled\" data-block-weight=\"47\" data-block-id=\"2\">\n<p class=\"content-text__container \" data-track-category=\"Link no Texto\" data-track-links=\"\">Com rela\u00e7\u00e3o a essas pessoas jur\u00eddicas, que s\u00e3o optantes do regime de lucro presumido, o Fisco identificou &#8220;diverg\u00eancias&#8221; de R$ 1,6 bilh\u00e3o entre a ECF (Escritura\u00e7\u00e3o Cont\u00e1bil Fiscal) e a DIRF (Declara\u00e7\u00e3o do Imposto de Renda Retido na Fonte). O per\u00edodo analisado vai de 2015 a 2017.<\/p>\n<\/div>\n<div class=\"mc-column content-text active-extra-styles \" data-block-type=\"unstyled\" data-block-weight=\"54\" data-block-id=\"3\">\n<p class=\"content-text__container \" data-track-category=\"Link no Texto\" data-track-links=\"\">&#8220;No procedimento de revis\u00e3o, n\u00e3o foram identificados os recolhimentos devidos sobre rendimentos de aplica\u00e7\u00f5es financeiras de renda fixa e\/ou JCP &#8211; Juro\u2013 sobre Capital Pr\u00f3prio, visto que esses valores deveriam ter sido adicionados \u00e0 base de c\u00e1lculo do Imposto de Renda Pessoa Jur\u00eddica e da Contribui\u00e7\u00e3o Social sobre Lucro L\u00edquido&#8221;, explicou o \u00f3rg\u00e3o.<\/p>\n<\/div>\n<div class=\"mc-column content-text active-extra-styles \" data-block-type=\"unstyled\" data-block-weight=\"53\" data-block-id=\"4\">\n<p class=\"content-text__container \" data-track-category=\"Link no Texto\" data-track-links=\"\">Nessa fase da opera\u00e7\u00e3o, explicou a Receita Federal, as empresas est\u00e3o recebendo uma &#8220;Carta de Autorregulariza\u00e7\u00e3o&#8221; e t\u00eam a possibilidade de recolher os valores devidos, conforme as orienta\u00e7\u00f5es detalhadas no documento, at\u00e9 31\/01\/2020. Com isso, poder\u00e3o evitar autua\u00e7\u00e3o da Receita Federal com acr\u00e9scimo de multa (75% a 225%) al\u00e9m dos juros de mora.<\/p>\n<\/div>\n<div class=\"mc-column content-text active-extra-styles \" data-block-type=\"unstyled\" data-block-weight=\"29\" data-block-id=\"5\">\n<p class=\"content-text__container \" data-track-category=\"Link no Texto\" data-track-links=\"\">Para confirmar a veracidade das cartas enviadas, o Fisco informou que tamb\u00e9m encaminhar\u00e1 mensagem para a caixa postal dos respectivos contribuintes, que podem ser\u00a0<a href=\"http:\/\/idg.receita.fazenda.gov.br\/interface\/atendimento-virtual\" target=\"_blank\" rel=\"noopener noreferrer\">acessadas por meio do e-CAC.<\/a><\/p>\n<\/div>\n<\/div>\n","protected":false},"excerpt":{"rendered":"<p>Empresas poder\u00e3o recolher os valores devidos at\u00e9 31 de janeiro. Se n\u00e3o se regularizarem, multa prevista vai de 75% a 225%, al\u00e9m dos juros de mora. A Secretaria da Receita Federal informou nesta quinta-feira (12) que notificou 17.934 empresas de todo o pa\u00eds para pagar diferen\u00e7as relativas ao recolhimento de Imposto de Renda Pessoa Jur\u00eddica [&hellip;]<\/p>\n","protected":false},"author":1,"featured_media":2013,"comment_status":"open","ping_status":"open","sticky":false,"template":"","format":"standard","meta":{"jetpack_post_was_ever_published":false,"_jetpack_newsletter_access":"","_jetpack_dont_email_post_to_subs":false,"_jetpack_newsletter_tier_id":0,"_jetpack_memberships_contains_paywalled_content":false,"_jetpack_memberships_contains_paid_content":false,"footnotes":"","jetpack_publicize_message":"","jetpack_publicize_feature_enabled":true,"jetpack_social_post_already_shared":true,"jetpack_social_options":{"image_generator_settings":{"template":"highway","default_image_id":0,"font":"","enabled":false},"version":2}},"categories":[46],"tags":[733,339,613,379,199,732],"class_list":["post-2012","post","type-post","status-publish","format-standard","has-post-thumbnail","hentry","category-df","tag-csll","tag-dirf","tag-ecac","tag-ecd","tag-fiscal","tag-irpj"],"jetpack_publicize_connections":[],"jetpack_featured_media_url":"https:\/\/i0.wp.com\/cfcontabil.com\/cf\/wp-content\/uploads\/2019\/12\/imposto-renda.png?fit=1434%2C918","jetpack_sharing_enabled":true,"jetpack_shortlink":"https:\/\/wp.me\/p2wklX-ws","jetpack-related-posts":[{"id":554,"url":"http:\/\/cfcontabil.com\/cf\/saiba-quais-sao-os-tributos-que-todo-empreendedor-precisa-conhecer\/","url_meta":{"origin":2012,"position":0},"title":"Saiba quais s\u00e3o os tributos que todo empreendedor precisa conhecer","author":"Vin\u00edcius Moizinho","date":"14 de agosto de 2014","format":false,"excerpt":"\u00a0 Uma boa administra\u00e7\u00e3o tribut\u00e1ria desde o come\u00e7o do neg\u00f3cio pode fazer diferen\u00e7a no sucesso. Confira a excelente compila\u00e7\u00e3o sobre o assunto publicada pela Endeavor Brasil e redistribu\u00edda pelo Di\u00e1rio Catarinense. \u00a0 N\u00e3o \u00e9 incomum ouvir dizer que o Brasil \u00e9 o \u201cpa\u00eds dos impostos\u201d, mas \u00e9 importante ter claro\u2026","rel":"","context":"Em &quot;Consultoria Empresarial&quot;","block_context":{"text":"Consultoria Empresarial","link":"http:\/\/cfcontabil.com\/cf\/category\/consultoria\/"},"img":{"alt_text":"","src":"","width":0,"height":0},"classes":[]},{"id":908,"url":"http:\/\/cfcontabil.com\/cf\/proposta-cria-declaracao-fiscal-unica-para-organizacoes-sem-fins-lucrativos\/","url_meta":{"origin":2012,"position":1},"title":"Proposta cria declara\u00e7\u00e3o fiscal \u00fanica para organiza\u00e7\u00f5es sem fins lucrativos","author":"Ab\u00edlio Gon\u00e7alves","date":"2 de fevereiro de 2017","format":false,"excerpt":"Para simplificar a presta\u00e7\u00e3o de contas das organiza\u00e7\u00f5es que atuam no terceiro setor, projeto que tramita no Senado cria uma declara\u00e7\u00e3o fiscal e socioecon\u00f4mica \u00fanica para essas pessoas jur\u00eddicas. O terceiro setor \u00e9 composto por empresas e entidades de direito privado, que contam com isen\u00e7\u00f5es tribut\u00e1rias por exercerem atividades de\u2026","rel":"","context":"Em &quot;Departamento Fiscal&quot;","block_context":{"text":"Departamento Fiscal","link":"http:\/\/cfcontabil.com\/cf\/category\/df\/"},"img":{"alt_text":"","src":"https:\/\/i0.wp.com\/cfcontabil.com\/cf\/wp-content\/uploads\/2017\/01\/associa%C3%A7%C3%A3o-1.jpg?fit=1200%2C380&resize=350%2C200","width":350,"height":200,"srcset":"https:\/\/i0.wp.com\/cfcontabil.com\/cf\/wp-content\/uploads\/2017\/01\/associa%C3%A7%C3%A3o-1.jpg?fit=1200%2C380&resize=350%2C200 1x, https:\/\/i0.wp.com\/cfcontabil.com\/cf\/wp-content\/uploads\/2017\/01\/associa%C3%A7%C3%A3o-1.jpg?fit=1200%2C380&resize=525%2C300 1.5x, https:\/\/i0.wp.com\/cfcontabil.com\/cf\/wp-content\/uploads\/2017\/01\/associa%C3%A7%C3%A3o-1.jpg?fit=1200%2C380&resize=700%2C400 2x, https:\/\/i0.wp.com\/cfcontabil.com\/cf\/wp-content\/uploads\/2017\/01\/associa%C3%A7%C3%A3o-1.jpg?fit=1200%2C380&resize=1050%2C600 3x"},"classes":[]},{"id":2401,"url":"http:\/\/cfcontabil.com\/cf\/pequenas-empresas-tem-ate-o-dia-29-de-janeiro-para-aderir-ao-simples-nacional\/","url_meta":{"origin":2012,"position":2},"title":"Pequenas empresas t\u00eam at\u00e9 o dia 29 de janeiro para aderir ao Simples Nacional","author":"Ab\u00edlio Gon\u00e7alves","date":"12 de janeiro de 2021","format":false,"excerpt":"Solicita\u00e7\u00e3o \u00e9 realizada somente pela internet e pode ser feita tanto por empresas j\u00e1 em atividade como para as que est\u00e3o em in\u00edcio de funcionamento. As microempresas e empresas de pequeno porte t\u00eam at\u00e9 o dia 29 de janeiro para optar pelo regime tribut\u00e1rio do Simples Nacional. A solicita\u00e7\u00e3o pode\u2026","rel":"","context":"Em &quot;Contabilidade em geral&quot;","block_context":{"text":"Contabilidade em geral","link":"http:\/\/cfcontabil.com\/cf\/category\/contabilidade-2\/"},"img":{"alt_text":"","src":"https:\/\/i0.wp.com\/cfcontabil.com\/cf\/wp-content\/uploads\/2020\/11\/Simples_Blog.jpg.600x335_q85_box-022957556_crop_detail.jpg?fit=600%2C335&resize=350%2C200","width":350,"height":200,"srcset":"https:\/\/i0.wp.com\/cfcontabil.com\/cf\/wp-content\/uploads\/2020\/11\/Simples_Blog.jpg.600x335_q85_box-022957556_crop_detail.jpg?fit=600%2C335&resize=350%2C200 1x, https:\/\/i0.wp.com\/cfcontabil.com\/cf\/wp-content\/uploads\/2020\/11\/Simples_Blog.jpg.600x335_q85_box-022957556_crop_detail.jpg?fit=600%2C335&resize=525%2C300 1.5x"},"classes":[]},{"id":1245,"url":"http:\/\/cfcontabil.com\/cf\/receita-federal-libera-envio-da-dctf-para-pessoas-juridicas-inativas\/","url_meta":{"origin":2012,"position":3},"title":"Receita Federal libera envio da DCTF para Pessoas Jur\u00eddicas INATIVAS","author":"Ab\u00edlio Gon\u00e7alves","date":"29 de junho de 2017","format":false,"excerpt":"Envio de declara\u00e7\u00e3o de inativas, referentes ao per\u00edodo de janeiro a abril, tem que ser realizado at\u00e9 o dia 21 de julho de 2017. A Receita Federal do Brasil \u2013 RFB liberou a vers\u00e3o 3.4 do Programa Gerador da Declara\u00e7\u00e3o \u2013 PGD de D\u00e9bitos e Cr\u00e9ditos Tribut\u00e1rios Federais \u2013 DCTF\u2026","rel":"","context":"Em &quot;Departamento Fiscal&quot;","block_context":{"text":"Departamento Fiscal","link":"http:\/\/cfcontabil.com\/cf\/category\/df\/"},"img":{"alt_text":"","src":"https:\/\/i0.wp.com\/cfcontabil.com\/cf\/wp-content\/uploads\/2017\/06\/INATIVA_DCTF34-1.png?fit=1200%2C530&resize=350%2C200","width":350,"height":200,"srcset":"https:\/\/i0.wp.com\/cfcontabil.com\/cf\/wp-content\/uploads\/2017\/06\/INATIVA_DCTF34-1.png?fit=1200%2C530&resize=350%2C200 1x, https:\/\/i0.wp.com\/cfcontabil.com\/cf\/wp-content\/uploads\/2017\/06\/INATIVA_DCTF34-1.png?fit=1200%2C530&resize=525%2C300 1.5x, https:\/\/i0.wp.com\/cfcontabil.com\/cf\/wp-content\/uploads\/2017\/06\/INATIVA_DCTF34-1.png?fit=1200%2C530&resize=700%2C400 2x, https:\/\/i0.wp.com\/cfcontabil.com\/cf\/wp-content\/uploads\/2017\/06\/INATIVA_DCTF34-1.png?fit=1200%2C530&resize=1050%2C600 3x"},"classes":[]},{"id":401,"url":"http:\/\/cfcontabil.com\/cf\/lei-no-12-86513-e-o-refis-da-crise\/","url_meta":{"origin":2012,"position":4},"title":"Lei n\u00ba 12.865\/13 e o Refis da Crise","author":"Vin\u00edcius Moizinho","date":"30 de outubro de 2013","format":false,"excerpt":"Bom dia, prezados! Recentemente entrou na pauta de decis\u00f5es dos empres\u00e1rios brasileiros o artigo 17 da\u00a0Lei n\u00ba 12.865, de 09 de Outubro de 2013. Por meio deste artigo, a nova lei\u00a0publicada no DOU do dia 10 de Outubro estabelece a reabertura do REFIS IV (Lei n\u00ba 11.941\/2009), tamb\u00e9m conhecido como\u2026","rel":"","context":"Em &quot;Consultoria Empresarial&quot;","block_context":{"text":"Consultoria Empresarial","link":"http:\/\/cfcontabil.com\/cf\/category\/consultoria\/"},"img":{"alt_text":"","src":"https:\/\/i0.wp.com\/www.nexia-teixeira-auditores.com.br\/wp-content\/uploads\/2013\/09\/IMPOSTO-597x245.jpg?resize=350%2C200","width":350,"height":200,"srcset":"https:\/\/i0.wp.com\/www.nexia-teixeira-auditores.com.br\/wp-content\/uploads\/2013\/09\/IMPOSTO-597x245.jpg?resize=350%2C200 1x, https:\/\/i0.wp.com\/www.nexia-teixeira-auditores.com.br\/wp-content\/uploads\/2013\/09\/IMPOSTO-597x245.jpg?resize=525%2C300 1.5x"},"classes":[]},{"id":1195,"url":"http:\/\/cfcontabil.com\/cf\/receita-federal-regulamenta-o-programa-especial-de-regularizacao-tributaria-pert\/","url_meta":{"origin":2012,"position":5},"title":"Receita Federal regulamenta o Programa Especial de Regulariza\u00e7\u00e3o Tribut\u00e1ria (PERT)","author":"Ab\u00edlio Gon\u00e7alves","date":"22 de junho de 2017","format":false,"excerpt":"O PERT permite que quaisquer d\u00edvidas para com a Fazenda Nacional, vencidas at\u00e9 30 de abril de 2017, de pessoas f\u00edsicas ou jur\u00eddicas, sejam negociadas em condi\u00e7\u00f5es especiais Foi publicada hoje no Di\u00e1rio Oficial da Uni\u00e3o a Instru\u00e7\u00e3o Normativa RFB n\u00b0 1711\/2017 que trata da renegocia\u00e7\u00e3o de d\u00edvidas lan\u00e7ada pela\u2026","rel":"","context":"Em &quot;Departamento Fiscal&quot;","block_context":{"text":"Departamento Fiscal","link":"http:\/\/cfcontabil.com\/cf\/category\/df\/"},"img":{"alt_text":"","src":"https:\/\/i0.wp.com\/cfcontabil.com\/cf\/wp-content\/uploads\/2016\/03\/dinheiro-1.jpg?fit=661%2C351&resize=350%2C200","width":350,"height":200,"srcset":"https:\/\/i0.wp.com\/cfcontabil.com\/cf\/wp-content\/uploads\/2016\/03\/dinheiro-1.jpg?fit=661%2C351&resize=350%2C200 1x, https:\/\/i0.wp.com\/cfcontabil.com\/cf\/wp-content\/uploads\/2016\/03\/dinheiro-1.jpg?fit=661%2C351&resize=525%2C300 1.5x"},"classes":[]}],"jetpack_likes_enabled":true,"_links":{"self":[{"href":"http:\/\/cfcontabil.com\/cf\/wp-json\/wp\/v2\/posts\/2012","targetHints":{"allow":["GET"]}}],"collection":[{"href":"http:\/\/cfcontabil.com\/cf\/wp-json\/wp\/v2\/posts"}],"about":[{"href":"http:\/\/cfcontabil.com\/cf\/wp-json\/wp\/v2\/types\/post"}],"author":[{"embeddable":true,"href":"http:\/\/cfcontabil.com\/cf\/wp-json\/wp\/v2\/users\/1"}],"replies":[{"embeddable":true,"href":"http:\/\/cfcontabil.com\/cf\/wp-json\/wp\/v2\/comments?post=2012"}],"version-history":[{"count":1,"href":"http:\/\/cfcontabil.com\/cf\/wp-json\/wp\/v2\/posts\/2012\/revisions"}],"predecessor-version":[{"id":2014,"href":"http:\/\/cfcontabil.com\/cf\/wp-json\/wp\/v2\/posts\/2012\/revisions\/2014"}],"wp:featuredmedia":[{"embeddable":true,"href":"http:\/\/cfcontabil.com\/cf\/wp-json\/wp\/v2\/media\/2013"}],"wp:attachment":[{"href":"http:\/\/cfcontabil.com\/cf\/wp-json\/wp\/v2\/media?parent=2012"}],"wp:term":[{"taxonomy":"category","embeddable":true,"href":"http:\/\/cfcontabil.com\/cf\/wp-json\/wp\/v2\/categories?post=2012"},{"taxonomy":"post_tag","embeddable":true,"href":"http:\/\/cfcontabil.com\/cf\/wp-json\/wp\/v2\/tags?post=2012"}],"curies":[{"name":"wp","href":"https:\/\/api.w.org\/{rel}","templated":true}]}}