{"id":2015,"date":"2019-12-13T14:00:11","date_gmt":"2019-12-13T17:00:11","guid":{"rendered":"http:\/\/cfcontabil.com\/cf\/?p=2015"},"modified":"2019-12-13T12:02:23","modified_gmt":"2019-12-13T15:02:23","slug":"governo-extingue-multa-de-10-sobre-fgts-paga-por-empresas","status":"publish","type":"post","link":"http:\/\/cfcontabil.com\/cf\/governo-extingue-multa-de-10-sobre-fgts-paga-por-empresas\/","title":{"rendered":"Governo extingue multa de 10% sobre FGTS paga por empresas"},"content":{"rendered":"<p><strong>Lei publicada no Di\u00e1rio Oficial autoriza saque-anivers\u00e1rio e traz mudan\u00e7as no Fundo, entre elas, o fim da contribui\u00e7\u00e3o em caso de demiss\u00e3o sem justa causa<\/strong><\/p>\n<p>As empresas passar\u00e3o a pagar menos encargos em casos de demiss\u00e3o sem justa causa. A\u00a0<a href=\"http:\/\/www.in.gov.br\/en\/web\/dou\/-\/lei-n-13.932-de-11-de-dezembro-de-2019-232942355?elqTrackId=613A755B876D60B6F445FFE679810FBC&amp;elqTrack=true\">Lei n\u00ba 13.932<\/a>, publicada no DOU (Di\u00e1rio Oficial da Uni\u00e3o) nesta quinta-feira (12), extinguiu a cobran\u00e7a da multa de 10% sobre o saldo do FGTS (Fundo de Garantia do Tempo de Servi\u00e7o) devida pelos empregadores em caso de dispensa em justa causa.<\/p>\n<p>A multa de 40% paga para os trabalhadores, nesses casos, continua valendo. A altera\u00e7\u00e3o estava prevista na Medida Provis\u00f3ria Verde Amarelo, mas de forma restrita, segundo a advogada Lariane Rog\u00e9rio Pinto Del Vecchio, especialista em direito trabalhista. \u201cA MP dizia que a extin\u00e7\u00e3o da multa seria estabelecida para contratos de trabalhadores com 18 a 29 anos, atingidos pelas regras da Verde Amarela, durante o prazo m\u00e1ximo de dois anos. A grande novidade foi a lei estender a desonera\u00e7\u00e3o para todos os contratos\u201d, diz Lariane.<\/p>\n<p>Para a advogada Adriana Calvo, tamb\u00e9m especialista em Direito do Trabalho, a grande vantagem da lei \u00e9 que ela vai desonerar a folha de pagamento sem retirar direitos do trabalhador.<\/p>\n<p>\u201cAs pessoas falam em multa de 40%, mas, na realidade, a multa \u00e9 de 50%. Esses 10% eram enviados aos cofres p\u00fablicos\u201d, conta. Adriana lembra que a multa de 10% foi estabelecida pela Lei Complementar n\u00ba 110\/2001 e tinha prazo de validade: 60 meses. No entanto, ao fim desse per\u00edodo, ela continuou sendo cobrada sem uma justificativa.<\/p>\n<p>\u201cO STF [Supremo Tribunal Federal] decidiu que devido aos planos econ\u00f4micos Ver\u00e3o e Collor, haviam expurgos do FGTS na conta da Caixa. O governo, ent\u00e3o, publicou a lei com o objetivo de que os empregadores iriam depositar 10% a mais sobre todas as verbas rescis\u00f3rias para cobrir os expurgos do FGTS. S\u00f3 que passou o tempo, os expurgos j\u00e1 tinham sido cobertos, o prazo de 5 anos expirou e o governo continuou cobrando sem uma finalidade espec\u00edfica. \u201d<\/p>\n<p><strong>Lei trata sobre saque-anivers\u00e1rio e saque imediato<\/strong><\/p>\n<p>A lei tamb\u00e9m traz mudan\u00e7as no limite do saque imediato do FGTS, que subiu de R$ 500 para R$ 998 (valor correspondente ao sal\u00e1rio m\u00ednimo nacional), e trata tamb\u00e9m sobre o saque anivers\u00e1rio. As regras para os novos saques ser\u00e3o divulgadas pela Caixa nesta sexta-feira (13).<\/p>\n","protected":false},"excerpt":{"rendered":"<p>Lei publicada no Di\u00e1rio Oficial autoriza saque-anivers\u00e1rio e traz mudan\u00e7as no Fundo, entre elas, o fim da contribui\u00e7\u00e3o em caso de demiss\u00e3o sem justa causa As empresas passar\u00e3o a pagar menos encargos em casos de demiss\u00e3o sem justa causa. A\u00a0Lei n\u00ba 13.932, publicada no DOU (Di\u00e1rio Oficial da Uni\u00e3o) nesta quinta-feira (12), extinguiu a cobran\u00e7a [&hellip;]<\/p>\n","protected":false},"author":1,"featured_media":2016,"comment_status":"open","ping_status":"open","sticky":false,"template":"","format":"standard","meta":{"jetpack_post_was_ever_published":false,"_jetpack_newsletter_access":"","_jetpack_dont_email_post_to_subs":false,"_jetpack_newsletter_tier_id":0,"_jetpack_memberships_contains_paywalled_content":false,"_jetpack_memberships_contains_paid_content":false,"footnotes":"","jetpack_publicize_message":"","jetpack_publicize_feature_enabled":true,"jetpack_social_post_already_shared":true,"jetpack_social_options":{"image_generator_settings":{"template":"highway","default_image_id":0,"font":"","enabled":false},"version":2}},"categories":[29],"tags":[79,181,313],"class_list":["post-2015","post","type-post","status-publish","format-standard","has-post-thumbnail","hentry","category-dp","tag-fgts","tag-multa","tag-saque"],"jetpack_publicize_connections":[],"jetpack_featured_media_url":"https:\/\/i0.wp.com\/cfcontabil.com\/cf\/wp-content\/uploads\/2019\/12\/FGTS-ctps.jpg?fit=600%2C335","jetpack_sharing_enabled":true,"jetpack_shortlink":"https:\/\/wp.me\/p2wklX-wv","jetpack-related-posts":[{"id":713,"url":"http:\/\/cfcontabil.com\/cf\/multa-do-fgts-pode-ameacar-trabalhadores\/","url_meta":{"origin":2015,"position":0},"title":"Multa do FGTS pode amea\u00e7ar trabalhadores","author":"Ab\u00edlio Gon\u00e7alves","date":"31 de mar\u00e7o de 2016","format":false,"excerpt":"Manter um colaborar por mais de 30 anos pode render um \u201cpr\u00eamio\u201d amargo para as empresas brasileiras. Tramita no Senado Federal um projeto de lei que visa aumentar a multa do Fundo de Garantia por Tempo de Servi\u00e7o (FGTS) em at\u00e9 15% para empresas que mantiverem funcion\u00e1rios em seus quadros\u2026","rel":"","context":"Em &quot;Consultoria Empresarial&quot;","block_context":{"text":"Consultoria Empresarial","link":"http:\/\/cfcontabil.com\/cf\/category\/consultoria\/"},"img":{"alt_text":"","src":"https:\/\/i0.wp.com\/cfcontabil.com\/cf\/wp-content\/uploads\/2016\/03\/FGTS-1.jpg?fit=715%2C270&resize=350%2C200","width":350,"height":200,"srcset":"https:\/\/i0.wp.com\/cfcontabil.com\/cf\/wp-content\/uploads\/2016\/03\/FGTS-1.jpg?fit=715%2C270&resize=350%2C200 1x, https:\/\/i0.wp.com\/cfcontabil.com\/cf\/wp-content\/uploads\/2016\/03\/FGTS-1.jpg?fit=715%2C270&resize=525%2C300 1.5x, https:\/\/i0.wp.com\/cfcontabil.com\/cf\/wp-content\/uploads\/2016\/03\/FGTS-1.jpg?fit=715%2C270&resize=700%2C400 2x"},"classes":[]},{"id":634,"url":"http:\/\/cfcontabil.com\/cf\/ex-funcionarias-podem-pegar-5-anos-de-cadeia-por-acordo-de-falsa-demissao\/","url_meta":{"origin":2015,"position":1},"title":"Ex-funcion\u00e1rias podem pegar 5 anos de cadeia por acordo de falsa demiss\u00e3o","author":"Ab\u00edlio Gon\u00e7alves","date":"1 de mar\u00e7o de 2016","format":false,"excerpt":"Duas trabalhadoras e sua ex-empresa devem responder na Justi\u00e7a por crime de estelionato. A raz\u00e3o \u00e9 terem supostamente feito um acordo para demiss\u00e3o sem justa causa. A Justi\u00e7a do Trabalho de Mato Grosso determinou que duas ex-funcion\u00e1rias da empresa de limpeza Norte Sul devolvessem o valor do seguro-desemprego. A pena\u2026","rel":"","context":"Em &quot;Departamento Pessoal&quot;","block_context":{"text":"Departamento Pessoal","link":"http:\/\/cfcontabil.com\/cf\/category\/dp\/"},"img":{"alt_text":"demissao","src":"https:\/\/i0.wp.com\/cfcontabil.com\/cf\/wp-content\/uploads\/2016\/03\/demissao.jpg?resize=350%2C200","width":350,"height":200,"srcset":"https:\/\/i0.wp.com\/cfcontabil.com\/cf\/wp-content\/uploads\/2016\/03\/demissao.jpg?resize=350%2C200 1x, https:\/\/i0.wp.com\/cfcontabil.com\/cf\/wp-content\/uploads\/2016\/03\/demissao.jpg?resize=525%2C300 1.5x"},"classes":[]},{"id":1930,"url":"http:\/\/cfcontabil.com\/cf\/mais-de-800-mil-brasileiros-optaram-por-saque-aniversario-do-fgts-para-2020\/","url_meta":{"origin":2015,"position":2},"title":"Mais de 800 mil brasileiros optaram por saque anivers\u00e1rio do FGTS para 2020","author":"Ab\u00edlio Gon\u00e7alves","date":"20 de novembro de 2019","format":false,"excerpt":"No saque anivers\u00e1rio, o trabalhador pode retirar anualmente uma parcela do saldo da conta do FGTS, o que permitir\u00e1 uma renda extra opcional Mais de 823 mil pessoas j\u00e1 optaram pelo saque anivers\u00e1rio do Fundo de Garantia do Tempo de Servi\u00e7o (FGTS) para 2020, de acordo com o secret\u00e1rio de\u2026","rel":"","context":"Em &quot;Geral&quot;","block_context":{"text":"Geral","link":"http:\/\/cfcontabil.com\/cf\/category\/geral\/"},"img":{"alt_text":"","src":"https:\/\/i0.wp.com\/cfcontabil.com\/cf\/wp-content\/uploads\/2017\/03\/FGTS1-1.jpg?fit=1200%2C702&resize=350%2C200","width":350,"height":200,"srcset":"https:\/\/i0.wp.com\/cfcontabil.com\/cf\/wp-content\/uploads\/2017\/03\/FGTS1-1.jpg?fit=1200%2C702&resize=350%2C200 1x, https:\/\/i0.wp.com\/cfcontabil.com\/cf\/wp-content\/uploads\/2017\/03\/FGTS1-1.jpg?fit=1200%2C702&resize=525%2C300 1.5x, https:\/\/i0.wp.com\/cfcontabil.com\/cf\/wp-content\/uploads\/2017\/03\/FGTS1-1.jpg?fit=1200%2C702&resize=700%2C400 2x, https:\/\/i0.wp.com\/cfcontabil.com\/cf\/wp-content\/uploads\/2017\/03\/FGTS1-1.jpg?fit=1200%2C702&resize=1050%2C600 3x"},"classes":[]},{"id":1802,"url":"http:\/\/cfcontabil.com\/cf\/cobrancas-do-fgts-so-poderao-ser-feitas-para-dividas-de-ate-5-anos\/","url_meta":{"origin":2015,"position":3},"title":"Cobran\u00e7as do FGTS s\u00f3 poder\u00e3o ser feitas para d\u00edvidas de at\u00e9 5 anos","author":"Ab\u00edlio Gon\u00e7alves","date":"21 de outubro de 2019","format":false,"excerpt":"Uma medida aprovada em 2014 pelo STF reduziu o prazo de cobran\u00e7a de 30 anos para cinco anos. Atualmente, mais de 220 mil empresas est\u00e3o devendo. A partir de novembro, o trabalhador s\u00f3 poder\u00e1 entrar na Justi\u00e7a do Trabalho para cobrar pend\u00eancias do\u00a0Fundo de Garantia do Tempo de Servi\u00e7o (FGTS)\u00a0dos\u2026","rel":"","context":"Em &quot;Departamento Pessoal&quot;","block_context":{"text":"Departamento Pessoal","link":"http:\/\/cfcontabil.com\/cf\/category\/dp\/"},"img":{"alt_text":"","src":"https:\/\/i0.wp.com\/cfcontabil.com\/cf\/wp-content\/uploads\/2019\/10\/FGTS-TRABALHADOR-AGENCIA.jpg?fit=1200%2C1006&resize=350%2C200","width":350,"height":200,"srcset":"https:\/\/i0.wp.com\/cfcontabil.com\/cf\/wp-content\/uploads\/2019\/10\/FGTS-TRABALHADOR-AGENCIA.jpg?fit=1200%2C1006&resize=350%2C200 1x, https:\/\/i0.wp.com\/cfcontabil.com\/cf\/wp-content\/uploads\/2019\/10\/FGTS-TRABALHADOR-AGENCIA.jpg?fit=1200%2C1006&resize=525%2C300 1.5x, https:\/\/i0.wp.com\/cfcontabil.com\/cf\/wp-content\/uploads\/2019\/10\/FGTS-TRABALHADOR-AGENCIA.jpg?fit=1200%2C1006&resize=700%2C400 2x, https:\/\/i0.wp.com\/cfcontabil.com\/cf\/wp-content\/uploads\/2019\/10\/FGTS-TRABALHADOR-AGENCIA.jpg?fit=1200%2C1006&resize=1050%2C600 3x"},"classes":[]},{"id":1455,"url":"http:\/\/cfcontabil.com\/cf\/o-perigo-da-divida-do-fgts-no-esocial\/","url_meta":{"origin":2015,"position":4},"title":"O perigo da d\u00edvida do FGTS no eSocial","author":"Ab\u00edlio Gon\u00e7alves","date":"22 de fevereiro de 2019","format":false,"excerpt":"Caso voc\u00ea ainda n\u00e3o tenha ci\u00eancia, o governo federal recentemente expediu uma lei proibindo o cr\u00e9dito a empresas devedoras do FGTS. E se voc\u00ea est\u00e1 em d\u00e9bito com o FGTS, todo o cuidado \u00e9 pouco: notifica\u00e7\u00e3o, multa e autua\u00e7\u00e3o podem bater na sua porta. A Lei n\u00ba 13.805\/19 prev\u00ea que\u2026","rel":"","context":"Em &quot;Departamento Pessoal&quot;","block_context":{"text":"Departamento Pessoal","link":"http:\/\/cfcontabil.com\/cf\/category\/dp\/"},"img":{"alt_text":"","src":"https:\/\/i0.wp.com\/cfcontabil.com\/cf\/wp-content\/uploads\/2019\/02\/fgtsCAIXA-1.jpg?fit=600%2C293&resize=350%2C200","width":350,"height":200,"srcset":"https:\/\/i0.wp.com\/cfcontabil.com\/cf\/wp-content\/uploads\/2019\/02\/fgtsCAIXA-1.jpg?fit=600%2C293&resize=350%2C200 1x, https:\/\/i0.wp.com\/cfcontabil.com\/cf\/wp-content\/uploads\/2019\/02\/fgtsCAIXA-1.jpg?fit=600%2C293&resize=525%2C300 1.5x"},"classes":[]},{"id":2102,"url":"http:\/\/cfcontabil.com\/cf\/calculo-trabalhista-sabe-o-que-e\/","url_meta":{"origin":2015,"position":5},"title":"C\u00e1lculo trabalhista: sabe o que \u00e9?","author":"Ab\u00edlio Gon\u00e7alves","date":"17 de fevereiro de 2020","format":false,"excerpt":"C\u00e1lculo trabalhista \u00e9 a conta que se refere aos valores que envolvem uma rescis\u00e3o de contrato de trabalho. Portanto, \u00e9 essencial que a empresa ou seu departamento de pessoal tenha conhecimento dos direitos do trabalhador para que todos os valores devidos sejam pagos corretamente. Reconhecer os tipos de c\u00e1lculos e\u2026","rel":"","context":"Em &quot;Departamento Pessoal&quot;","block_context":{"text":"Departamento Pessoal","link":"http:\/\/cfcontabil.com\/cf\/category\/dp\/"},"img":{"alt_text":"","src":"https:\/\/i0.wp.com\/cfcontabil.com\/cf\/wp-content\/uploads\/2020\/02\/calculos-trabalhistas.jpg?fit=900%2C450&resize=350%2C200","width":350,"height":200,"srcset":"https:\/\/i0.wp.com\/cfcontabil.com\/cf\/wp-content\/uploads\/2020\/02\/calculos-trabalhistas.jpg?fit=900%2C450&resize=350%2C200 1x, https:\/\/i0.wp.com\/cfcontabil.com\/cf\/wp-content\/uploads\/2020\/02\/calculos-trabalhistas.jpg?fit=900%2C450&resize=525%2C300 1.5x, https:\/\/i0.wp.com\/cfcontabil.com\/cf\/wp-content\/uploads\/2020\/02\/calculos-trabalhistas.jpg?fit=900%2C450&resize=700%2C400 2x"},"classes":[]}],"jetpack_likes_enabled":true,"_links":{"self":[{"href":"http:\/\/cfcontabil.com\/cf\/wp-json\/wp\/v2\/posts\/2015","targetHints":{"allow":["GET"]}}],"collection":[{"href":"http:\/\/cfcontabil.com\/cf\/wp-json\/wp\/v2\/posts"}],"about":[{"href":"http:\/\/cfcontabil.com\/cf\/wp-json\/wp\/v2\/types\/post"}],"author":[{"embeddable":true,"href":"http:\/\/cfcontabil.com\/cf\/wp-json\/wp\/v2\/users\/1"}],"replies":[{"embeddable":true,"href":"http:\/\/cfcontabil.com\/cf\/wp-json\/wp\/v2\/comments?post=2015"}],"version-history":[{"count":1,"href":"http:\/\/cfcontabil.com\/cf\/wp-json\/wp\/v2\/posts\/2015\/revisions"}],"predecessor-version":[{"id":2017,"href":"http:\/\/cfcontabil.com\/cf\/wp-json\/wp\/v2\/posts\/2015\/revisions\/2017"}],"wp:featuredmedia":[{"embeddable":true,"href":"http:\/\/cfcontabil.com\/cf\/wp-json\/wp\/v2\/media\/2016"}],"wp:attachment":[{"href":"http:\/\/cfcontabil.com\/cf\/wp-json\/wp\/v2\/media?parent=2015"}],"wp:term":[{"taxonomy":"category","embeddable":true,"href":"http:\/\/cfcontabil.com\/cf\/wp-json\/wp\/v2\/categories?post=2015"},{"taxonomy":"post_tag","embeddable":true,"href":"http:\/\/cfcontabil.com\/cf\/wp-json\/wp\/v2\/tags?post=2015"}],"curies":[{"name":"wp","href":"https:\/\/api.w.org\/{rel}","templated":true}]}}