{"id":2018,"date":"2019-12-13T16:00:42","date_gmt":"2019-12-13T19:00:42","guid":{"rendered":"http:\/\/cfcontabil.com\/cf\/?p=2018"},"modified":"2019-12-13T12:31:57","modified_gmt":"2019-12-13T15:31:57","slug":"lancamento-dos-servicos-100-digitais-da-junta-comercial","status":"publish","type":"post","link":"http:\/\/cfcontabil.com\/cf\/lancamento-dos-servicos-100-digitais-da-junta-comercial\/","title":{"rendered":"Lan\u00e7amento dos servi\u00e7os 100% digitais da Junta Comercial"},"content":{"rendered":"<p><a href=\"https:\/\/i0.wp.com\/cfcontabil.com\/cf\/wp-content\/uploads\/2019\/12\/JUCIS-DF-100-DIGITAL.jpg\"><img data-recalc-dims=\"1\" fetchpriority=\"high\" decoding=\"async\" data-attachment-id=\"2019\" data-permalink=\"http:\/\/cfcontabil.com\/cf\/lancamento-dos-servicos-100-digitais-da-junta-comercial\/jucis-df-100-digital\/\" data-orig-file=\"https:\/\/i0.wp.com\/cfcontabil.com\/cf\/wp-content\/uploads\/2019\/12\/JUCIS-DF-100-DIGITAL.jpg?fit=1080%2C1197\" data-orig-size=\"1080,1197\" data-comments-opened=\"1\" data-image-meta=\"{&quot;aperture&quot;:&quot;0&quot;,&quot;credit&quot;:&quot;&quot;,&quot;camera&quot;:&quot;&quot;,&quot;caption&quot;:&quot;&quot;,&quot;created_timestamp&quot;:&quot;0&quot;,&quot;copyright&quot;:&quot;&quot;,&quot;focal_length&quot;:&quot;0&quot;,&quot;iso&quot;:&quot;0&quot;,&quot;shutter_speed&quot;:&quot;0&quot;,&quot;title&quot;:&quot;&quot;,&quot;orientation&quot;:&quot;0&quot;}\" data-image-title=\"JUCIS DF 100 DIGITAL\" data-image-description=\"\" data-image-caption=\"\" data-large-file=\"https:\/\/i0.wp.com\/cfcontabil.com\/cf\/wp-content\/uploads\/2019\/12\/JUCIS-DF-100-DIGITAL.jpg?fit=924%2C1024\" class=\"aligncenter size-full wp-image-2019\" src=\"https:\/\/i0.wp.com\/cfcontabil.com\/cf\/wp-content\/uploads\/2019\/12\/JUCIS-DF-100-DIGITAL.jpg?resize=1080%2C1197\" alt=\"\" width=\"1080\" height=\"1197\" srcset=\"https:\/\/i0.wp.com\/cfcontabil.com\/cf\/wp-content\/uploads\/2019\/12\/JUCIS-DF-100-DIGITAL.jpg?w=1080 1080w, https:\/\/i0.wp.com\/cfcontabil.com\/cf\/wp-content\/uploads\/2019\/12\/JUCIS-DF-100-DIGITAL.jpg?resize=271%2C300 271w, https:\/\/i0.wp.com\/cfcontabil.com\/cf\/wp-content\/uploads\/2019\/12\/JUCIS-DF-100-DIGITAL.jpg?resize=924%2C1024 924w, https:\/\/i0.wp.com\/cfcontabil.com\/cf\/wp-content\/uploads\/2019\/12\/JUCIS-DF-100-DIGITAL.jpg?resize=768%2C851 768w, https:\/\/i0.wp.com\/cfcontabil.com\/cf\/wp-content\/uploads\/2019\/12\/JUCIS-DF-100-DIGITAL.jpg?resize=770%2C853 770w, https:\/\/i0.wp.com\/cfcontabil.com\/cf\/wp-content\/uploads\/2019\/12\/JUCIS-DF-100-DIGITAL.jpg?resize=370%2C410 370w\" sizes=\"(max-width: 1080px) 100vw, 1080px\" \/><\/a><\/p>\n<p>Quando assumiu a gest\u00e3o da Junta Comercial, Industrial e Servi\u00e7os do DF em julho, o governador Ibaneis Rocha acordou com o setor produtivo que a autarquia rec\u00e9m-criada seria guiada pelos princ\u00edpios da transpar\u00eancia e da celeridade, al\u00e9m de ter todo o acervo digitalizado at\u00e9 o fim deste ano. Esta foi a miss\u00e3o que o representante do setor produtivo, Walid Sariedine, e sua equipe receberam. E, nesta quarta-feira (18), \u00e0s 9h, ser\u00e1 oficializado o cumprimento desse acordo. Ser\u00e1 realizado evento para entregar a Junta Comercial do GDF para a popula\u00e7\u00e3o e o lan\u00e7amento dos servi\u00e7os 100% digitais do \u00f3rg\u00e3o.<\/p>\n<p>Mesmo em t\u00e3o pouco tempo, a Junta Comercial j\u00e1 melhorou o atendimento \u00e0 popula\u00e7\u00e3o tanto presencialmente quanto com o desenvolvimento de plataformas on-line para a cria\u00e7\u00e3o, altera\u00e7\u00e3o ou extin\u00e7\u00e3o de empresas. Al\u00e9m disso, aprimorou a an\u00e1lise de processos, reduzindo o tempo entre o recebimento e o deferimento de 15 dias, quando era da Uni\u00e3o, para menos de tr\u00eas horas.\u00a0Devido \u00e0 digitaliza\u00e7\u00e3o, outros avan\u00e7os foram conquistados como a possibilidade de abrir filiais em outras unidades da Federa\u00e7\u00e3o aqui do DF mesmo.<\/p>\n<hr \/>\n<p><strong>Servi\u00e7o<\/strong><br \/>\nLan\u00e7amento dos servi\u00e7os 100% digitais da Junta Comercial<br \/>\nData: 18 de dezembro (quarta-feira)<br \/>\nHor\u00e1rio: 9 horas<br \/>\nLocal: Sede da Junta Comercial, Industrial e Servi\u00e7os do DF (Setor de Autarquias Sul, Quadra 02, Lote 01\/A s\/n \u2013 Asa Sul)<\/p>\n","protected":false},"excerpt":{"rendered":"<p>Quando assumiu a gest\u00e3o da Junta Comercial, Industrial e Servi\u00e7os do DF em julho, o governador Ibaneis Rocha acordou com o setor produtivo que a autarquia rec\u00e9m-criada seria guiada pelos princ\u00edpios da transpar\u00eancia e da celeridade, al\u00e9m de ter todo o acervo digitalizado at\u00e9 o fim deste ano. Esta foi a miss\u00e3o que o representante [&hellip;]<\/p>\n","protected":false},"author":1,"featured_media":2020,"comment_status":"open","ping_status":"open","sticky":false,"template":"","format":"standard","meta":{"jetpack_post_was_ever_published":false,"_jetpack_newsletter_access":"","_jetpack_dont_email_post_to_subs":false,"_jetpack_newsletter_tier_id":0,"_jetpack_memberships_contains_paywalled_content":false,"_jetpack_memberships_contains_paid_content":false,"footnotes":"","jetpack_publicize_message":"","jetpack_publicize_feature_enabled":true,"jetpack_social_post_already_shared":true,"jetpack_social_options":{"image_generator_settings":{"template":"highway","default_image_id":0,"font":"","enabled":false},"version":2}},"categories":[60],"tags":[444,734,324,735],"class_list":["post-2018","post","type-post","status-publish","format-standard","has-post-thumbnail","hentry","category-consultoria","tag-digital","tag-jucis","tag-registro","tag-solenidade"],"jetpack_publicize_connections":[],"jetpack_featured_media_url":"https:\/\/i0.wp.com\/cfcontabil.com\/cf\/wp-content\/uploads\/2019\/12\/JUCIS-DF.jpg?fit=500%2C333","jetpack_sharing_enabled":true,"jetpack_shortlink":"https:\/\/wp.me\/p2wklX-wy","jetpack-related-posts":[{"id":1989,"url":"http:\/\/cfcontabil.com\/cf\/junta-comercial-passara-a-receber-apenas-documentos-digitais\/","url_meta":{"origin":2018,"position":0},"title":"Junta Comercial passar\u00e1 a receber apenas documentos digitais","author":"Ab\u00edlio Gon\u00e7alves","date":"6 de dezembro de 2019","format":false,"excerpt":"Objetivo \u00e9 dar fim \u00e0s filas no local. Atendimento presencial ser\u00e1 realizado apenas por agendamento Para acabar com filas e longas esperas, a partir do pr\u00f3ximo dia 16 de dezembro, a Junta Comercial, Industrial e Servi\u00e7os do Distrito Federal (Jucis-DF) s\u00f3 receber\u00e1 documentos digitalizados. O site do \u00f3rg\u00e3o oferecer\u00e1 um\u2026","rel":"","context":"Em &quot;Consultoria Empresarial&quot;","block_context":{"text":"Consultoria Empresarial","link":"http:\/\/cfcontabil.com\/cf\/category\/consultoria\/"},"img":{"alt_text":"","src":"","width":0,"height":0},"classes":[]},{"id":2321,"url":"http:\/\/cfcontabil.com\/cf\/distrito-federal-ajuda-empresas-a-abrirem-mais-rapido\/","url_meta":{"origin":2018,"position":1},"title":"Distrito Federal ajuda empresas a abrirem mais r\u00e1pido","author":"Ab\u00edlio Gon\u00e7alves","date":"14 de julho de 2020","format":false,"excerpt":"Etapas de an\u00e1lise para obter registro empresarial tiveram, em junho, o menor tempo de execu\u00e7\u00e3o em todo o pa\u00eds Gra\u00e7as ao ambiente 100% digital, \u00e0 integra\u00e7\u00e3o entre os \u00f3rg\u00e3os e ao regime de teletrabalho implementados pela Junta Comercial, Industrial e Servi\u00e7os do Distrito Federal (Jucis-DF), empres\u00e1rios e contadores podem contar\u2026","rel":"","context":"Em \"abertura\"","block_context":{"text":"abertura","link":"http:\/\/cfcontabil.com\/cf\/tag\/abertura\/"},"img":{"alt_text":"","src":"https:\/\/i0.wp.com\/cfcontabil.com\/cf\/wp-content\/uploads\/2019\/12\/abertura-de-Empresas.jpg?fit=1080%2C640&resize=350%2C200","width":350,"height":200,"srcset":"https:\/\/i0.wp.com\/cfcontabil.com\/cf\/wp-content\/uploads\/2019\/12\/abertura-de-Empresas.jpg?fit=1080%2C640&resize=350%2C200 1x, https:\/\/i0.wp.com\/cfcontabil.com\/cf\/wp-content\/uploads\/2019\/12\/abertura-de-Empresas.jpg?fit=1080%2C640&resize=525%2C300 1.5x, https:\/\/i0.wp.com\/cfcontabil.com\/cf\/wp-content\/uploads\/2019\/12\/abertura-de-Empresas.jpg?fit=1080%2C640&resize=700%2C400 2x, https:\/\/i0.wp.com\/cfcontabil.com\/cf\/wp-content\/uploads\/2019\/12\/abertura-de-Empresas.jpg?fit=1080%2C640&resize=1050%2C600 3x"},"classes":[]},{"id":1241,"url":"http:\/\/cfcontabil.com\/cf\/desenvolvimento-economico-aprova-prazo-maximo-de-72-horas-para-registrar-empresa-em-junta-comercial\/","url_meta":{"origin":2018,"position":2},"title":"Desenvolvimento Econ\u00f4mico aprova prazo m\u00e1ximo de 72 horas para registrar empresa em junta comercial","author":"Ab\u00edlio Gon\u00e7alves","date":"28 de junho de 2017","format":false,"excerpt":"A Comiss\u00e3o de Desenvolvimento Econ\u00f4mico, Ind\u00fastria, Com\u00e9rcio e Servi\u00e7os aprovou o Projeto de Lei 6072\/16, do deputado F\u00e9lix Mendon\u00e7a J\u00fanior (PDT-BA), que estabelece prazo m\u00e1ximo de 72 horas para defini\u00e7\u00e3o sobre registro de empresas pelas juntas comerciais. Pela proposta, o prazo limite dever\u00e1 ser obedecido sempre que o interessado apresentar\u2026","rel":"","context":"Em &quot;Consultoria Empresarial&quot;","block_context":{"text":"Consultoria Empresarial","link":"http:\/\/cfcontabil.com\/cf\/category\/consultoria\/"},"img":{"alt_text":"","src":"https:\/\/i0.wp.com\/cfcontabil.com\/cf\/wp-content\/uploads\/2017\/06\/assinatura-1.jpg?fit=600%2C400&resize=350%2C200","width":350,"height":200,"srcset":"https:\/\/i0.wp.com\/cfcontabil.com\/cf\/wp-content\/uploads\/2017\/06\/assinatura-1.jpg?fit=600%2C400&resize=350%2C200 1x, https:\/\/i0.wp.com\/cfcontabil.com\/cf\/wp-content\/uploads\/2017\/06\/assinatura-1.jpg?fit=600%2C400&resize=525%2C300 1.5x"},"classes":[]},{"id":2125,"url":"http:\/\/cfcontabil.com\/cf\/mudanca-na-assinatura-digital-na-junta-comercial-drei-n-075-2020\/","url_meta":{"origin":2018,"position":3},"title":"MUDAN\u00c7A NA ASSINATURA DIGITAL NA JUNTA COMERCIAL &#8211; DREI N\u00b0 075\/2020","author":"Ab\u00edlio Gon\u00e7alves","date":"27 de fevereiro de 2020","format":false,"excerpt":"ASSINATURA DIGITAL DE ATOS E DOCUMENTOS LEVADOS A REGISTRO NA JUNTA COMERCIAL - DREI N\u00b0 075\/2020 Foi publicada no D.O.U (19.02.2020) a Instru\u00e7\u00e3o Normativa DREI n\u00b0 75\/2020\u00a0que trata sobre a assinatura digital de atos e documentos levados a registro na Junta Comercial, onde,\u00a0a partir de 02.03.2020, passa a ser aceita\u2026","rel":"","context":"Em &quot;Consultoria Empresarial&quot;","block_context":{"text":"Consultoria Empresarial","link":"http:\/\/cfcontabil.com\/cf\/category\/consultoria\/"},"img":{"alt_text":"","src":"https:\/\/i0.wp.com\/cfcontabil.com\/cf\/wp-content\/uploads\/2020\/02\/Assinatura-digital-Junta-Comercial-2.jpeg?fit=1080%2C1080&resize=350%2C200","width":350,"height":200,"srcset":"https:\/\/i0.wp.com\/cfcontabil.com\/cf\/wp-content\/uploads\/2020\/02\/Assinatura-digital-Junta-Comercial-2.jpeg?fit=1080%2C1080&resize=350%2C200 1x, https:\/\/i0.wp.com\/cfcontabil.com\/cf\/wp-content\/uploads\/2020\/02\/Assinatura-digital-Junta-Comercial-2.jpeg?fit=1080%2C1080&resize=525%2C300 1.5x, https:\/\/i0.wp.com\/cfcontabil.com\/cf\/wp-content\/uploads\/2020\/02\/Assinatura-digital-Junta-Comercial-2.jpeg?fit=1080%2C1080&resize=700%2C400 2x, https:\/\/i0.wp.com\/cfcontabil.com\/cf\/wp-content\/uploads\/2020\/02\/Assinatura-digital-Junta-Comercial-2.jpeg?fit=1080%2C1080&resize=1050%2C600 3x"},"classes":[]},{"id":1864,"url":"http:\/\/cfcontabil.com\/cf\/empresas-poderao-abrir-filiais-em-outros-estados-instantaneamente\/","url_meta":{"origin":2018,"position":4},"title":"Empresas poder\u00e3o abrir filiais em outros estados instantaneamente","author":"Ab\u00edlio Gon\u00e7alves","date":"8 de novembro de 2019","format":false,"excerpt":"Altera\u00e7\u00f5es, transfer\u00eancias e extin\u00e7\u00f5es tamb\u00e9m ficam mais r\u00e1pidas. At\u00e9 recentemente, a abertura de filiais em outros estados demorava v\u00e1rias semanas. A abertura de filiais de empresas em estados fora da sede passou a ser instant\u00e2nea. Por meio da integra\u00e7\u00e3o digital das juntas comerciais, o registro de outras unidades em outros\u2026","rel":"","context":"Em &quot;Consultoria Empresarial&quot;","block_context":{"text":"Consultoria Empresarial","link":"http:\/\/cfcontabil.com\/cf\/category\/consultoria\/"},"img":{"alt_text":"","src":"https:\/\/i0.wp.com\/cfcontabil.com\/cf\/wp-content\/uploads\/2019\/11\/filial-filiais.jpg?fit=600%2C340&resize=350%2C200","width":350,"height":200,"srcset":"https:\/\/i0.wp.com\/cfcontabil.com\/cf\/wp-content\/uploads\/2019\/11\/filial-filiais.jpg?fit=600%2C340&resize=350%2C200 1x, https:\/\/i0.wp.com\/cfcontabil.com\/cf\/wp-content\/uploads\/2019\/11\/filial-filiais.jpg?fit=600%2C340&resize=525%2C300 1.5x"},"classes":[]},{"id":2357,"url":"http:\/\/cfcontabil.com\/cf\/aprovacao-do-refis-salvara-diversas-empresas-afirma-fecomercio-df\/","url_meta":{"origin":2018,"position":5},"title":"\u201cAprova\u00e7\u00e3o do Refis salvar\u00e1 diversas empresas\u201d, afirma Fecom\u00e9rcio-DF","author":"Ab\u00edlio Gon\u00e7alves","date":"4 de novembro de 2020","format":false,"excerpt":"Projeto foi aprovado nesta ter\u00e7a-feira na CLDF e seguiu para san\u00e7\u00e3o do governador Ibaneis Rocha Muito aguardado pelo setor produtivo do Distrito Federal, o Programa de Incentivo \u00e0 Regulariza\u00e7\u00e3o Fiscal do Distrito Federal (Refis-DF) foi aprovado pela C\u00e2mara Legislativa na noite desta ter\u00e7a-feira (3\/11). Agora, o texto segue para an\u00e1lise\u2026","rel":"","context":"Em &quot;Departamento Fiscal&quot;","block_context":{"text":"Departamento Fiscal","link":"http:\/\/cfcontabil.com\/cf\/category\/df\/"},"img":{"alt_text":"","src":"https:\/\/i0.wp.com\/cfcontabil.com\/cf\/wp-content\/uploads\/2020\/11\/cldf-01-fb.jpg?fit=600%2C315&resize=350%2C200","width":350,"height":200,"srcset":"https:\/\/i0.wp.com\/cfcontabil.com\/cf\/wp-content\/uploads\/2020\/11\/cldf-01-fb.jpg?fit=600%2C315&resize=350%2C200 1x, https:\/\/i0.wp.com\/cfcontabil.com\/cf\/wp-content\/uploads\/2020\/11\/cldf-01-fb.jpg?fit=600%2C315&resize=525%2C300 1.5x"},"classes":[]}],"jetpack_likes_enabled":true,"_links":{"self":[{"href":"http:\/\/cfcontabil.com\/cf\/wp-json\/wp\/v2\/posts\/2018","targetHints":{"allow":["GET"]}}],"collection":[{"href":"http:\/\/cfcontabil.com\/cf\/wp-json\/wp\/v2\/posts"}],"about":[{"href":"http:\/\/cfcontabil.com\/cf\/wp-json\/wp\/v2\/types\/post"}],"author":[{"embeddable":true,"href":"http:\/\/cfcontabil.com\/cf\/wp-json\/wp\/v2\/users\/1"}],"replies":[{"embeddable":true,"href":"http:\/\/cfcontabil.com\/cf\/wp-json\/wp\/v2\/comments?post=2018"}],"version-history":[{"count":1,"href":"http:\/\/cfcontabil.com\/cf\/wp-json\/wp\/v2\/posts\/2018\/revisions"}],"predecessor-version":[{"id":2021,"href":"http:\/\/cfcontabil.com\/cf\/wp-json\/wp\/v2\/posts\/2018\/revisions\/2021"}],"wp:featuredmedia":[{"embeddable":true,"href":"http:\/\/cfcontabil.com\/cf\/wp-json\/wp\/v2\/media\/2020"}],"wp:attachment":[{"href":"http:\/\/cfcontabil.com\/cf\/wp-json\/wp\/v2\/media?parent=2018"}],"wp:term":[{"taxonomy":"category","embeddable":true,"href":"http:\/\/cfcontabil.com\/cf\/wp-json\/wp\/v2\/categories?post=2018"},{"taxonomy":"post_tag","embeddable":true,"href":"http:\/\/cfcontabil.com\/cf\/wp-json\/wp\/v2\/tags?post=2018"}],"curies":[{"name":"wp","href":"https:\/\/api.w.org\/{rel}","templated":true}]}}