{"id":2029,"date":"2020-01-02T15:57:13","date_gmt":"2020-01-02T18:57:13","guid":{"rendered":"http:\/\/cfcontabil.com\/cf\/?p=2029"},"modified":"2020-01-02T16:02:40","modified_gmt":"2020-01-02T19:02:40","slug":"sistema-de-emissao-de-notas-fiscais-avulsas-estara-disponivel-ate-31-de-marco","status":"publish","type":"post","link":"http:\/\/cfcontabil.com\/cf\/sistema-de-emissao-de-notas-fiscais-avulsas-estara-disponivel-ate-31-de-marco\/","title":{"rendered":"Sistema de Emiss\u00e3o de Notas Fiscais Avulsas estar\u00e1 dispon\u00edvel at\u00e9 31 de mar\u00e7o"},"content":{"rendered":"<p>A SEFAZ informa que o Sistema de Emiss\u00e3o de Notas Fiscais Avulsas estar\u00e1 dispon\u00edvel, para utiliza\u00e7\u00e3o no site desta Secretaria, at\u00e9 31\/03\/2020, tendo em vista que o ajuste SINIEF n\u00ba 07\/2009, prorrogado pelo Ajuste SINIEF 29\/2019, disp\u00f5e que as Notas Fiscais Eletr\u00f4nicas, que n\u00e3o atendem aos requisitos da NF-e, deixar\u00e3o de ter validade.<\/p>\n<p><a href=\"https:\/\/i0.wp.com\/cfcontabil.com\/cf\/wp-content\/uploads\/2020\/01\/NFe-MEI-autonomo.png\"><img data-recalc-dims=\"1\" fetchpriority=\"high\" decoding=\"async\" data-attachment-id=\"2030\" data-permalink=\"http:\/\/cfcontabil.com\/cf\/sistema-de-emissao-de-notas-fiscais-avulsas-estara-disponivel-ate-31-de-marco\/nfe-mei-autonomo\/\" data-orig-file=\"https:\/\/i0.wp.com\/cfcontabil.com\/cf\/wp-content\/uploads\/2020\/01\/NFe-MEI-autonomo.png?fit=752%2C752\" data-orig-size=\"752,752\" data-comments-opened=\"1\" data-image-meta=\"{&quot;aperture&quot;:&quot;0&quot;,&quot;credit&quot;:&quot;&quot;,&quot;camera&quot;:&quot;&quot;,&quot;caption&quot;:&quot;&quot;,&quot;created_timestamp&quot;:&quot;0&quot;,&quot;copyright&quot;:&quot;&quot;,&quot;focal_length&quot;:&quot;0&quot;,&quot;iso&quot;:&quot;0&quot;,&quot;shutter_speed&quot;:&quot;0&quot;,&quot;title&quot;:&quot;&quot;,&quot;orientation&quot;:&quot;0&quot;}\" data-image-title=\"NFe MEI autonomo\" data-image-description=\"\" data-image-caption=\"\" data-large-file=\"https:\/\/i0.wp.com\/cfcontabil.com\/cf\/wp-content\/uploads\/2020\/01\/NFe-MEI-autonomo.png?fit=752%2C752\" class=\"aligncenter size-full wp-image-2030\" src=\"https:\/\/i0.wp.com\/cfcontabil.com\/cf\/wp-content\/uploads\/2020\/01\/NFe-MEI-autonomo.png?resize=752%2C752\" alt=\"\" width=\"752\" height=\"752\" srcset=\"https:\/\/i0.wp.com\/cfcontabil.com\/cf\/wp-content\/uploads\/2020\/01\/NFe-MEI-autonomo.png?w=752 752w, https:\/\/i0.wp.com\/cfcontabil.com\/cf\/wp-content\/uploads\/2020\/01\/NFe-MEI-autonomo.png?resize=300%2C300 300w, https:\/\/i0.wp.com\/cfcontabil.com\/cf\/wp-content\/uploads\/2020\/01\/NFe-MEI-autonomo.png?resize=150%2C150 150w, https:\/\/i0.wp.com\/cfcontabil.com\/cf\/wp-content\/uploads\/2020\/01\/NFe-MEI-autonomo.png?resize=370%2C370 370w, https:\/\/i0.wp.com\/cfcontabil.com\/cf\/wp-content\/uploads\/2020\/01\/NFe-MEI-autonomo.png?resize=75%2C75 75w\" sizes=\"(max-width: 752px) 100vw, 752px\" \/><\/a><\/p>\n<p>Assim, a partir de 01\/04\/2020 os usu\u00e1rios inscritos no CF\/DF, MEI e Aut\u00f4nomo, dever\u00e3o providenciar o credenciamento no portal de NFe, adquirir certificado digital e baixar o programa de emiss\u00e3o de NFe dispon\u00edvel, caso desejem emitir NFe.<br \/>\nOs Artes\u00e3os e demais pessoas f\u00edsicas que utilizam o sistema para remessa de mercadorias para conserto e\/ou mudan\u00e7a, dever\u00e3o acessar o novo sistema de emiss\u00e3o de notas fiscais, que estar\u00e1 dispon\u00edvel no portal de servi\u00e7os do site da Secretaria de Economia do Distrito Federal.<\/p>\n","protected":false},"excerpt":{"rendered":"<p>A SEFAZ informa que o Sistema de Emiss\u00e3o de Notas Fiscais Avulsas estar\u00e1 dispon\u00edvel, para utiliza\u00e7\u00e3o no site desta Secretaria, at\u00e9 31\/03\/2020, tendo em vista que o ajuste SINIEF n\u00ba 07\/2009, prorrogado pelo Ajuste SINIEF 29\/2019, disp\u00f5e que as Notas Fiscais Eletr\u00f4nicas, que n\u00e3o atendem aos requisitos da NF-e, deixar\u00e3o de ter validade. Assim, a [&hellip;]<\/p>\n","protected":false},"author":1,"featured_media":2031,"comment_status":"open","ping_status":"open","sticky":false,"template":"","format":"standard","meta":{"jetpack_post_was_ever_published":false,"_jetpack_newsletter_access":"","_jetpack_dont_email_post_to_subs":false,"_jetpack_newsletter_tier_id":0,"_jetpack_memberships_contains_paywalled_content":false,"_jetpack_memberships_contains_paid_content":false,"footnotes":"","jetpack_publicize_message":"","jetpack_publicize_feature_enabled":true,"jetpack_social_post_already_shared":true,"jetpack_social_options":{"image_generator_settings":{"template":"highway","default_image_id":0,"font":"","enabled":false},"version":2}},"categories":[1],"tags":[],"class_list":["post-2029","post","type-post","status-publish","format-standard","has-post-thumbnail","hentry","category-uncategorized"],"jetpack_publicize_connections":[],"jetpack_featured_media_url":"https:\/\/i0.wp.com\/cfcontabil.com\/cf\/wp-content\/uploads\/2020\/01\/servicio_nota_fiscal.png?fit=416%2C234","jetpack_sharing_enabled":true,"jetpack_shortlink":"https:\/\/wp.me\/p2wklX-wJ","jetpack-related-posts":[{"id":2208,"url":"http:\/\/cfcontabil.com\/cf\/prazo-para-microempresarios-emitirem-notas-fiscais-e-prorrogado\/","url_meta":{"origin":2029,"position":0},"title":"Prazo para microempres\u00e1rios emitirem notas fiscais \u00e9 prorrogado","author":"Ab\u00edlio Gon\u00e7alves","date":"1 de abril de 2020","format":false,"excerpt":"A medida poder\u00e1 ser efetuada at\u00e9 31 de dezembro. Iniciativa deve beneficiar mais de 135 mil microempres\u00e1rios que se utilizam deste servi\u00e7o O prazo para emiss\u00e3o de notas fiscais por meio do Sistema de Emiss\u00e3o de\u00a0Nota Fiscal Avulsa\u00a0(Senfa) para Microempreendedores Individuais (MEIs) do Distrito Federal foi prorrogado para 31 de\u2026","rel":"","context":"Em &quot;Departamento Fiscal&quot;","block_context":{"text":"Departamento Fiscal","link":"http:\/\/cfcontabil.com\/cf\/category\/df\/"},"img":{"alt_text":"","src":"https:\/\/i0.wp.com\/cfcontabil.com\/cf\/wp-content\/uploads\/2020\/04\/nota-fiscal-eletronica-1024x768-1.jpg?fit=1024%2C768&resize=350%2C200","width":350,"height":200,"srcset":"https:\/\/i0.wp.com\/cfcontabil.com\/cf\/wp-content\/uploads\/2020\/04\/nota-fiscal-eletronica-1024x768-1.jpg?fit=1024%2C768&resize=350%2C200 1x, https:\/\/i0.wp.com\/cfcontabil.com\/cf\/wp-content\/uploads\/2020\/04\/nota-fiscal-eletronica-1024x768-1.jpg?fit=1024%2C768&resize=525%2C300 1.5x, https:\/\/i0.wp.com\/cfcontabil.com\/cf\/wp-content\/uploads\/2020\/04\/nota-fiscal-eletronica-1024x768-1.jpg?fit=1024%2C768&resize=700%2C400 2x"},"classes":[]},{"id":1399,"url":"http:\/\/cfcontabil.com\/cf\/receita-esclarece-instrucoes-para-emissao-de-darf-avulso\/","url_meta":{"origin":2029,"position":1},"title":"Receita esclarece instru\u00e7\u00f5es para emiss\u00e3o de Darf Avulso","author":"Ab\u00edlio Gon\u00e7alves","date":"17 de outubro de 2018","format":false,"excerpt":"Caso de n\u00e3o fechamento completo da folha no eSocial ou dificuldades no Reinf Instru\u00e7\u00f5es para emiss\u00e3o de DARF Avulso no caso de n\u00e3o fechamento completo da folha no e-Social ou de dificuldades com o fechamento do Reinf A Receita Federal informa que, no per\u00edodo de apura\u00e7\u00e3o de setembro de 2018,\u2026","rel":"","context":"Em &quot;Departamento Pessoal&quot;","block_context":{"text":"Departamento Pessoal","link":"http:\/\/cfcontabil.com\/cf\/category\/dp\/"},"img":{"alt_text":"","src":"https:\/\/i0.wp.com\/cfcontabil.com\/cf\/wp-content\/uploads\/2018\/10\/de-darf-avulso-1.png.600x335_q85_box-60915506_crop_detail-1.png?fit=600%2C335&resize=350%2C200","width":350,"height":200,"srcset":"https:\/\/i0.wp.com\/cfcontabil.com\/cf\/wp-content\/uploads\/2018\/10\/de-darf-avulso-1.png.600x335_q85_box-60915506_crop_detail-1.png?fit=600%2C335&resize=350%2C200 1x, https:\/\/i0.wp.com\/cfcontabil.com\/cf\/wp-content\/uploads\/2018\/10\/de-darf-avulso-1.png.600x335_q85_box-60915506_crop_detail-1.png?fit=600%2C335&resize=525%2C300 1.5x"},"classes":[]},{"id":774,"url":"http:\/\/cfcontabil.com\/cf\/obrigatoriedade-da-nfc-e-para-empresas-do-df\/","url_meta":{"origin":2029,"position":2},"title":"Obrigatoriedade da NFC-e para empresas do DF","author":"Ab\u00edlio Gon\u00e7alves","date":"4 de outubro de 2016","format":false,"excerpt":"A\u00a0 Nota Fiscal de Consumidor Eletr\u00f4nica (NFC-e), tamb\u00e9m conhecida como a Nota Fiscal Eletr\u00f4nica modelo 65, \u00e9 o projeto\u00a0 que substituir\u00e1 a Nota Fiscal de Venda ao Consumidor (Modelo 02D), a Nota Fiscal de Servi\u00e7o (Modelo 03A) e ao Cupom Fiscal emitido por equipamento Emissor de Cupom Fiscal (ECF). As\u2026","rel":"","context":"Em &quot;Geral&quot;","block_context":{"text":"Geral","link":"http:\/\/cfcontabil.com\/cf\/category\/geral\/"},"img":{"alt_text":"","src":"https:\/\/i0.wp.com\/cfcontabil.com\/cf\/wp-content\/uploads\/2016\/10\/nfce-1.png?fit=1200%2C1022&resize=350%2C200","width":350,"height":200,"srcset":"https:\/\/i0.wp.com\/cfcontabil.com\/cf\/wp-content\/uploads\/2016\/10\/nfce-1.png?fit=1200%2C1022&resize=350%2C200 1x, https:\/\/i0.wp.com\/cfcontabil.com\/cf\/wp-content\/uploads\/2016\/10\/nfce-1.png?fit=1200%2C1022&resize=525%2C300 1.5x, https:\/\/i0.wp.com\/cfcontabil.com\/cf\/wp-content\/uploads\/2016\/10\/nfce-1.png?fit=1200%2C1022&resize=700%2C400 2x, https:\/\/i0.wp.com\/cfcontabil.com\/cf\/wp-content\/uploads\/2016\/10\/nfce-1.png?fit=1200%2C1022&resize=1050%2C600 3x"},"classes":[]},{"id":1109,"url":"http:\/\/cfcontabil.com\/cf\/receita-federal-e-fiscos-estaduais-iniciam-fiscalizacao-conjunta\/","url_meta":{"origin":2029,"position":3},"title":"Receita Federal e Fiscos Estaduais iniciam fiscaliza\u00e7\u00e3o conjunta","author":"Ab\u00edlio Gon\u00e7alves","date":"6 de abril de 2017","format":false,"excerpt":"A a\u00e7\u00e3o ter\u00e1 foco nas empresas notificadas pelo Alerta do Simples Nacional 3 de 2016. Expectativa \u00e9 de uma recupera\u00e7\u00e3o de R$ 130 milh\u00f5es em tributos sonegados. A Receita Federal, em conjunto com as Secretarias de Fazenda dos Estados do Tocantins, Piau\u00ed, Alagoas, Rio Grande do Norte, Sergipe, Minas Gerais,\u2026","rel":"","context":"Em &quot;Departamento Fiscal&quot;","block_context":{"text":"Departamento Fiscal","link":"http:\/\/cfcontabil.com\/cf\/category\/df\/"},"img":{"alt_text":"","src":"https:\/\/i0.wp.com\/cfcontabil.com\/cf\/wp-content\/uploads\/2017\/01\/simples-1.jpg?fit=520%2C271&resize=350%2C200","width":350,"height":200},"classes":[]},{"id":2228,"url":"http:\/\/cfcontabil.com\/cf\/consumidores-terao-que-informar-cpf-ou-cnpj-em-compras-acima-de-r-1-mil\/","url_meta":{"origin":2029,"position":4},"title":"Consumidores ter\u00e3o que informar CPF ou CNPJ em compras acima de R$ 1 mil","author":"Ab\u00edlio Gon\u00e7alves","date":"6 de abril de 2020","format":false,"excerpt":"Empresas que operam com vendas aos consumidores finais devem informar os dados do consumidor na Nota Fiscal do Consumidor Eletr\u00f4nica (NFCe) quando o valor da opera\u00e7\u00e3o for igual ou superior a R$ 10.000 (dez mil reais). Nas vendas com valor inferior a identifica\u00e7\u00e3o \u00e9 facultativa, ou seja, s\u00f3 \u00e9 exig\u00edvel\u2026","rel":"","context":"Em \"Consumidor\"","block_context":{"text":"Consumidor","link":"http:\/\/cfcontabil.com\/cf\/tag\/consumidor\/"},"img":{"alt_text":"","src":"https:\/\/i0.wp.com\/cfcontabil.com\/cf\/wp-content\/uploads\/2020\/04\/nfce_impressa.png?fit=700%2C400&resize=350%2C200","width":350,"height":200,"srcset":"https:\/\/i0.wp.com\/cfcontabil.com\/cf\/wp-content\/uploads\/2020\/04\/nfce_impressa.png?fit=700%2C400&resize=350%2C200 1x, https:\/\/i0.wp.com\/cfcontabil.com\/cf\/wp-content\/uploads\/2020\/04\/nfce_impressa.png?fit=700%2C400&resize=525%2C300 1.5x, https:\/\/i0.wp.com\/cfcontabil.com\/cf\/wp-content\/uploads\/2020\/04\/nfce_impressa.png?fit=700%2C400&resize=700%2C400 2x"},"classes":[]},{"id":680,"url":"http:\/\/cfcontabil.com\/cf\/novas-ferramentas-utilizadas-pela-receita-federal-em-2016-na-fiscalizacao\/","url_meta":{"origin":2029,"position":5},"title":"Novas ferramentas utilizadas pela Receita Federal em 2016 na fiscaliza\u00e7\u00e3o","author":"Ab\u00edlio Gon\u00e7alves","date":"18 de mar\u00e7o de 2016","format":false,"excerpt":"O\u00a0Plano Anual da Fiscaliza\u00e7\u00e3o\u00a0da Secretaria da Receita Federal do Brasil para o ano-calend\u00e1rio de 2016 listou as novas estrat\u00e9gias de fiscaliza\u00e7\u00e3o que ser\u00e3o utilizadas em 2016. De acordo com o relat\u00f3rio, a Receita espera autuar em 2016 algo em torno de R$ 155,4 bilh\u00f5es e tem em vista 20 mil\u2026","rel":"","context":"Em &quot;Consultoria Empresarial&quot;","block_context":{"text":"Consultoria Empresarial","link":"http:\/\/cfcontabil.com\/cf\/category\/consultoria\/"},"img":{"alt_text":"","src":"https:\/\/i0.wp.com\/cfcontabil.com\/cf\/wp-content\/uploads\/2016\/03\/Receita-Federal-9-1.png?fit=825%2C367&resize=350%2C200","width":350,"height":200,"srcset":"https:\/\/i0.wp.com\/cfcontabil.com\/cf\/wp-content\/uploads\/2016\/03\/Receita-Federal-9-1.png?fit=825%2C367&resize=350%2C200 1x, https:\/\/i0.wp.com\/cfcontabil.com\/cf\/wp-content\/uploads\/2016\/03\/Receita-Federal-9-1.png?fit=825%2C367&resize=525%2C300 1.5x, https:\/\/i0.wp.com\/cfcontabil.com\/cf\/wp-content\/uploads\/2016\/03\/Receita-Federal-9-1.png?fit=825%2C367&resize=700%2C400 2x"},"classes":[]}],"jetpack_likes_enabled":true,"_links":{"self":[{"href":"http:\/\/cfcontabil.com\/cf\/wp-json\/wp\/v2\/posts\/2029","targetHints":{"allow":["GET"]}}],"collection":[{"href":"http:\/\/cfcontabil.com\/cf\/wp-json\/wp\/v2\/posts"}],"about":[{"href":"http:\/\/cfcontabil.com\/cf\/wp-json\/wp\/v2\/types\/post"}],"author":[{"embeddable":true,"href":"http:\/\/cfcontabil.com\/cf\/wp-json\/wp\/v2\/users\/1"}],"replies":[{"embeddable":true,"href":"http:\/\/cfcontabil.com\/cf\/wp-json\/wp\/v2\/comments?post=2029"}],"version-history":[{"count":2,"href":"http:\/\/cfcontabil.com\/cf\/wp-json\/wp\/v2\/posts\/2029\/revisions"}],"predecessor-version":[{"id":2035,"href":"http:\/\/cfcontabil.com\/cf\/wp-json\/wp\/v2\/posts\/2029\/revisions\/2035"}],"wp:featuredmedia":[{"embeddable":true,"href":"http:\/\/cfcontabil.com\/cf\/wp-json\/wp\/v2\/media\/2031"}],"wp:attachment":[{"href":"http:\/\/cfcontabil.com\/cf\/wp-json\/wp\/v2\/media?parent=2029"}],"wp:term":[{"taxonomy":"category","embeddable":true,"href":"http:\/\/cfcontabil.com\/cf\/wp-json\/wp\/v2\/categories?post=2029"},{"taxonomy":"post_tag","embeddable":true,"href":"http:\/\/cfcontabil.com\/cf\/wp-json\/wp\/v2\/tags?post=2029"}],"curies":[{"name":"wp","href":"https:\/\/api.w.org\/{rel}","templated":true}]}}