{"id":2036,"date":"2020-01-03T07:54:40","date_gmt":"2020-01-03T10:54:40","guid":{"rendered":"http:\/\/cfcontabil.com\/cf\/?p=2036"},"modified":"2020-01-03T07:54:40","modified_gmt":"2020-01-03T10:54:40","slug":"salario-minimo-e-de-r-1-039-em-2020","status":"publish","type":"post","link":"http:\/\/cfcontabil.com\/cf\/salario-minimo-e-de-r-1-039-em-2020\/","title":{"rendered":"Sal\u00e1rio m\u00ednimo \u00e9 de R$ 1.039 em 2020"},"content":{"rendered":"<h2 class=\"txt-gray mb-0 h4\">O valor de R$ 1.039 s\u00e3o oito reais acima do valor aprovado pelo Congresso no or\u00e7amento, que era R$ 1.031<\/h2>\n<p>O presidente Jair Bolsonaro (Sem partido) assinou no dia 31 de dezembro de 2019, a Medida Provis\u00f3ria (MP) de reajuste do sal\u00e1rio m\u00ednimo.<\/p>\n<p>A previs\u00e3o do INPC ficou acima do embutido na proposta or\u00e7ament\u00e1ria, resultando em um reajuste um pouco maior do que o aprovado pelo Legislativo. A decis\u00e3o foi tomada ap\u00f3s reuni\u00e3o com o ministro da Secretaria-Geral, Jorge Oliveira, no Pal\u00e1cio da Alvorada. O sal\u00e1rio entrou em vigor em 1\u00ba de janeiro.<\/p>\n<p>A Secretaria de Comunica\u00e7\u00e3o da Presid\u00eancia divulgou uma nota sobre a edi\u00e7\u00e3o da medida. &#8220;O Senhor Presidente da Rep\u00fablica editou Medida Provis\u00f3ria que fixa o sal\u00e1rio-m\u00ednimo no pa\u00eds, a partir do dia 1\u00ba.1.2020, no valor de R$ 1.039,00. O valor ora proposto parte da aplica\u00e7\u00e3o da varia\u00e7\u00e3o do \u00cdndice Nacional de Pre\u00e7os ao Consumidor \u2013 INPC, no per\u00edodo de janeiro a dezembro de 2019, divulgado pelo BACEN em 30.12.2019. A medida atende, assim, ao mandamento constitucional do art. 7\u00ba, IV, que estabelece como direito dos trabalhadores urbanos e rurais sal\u00e1rio m\u00ednimo fixado em lei&#8221;, diz um trecho do texto.<\/p>\n<p>O novo valor ter\u00e1 um reajuste de 4,1% em rela\u00e7\u00e3o ao m\u00ednimo de 2019, de R$ 998.<\/p>\n<p>O INPC efetivo de 2020 ser\u00e1 divulgado pelo IBGE de 2020 no dia 10 de janeiro.<\/p>\n","protected":false},"excerpt":{"rendered":"<p>O valor de R$ 1.039 s\u00e3o oito reais acima do valor aprovado pelo Congresso no or\u00e7amento, que era R$ 1.031 O presidente Jair Bolsonaro (Sem partido) assinou no dia 31 de dezembro de 2019, a Medida Provis\u00f3ria (MP) de reajuste do sal\u00e1rio m\u00ednimo. A previs\u00e3o do INPC ficou acima do embutido na proposta or\u00e7ament\u00e1ria, resultando [&hellip;]<\/p>\n","protected":false},"author":1,"featured_media":1884,"comment_status":"open","ping_status":"open","sticky":false,"template":"","format":"standard","meta":{"jetpack_post_was_ever_published":false,"_jetpack_newsletter_access":"","_jetpack_dont_email_post_to_subs":false,"_jetpack_newsletter_tier_id":0,"_jetpack_memberships_contains_paywalled_content":false,"_jetpack_memberships_contains_paid_content":false,"footnotes":"","jetpack_publicize_message":"","jetpack_publicize_feature_enabled":true,"jetpack_social_post_already_shared":true,"jetpack_social_options":{"image_generator_settings":{"template":"highway","default_image_id":0,"font":"","enabled":false},"version":2}},"categories":[29],"tags":[737,316,93],"class_list":["post-2036","post","type-post","status-publish","format-standard","has-post-thumbnail","hentry","category-dp","tag-minimo","tag-reajuste","tag-salario"],"jetpack_publicize_connections":[],"jetpack_featured_media_url":"https:\/\/i0.wp.com\/cfcontabil.com\/cf\/wp-content\/uploads\/2019\/11\/salario.jpg?fit=703%2C436","jetpack_sharing_enabled":true,"jetpack_shortlink":"https:\/\/wp.me\/p2wklX-wQ","jetpack-related-posts":[{"id":2041,"url":"http:\/\/cfcontabil.com\/cf\/tres-das-cinco-novas-regras-de-aposentadoria-ja-estao-valendo\/","url_meta":{"origin":2036,"position":0},"title":"Tr\u00eas das cinco novas regras de aposentadoria j\u00e1 est\u00e3o valendo","author":"Ab\u00edlio Gon\u00e7alves","date":"3 de janeiro de 2020","format":false,"excerpt":"Segurados do INSS que est\u00e3o perto de requerer o benef\u00edcio devem ficar atentos \u00e0s normas de transi\u00e7\u00e3o para a Nova Previd\u00eancia. De maneira geral, ser\u00e1 preciso trabalhar mais tempo para poder passar \u00e0 inatividade. Piso e teto foram ampliados Tr\u00eas das cinco regras de transi\u00e7\u00e3o da\u00a0reforma da Previd\u00eancia\u00a0entraram em vigor\u2026","rel":"","context":"Em &quot;Departamento Pessoal&quot;","block_context":{"text":"Departamento Pessoal","link":"http:\/\/cfcontabil.com\/cf\/category\/dp\/"},"img":{"alt_text":"","src":"https:\/\/i0.wp.com\/cfcontabil.com\/cf\/wp-content\/uploads\/2020\/01\/inss-aposentadoria.jpg?fit=790%2C490&resize=350%2C200","width":350,"height":200,"srcset":"https:\/\/i0.wp.com\/cfcontabil.com\/cf\/wp-content\/uploads\/2020\/01\/inss-aposentadoria.jpg?fit=790%2C490&resize=350%2C200 1x, https:\/\/i0.wp.com\/cfcontabil.com\/cf\/wp-content\/uploads\/2020\/01\/inss-aposentadoria.jpg?fit=790%2C490&resize=525%2C300 1.5x, https:\/\/i0.wp.com\/cfcontabil.com\/cf\/wp-content\/uploads\/2020\/01\/inss-aposentadoria.jpg?fit=790%2C490&resize=700%2C400 2x"},"classes":[]},{"id":856,"url":"http:\/\/cfcontabil.com\/cf\/tire-suas-duvidas-sobre-o-reajuste-do-seguro-desemprego\/","url_meta":{"origin":2036,"position":1},"title":"Tire suas d\u00favidas sobre o reajuste do seguro-desemprego","author":"Ab\u00edlio Gon\u00e7alves","date":"25 de janeiro de 2017","format":false,"excerpt":"Benef\u00edcio do seguro-desemprego come\u00e7ou a ser pago com reajuste a partir de\u00a0ter\u00e7a-feira (17) O Minist\u00e9rio do Trabalho liberou o lote de pagamento do Seguro-Desemprego com o reajuste das parcelas. Os novos valores levam em conta o sal\u00e1rio m\u00ednimo a partir de 1\u00b0 de janeiro de 2017 e a varia\u00e7\u00e3o do\u2026","rel":"","context":"Em &quot;Departamento Pessoal&quot;","block_context":{"text":"Departamento Pessoal","link":"http:\/\/cfcontabil.com\/cf\/category\/dp\/"},"img":{"alt_text":"","src":"https:\/\/i0.wp.com\/cfcontabil.com\/cf\/wp-content\/uploads\/2017\/01\/CTPStrabalho-1.jpg?fit=1200%2C781&resize=350%2C200","width":350,"height":200,"srcset":"https:\/\/i0.wp.com\/cfcontabil.com\/cf\/wp-content\/uploads\/2017\/01\/CTPStrabalho-1.jpg?fit=1200%2C781&resize=350%2C200 1x, https:\/\/i0.wp.com\/cfcontabil.com\/cf\/wp-content\/uploads\/2017\/01\/CTPStrabalho-1.jpg?fit=1200%2C781&resize=525%2C300 1.5x, https:\/\/i0.wp.com\/cfcontabil.com\/cf\/wp-content\/uploads\/2017\/01\/CTPStrabalho-1.jpg?fit=1200%2C781&resize=700%2C400 2x, https:\/\/i0.wp.com\/cfcontabil.com\/cf\/wp-content\/uploads\/2017\/01\/CTPStrabalho-1.jpg?fit=1200%2C781&resize=1050%2C600 3x"},"classes":[]},{"id":2196,"url":"http:\/\/cfcontabil.com\/cf\/coronavirus-camara-aprova-projeto-que-preve-r-600-por-mes-para-trabalhador-informal\/","url_meta":{"origin":2036,"position":2},"title":"Coronav\u00edrus: C\u00e2mara aprova projeto que prev\u00ea R$ 600 por m\u00eas para trabalhador informal","author":"Ab\u00edlio Gon\u00e7alves","date":"27 de mar\u00e7o de 2020","format":false,"excerpt":"Texto vai ao Senado e prev\u00ea repasse por 3 meses. Aut\u00f4nomo dever\u00e1 cumprir requisitos como ter mais de 18 anos e n\u00e3o receber benef\u00edcio previdenci\u00e1rio ou assistencial. A\u00a0C\u00e2mara dos Deputados\u00a0aprovou nesta quinta-feira (26) um projeto que prev\u00ea o pagamento de R$ 600 a trabalhadores informais por tr\u00eas meses em raz\u00e3o\u2026","rel":"","context":"Em \"aux\u00edlio\"","block_context":{"text":"aux\u00edlio","link":"http:\/\/cfcontabil.com\/cf\/tag\/auxilio\/"},"img":{"alt_text":"","src":"https:\/\/i0.wp.com\/cfcontabil.com\/cf\/wp-content\/uploads\/2020\/03\/plenario-camara.jpg?fit=640%2C419&resize=350%2C200","width":350,"height":200,"srcset":"https:\/\/i0.wp.com\/cfcontabil.com\/cf\/wp-content\/uploads\/2020\/03\/plenario-camara.jpg?fit=640%2C419&resize=350%2C200 1x, https:\/\/i0.wp.com\/cfcontabil.com\/cf\/wp-content\/uploads\/2020\/03\/plenario-camara.jpg?fit=640%2C419&resize=525%2C300 1.5x"},"classes":[]},{"id":694,"url":"http:\/\/cfcontabil.com\/cf\/novo-imposto-de-renda-sobre-ganhos-de-capital-so-valera-a-partir-de-2017\/","url_meta":{"origin":2036,"position":3},"title":"Novo Imposto de Renda sobre ganhos de capital s\u00f3 valer\u00e1 a partir de 2017","author":"Ab\u00edlio Gon\u00e7alves","date":"22 de mar\u00e7o de 2016","format":false,"excerpt":"As novas al\u00edquotas de Imposto de Renda (IR) sobre ganhos na venda de bens e direitos s\u00f3 valer\u00e3o a partir de 2017, informou hoje (18) o Minist\u00e9rio da Fazenda. Por causa do princ\u00edpio da anualidade, estabelecido pela Constitui\u00e7\u00e3o, altera\u00e7\u00f5es no Imposto de Renda s\u00f3 podem valer para fatos geradores a\u2026","rel":"","context":"Em &quot;Consultoria Empresarial&quot;","block_context":{"text":"Consultoria Empresarial","link":"http:\/\/cfcontabil.com\/cf\/category\/consultoria\/"},"img":{"alt_text":"","src":"https:\/\/i0.wp.com\/cfcontabil.com\/cf\/wp-content\/uploads\/2016\/03\/dinheiro-1.jpg?fit=661%2C351&resize=350%2C200","width":350,"height":200,"srcset":"https:\/\/i0.wp.com\/cfcontabil.com\/cf\/wp-content\/uploads\/2016\/03\/dinheiro-1.jpg?fit=661%2C351&resize=350%2C200 1x, https:\/\/i0.wp.com\/cfcontabil.com\/cf\/wp-content\/uploads\/2016\/03\/dinheiro-1.jpg?fit=661%2C351&resize=525%2C300 1.5x"},"classes":[]},{"id":580,"url":"http:\/\/cfcontabil.com\/cf\/a-real-situacao-financeira-do-df\/","url_meta":{"origin":2036,"position":4},"title":"A real situa\u00e7\u00e3o financeira do DF","author":"Vin\u00edcius Moizinho","date":"9 de janeiro de 2015","format":false,"excerpt":"At\u00e9 31 de janeiro, o d\u00e9ficit financeiro do Governo do Distrito Federal ser\u00e1 de pelo menos R$ 3.519.008.787,74. O valor foi divulgado pelo secret\u00e1rio de Fazenda, Leonardo Colombini, em coletiva \u00e0 imprensa na \u00faltima\u00a0ter\u00e7a-feira (6). A d\u00edvida deixada pelo governo anterior \u00e9 de R$ 3.166.364.466,44, e os compromissos financeiros de\u2026","rel":"","context":"Em &quot;Geral&quot;","block_context":{"text":"Geral","link":"http:\/\/cfcontabil.com\/cf\/category\/geral\/"},"img":{"alt_text":"","src":"","width":0,"height":0},"classes":[]},{"id":1823,"url":"http:\/\/cfcontabil.com\/cf\/veja-o-que-mudara-na-aposentadoria-apos-a-promulgacao-da-reforma-da-previdencia\/","url_meta":{"origin":2036,"position":5},"title":"Veja o que mudar\u00e1 na aposentadoria ap\u00f3s a promulga\u00e7\u00e3o da reforma da Previd\u00eancia","author":"Ab\u00edlio Gon\u00e7alves","date":"29 de outubro de 2019","format":false,"excerpt":"Proposta de emenda \u00e0 Constitui\u00e7\u00e3o da reforma da Previd\u00eancia ser\u00e1 promulgada pelo Congresso Nacional nos pr\u00f3ximos dias F\u00e1bio Rodrigues Pozzebom\/Ag\u00eancia Brasil Para quem j\u00e1 est\u00e1 no mercado de trabalho, de modo geral, valem as regras de transi\u00e7\u00e3o As principais mudan\u00e7as na regra geral s\u00e3o o aumento da idade para se\u2026","rel":"","context":"Em &quot;Departamento Pessoal&quot;","block_context":{"text":"Departamento Pessoal","link":"http:\/\/cfcontabil.com\/cf\/category\/dp\/"},"img":{"alt_text":"","src":"https:\/\/i0.wp.com\/cfcontabil.com\/cf\/wp-content\/uploads\/2017\/01\/logo-inss-previdencia-social-1.png?fit=1000%2C604&resize=350%2C200","width":350,"height":200,"srcset":"https:\/\/i0.wp.com\/cfcontabil.com\/cf\/wp-content\/uploads\/2017\/01\/logo-inss-previdencia-social-1.png?fit=1000%2C604&resize=350%2C200 1x, https:\/\/i0.wp.com\/cfcontabil.com\/cf\/wp-content\/uploads\/2017\/01\/logo-inss-previdencia-social-1.png?fit=1000%2C604&resize=525%2C300 1.5x, https:\/\/i0.wp.com\/cfcontabil.com\/cf\/wp-content\/uploads\/2017\/01\/logo-inss-previdencia-social-1.png?fit=1000%2C604&resize=700%2C400 2x"},"classes":[]}],"jetpack_likes_enabled":true,"_links":{"self":[{"href":"http:\/\/cfcontabil.com\/cf\/wp-json\/wp\/v2\/posts\/2036","targetHints":{"allow":["GET"]}}],"collection":[{"href":"http:\/\/cfcontabil.com\/cf\/wp-json\/wp\/v2\/posts"}],"about":[{"href":"http:\/\/cfcontabil.com\/cf\/wp-json\/wp\/v2\/types\/post"}],"author":[{"embeddable":true,"href":"http:\/\/cfcontabil.com\/cf\/wp-json\/wp\/v2\/users\/1"}],"replies":[{"embeddable":true,"href":"http:\/\/cfcontabil.com\/cf\/wp-json\/wp\/v2\/comments?post=2036"}],"version-history":[{"count":1,"href":"http:\/\/cfcontabil.com\/cf\/wp-json\/wp\/v2\/posts\/2036\/revisions"}],"predecessor-version":[{"id":2037,"href":"http:\/\/cfcontabil.com\/cf\/wp-json\/wp\/v2\/posts\/2036\/revisions\/2037"}],"wp:featuredmedia":[{"embeddable":true,"href":"http:\/\/cfcontabil.com\/cf\/wp-json\/wp\/v2\/media\/1884"}],"wp:attachment":[{"href":"http:\/\/cfcontabil.com\/cf\/wp-json\/wp\/v2\/media?parent=2036"}],"wp:term":[{"taxonomy":"category","embeddable":true,"href":"http:\/\/cfcontabil.com\/cf\/wp-json\/wp\/v2\/categories?post=2036"},{"taxonomy":"post_tag","embeddable":true,"href":"http:\/\/cfcontabil.com\/cf\/wp-json\/wp\/v2\/tags?post=2036"}],"curies":[{"name":"wp","href":"https:\/\/api.w.org\/{rel}","templated":true}]}}