{"id":2044,"date":"2020-01-06T16:55:00","date_gmt":"2020-01-06T19:55:00","guid":{"rendered":"http:\/\/cfcontabil.com\/cf\/?p=2044"},"modified":"2020-01-06T16:55:00","modified_gmt":"2020-01-06T19:55:00","slug":"decreto-facilita-combate-a-fraude-em-abertura-de-empresas","status":"publish","type":"post","link":"http:\/\/cfcontabil.com\/cf\/decreto-facilita-combate-a-fraude-em-abertura-de-empresas\/","title":{"rendered":"Decreto facilita combate \u00e0 fraude em abertura de empresas"},"content":{"rendered":"<h2 class=\"nitfSubtitle\">DESBUROCRATIZA\u00c7\u00c3O<\/h2>\n<div class=\"documentDescription\">Novas regras simplificam a identifica\u00e7\u00e3o de falsifica\u00e7\u00f5es e melhora ambiente de neg\u00f3cios no pa\u00eds<\/div>\n<div>\n<p>O\u00a0<a class=\"external-link\" title=\"\" href=\"http:\/\/www.planalto.gov.br\/ccivil_03\/_ato2019-2022\/2019\/decreto\/D10173.htm\" target=\"_self\" rel=\"noopener noreferrer\">Decreto n\u00ba 10.173, de 16 de dezembro de 2019<\/a>, tem o objetivo de simplificar a vida das pessoas que foram v\u00edtimas de falsifica\u00e7\u00f5es de documentos durante a abertura ou outros atos relacionados a empresas no pa\u00eds. Agora, o cidad\u00e3o pode retirar administrativamente o seu nome de empresa aberta de forma fraudulenta, sem precisar aguardar decis\u00e3o judicial. Basta procurar a Junta Comercial de seu estado ou do Distrito Federal.<\/p>\n<p>As novas regras alteram a legisla\u00e7\u00e3o do Registro P\u00fablico de Empresas Mercantis e Atividades Afins (dispostas no Decreto 1.800 de 1996) e est\u00e3o inseridas no conjunto de a\u00e7\u00f5es do Minist\u00e9rio da Economia que objetivam uniformizar e desburocratizar o registro de empresas. O normativo revisa e altera normas que ainda causavam entraves no \u00e2mbito das Juntas Comerciais, al\u00e9m de estar mais adequado a recentes legisla\u00e7\u00f5es. O objetivo primordial \u00e9 melhorar o ambiente de neg\u00f3cios do pa\u00eds.<\/p>\n<p>Outras medidas v\u00eam sendo adotadas para incentivar o empreendedorismo no pa\u00eds, entre elas, destaca-se a Lei n\u00ba 13.874, conhecida como Lei da Liberdade Econ\u00f4mica, que possibilitou o registro autom\u00e1tico de diversos atos empresariais e permitiu que advogados e contadores declarem a autenticidade da c\u00f3pia de documentos.<\/p>\n<p><img data-recalc-dims=\"1\" decoding=\"async\" class=\"image-inline\" title=\"\" src=\"https:\/\/i0.wp.com\/www.economia.gov.br\/noticias\/2020\/01\/imagens\/Card_Desburocratiza1.png?w=1170\" alt=\"\" \/><\/p>\n<p><b>O que muda<\/b><\/p>\n<p>As principais altera\u00e7\u00f5es foram em rela\u00e7\u00e3o aos procedimentos a serem adotados pelas juntas comerciais em casos de comprovada falsifica\u00e7\u00e3o no registro de atos constitutivos e de altera\u00e7\u00f5es de empresas e no cumprimento de decis\u00f5es judiciais.<\/p>\n<p>A expectativa do Departamento Nacional de Registro Empresarial e Integra\u00e7\u00e3o, da Secretaria de Governo Digital do Minist\u00e9rio da Economia, \u00e9 que a mudan\u00e7a reduza significativamente custo e o tempo na solu\u00e7\u00e3o do problema. Isso porque o cidad\u00e3o, mesmo com documento da Pol\u00edcia Civil atestando a falsifica\u00e7\u00e3o, precisava de decis\u00e3o judicial para ter seu nome retirado de registro fraudulento nas Juntas Comerciais.<\/p>\n<p>Em casos de decis\u00f5es judiciais, o cidad\u00e3o nem precisa mais comparecer \u00e0s juntas comerciais para alterar os dados cadastrais. Elas passam a atender as determina\u00e7\u00f5es judiciais de imediato e realizam a altera\u00e7\u00e3o dos dados cadastrais. A pr\u00f3pria Justi\u00e7a encaminha as decis\u00f5es. A mudan\u00e7a contribui para a uniformiza\u00e7\u00e3o no cumprimento das senten\u00e7as.<\/p>\n<\/div>\n","protected":false},"excerpt":{"rendered":"<p>DESBUROCRATIZA\u00c7\u00c3O Novas regras simplificam a identifica\u00e7\u00e3o de falsifica\u00e7\u00f5es e melhora ambiente de neg\u00f3cios no pa\u00eds O\u00a0Decreto n\u00ba 10.173, de 16 de dezembro de 2019, tem o objetivo de simplificar a vida das pessoas que foram v\u00edtimas de falsifica\u00e7\u00f5es de documentos durante a abertura ou outros atos relacionados a empresas no pa\u00eds. Agora, o cidad\u00e3o pode [&hellip;]<\/p>\n","protected":false},"author":1,"featured_media":2045,"comment_status":"open","ping_status":"open","sticky":false,"template":"","format":"standard","meta":{"jetpack_post_was_ever_published":false,"_jetpack_newsletter_access":"","_jetpack_dont_email_post_to_subs":false,"_jetpack_newsletter_tier_id":0,"_jetpack_memberships_contains_paywalled_content":false,"_jetpack_memberships_contains_paid_content":false,"footnotes":"","jetpack_publicize_message":"","jetpack_publicize_feature_enabled":true,"jetpack_social_post_already_shared":true,"jetpack_social_options":{"image_generator_settings":{"template":"highway","default_image_id":0,"font":"","enabled":false},"version":2}},"categories":[22],"tags":[739,563,73],"class_list":["post-2044","post","type-post","status-publish","format-standard","has-post-thumbnail","hentry","category-geral","tag-arquivamento","tag-desburocratizacao","tag-fraude"],"jetpack_publicize_connections":[],"jetpack_featured_media_url":"https:\/\/i0.wp.com\/cfcontabil.com\/cf\/wp-content\/uploads\/2020\/01\/desburocratizacao.jpg?fit=606%2C454","jetpack_sharing_enabled":true,"jetpack_shortlink":"https:\/\/wp.me\/p2wklX-wY","jetpack-related-posts":[{"id":1259,"url":"http:\/\/cfcontabil.com\/cf\/decreto-presidencial-simplifica-atendimento-em-servicos-publicos\/","url_meta":{"origin":2044,"position":0},"title":"Decreto presidencial simplifica atendimento em servi\u00e7os p\u00fablicos","author":"Ab\u00edlio Gon\u00e7alves","date":"25 de julho de 2017","format":false,"excerpt":"A partir de agora, n\u00e3o ser\u00e1 mais necess\u00e1rio apresentar c\u00f3pia autenticada e reconhecimento de firma a \u00f3rg\u00e3os p\u00fablicos federais. Medida teve origem no Conselh\u00e3o Decreto assinado pelo presidente da Rep\u00fablica, Michel Temer, garante a pessoas jur\u00eddicas atendimento simplificado em servi\u00e7os p\u00fablicos. Foram dispensados o reconhecimento de firma e a autentica\u00e7\u00e3o\u2026","rel":"","context":"Em &quot;Geral&quot;","block_context":{"text":"Geral","link":"http:\/\/cfcontabil.com\/cf\/category\/geral\/"},"img":{"alt_text":"","src":"https:\/\/i0.wp.com\/cfcontabil.com\/cf\/wp-content\/uploads\/2017\/07\/ConselhaoPresidencia-1.jpeg?fit=768%2C433&resize=350%2C200","width":350,"height":200,"srcset":"https:\/\/i0.wp.com\/cfcontabil.com\/cf\/wp-content\/uploads\/2017\/07\/ConselhaoPresidencia-1.jpeg?fit=768%2C433&resize=350%2C200 1x, https:\/\/i0.wp.com\/cfcontabil.com\/cf\/wp-content\/uploads\/2017\/07\/ConselhaoPresidencia-1.jpeg?fit=768%2C433&resize=525%2C300 1.5x, https:\/\/i0.wp.com\/cfcontabil.com\/cf\/wp-content\/uploads\/2017\/07\/ConselhaoPresidencia-1.jpeg?fit=768%2C433&resize=700%2C400 2x"},"classes":[]},{"id":1864,"url":"http:\/\/cfcontabil.com\/cf\/empresas-poderao-abrir-filiais-em-outros-estados-instantaneamente\/","url_meta":{"origin":2044,"position":1},"title":"Empresas poder\u00e3o abrir filiais em outros estados instantaneamente","author":"Ab\u00edlio Gon\u00e7alves","date":"8 de novembro de 2019","format":false,"excerpt":"Altera\u00e7\u00f5es, transfer\u00eancias e extin\u00e7\u00f5es tamb\u00e9m ficam mais r\u00e1pidas. At\u00e9 recentemente, a abertura de filiais em outros estados demorava v\u00e1rias semanas. A abertura de filiais de empresas em estados fora da sede passou a ser instant\u00e2nea. Por meio da integra\u00e7\u00e3o digital das juntas comerciais, o registro de outras unidades em outros\u2026","rel":"","context":"Em &quot;Consultoria Empresarial&quot;","block_context":{"text":"Consultoria Empresarial","link":"http:\/\/cfcontabil.com\/cf\/category\/consultoria\/"},"img":{"alt_text":"","src":"https:\/\/i0.wp.com\/cfcontabil.com\/cf\/wp-content\/uploads\/2019\/11\/filial-filiais.jpg?fit=600%2C340&resize=350%2C200","width":350,"height":200,"srcset":"https:\/\/i0.wp.com\/cfcontabil.com\/cf\/wp-content\/uploads\/2019\/11\/filial-filiais.jpg?fit=600%2C340&resize=350%2C200 1x, https:\/\/i0.wp.com\/cfcontabil.com\/cf\/wp-content\/uploads\/2019\/11\/filial-filiais.jpg?fit=600%2C340&resize=525%2C300 1.5x"},"classes":[]},{"id":2658,"url":"http:\/\/cfcontabil.com\/cf\/como-o-esocial-simplificado-ajudara-pequenas-empresas-a-regularizar-funcionarios\/","url_meta":{"origin":2044,"position":2},"title":"Como o eSocial simplificado ajudar\u00e1 pequenas empresas a regularizar funcion\u00e1rios","author":"Ab\u00edlio Gon\u00e7alves","date":"25 de agosto de 2021","format":false,"excerpt":"O\u00a0eSocial\u00a0\u00e9 um sistema do governo federal que\u00a0unifica o acesso a informa\u00e7\u00f5es dos trabalhadores de uma empresa, por parte do empregador. A partir de outubro, ele ganhar\u00e1 um m\u00f3dulo simplificado\u00a0para ajudar o Microempreendedor Individual (MEI) a prestar informa\u00e7\u00f5es sobre a empresa. Na pr\u00e1tica, ele vai estimular os pequenos empreendedores a combater\u2026","rel":"","context":"Em &quot;Departamento Pessoal&quot;","block_context":{"text":"Departamento Pessoal","link":"http:\/\/cfcontabil.com\/cf\/category\/dp\/"},"img":{"alt_text":"","src":"https:\/\/i0.wp.com\/cfcontabil.com\/cf\/wp-content\/uploads\/2018\/09\/esocial-1-810x456-1.jpg?fit=810%2C456&resize=350%2C200","width":350,"height":200,"srcset":"https:\/\/i0.wp.com\/cfcontabil.com\/cf\/wp-content\/uploads\/2018\/09\/esocial-1-810x456-1.jpg?fit=810%2C456&resize=350%2C200 1x, https:\/\/i0.wp.com\/cfcontabil.com\/cf\/wp-content\/uploads\/2018\/09\/esocial-1-810x456-1.jpg?fit=810%2C456&resize=525%2C300 1.5x, https:\/\/i0.wp.com\/cfcontabil.com\/cf\/wp-content\/uploads\/2018\/09\/esocial-1-810x456-1.jpg?fit=810%2C456&resize=700%2C400 2x"},"classes":[]},{"id":2300,"url":"http:\/\/cfcontabil.com\/cf\/redesim-mais-de-70-dos-pedidos-de-abertura-de-empresas-realizados-no-mes-de-abril-foram-concluidos-em-ate-3-dias\/","url_meta":{"origin":2044,"position":3},"title":"REDESIM: Mais de 70% dos pedidos de abertura de empresas realizados no m\u00eas de abril foram conclu\u00eddos em at\u00e9 3 dias","author":"Ab\u00edlio Gon\u00e7alves","date":"13 de maio de 2020","format":false,"excerpt":"Agilidade impacta positivamente o ambiente de neg\u00f3cios do pa\u00eds No m\u00eas de abril deste ano, mais de 70% dos processos de abertura de empresas e neg\u00f3cios no pa\u00eds foram realizados em menos de tr\u00eas dias. As a\u00e7\u00f5es de simplifica\u00e7\u00e3o introduzidas ao longo de 2019, como o deferimento exclusivo na Junta\u2026","rel":"","context":"Em &quot;Geral&quot;","block_context":{"text":"Geral","link":"http:\/\/cfcontabil.com\/cf\/category\/geral\/"},"img":{"alt_text":"","src":"https:\/\/i0.wp.com\/cfcontabil.com\/cf\/wp-content\/uploads\/2020\/05\/redesim.png?fit=945%2C540&resize=350%2C200","width":350,"height":200,"srcset":"https:\/\/i0.wp.com\/cfcontabil.com\/cf\/wp-content\/uploads\/2020\/05\/redesim.png?fit=945%2C540&resize=350%2C200 1x, https:\/\/i0.wp.com\/cfcontabil.com\/cf\/wp-content\/uploads\/2020\/05\/redesim.png?fit=945%2C540&resize=525%2C300 1.5x, https:\/\/i0.wp.com\/cfcontabil.com\/cf\/wp-content\/uploads\/2020\/05\/redesim.png?fit=945%2C540&resize=700%2C400 2x"},"classes":[]},{"id":1987,"url":"http:\/\/cfcontabil.com\/cf\/governo-prepara-mudancas-no-esocial-para-janeiro-diz-marinho\/","url_meta":{"origin":2044,"position":4},"title":"Governo prepara mudan\u00e7as no eSocial para janeiro, diz Marinho","author":"Ab\u00edlio Gon\u00e7alves","date":"7 de dezembro de 2019","format":false,"excerpt":"Na FIESC, secret\u00e1rio de Previd\u00eancia e Trabalho informou que ser\u00e1 feita uma ampla simplifica\u00e7\u00e3o do sistema, com foco na desburocratiza\u00e7\u00e3o. Ele participou de encontro, nesta quinta-feira (5), promovido pelo Conselho das Federa\u00e7\u00f5es Empresariais de SC, em Florian\u00f3polis Em sua palestra, Marinho disse que o novo eSocial vai tornar o ambiente\u2026","rel":"","context":"Em &quot;Departamento Pessoal&quot;","block_context":{"text":"Departamento Pessoal","link":"http:\/\/cfcontabil.com\/cf\/category\/dp\/"},"img":{"alt_text":"","src":"https:\/\/i0.wp.com\/cfcontabil.com\/cf\/wp-content\/uploads\/2018\/09\/esocial-1-810x456-1.jpg?fit=810%2C456&resize=350%2C200","width":350,"height":200,"srcset":"https:\/\/i0.wp.com\/cfcontabil.com\/cf\/wp-content\/uploads\/2018\/09\/esocial-1-810x456-1.jpg?fit=810%2C456&resize=350%2C200 1x, https:\/\/i0.wp.com\/cfcontabil.com\/cf\/wp-content\/uploads\/2018\/09\/esocial-1-810x456-1.jpg?fit=810%2C456&resize=525%2C300 1.5x, https:\/\/i0.wp.com\/cfcontabil.com\/cf\/wp-content\/uploads\/2018\/09\/esocial-1-810x456-1.jpg?fit=810%2C456&resize=700%2C400 2x"},"classes":[]},{"id":849,"url":"http:\/\/cfcontabil.com\/cf\/governo-vai-liberar-r-82-bi-para-pequenos-empresarios-nos-proximos-dois-anos\/","url_meta":{"origin":2044,"position":5},"title":"Governo vai liberar R$ 8,2 bi para pequenos empres\u00e1rios nos pr\u00f3ximos dois anos","author":"Ab\u00edlio Gon\u00e7alves","date":"21 de janeiro de 2017","format":false,"excerpt":"O governo federal vai disponibilizar R$ 8,2 bilh\u00f5es em cr\u00e9dito para pequenos empres\u00e1rios nos pr\u00f3ximos dois anos. Os recursos liberados s\u00e3o do Fundo de Amparo ao Trabalhador (FAT) e do Banco Nacional do Desenvolvimento Econ\u00f4mico e Social (BNDES). O objetivo \u00e9 reduzir a inadimpl\u00eancia das empresas de menor porte e\u2026","rel":"","context":"Em &quot;Geral&quot;","block_context":{"text":"Geral","link":"http:\/\/cfcontabil.com\/cf\/category\/geral\/"},"img":{"alt_text":"","src":"https:\/\/i0.wp.com\/cfcontabil.com\/cf\/wp-content\/uploads\/2017\/01\/Moedas-1-real-1.jpg?fit=810%2C455&resize=350%2C200","width":350,"height":200,"srcset":"https:\/\/i0.wp.com\/cfcontabil.com\/cf\/wp-content\/uploads\/2017\/01\/Moedas-1-real-1.jpg?fit=810%2C455&resize=350%2C200 1x, https:\/\/i0.wp.com\/cfcontabil.com\/cf\/wp-content\/uploads\/2017\/01\/Moedas-1-real-1.jpg?fit=810%2C455&resize=525%2C300 1.5x, https:\/\/i0.wp.com\/cfcontabil.com\/cf\/wp-content\/uploads\/2017\/01\/Moedas-1-real-1.jpg?fit=810%2C455&resize=700%2C400 2x"},"classes":[]}],"jetpack_likes_enabled":true,"_links":{"self":[{"href":"http:\/\/cfcontabil.com\/cf\/wp-json\/wp\/v2\/posts\/2044","targetHints":{"allow":["GET"]}}],"collection":[{"href":"http:\/\/cfcontabil.com\/cf\/wp-json\/wp\/v2\/posts"}],"about":[{"href":"http:\/\/cfcontabil.com\/cf\/wp-json\/wp\/v2\/types\/post"}],"author":[{"embeddable":true,"href":"http:\/\/cfcontabil.com\/cf\/wp-json\/wp\/v2\/users\/1"}],"replies":[{"embeddable":true,"href":"http:\/\/cfcontabil.com\/cf\/wp-json\/wp\/v2\/comments?post=2044"}],"version-history":[{"count":1,"href":"http:\/\/cfcontabil.com\/cf\/wp-json\/wp\/v2\/posts\/2044\/revisions"}],"predecessor-version":[{"id":2046,"href":"http:\/\/cfcontabil.com\/cf\/wp-json\/wp\/v2\/posts\/2044\/revisions\/2046"}],"wp:featuredmedia":[{"embeddable":true,"href":"http:\/\/cfcontabil.com\/cf\/wp-json\/wp\/v2\/media\/2045"}],"wp:attachment":[{"href":"http:\/\/cfcontabil.com\/cf\/wp-json\/wp\/v2\/media?parent=2044"}],"wp:term":[{"taxonomy":"category","embeddable":true,"href":"http:\/\/cfcontabil.com\/cf\/wp-json\/wp\/v2\/categories?post=2044"},{"taxonomy":"post_tag","embeddable":true,"href":"http:\/\/cfcontabil.com\/cf\/wp-json\/wp\/v2\/tags?post=2044"}],"curies":[{"name":"wp","href":"https:\/\/api.w.org\/{rel}","templated":true}]}}