{"id":2053,"date":"2020-01-07T13:10:10","date_gmt":"2020-01-07T16:10:10","guid":{"rendered":"http:\/\/cfcontabil.com\/cf\/?p=2053"},"modified":"2020-01-07T10:15:06","modified_gmt":"2020-01-07T13:15:06","slug":"encomendas-internacionais-deverao-ter-numero-de-cpf-ou-passaporte","status":"publish","type":"post","link":"http:\/\/cfcontabil.com\/cf\/encomendas-internacionais-deverao-ter-numero-de-cpf-ou-passaporte\/","title":{"rendered":"Encomendas internacionais dever\u00e3o ter n\u00famero de CPF ou passaporte"},"content":{"rendered":"<p>A Receita Federal passou a exigir este ano que todas as remessas internacionais que chegam ao Brasil sejam identificadas com CPF ou com o n\u00famero do passaporte do destinat\u00e1rio.<\/p>\n<p>Sem essa informa\u00e7\u00e3o, a encomenda pode ser devolvida ou destru\u00edda.<\/p>\n","protected":false},"excerpt":{"rendered":"<p>A Receita Federal passou a exigir este ano que todas as remessas internacionais que chegam ao Brasil sejam identificadas com CPF ou com o n\u00famero do passaporte do destinat\u00e1rio. Sem essa informa\u00e7\u00e3o, a encomenda pode ser devolvida ou destru\u00edda.<\/p>\n","protected":false},"author":1,"featured_media":2054,"comment_status":"open","ping_status":"open","sticky":false,"template":"","format":"standard","meta":{"jetpack_post_was_ever_published":false,"_jetpack_newsletter_access":"","_jetpack_dont_email_post_to_subs":false,"_jetpack_newsletter_tier_id":0,"_jetpack_memberships_contains_paywalled_content":false,"_jetpack_memberships_contains_paid_content":false,"footnotes":"","jetpack_publicize_message":"","jetpack_publicize_feature_enabled":true,"jetpack_social_post_already_shared":true,"jetpack_social_options":{"image_generator_settings":{"template":"highway","default_image_id":0,"font":"","enabled":false},"version":2}},"categories":[22],"tags":[380,742,743],"class_list":["post-2053","post","type-post","status-publish","format-standard","has-post-thumbnail","hentry","category-geral","tag-cpf","tag-encomenda","tag-internacional"],"jetpack_publicize_connections":[],"jetpack_featured_media_url":"https:\/\/i0.wp.com\/cfcontabil.com\/cf\/wp-content\/uploads\/2020\/01\/cpf.jpg?fit=768%2C490","jetpack_sharing_enabled":true,"jetpack_shortlink":"https:\/\/wp.me\/p2wklX-x7","jetpack-related-posts":[{"id":1220,"url":"http:\/\/cfcontabil.com\/cf\/receita-pedira-e-mail-e-numero-de-celular-na-declaracao-de-ir-deste-ano\/","url_meta":{"origin":2053,"position":0},"title":"Receita pedir\u00e1 e-mail e n\u00famero de celular na declara\u00e7\u00e3o de IR deste ano","author":"Ab\u00edlio Gon\u00e7alves","date":"22 de fevereiro de 2017","format":false,"excerpt":"A Receita Federal passar\u00e1 a pedir e-mail e n\u00famero de celular dos contribuintes na declara\u00e7\u00e3o de Imposto de Renda deste ano. O preenchimento dessas informa\u00e7\u00f5es n\u00e3o ser\u00e1 obrigat\u00f3rio. A Receita garante que os dados ser\u00e3o coletados somente para ampliar o cadastro e s\u00f3 ser\u00e3o utilizados com aviso-pr\u00e9vio e autoriza\u00e7\u00e3o dos\u2026","rel":"","context":"Em &quot;Departamento Fiscal&quot;","block_context":{"text":"Departamento Fiscal","link":"http:\/\/cfcontabil.com\/cf\/category\/df\/"},"img":{"alt_text":"","src":"","width":0,"height":0},"classes":[]},{"id":2129,"url":"http:\/\/cfcontabil.com\/cf\/irpf-2020-todos-os-dependentes-devem-possuir-cpf-no-imposto-de-renda\/","url_meta":{"origin":2053,"position":1},"title":"IRPF 2020: todos os dependentes devem possuir CPF no Imposto de Renda","author":"Ab\u00edlio Gon\u00e7alves","date":"28 de fevereiro de 2020","format":false,"excerpt":"A\u00a0Receita Federal\u00a0j\u00e1 liberou o\u00a0download do programa\u00a0do Imposto de Renda da Pessoa F\u00edsica de 2020 (IRPF 2020), referente ao ano-base 2019. A\u00a0entrega da declara\u00e7\u00e3o\u00a0come\u00e7ar\u00e1 no dia\u00a02 de mar\u00e7o, a partir das 8h, e se estender\u00e1 at\u00e9 30 de abril. Quem pretender declarar um dependente, portanto, precisa garantir que essa pessoa, seja\u2026","rel":"","context":"Em &quot;Departamento Fiscal&quot;","block_context":{"text":"Departamento Fiscal","link":"http:\/\/cfcontabil.com\/cf\/category\/df\/"},"img":{"alt_text":"","src":"https:\/\/i0.wp.com\/cfcontabil.com\/cf\/wp-content\/uploads\/2020\/01\/cpf.jpg?fit=768%2C490&resize=350%2C200","width":350,"height":200,"srcset":"https:\/\/i0.wp.com\/cfcontabil.com\/cf\/wp-content\/uploads\/2020\/01\/cpf.jpg?fit=768%2C490&resize=350%2C200 1x, https:\/\/i0.wp.com\/cfcontabil.com\/cf\/wp-content\/uploads\/2020\/01\/cpf.jpg?fit=768%2C490&resize=525%2C300 1.5x, https:\/\/i0.wp.com\/cfcontabil.com\/cf\/wp-content\/uploads\/2020\/01\/cpf.jpg?fit=768%2C490&resize=700%2C400 2x"},"classes":[]},{"id":2247,"url":"http:\/\/cfcontabil.com\/cf\/regularizar-cpf\/","url_meta":{"origin":2053,"position":2},"title":"Regularizar CPF","author":"Ab\u00edlio Gon\u00e7alves","date":"8 de abril de 2020","format":false,"excerpt":"Nota de esclarecimento sobre regulariza\u00e7\u00e3o do CPF para recebimento de aux\u00edlio emergencial de R$ 600,00 para trabalhadores informais, desempregados, MEIs e contribuintes individuais do INSS Servi\u00e7o de regulariza\u00e7\u00e3o est\u00e1 dispon\u00edvel 24 horas por dia, 7 dias da semana. Conforme amplamente anunciado, o Governo Federal disponibilizou aux\u00edlio emergencial de R$ 600,00\u2026","rel":"","context":"Em \"altera\u00e7\u00e3o\"","block_context":{"text":"altera\u00e7\u00e3o","link":"http:\/\/cfcontabil.com\/cf\/tag\/alteracao\/"},"img":{"alt_text":"","src":"https:\/\/i0.wp.com\/cfcontabil.com\/cf\/wp-content\/uploads\/2020\/04\/cpf.png?fit=400%2C256&resize=350%2C200","width":350,"height":200},"classes":[]},{"id":2228,"url":"http:\/\/cfcontabil.com\/cf\/consumidores-terao-que-informar-cpf-ou-cnpj-em-compras-acima-de-r-1-mil\/","url_meta":{"origin":2053,"position":3},"title":"Consumidores ter\u00e3o que informar CPF ou CNPJ em compras acima de R$ 1 mil","author":"Ab\u00edlio Gon\u00e7alves","date":"6 de abril de 2020","format":false,"excerpt":"Empresas que operam com vendas aos consumidores finais devem informar os dados do consumidor na Nota Fiscal do Consumidor Eletr\u00f4nica (NFCe) quando o valor da opera\u00e7\u00e3o for igual ou superior a R$ 10.000 (dez mil reais). Nas vendas com valor inferior a identifica\u00e7\u00e3o \u00e9 facultativa, ou seja, s\u00f3 \u00e9 exig\u00edvel\u2026","rel":"","context":"Em \"Consumidor\"","block_context":{"text":"Consumidor","link":"http:\/\/cfcontabil.com\/cf\/tag\/consumidor\/"},"img":{"alt_text":"","src":"https:\/\/i0.wp.com\/cfcontabil.com\/cf\/wp-content\/uploads\/2020\/04\/nfce_impressa.png?fit=700%2C400&resize=350%2C200","width":350,"height":200,"srcset":"https:\/\/i0.wp.com\/cfcontabil.com\/cf\/wp-content\/uploads\/2020\/04\/nfce_impressa.png?fit=700%2C400&resize=350%2C200 1x, https:\/\/i0.wp.com\/cfcontabil.com\/cf\/wp-content\/uploads\/2020\/04\/nfce_impressa.png?fit=700%2C400&resize=525%2C300 1.5x, https:\/\/i0.wp.com\/cfcontabil.com\/cf\/wp-content\/uploads\/2020\/04\/nfce_impressa.png?fit=700%2C400&resize=700%2C400 2x"},"classes":[]},{"id":1798,"url":"http:\/\/cfcontabil.com\/cf\/exigencia-de-cpf-no-imposto-de-renda-faz-12-milhao-de-dependentes-desaparecer\/","url_meta":{"origin":2053,"position":4},"title":"Exig\u00eancia de CPF no Imposto de Renda faz 1,2 milh\u00e3o de dependentes &#8216;desaparecer&#8217;","author":"Ab\u00edlio Gon\u00e7alves","date":"18 de outubro de 2019","format":false,"excerpt":"Mais rigor do Fisco derruba o n\u00famero de crian\u00e7as e adolescentes na declara\u00e7\u00e3o de pessoa f\u00edsica Em apenas um ano, entre 2017 e 2018, cerca de 1,2 milh\u00e3o de crian\u00e7as e adolescentes desapareceram das declara\u00e7\u00f5es de IR (Imposto de Renda) captadas pela Receita Federal. Levantamento feito pelo Fisco mostra que\u2026","rel":"","context":"Em &quot;Imposto de Renda&quot;","block_context":{"text":"Imposto de Renda","link":"http:\/\/cfcontabil.com\/cf\/category\/imposto-de-renda\/"},"img":{"alt_text":"","src":"https:\/\/i0.wp.com\/cfcontabil.com\/cf\/wp-content\/uploads\/2017\/02\/irpfrfb-1.jpg?fit=640%2C340&resize=350%2C200","width":350,"height":200,"srcset":"https:\/\/i0.wp.com\/cfcontabil.com\/cf\/wp-content\/uploads\/2017\/02\/irpfrfb-1.jpg?fit=640%2C340&resize=350%2C200 1x, https:\/\/i0.wp.com\/cfcontabil.com\/cf\/wp-content\/uploads\/2017\/02\/irpfrfb-1.jpg?fit=640%2C340&resize=525%2C300 1.5x"},"classes":[]},{"id":939,"url":"http:\/\/cfcontabil.com\/cf\/imposto-de-renda-e-o-tema-do-quadro-saiba-mais-stf\/","url_meta":{"origin":2053,"position":5},"title":"Imposto de Renda \u00e9 o tema do quadro Saiba Mais &#8211; STF","author":"Ab\u00edlio Gon\u00e7alves","date":"11 de fevereiro de 2017","format":false,"excerpt":"https:\/\/www.youtube.com\/watch?v=QNQjJekLGyw O advogado tributarista Manuel Arruda J\u00fanior esclarece d\u00favidas sobre normas da Receita Federal que se aplicam \u00e0 declara\u00e7\u00e3o do tributo. Ele fala sobre a exig\u00eancia de CPF para a inclus\u00e3o de dependente acima de 14 anos e quem pode figurar como dependente na declara\u00e7\u00e3o. O tributarista explica quais as\u2026","rel":"","context":"Em &quot;Geral&quot;","block_context":{"text":"Geral","link":"http:\/\/cfcontabil.com\/cf\/category\/geral\/"},"img":{"alt_text":"","src":"https:\/\/i0.wp.com\/cfcontabil.com\/cf\/wp-content\/uploads\/2017\/02\/imposto-de-renda-2017-1.jpg?fit=640%2C365&resize=350%2C200","width":350,"height":200,"srcset":"https:\/\/i0.wp.com\/cfcontabil.com\/cf\/wp-content\/uploads\/2017\/02\/imposto-de-renda-2017-1.jpg?fit=640%2C365&resize=350%2C200 1x, https:\/\/i0.wp.com\/cfcontabil.com\/cf\/wp-content\/uploads\/2017\/02\/imposto-de-renda-2017-1.jpg?fit=640%2C365&resize=525%2C300 1.5x"},"classes":[]}],"jetpack_likes_enabled":true,"_links":{"self":[{"href":"http:\/\/cfcontabil.com\/cf\/wp-json\/wp\/v2\/posts\/2053","targetHints":{"allow":["GET"]}}],"collection":[{"href":"http:\/\/cfcontabil.com\/cf\/wp-json\/wp\/v2\/posts"}],"about":[{"href":"http:\/\/cfcontabil.com\/cf\/wp-json\/wp\/v2\/types\/post"}],"author":[{"embeddable":true,"href":"http:\/\/cfcontabil.com\/cf\/wp-json\/wp\/v2\/users\/1"}],"replies":[{"embeddable":true,"href":"http:\/\/cfcontabil.com\/cf\/wp-json\/wp\/v2\/comments?post=2053"}],"version-history":[{"count":1,"href":"http:\/\/cfcontabil.com\/cf\/wp-json\/wp\/v2\/posts\/2053\/revisions"}],"predecessor-version":[{"id":2055,"href":"http:\/\/cfcontabil.com\/cf\/wp-json\/wp\/v2\/posts\/2053\/revisions\/2055"}],"wp:featuredmedia":[{"embeddable":true,"href":"http:\/\/cfcontabil.com\/cf\/wp-json\/wp\/v2\/media\/2054"}],"wp:attachment":[{"href":"http:\/\/cfcontabil.com\/cf\/wp-json\/wp\/v2\/media?parent=2053"}],"wp:term":[{"taxonomy":"category","embeddable":true,"href":"http:\/\/cfcontabil.com\/cf\/wp-json\/wp\/v2\/categories?post=2053"},{"taxonomy":"post_tag","embeddable":true,"href":"http:\/\/cfcontabil.com\/cf\/wp-json\/wp\/v2\/tags?post=2053"}],"curies":[{"name":"wp","href":"https:\/\/api.w.org\/{rel}","templated":true}]}}