{"id":2056,"date":"2020-01-07T17:30:43","date_gmt":"2020-01-07T20:30:43","guid":{"rendered":"http:\/\/cfcontabil.com\/cf\/?p=2056"},"modified":"2020-01-07T11:29:39","modified_gmt":"2020-01-07T14:29:39","slug":"antes-de-abrir-um-negocio-siga-essas-dicas","status":"publish","type":"post","link":"http:\/\/cfcontabil.com\/cf\/antes-de-abrir-um-negocio-siga-essas-dicas\/","title":{"rendered":"Antes de abrir um neg\u00f3cio, siga essas dicas"},"content":{"rendered":"<p>O Sebrae organizou em seu portal uma s\u00e9rie de orienta\u00e7\u00f5es para diferentes ramos de atividades<\/p>\n<p><img data-recalc-dims=\"1\" decoding=\"async\" src=\"https:\/\/i0.wp.com\/dcomercio.com.br\/public\/upload\/gallery\/2018\/gestao\/lista-tic-think-gestao-dc.jpg?w=1170&#038;ssl=1\" \/><\/p>\n<p>Montar o pr\u00f3prio neg\u00f3cio est\u00e1 entre os principais sonhos dos brasileiros. Segundo a Pesquisa Global Entrepreneurship Monitor (GEM), virar empres\u00e1rio aparece na quarta posi\u00e7\u00e3o da escala dos desejos da popula\u00e7\u00e3o, atr\u00e1s apenas de conquistar a casa pr\u00f3pria, viajar pelo Brasil e adquirir um carro.<\/p>\n<p>Mas para se tornar um empreendedor de sucesso \u00e9 preciso ter mais do que boas ideias. Ser\u00e1 necess\u00e1rio muito planejamento, entendimento do mercado no qual se pretende atuar, vis\u00e3o das tecnologias que ir\u00e3o auxiliar na gest\u00e3o dos neg\u00f3cios e uma s\u00e9rie de outros conhecimentos pr\u00e1ticos.<\/p>\n<p>Para ajudar o futuro empres\u00e1rio a tirar suas ideias do papel o\u00a0<a href=\"https:\/\/www.sebrae.com.br\/sites\/PortalSebrae\/ideias\" target=\"_blank\" rel=\"noopener noreferrer\">Sebrae disponibiliza em seu portal<\/a>\u00a0na internet uma s\u00e9rie de orienta\u00e7\u00f5es que abrangem 350 ramos de neg\u00f3cios<\/p>\n<p>Nesse canal, que \u00e9 um dos espa\u00e7os mais buscados no Portal Sebrae, \u00e9 poss\u00edvel acessar diversas informa\u00e7\u00f5es sobre o ramo do neg\u00f3cio que o potencial empres\u00e1rio quer trabalhar.<\/p>\n<p>As orienta\u00e7\u00f5es incluem as exig\u00eancias legais e espec\u00edficas, a estrutura necess\u00e1ria para abrir o neg\u00f3cio, pessoal, os equipamentos, mat\u00e9ria-prima, mercadoria, a organiza\u00e7\u00e3o do processo produtivo, canais de distribui\u00e7\u00e3o, investimento, as estrat\u00e9gias de divulga\u00e7\u00e3o, entre outras.<\/p>\n<p><strong>AS DICAS<\/strong><\/p>\n<p>Antes de montar uma padaria, por exemplo, que \u00e9 um dos neg\u00f3cios mais procurados pelos empreendedores, o Sebrae aconselha o empres\u00e1rio a procurar uma \u00e1rea com alta densidade populacional ou grande fluxo de pessoas.<\/p>\n<p>Antes de escolher a localiza\u00e7\u00e3o, \u00e9 importante observar o poder aquisitivo da popula\u00e7\u00e3o, n\u00fameros de padarias existentes na vizinhan\u00e7a, qualidade dos concorrentes e n\u00e3o deixe de verificar os im\u00f3veis dispon\u00edveis no bairro<\/p>\n<p>Esse \u00e9 apenas um resumo das dicas que s\u00e3o encontradas no portal do Sebrae para\u00a0o\u00a0<a href=\"https:\/\/www.sebrae.com.br\/sites\/PortalSebrae\/ideias\/como-montar-uma-padaria,c3287a51b9105410VgnVCM1000003b74010aRCRD\" target=\"_blank\" rel=\"noopener noreferrer\">segmento de padarias<\/a>.<\/p>\n<p>\u201cPara que o empres\u00e1rio comece bem \u00e9 preciso que ele busque o maior n\u00famero de informa\u00e7\u00f5es e dados poss\u00edveis, somente assim, conseguir\u00e1 minimizar os riscos e garantir que seu neg\u00f3cio saia do papel de forma estruturada e com competitividade\u201d, explica o presidente do Sebrae, Carlos Melles.<\/p>\n<p>Entre os segmentos mais procurados pelos potenciais empreendedores est\u00e3o loja virtual, pet shop, beleza, turismo, moda, marmita, restaurante, reciclagem, consult\u00f3rio de psicologia e consultoria.<\/p>\n<p>&nbsp;<\/p>\n<p>*com informa\u00e7\u00f5es da\u00a0<strong>Ag\u00eancia Sebrae<\/strong><\/p>\n<p>IMAGEM: Thinkstock<\/p>\n","protected":false},"excerpt":{"rendered":"<p>O Sebrae organizou em seu portal uma s\u00e9rie de orienta\u00e7\u00f5es para diferentes ramos de atividades Montar o pr\u00f3prio neg\u00f3cio est\u00e1 entre os principais sonhos dos brasileiros. Segundo a Pesquisa Global Entrepreneurship Monitor (GEM), virar empres\u00e1rio aparece na quarta posi\u00e7\u00e3o da escala dos desejos da popula\u00e7\u00e3o, atr\u00e1s apenas de conquistar a casa pr\u00f3pria, viajar pelo Brasil [&hellip;]<\/p>\n","protected":false},"author":1,"featured_media":2058,"comment_status":"open","ping_status":"open","sticky":false,"template":"","format":"standard","meta":{"jetpack_post_was_ever_published":false,"_jetpack_newsletter_access":"","_jetpack_dont_email_post_to_subs":false,"_jetpack_newsletter_tier_id":0,"_jetpack_memberships_contains_paywalled_content":false,"_jetpack_memberships_contains_paid_content":false,"footnotes":"","jetpack_publicize_message":"","jetpack_publicize_feature_enabled":true,"jetpack_social_post_already_shared":true,"jetpack_social_options":{"image_generator_settings":{"template":"highway","default_image_id":0,"font":"","enabled":false},"version":2}},"categories":[60],"tags":[745,744,51],"class_list":["post-2056","post","type-post","status-publish","format-standard","has-post-thumbnail","hentry","category-consultoria","tag-dicas","tag-ideas","tag-negocios"],"jetpack_publicize_connections":[],"jetpack_featured_media_url":"https:\/\/i0.wp.com\/cfcontabil.com\/cf\/wp-content\/uploads\/2020\/01\/dicas-ideias.jpg?fit=533%2C374","jetpack_sharing_enabled":true,"jetpack_shortlink":"https:\/\/wp.me\/p2wklX-xa","jetpack-related-posts":[{"id":2158,"url":"http:\/\/cfcontabil.com\/cf\/coronavirus-sebrae-lanca-guia-de-gestao-financeira-para-orientar-pequenos-negocios\/","url_meta":{"origin":2056,"position":0},"title":"Coronav\u00edrus: Sebrae lan\u00e7a Guia de Gest\u00e3o Financeira para orientar pequenos neg\u00f3cios","author":"Ab\u00edlio Gon\u00e7alves","date":"18 de mar\u00e7o de 2020","format":false,"excerpt":"Documento orienta donos de pequenos neg\u00f3cios com recomenda\u00e7\u00f5es preparadas por especialistas. Medidas est\u00e3o alinhadas \u00e0s do Banco Central e Febraban O Guia de Gest\u00e3o Financeira do Sebrae busca apoiar os donos de pequenos neg\u00f3cios nesse momento de instabilidade econ\u00f4mica causada pelos efeitos do novo Coronav\u00edrus. O documento traz orienta\u00e7\u00f5es sobre\u2026","rel":"","context":"Em &quot;Geral&quot;","block_context":{"text":"Geral","link":"http:\/\/cfcontabil.com\/cf\/category\/geral\/"},"img":{"alt_text":"","src":"https:\/\/i0.wp.com\/cfcontabil.com\/cf\/wp-content\/uploads\/2020\/03\/coronavirus_1280x720_00124C00.jpg?fit=810%2C455&resize=350%2C200","width":350,"height":200,"srcset":"https:\/\/i0.wp.com\/cfcontabil.com\/cf\/wp-content\/uploads\/2020\/03\/coronavirus_1280x720_00124C00.jpg?fit=810%2C455&resize=350%2C200 1x, https:\/\/i0.wp.com\/cfcontabil.com\/cf\/wp-content\/uploads\/2020\/03\/coronavirus_1280x720_00124C00.jpg?fit=810%2C455&resize=525%2C300 1.5x, https:\/\/i0.wp.com\/cfcontabil.com\/cf\/wp-content\/uploads\/2020\/03\/coronavirus_1280x720_00124C00.jpg?fit=810%2C455&resize=700%2C400 2x"},"classes":[]},{"id":2316,"url":"http:\/\/cfcontabil.com\/cf\/so-14-dos-pequenos-negocios-ja-conseguiram-credito-na-pandemia-diz-sebrae\/","url_meta":{"origin":2056,"position":1},"title":"S\u00f3 14% dos pequenos neg\u00f3cios j\u00e1 conseguiram cr\u00e9dito na pandemia, diz Sebrae","author":"Ab\u00edlio Gon\u00e7alves","date":"20 de maio de 2020","format":false,"excerpt":"Pesquisa do Sebrae diz que 58% das MPEs que pediram cr\u00e9dito nas \u00faltimas semanas j\u00e1 tiveram o pedido negado. Outros 18% est\u00e3o em an\u00e1lise, sendo que 53% aguardam uma resposta dos bancos h\u00e1 mais de duas semanas O Programa Nacional de Apoio \u00e0s Microempresas e Empresas de Pequeno Porte (Pronampe)\u2026","rel":"","context":"Em \"Cr\u00e9dito\"","block_context":{"text":"Cr\u00e9dito","link":"http:\/\/cfcontabil.com\/cf\/tag\/credito\/"},"img":{"alt_text":"","src":"https:\/\/i0.wp.com\/cfcontabil.com\/cf\/wp-content\/uploads\/2019\/11\/dinheiro-nota-real.jpg?fit=678%2C452&resize=350%2C200","width":350,"height":200,"srcset":"https:\/\/i0.wp.com\/cfcontabil.com\/cf\/wp-content\/uploads\/2019\/11\/dinheiro-nota-real.jpg?fit=678%2C452&resize=350%2C200 1x, https:\/\/i0.wp.com\/cfcontabil.com\/cf\/wp-content\/uploads\/2019\/11\/dinheiro-nota-real.jpg?fit=678%2C452&resize=525%2C300 1.5x"},"classes":[]},{"id":1978,"url":"http:\/\/cfcontabil.com\/cf\/mutirao-da-simplificacao-atende-quase-15-mil-pessoas-em-taguatinga\/","url_meta":{"origin":2056,"position":2},"title":"Mutir\u00e3o da Simplifica\u00e7\u00e3o atende quase 1,5 mil pessoas em Taguatinga","author":"Ab\u00edlio Gon\u00e7alves","date":"4 de dezembro de 2019","format":false,"excerpt":"Iniciativa do governo e do Sebrae-DF promoveu orienta\u00e7\u00f5es sobre abertura de empresas e capacita\u00e7\u00f5es relacionadas \u00e0 atividade empreendedora O\u00a0Mutir\u00e3o da Simplifica\u00e7\u00e3o\u00a0atendeu, em quatro dias, quase 1,5 mil empres\u00e1rios e potenciais empreendedores na regi\u00e3o de\u00a0Taguatinga. Entre os dias 26 e 29, a iniciativa promoveu o acesso a orienta\u00e7\u00f5es sobre registro e\u2026","rel":"","context":"Em &quot;Consultoria Empresarial&quot;","block_context":{"text":"Consultoria Empresarial","link":"http:\/\/cfcontabil.com\/cf\/category\/consultoria\/"},"img":{"alt_text":"","src":"https:\/\/i0.wp.com\/cfcontabil.com\/cf\/wp-content\/uploads\/2019\/12\/sebrae-no-df.jpg?fit=678%2C452&resize=350%2C200","width":350,"height":200,"srcset":"https:\/\/i0.wp.com\/cfcontabil.com\/cf\/wp-content\/uploads\/2019\/12\/sebrae-no-df.jpg?fit=678%2C452&resize=350%2C200 1x, https:\/\/i0.wp.com\/cfcontabil.com\/cf\/wp-content\/uploads\/2019\/12\/sebrae-no-df.jpg?fit=678%2C452&resize=525%2C300 1.5x"},"classes":[]},{"id":1960,"url":"http:\/\/cfcontabil.com\/cf\/donos-de-pequenos-negocios-apontam-melhoria-do-acesso-ao-credito\/","url_meta":{"origin":2056,"position":3},"title":"Donos de pequenos neg\u00f3cios apontam melhoria do acesso ao cr\u00e9dito","author":"Ab\u00edlio Gon\u00e7alves","date":"28 de novembro de 2019","format":false,"excerpt":"Pesquisa realizada pelo Sebrae mostra que mais empres\u00e1rios buscaram empr\u00e9stimos em 2019 e que houve melhora na avalia\u00e7\u00e3o do sistema financeiro A melhora dos \u00edndices de confian\u00e7a dos empres\u00e1rios brasileiros, identificada na Sondagem Conjuntural realizada pelo Sebrae, contribui para que os donos de pequenos neg\u00f3cios retomem o interesse em buscar\u2026","rel":"","context":"Em &quot;Consultoria Empresarial&quot;","block_context":{"text":"Consultoria Empresarial","link":"http:\/\/cfcontabil.com\/cf\/category\/consultoria\/"},"img":{"alt_text":"","src":"https:\/\/i0.wp.com\/cfcontabil.com\/cf\/wp-content\/uploads\/2019\/11\/pequenos-neg%C3%B3cios.jpg?fit=600%2C310&resize=350%2C200","width":350,"height":200,"srcset":"https:\/\/i0.wp.com\/cfcontabil.com\/cf\/wp-content\/uploads\/2019\/11\/pequenos-neg%C3%B3cios.jpg?fit=600%2C310&resize=350%2C200 1x, https:\/\/i0.wp.com\/cfcontabil.com\/cf\/wp-content\/uploads\/2019\/11\/pequenos-neg%C3%B3cios.jpg?fit=600%2C310&resize=525%2C300 1.5x"},"classes":[]},{"id":1587,"url":"http:\/\/cfcontabil.com\/cf\/tecnologia-e-contabilidade\/","url_meta":{"origin":2056,"position":4},"title":"Tecnologia e Contabilidade","author":"Ab\u00edlio Gon\u00e7alves","date":"16 de setembro de 2019","format":false,"excerpt":"Como surpreende o ritmo das inova\u00e7\u00f5es e a tend\u00eancia mundial com os r\u00e1pidos avan\u00e7os tecnol\u00f3gicos atualmente. \u00c9 um processo sem volta, que vislumbra um tempo novo surgindo. \u00c9 poss\u00edvel ressaltar que o impacto \u00e9 sentindo em todas as \u00e1reas de neg\u00f3cios e at\u00e9 da vida cotidiana. A evolu\u00e7\u00e3o \u00e9 um\u2026","rel":"","context":"Em &quot;Consultoria Empresarial&quot;","block_context":{"text":"Consultoria Empresarial","link":"http:\/\/cfcontabil.com\/cf\/category\/consultoria\/"},"img":{"alt_text":"","src":"https:\/\/i0.wp.com\/cfcontabil.com\/cf\/wp-content\/uploads\/2019\/09\/tecnologia-na-contabilidade-vantagens-1024x633.jpg?fit=1024%2C633&resize=350%2C200","width":350,"height":200,"srcset":"https:\/\/i0.wp.com\/cfcontabil.com\/cf\/wp-content\/uploads\/2019\/09\/tecnologia-na-contabilidade-vantagens-1024x633.jpg?fit=1024%2C633&resize=350%2C200 1x, https:\/\/i0.wp.com\/cfcontabil.com\/cf\/wp-content\/uploads\/2019\/09\/tecnologia-na-contabilidade-vantagens-1024x633.jpg?fit=1024%2C633&resize=525%2C300 1.5x, https:\/\/i0.wp.com\/cfcontabil.com\/cf\/wp-content\/uploads\/2019\/09\/tecnologia-na-contabilidade-vantagens-1024x633.jpg?fit=1024%2C633&resize=700%2C400 2x"},"classes":[]},{"id":1900,"url":"http:\/\/cfcontabil.com\/cf\/whatsapp-quer-ajudar-6-milhoes-de-micro-e-pequenas-empresas-no-brasil\/","url_meta":{"origin":2056,"position":5},"title":"WhatsApp quer ajudar 6 milh\u00f5es de micro e pequenas empresas no Brasil","author":"Ab\u00edlio Gon\u00e7alves","date":"14 de novembro de 2019","format":false,"excerpt":"Parceria com Sebrae-SP visa ajudar MPEs a se conectar com clientes e expandir neg\u00f3cios As pessoas j\u00e1 usam o WhatsApp para fazer neg\u00f3cios, mas a empresa quer tornar tudo ainda mais claro. E o WhatsApp Business, que chegou no Brasil em janeiro de 2018, \u00e9 o principal meio de fazer\u2026","rel":"","context":"Em &quot;Consultoria Empresarial&quot;","block_context":{"text":"Consultoria Empresarial","link":"http:\/\/cfcontabil.com\/cf\/category\/consultoria\/"},"img":{"alt_text":"","src":"https:\/\/i0.wp.com\/cfcontabil.com\/cf\/wp-content\/uploads\/2019\/11\/WhatsApp-1.jpg?fit=739%2C415&resize=350%2C200","width":350,"height":200,"srcset":"https:\/\/i0.wp.com\/cfcontabil.com\/cf\/wp-content\/uploads\/2019\/11\/WhatsApp-1.jpg?fit=739%2C415&resize=350%2C200 1x, https:\/\/i0.wp.com\/cfcontabil.com\/cf\/wp-content\/uploads\/2019\/11\/WhatsApp-1.jpg?fit=739%2C415&resize=525%2C300 1.5x, https:\/\/i0.wp.com\/cfcontabil.com\/cf\/wp-content\/uploads\/2019\/11\/WhatsApp-1.jpg?fit=739%2C415&resize=700%2C400 2x"},"classes":[]}],"jetpack_likes_enabled":true,"_links":{"self":[{"href":"http:\/\/cfcontabil.com\/cf\/wp-json\/wp\/v2\/posts\/2056","targetHints":{"allow":["GET"]}}],"collection":[{"href":"http:\/\/cfcontabil.com\/cf\/wp-json\/wp\/v2\/posts"}],"about":[{"href":"http:\/\/cfcontabil.com\/cf\/wp-json\/wp\/v2\/types\/post"}],"author":[{"embeddable":true,"href":"http:\/\/cfcontabil.com\/cf\/wp-json\/wp\/v2\/users\/1"}],"replies":[{"embeddable":true,"href":"http:\/\/cfcontabil.com\/cf\/wp-json\/wp\/v2\/comments?post=2056"}],"version-history":[{"count":1,"href":"http:\/\/cfcontabil.com\/cf\/wp-json\/wp\/v2\/posts\/2056\/revisions"}],"predecessor-version":[{"id":2059,"href":"http:\/\/cfcontabil.com\/cf\/wp-json\/wp\/v2\/posts\/2056\/revisions\/2059"}],"wp:featuredmedia":[{"embeddable":true,"href":"http:\/\/cfcontabil.com\/cf\/wp-json\/wp\/v2\/media\/2058"}],"wp:attachment":[{"href":"http:\/\/cfcontabil.com\/cf\/wp-json\/wp\/v2\/media?parent=2056"}],"wp:term":[{"taxonomy":"category","embeddable":true,"href":"http:\/\/cfcontabil.com\/cf\/wp-json\/wp\/v2\/categories?post=2056"},{"taxonomy":"post_tag","embeddable":true,"href":"http:\/\/cfcontabil.com\/cf\/wp-json\/wp\/v2\/tags?post=2056"}],"curies":[{"name":"wp","href":"https:\/\/api.w.org\/{rel}","templated":true}]}}