{"id":2071,"date":"2020-01-14T09:31:39","date_gmt":"2020-01-14T12:31:39","guid":{"rendered":"http:\/\/cfcontabil.com\/cf\/?p=2071"},"modified":"2020-01-14T09:31:39","modified_gmt":"2020-01-14T12:31:39","slug":"2020-nao-tera-deducao-no-ir-da-contribuicao-ao-inss-de-emprego-domestico","status":"publish","type":"post","link":"http:\/\/cfcontabil.com\/cf\/2020-nao-tera-deducao-no-ir-da-contribuicao-ao-inss-de-emprego-domestico\/","title":{"rendered":"2020 n\u00e3o ter\u00e1 dedu\u00e7\u00e3o no IR da contribui\u00e7\u00e3o ao INSS de emprego dom\u00e9stico"},"content":{"rendered":"<div class=\"mc-column content-text active-extra-styles active-capital-letter\" data-block-type=\"unstyled\" data-block-weight=\"27\" data-block-id=\"1\">\n<p class=\"content-text__container theme-color-primary-first-letter\" data-track-category=\"Link no Texto\" data-track-links=\"\">A dedu\u00e7\u00e3o de gastos dos patr\u00f5es com a previd\u00eancia de empregados dom\u00e9sticos n\u00e3o ser\u00e1 mais permitida da declara\u00e7\u00e3o do Imposto de Renda da Pessoa F\u00edsica em 2020.<\/p>\n<\/div>\n<div class=\"wall protected-content\">\n<div class=\"mc-column content-text active-extra-styles \" data-block-type=\"unstyled\" data-block-weight=\"39\" data-block-id=\"2\">\n<p class=\"content-text__container \" data-track-category=\"Link no Texto\" data-track-links=\"\">O benef\u00edcio levou a uma ren\u00fancia fiscal de cerca de R$ 674 milh\u00f5es em 2019 e n\u00e3o foi prorrogado. Com seu fim, a estimativa do Minist\u00e9rio da Economia \u00e9 a de elevar a arrecada\u00e7\u00e3o em aproximadamente R$ 700 milh\u00f5es.<\/p>\n<\/div>\n<div class=\"mc-column content-text active-extra-styles \" data-block-type=\"unstyled\" data-block-weight=\"35\" data-block-id=\"3\">\n<p class=\"content-text__container \" data-track-category=\"Link no Texto\" data-track-links=\"\">At\u00e9 2019 a Receita Federal permitia a dedu\u00e7\u00e3o, no valor do imposto a pagar, de gastos com o pagamento do INSS de empregados dom\u00e9sticos. No ano passado, a dedu\u00e7\u00e3o m\u00e1xima permitida era de R$ 1.200,32.<\/p>\n<\/div>\n<div class=\"mc-column content-text active-extra-styles \" data-block-type=\"unstyled\" data-block-weight=\"42\" data-block-id=\"4\">\n<p class=\"content-text__container \" data-track-category=\"Link no Texto\" data-track-links=\"\">A medida foi aprovada pela primeira vez em 2006 para incentivar a formaliza\u00e7\u00e3o dos empregados dom\u00e9sticos, mas tinha como prazo final o ano-calend\u00e1rio 2018, ou seja, a declara\u00e7\u00e3o entregue em 2019. Para permanecer o benef\u00edcio tinha que ser prorrogado pelo Congresso Nacional.<\/p>\n<\/div>\n<div class=\"mc-column content-text active-extra-styles \" data-block-type=\"unstyled\" data-block-weight=\"29\" data-block-id=\"5\">\n<p class=\"content-text__container \" data-track-category=\"Link no Texto\" data-track-links=\"\">O Senado Federal chegou a aprovar em outubro de 2019 um projeto de lei prorrogando o benef\u00edcio at\u00e9 2024, mas a proposta n\u00e3o foi votada na C\u00e2mara dos Deputados.<\/p>\n<\/div>\n<div class=\"mc-column content-text active-extra-styles \" data-block-type=\"unstyled\" data-block-weight=\"35\" data-block-id=\"6\">\n<p class=\"content-text__container \" data-track-category=\"Link no Texto\" data-track-links=\"\">No ano passado, o ministro da Economia, Paulo Guedes, fez algumas declara\u00e7\u00f5es contra dedu\u00e7\u00f5es no Imposto de Renda como gastos m\u00e9dicos e com educa\u00e7\u00e3o. Segundo o ministro, esses descontos beneficiam pessoas de renda mais alta.<\/p>\n<\/div>\n<\/div>\n","protected":false},"excerpt":{"rendered":"<p>A dedu\u00e7\u00e3o de gastos dos patr\u00f5es com a previd\u00eancia de empregados dom\u00e9sticos n\u00e3o ser\u00e1 mais permitida da declara\u00e7\u00e3o do Imposto de Renda da Pessoa F\u00edsica em 2020. O benef\u00edcio levou a uma ren\u00fancia fiscal de cerca de R$ 674 milh\u00f5es em 2019 e n\u00e3o foi prorrogado. Com seu fim, a estimativa do Minist\u00e9rio da Economia [&hellip;]<\/p>\n","protected":false},"author":1,"featured_media":1770,"comment_status":"open","ping_status":"open","sticky":false,"template":"","format":"standard","meta":{"jetpack_post_was_ever_published":false,"_jetpack_newsletter_access":"","_jetpack_dont_email_post_to_subs":false,"_jetpack_newsletter_tier_id":0,"_jetpack_memberships_contains_paywalled_content":false,"_jetpack_memberships_contains_paid_content":false,"footnotes":"","jetpack_publicize_message":"","jetpack_publicize_feature_enabled":true,"jetpack_social_post_already_shared":true,"jetpack_social_options":{"image_generator_settings":{"template":"highway","default_image_id":0,"font":"","enabled":false},"version":2}},"categories":[46],"tags":[215,66,108,111],"class_list":["post-2071","post","type-post","status-publish","format-standard","has-post-thumbnail","hentry","category-df","tag-domestica","tag-empregada","tag-imposto","tag-renda"],"jetpack_publicize_connections":[],"jetpack_featured_media_url":"https:\/\/i0.wp.com\/cfcontabil.com\/cf\/wp-content\/uploads\/2019\/10\/imposto.jpg?fit=715%2C300","jetpack_sharing_enabled":true,"jetpack_shortlink":"https:\/\/wp.me\/p2wklX-xp","jetpack-related-posts":[{"id":709,"url":"http:\/\/cfcontabil.com\/cf\/patroes-devem-redobrar-a-atencao-para-deduzir-o-imposto-de-renda-dos-domesticos\/","url_meta":{"origin":2071,"position":0},"title":"Patr\u00f5es devem redobrar a aten\u00e7\u00e3o para deduzir o Imposto de Renda dos dom\u00e9sticos","author":"Ab\u00edlio Gon\u00e7alves","date":"30 de mar\u00e7o de 2016","format":false,"excerpt":"Sob pol\u00eamica, o benef\u00edcio que o contribuinte tem ao lan\u00e7ar na declara\u00e7\u00e3o do Imposto de Renda os gastos com empregado dom\u00e9stico \u00e9 limitado. Para obter o desconto que pode levar \u00e0 redu\u00e7\u00e3o do IR a pagar ou ao aumento da restitui\u00e7\u00e3o, \u00e9 preciso ter muito cuidado no preenchimento dos dados\u2026","rel":"","context":"Em &quot;Geral&quot;","block_context":{"text":"Geral","link":"http:\/\/cfcontabil.com\/cf\/category\/geral\/"},"img":{"alt_text":"","src":"https:\/\/i0.wp.com\/cfcontabil.com\/cf\/wp-content\/uploads\/2016\/03\/domestica-1.jpeg?fit=600%2C315&resize=350%2C200","width":350,"height":200,"srcset":"https:\/\/i0.wp.com\/cfcontabil.com\/cf\/wp-content\/uploads\/2016\/03\/domestica-1.jpeg?fit=600%2C315&resize=350%2C200 1x, https:\/\/i0.wp.com\/cfcontabil.com\/cf\/wp-content\/uploads\/2016\/03\/domestica-1.jpeg?fit=600%2C315&resize=525%2C300 1.5x"},"classes":[]},{"id":2112,"url":"http:\/\/cfcontabil.com\/cf\/contribuintes-podem-baixar-programa-do-imposto-de-renda-2020-nesta-quinta-feira-20\/","url_meta":{"origin":2071,"position":1},"title":"Contribuintes podem baixar programa do Imposto de Renda 2020 nesta quinta-feira (20)","author":"Ab\u00edlio Gon\u00e7alves","date":"20 de fevereiro de 2020","format":false,"excerpt":"Receita Federal espera receber 32 milh\u00f5es de declara\u00e7\u00f5es de pessoas f\u00edsicas https:\/\/www.youtube.com\/watch?v=UpwbSoIuHaA&feature=youtu.be Contribuinte que atrasar a entrega do IRPF 2020 pagar\u00e1 multa de 1% sobre o imposto devido ao m\u00eas. O valor m\u00ednimo \u00e9 de R$ 165,74. - Foto: Secom\/PR Apartir das 8h desta quinta-feira (20), contribuintes poder\u00e3o baixar o\u2026","rel":"","context":"Em &quot;Departamento Fiscal&quot;","block_context":{"text":"Departamento Fiscal","link":"http:\/\/cfcontabil.com\/cf\/category\/df\/"},"img":{"alt_text":"","src":"https:\/\/i0.wp.com\/cfcontabil.com\/cf\/wp-content\/uploads\/2020\/02\/IRPF-regras-youtube.jpeg?fit=1200%2C675&resize=350%2C200","width":350,"height":200,"srcset":"https:\/\/i0.wp.com\/cfcontabil.com\/cf\/wp-content\/uploads\/2020\/02\/IRPF-regras-youtube.jpeg?fit=1200%2C675&resize=350%2C200 1x, https:\/\/i0.wp.com\/cfcontabil.com\/cf\/wp-content\/uploads\/2020\/02\/IRPF-regras-youtube.jpeg?fit=1200%2C675&resize=525%2C300 1.5x, https:\/\/i0.wp.com\/cfcontabil.com\/cf\/wp-content\/uploads\/2020\/02\/IRPF-regras-youtube.jpeg?fit=1200%2C675&resize=700%2C400 2x, https:\/\/i0.wp.com\/cfcontabil.com\/cf\/wp-content\/uploads\/2020\/02\/IRPF-regras-youtube.jpeg?fit=1200%2C675&resize=1050%2C600 3x"},"classes":[]},{"id":1132,"url":"http:\/\/cfcontabil.com\/cf\/ajuda-profissional-evita-problemas-com-o-leao\/","url_meta":{"origin":2071,"position":2},"title":"Ajuda profissional evita problemas com o Le\u00e3o","author":"Ab\u00edlio Gon\u00e7alves","date":"20 de abril de 2017","format":false,"excerpt":"Quem se sente inseguro para declarar o IR ou tem grande patrim\u00f4nio, por exemplo, pode recorrer a um contador. Quem entregou o documento com algum erro ou informa\u00e7\u00e3o incompleta pode enviar uma declara\u00e7\u00e3o retificadora at\u00e9 o dia 28 de abril. A cada ano, a Receita Federal vem aprimorando o programa\u2026","rel":"","context":"Em &quot;Departamento Fiscal&quot;","block_context":{"text":"Departamento Fiscal","link":"http:\/\/cfcontabil.com\/cf\/category\/df\/"},"img":{"alt_text":"","src":"https:\/\/i0.wp.com\/cfcontabil.com\/cf\/wp-content\/uploads\/2016\/05\/Imposto_Renda_IR_Prazo-1.jpg?fit=620%2C412&resize=350%2C200","width":350,"height":200,"srcset":"https:\/\/i0.wp.com\/cfcontabil.com\/cf\/wp-content\/uploads\/2016\/05\/Imposto_Renda_IR_Prazo-1.jpg?fit=620%2C412&resize=350%2C200 1x, https:\/\/i0.wp.com\/cfcontabil.com\/cf\/wp-content\/uploads\/2016\/05\/Imposto_Renda_IR_Prazo-1.jpg?fit=620%2C412&resize=525%2C300 1.5x"},"classes":[]},{"id":1233,"url":"http:\/\/cfcontabil.com\/cf\/confira-os-dez-erros-mais-comuns-na-declaracao-do-ir\/","url_meta":{"origin":2071,"position":3},"title":"Confira os dez erros mais comuns na declara\u00e7\u00e3o do IR","author":"Ab\u00edlio Gon\u00e7alves","date":"7 de mar\u00e7o de 2017","format":false,"excerpt":"Os erros mais comuns s\u00e3o com dedu\u00e7\u00e3o de algumas despesas, como sa\u00fade e educa\u00e7\u00e3o, segundo a Receita Federal. Tire suas d\u00favidas e evite a malha fina Declarar o imposto de renda, sobretudo para quem n\u00e3o faz o modelo simplificado, pode gerar algumas d\u00favidas. Caso o contribuinte cometa algum erro, mesmo\u2026","rel":"","context":"Em &quot;Departamento Fiscal&quot;","block_context":{"text":"Departamento Fiscal","link":"http:\/\/cfcontabil.com\/cf\/category\/df\/"},"img":{"alt_text":"","src":"https:\/\/i0.wp.com\/cfcontabil.com\/cf\/wp-content\/uploads\/2017\/03\/apagandoerro-1.jpg?fit=420%2C240&resize=350%2C200","width":350,"height":200},"classes":[]},{"id":1219,"url":"http:\/\/cfcontabil.com\/cf\/esocial-disponibiliza-o-comprovante-de-rendimentos-para-os-empregadores-domesticos\/","url_meta":{"origin":2071,"position":4},"title":"eSocial disponibiliza o Comprovante de Rendimentos para os empregadores dom\u00e9sticos","author":"Ab\u00edlio Gon\u00e7alves","date":"23 de fevereiro de 2017","format":false,"excerpt":"Mais uma nova funcionalidade est\u00e1 dispon\u00edvel aos empregadores dom\u00e9sticos no eSocial: a gera\u00e7\u00e3o do Comprovante de Rendimentos ser\u00e1 feita automaticamente pelo sistema. Este documento deve ser emitido pelos empregadores que fizeram reten\u00e7\u00e3o de Imposto de Renda na Fonte (IRRF) do seu empregado dom\u00e9stico no ano de 2016. O Comprovante dever\u00e1\u2026","rel":"","context":"Em &quot;Departamento Pessoal&quot;","block_context":{"text":"Departamento Pessoal","link":"http:\/\/cfcontabil.com\/cf\/category\/dp\/"},"img":{"alt_text":"","src":"https:\/\/i0.wp.com\/cfcontabil.com\/cf\/wp-content\/uploads\/2017\/02\/comprovante-rendimentos-1.jpg?fit=630%2C280&resize=350%2C200","width":350,"height":200,"srcset":"https:\/\/i0.wp.com\/cfcontabil.com\/cf\/wp-content\/uploads\/2017\/02\/comprovante-rendimentos-1.jpg?fit=630%2C280&resize=350%2C200 1x, https:\/\/i0.wp.com\/cfcontabil.com\/cf\/wp-content\/uploads\/2017\/02\/comprovante-rendimentos-1.jpg?fit=630%2C280&resize=525%2C300 1.5x"},"classes":[]},{"id":2108,"url":"http:\/\/cfcontabil.com\/cf\/dirf-sem-erros-prepare-se-para-a-entrega\/","url_meta":{"origin":2071,"position":5},"title":"DIRF sem erros: prepare-se para a entrega","author":"Ab\u00edlio Gon\u00e7alves","date":"18 de fevereiro de 2020","format":false,"excerpt":"O prazo para entregar a DIRF referente ao ano-calend\u00e1rio 2019 \u00e9 dia 28 de fevereiro de 2020, a DIRF tem como objetivo informar os rendimentos pagos e\/ou reten\u00e7\u00f5es na fonte sob algumas circunst\u00e2ncias previstas na legisla\u00e7\u00e3o. O prazo para entregar a DIRF referente ao ano-calend\u00e1rio 2019 \u00e9 dia 28 de\u2026","rel":"","context":"Em &quot;Departamento Fiscal&quot;","block_context":{"text":"Departamento Fiscal","link":"http:\/\/cfcontabil.com\/cf\/category\/df\/"},"img":{"alt_text":"","src":"https:\/\/i0.wp.com\/cfcontabil.com\/cf\/wp-content\/uploads\/2019\/11\/dirf-imposto-renda.jpg?fit=609%2C503&resize=350%2C200","width":350,"height":200,"srcset":"https:\/\/i0.wp.com\/cfcontabil.com\/cf\/wp-content\/uploads\/2019\/11\/dirf-imposto-renda.jpg?fit=609%2C503&resize=350%2C200 1x, https:\/\/i0.wp.com\/cfcontabil.com\/cf\/wp-content\/uploads\/2019\/11\/dirf-imposto-renda.jpg?fit=609%2C503&resize=525%2C300 1.5x"},"classes":[]}],"jetpack_likes_enabled":true,"_links":{"self":[{"href":"http:\/\/cfcontabil.com\/cf\/wp-json\/wp\/v2\/posts\/2071","targetHints":{"allow":["GET"]}}],"collection":[{"href":"http:\/\/cfcontabil.com\/cf\/wp-json\/wp\/v2\/posts"}],"about":[{"href":"http:\/\/cfcontabil.com\/cf\/wp-json\/wp\/v2\/types\/post"}],"author":[{"embeddable":true,"href":"http:\/\/cfcontabil.com\/cf\/wp-json\/wp\/v2\/users\/1"}],"replies":[{"embeddable":true,"href":"http:\/\/cfcontabil.com\/cf\/wp-json\/wp\/v2\/comments?post=2071"}],"version-history":[{"count":1,"href":"http:\/\/cfcontabil.com\/cf\/wp-json\/wp\/v2\/posts\/2071\/revisions"}],"predecessor-version":[{"id":2072,"href":"http:\/\/cfcontabil.com\/cf\/wp-json\/wp\/v2\/posts\/2071\/revisions\/2072"}],"wp:featuredmedia":[{"embeddable":true,"href":"http:\/\/cfcontabil.com\/cf\/wp-json\/wp\/v2\/media\/1770"}],"wp:attachment":[{"href":"http:\/\/cfcontabil.com\/cf\/wp-json\/wp\/v2\/media?parent=2071"}],"wp:term":[{"taxonomy":"category","embeddable":true,"href":"http:\/\/cfcontabil.com\/cf\/wp-json\/wp\/v2\/categories?post=2071"},{"taxonomy":"post_tag","embeddable":true,"href":"http:\/\/cfcontabil.com\/cf\/wp-json\/wp\/v2\/tags?post=2071"}],"curies":[{"name":"wp","href":"https:\/\/api.w.org\/{rel}","templated":true}]}}