{"id":2079,"date":"2020-01-16T16:51:27","date_gmt":"2020-01-16T19:51:27","guid":{"rendered":"http:\/\/cfcontabil.com\/cf\/?p=2079"},"modified":"2020-01-17T11:28:00","modified_gmt":"2020-01-17T14:28:00","slug":"conheca-nossa-solucao-digital-para-gestao-de-empresas","status":"publish","type":"post","link":"http:\/\/cfcontabil.com\/cf\/conheca-nossa-solucao-digital-para-gestao-de-empresas\/","title":{"rendered":"Conhe\u00e7a nossa solu\u00e7\u00e3o digital para gest\u00e3o de empresas!"},"content":{"rendered":"\t\t<div data-elementor-type=\"wp-post\" data-elementor-id=\"2079\" class=\"elementor elementor-2079\" data-elementor-post-type=\"post\">\n\t\t\t\t\t\t<section class=\"elementor-section elementor-top-section elementor-element elementor-element-3528389a elementor-section-boxed elementor-section-height-default elementor-section-height-default\" data-id=\"3528389a\" data-element_type=\"section\" data-e-type=\"section\">\n\t\t\t\t\t\t\t<div class=\"elementor-background-overlay\"><\/div>\n\t\t\t\t\t\t\t<div class=\"elementor-container elementor-column-gap-default\">\n\t\t\t\t\t<div class=\"elementor-column elementor-col-100 elementor-top-column elementor-element elementor-element-3ee0bf5\" data-id=\"3ee0bf5\" data-element_type=\"column\" data-e-type=\"column\">\n\t\t\t<div class=\"elementor-widget-wrap elementor-element-populated\">\n\t\t\t\t\t\t<div class=\"elementor-element elementor-element-0be647b elementor-view-default elementor-position-block-start elementor-mobile-position-block-start elementor-widget elementor-widget-icon-box\" data-id=\"0be647b\" data-element_type=\"widget\" data-e-type=\"widget\" data-widget_type=\"icon-box.default\">\n\t\t\t\t<div class=\"elementor-widget-container\">\n\t\t\t\t\t\t\t<div class=\"elementor-icon-box-wrapper\">\n\n\t\t\t\t\t\t<div class=\"elementor-icon-box-icon\">\n\t\t\t\t<span  class=\"elementor-icon\">\n\t\t\t\t<svg aria-hidden=\"true\" class=\"e-font-icon-svg e-fas-check-square\" viewBox=\"0 0 448 512\" xmlns=\"http:\/\/www.w3.org\/2000\/svg\"><path d=\"M400 480H48c-26.51 0-48-21.49-48-48V80c0-26.51 21.49-48 48-48h352c26.51 0 48 21.49 48 48v352c0 26.51-21.49 48-48 48zm-204.686-98.059l184-184c6.248-6.248 6.248-16.379 0-22.627l-22.627-22.627c-6.248-6.248-16.379-6.249-22.628 0L184 302.745l-70.059-70.059c-6.248-6.248-16.379-6.248-22.628 0l-22.627 22.627c-6.248 6.248-6.248 16.379 0 22.627l104 104c6.249 6.25 16.379 6.25 22.628.001z\"><\/path><\/svg>\t\t\t\t<\/span>\n\t\t\t<\/div>\n\t\t\t\n\t\t\t\t\t\t<div class=\"elementor-icon-box-content\">\n\n\t\t\t\t\t\t\t\t\t<h3 class=\"elementor-icon-box-title\">\n\t\t\t\t\t\t<span  >\n\t\t\t\t\t\t\tQueremos que seu neg\u00f3cio permane\u00e7a no AZUL neste novo ano!\t\t\t\t\t\t<\/span>\n\t\t\t\t\t<\/h3>\n\t\t\t\t\n\t\t\t\t\t\t\t\t\t<p class=\"elementor-icon-box-description\">\n\t\t\t\t\t\tSemana passada apresentamos ao vivo no Instagram @cfcontabil uma plataforma completa para gest\u00e3o financeira e cont\u00e1bil para pequenas e m\u00e9dias empresas que desejam organiza\u00e7\u00e3o, agilidade e crescimento em 2020.\n\nAssista um pouco do que conversamos:\t\t\t\t\t<\/p>\n\t\t\t\t\n\t\t\t<\/div>\n\t\t\t\n\t\t<\/div>\n\t\t\t\t\t\t<\/div>\n\t\t\t\t<\/div>\n\t\t\t\t<div class=\"elementor-element elementor-element-7932107 elementor-widget elementor-widget-video\" data-id=\"7932107\" data-element_type=\"widget\" data-e-type=\"widget\" data-settings=\"{&quot;youtube_url&quot;:&quot;https:\\\/\\\/www.youtube.com\\\/watch?v=zsbrNVJ1WCU&quot;,&quot;video_type&quot;:&quot;youtube&quot;,&quot;controls&quot;:&quot;yes&quot;}\" data-widget_type=\"video.default\">\n\t\t\t\t<div class=\"elementor-widget-container\">\n\t\t\t\t\t\t\t<div class=\"elementor-wrapper elementor-open-inline\">\n\t\t\t<div class=\"elementor-video\"><\/div>\t\t<\/div>\n\t\t\t\t\t\t<\/div>\n\t\t\t\t<\/div>\n\t\t\t\t<div class=\"elementor-element elementor-element-c2d5361 elementor-widget elementor-widget-text-editor\" data-id=\"c2d5361\" data-element_type=\"widget\" data-e-type=\"widget\" data-widget_type=\"text-editor.default\">\n\t\t\t\t<div class=\"elementor-widget-container\">\n\t\t\t\t\t\t\t\t\t<p>Acreditamos que a contabilidade digital \u00e9 uma tend\u00eancia inevit\u00e1vel e que n\u00e3o pode ser esquecida por um empreendedor.<\/p><p>Facilita a comunica\u00e7\u00e3o entre empresas e escrit\u00f3rios de contabilidade, tornando as decis\u00f5es mais eficientes e respeitando as legisla\u00e7\u00f5es tribut\u00e1rias do nosso pa\u00eds.<\/p><p>Tenha sempre em mente: o contador n\u00e3o \u00e9 substitu\u00eddo. Na verdade, ele utiliza a internet como uma importante ferramenta para se aproximar do mercado e dos clientes.<\/p><p>J\u00e1 estamos preparados para atender as suas expectativas e assim otimizar o desempenho de sua empresa!<\/p><p>Nossa equipe \u00e9 formada por contadores especializados e com experi\u00eancia de mais de 20 anos no mercado cont\u00e1bil, ent\u00e3o vamos conversar!<\/p>\t\t\t\t\t\t\t\t<\/div>\n\t\t\t\t<\/div>\n\t\t\t\t<div class=\"elementor-element elementor-element-26c626c elementor-alert-info elementor-widget elementor-widget-alert\" data-id=\"26c626c\" data-element_type=\"widget\" data-e-type=\"widget\" data-widget_type=\"alert.default\">\n\t\t\t\t<div class=\"elementor-widget-container\">\n\t\t\t\t\t\t\t<div class=\"elementor-alert\" role=\"alert\">\n\n\t\t\t\t\t\t<span class=\"elementor-alert-title\">Teste gratuitamente por alguns dias nosso sistema! <\/span>\n\t\t\t\n\t\t\t\t\t\t<span class=\"elementor-alert-description\">Ser\u00e1 uma experi\u00eancia incr\u00edvel, temos certeza disso.<\/span>\n\t\t\t\n\t\t\t\t\t\t<button type=\"button\" class=\"elementor-alert-dismiss\" aria-label=\"Dispensar este alerta.\">\n\t\t\t\t\t\t\t\t\t<span aria-hidden=\"true\">&times;<\/span>\n\t\t\t\t\t\t\t<\/button>\n\t\t\t\n\t\t<\/div>\n\t\t\t\t\t\t<\/div>\n\t\t\t\t<\/div>\n\t\t\t\t\t<\/div>\n\t\t<\/div>\n\t\t\t\t\t<\/div>\n\t\t<\/section>\n\t\t\t\t<\/div>\n\t\t","protected":false},"excerpt":{"rendered":"<p>Queremos que seu neg\u00f3cio permane\u00e7a no AZUL neste novo ano! Semana passada apresentamos ao vivo no Instagram @cfcontabil uma plataforma completa para gest\u00e3o financeira e cont\u00e1bil para pequenas e m\u00e9dias empresas que desejam organiza\u00e7\u00e3o, agilidade e crescimento em 2020. Assista um pouco do que conversamos: Acreditamos que a contabilidade digital \u00e9 uma tend\u00eancia inevit\u00e1vel e [&hellip;]<\/p>\n","protected":false},"author":1,"featured_media":2061,"comment_status":"open","ping_status":"open","sticky":false,"template":"","format":"standard","meta":{"jetpack_post_was_ever_published":false,"_jetpack_newsletter_access":"","_jetpack_dont_email_post_to_subs":false,"_jetpack_newsletter_tier_id":0,"_jetpack_memberships_contains_paywalled_content":false,"_jetpack_memberships_contains_paid_content":false,"footnotes":"","jetpack_publicize_message":"","jetpack_publicize_feature_enabled":true,"jetpack_social_post_already_shared":false,"jetpack_social_options":{"image_generator_settings":{"template":"highway","default_image_id":0,"font":"","enabled":false},"version":2}},"categories":[60,46,29],"tags":[],"class_list":["post-2079","post","type-post","status-publish","format-standard","has-post-thumbnail","hentry","category-consultoria","category-df","category-dp"],"jetpack_publicize_connections":[],"jetpack_featured_media_url":"https:\/\/i0.wp.com\/cfcontabil.com\/cf\/wp-content\/uploads\/2020\/01\/tudo-azul-1.jpeg?fit=1599%2C899","jetpack_sharing_enabled":true,"jetpack_shortlink":"https:\/\/wp.me\/p2wklX-xx","jetpack-related-posts":[{"id":367,"url":"http:\/\/cfcontabil.com\/cf\/o-contador-na-era-tecnologica\/","url_meta":{"origin":2079,"position":0},"title":"O Contador na Era Tecnol\u00f3gica","author":"Vin\u00edcius Moizinho","date":"18 de setembro de 2013","format":false,"excerpt":"Bom dia, prezados! \u00c9 fato que a internacionaliza\u00e7\u00e3o das normas cont\u00e1beis deu ao contador outro perfil. A ultrapassada imagem que vinculada ao contador brasileiro, como sendo o guarda-livros de caneta atr\u00e1s da orelha, n\u00e3o passa hoje de folclore e caricatura. A abertura dos mercados globais tornou a Contabilidade a quarta\u2026","rel":"","context":"Em &quot;Consultoria Empresarial&quot;","block_context":{"text":"Consultoria Empresarial","link":"http:\/\/cfcontabil.com\/cf\/category\/consultoria\/"},"img":{"alt_text":"","src":"https:\/\/i0.wp.com\/www.serkat.com.br\/img\/topo\/servicos.jpg?resize=350%2C200","width":350,"height":200},"classes":[]},{"id":3435,"url":"http:\/\/cfcontabil.com\/cf\/da-automacao-a-inteligencia-o-futuro-da-contabilidade-ja-comecou\/","url_meta":{"origin":2079,"position":1},"title":"Da Automa\u00e7\u00e3o \u00e0 Intelig\u00eancia: O Futuro da Contabilidade j\u00e1 Come\u00e7ou","author":"Ab\u00edlio Gon\u00e7alves","date":"10 de setembro de 2025","format":false,"excerpt":"Na \u00faltima edi\u00e7\u00e3o do Conta Azul Con 2025, participei da palestra conduzida por Rodrigo Bogoni e Dercio Bolais, representantes da Thomson Reuters e da Dom\u00ednio. O tema n\u00e3o poderia ser mais atual: como os servi\u00e7os digitais e embarcados est\u00e3o transformando a contabilidade em uma verdadeira consultoria estrat\u00e9gica para empresas de\u2026","rel":"","context":"Em &quot;Geral&quot;","block_context":{"text":"Geral","link":"http:\/\/cfcontabil.com\/cf\/category\/geral\/"},"img":{"alt_text":"","src":"https:\/\/i0.wp.com\/cfcontabil.com\/cf\/wp-content\/uploads\/2025\/09\/conta-azul-con25.png?fit=992%2C388&resize=350%2C200","width":350,"height":200,"srcset":"https:\/\/i0.wp.com\/cfcontabil.com\/cf\/wp-content\/uploads\/2025\/09\/conta-azul-con25.png?fit=992%2C388&resize=350%2C200 1x, https:\/\/i0.wp.com\/cfcontabil.com\/cf\/wp-content\/uploads\/2025\/09\/conta-azul-con25.png?fit=992%2C388&resize=525%2C300 1.5x, https:\/\/i0.wp.com\/cfcontabil.com\/cf\/wp-content\/uploads\/2025\/09\/conta-azul-con25.png?fit=992%2C388&resize=700%2C400 2x"},"classes":[]},{"id":1814,"url":"http:\/\/cfcontabil.com\/cf\/conta-azul-lanca-solucao-de-folha-de-pagamento\/","url_meta":{"origin":2079,"position":2},"title":"Conta Azul lan\u00e7a solu\u00e7\u00e3o de Folha de Pagamento","author":"Ab\u00edlio Gon\u00e7alves","date":"28 de outubro de 2019","format":false,"excerpt":"Com empresas cont\u00e1beis e pequenas empresas como clientes, objetivo \u00e9 fomentar efeito plataforma no mercado B2B. A Conta Azul, fintech de gest\u00e3o B2B mais inovadora do Brasil, realizou na \u00faltima quarta-feira, 23, o lan\u00e7amento de uma solu\u00e7\u00e3o de departamento pessoal que amplia a proposta de valor da Conta Azul Mais,\u2026","rel":"","context":"Em &quot;Contabilidade em geral&quot;","block_context":{"text":"Contabilidade em geral","link":"http:\/\/cfcontabil.com\/cf\/category\/contabilidade-2\/"},"img":{"alt_text":"","src":"https:\/\/i0.wp.com\/cfcontabil.com\/cf\/wp-content\/uploads\/2019\/10\/ContaAzulCON.png?fit=764%2C401&resize=350%2C200","width":350,"height":200,"srcset":"https:\/\/i0.wp.com\/cfcontabil.com\/cf\/wp-content\/uploads\/2019\/10\/ContaAzulCON.png?fit=764%2C401&resize=350%2C200 1x, https:\/\/i0.wp.com\/cfcontabil.com\/cf\/wp-content\/uploads\/2019\/10\/ContaAzulCON.png?fit=764%2C401&resize=525%2C300 1.5x, https:\/\/i0.wp.com\/cfcontabil.com\/cf\/wp-content\/uploads\/2019\/10\/ContaAzulCON.png?fit=764%2C401&resize=700%2C400 2x"},"classes":[]},{"id":1202,"url":"http:\/\/cfcontabil.com\/cf\/2013-ano-da-contabilidade-no-brasil\/","url_meta":{"origin":2079,"position":3},"title":"2013: ano da Contabilidade no Brasil","author":"Vin\u00edcius Moizinho","date":"9 de janeiro de 2013","format":false,"excerpt":"\u00a0 O ano de 2013 ser\u00e1, sem d\u00favida, um dos mais importantes para a Contabilidade brasileira. Lideran\u00e7as e \u00f3rg\u00e3os ligados \u00e0 profiss\u00e3o est\u00e3o se unindo para que toda a sociedade saiba e reconhe\u00e7a o verdadeiro papel do profissional da contabilidade. \u00a0 \u00a0 \u00a0 Conhe\u00e7a, a seguir, um pouco do projeto.\u2026","rel":"","context":"Em &quot;Consultoria Empresarial&quot;","block_context":{"text":"Consultoria Empresarial","link":"http:\/\/cfcontabil.com\/cf\/category\/consultoria\/"},"img":{"alt_text":"Ano da Contabilidade no Brasil","src":"http:\/\/www.crcsc.org.br\/arquivosSGC\/BANNER_20121211103353Ano20da20Contabilidade.jpg&w=418&h=238&c=s","width":350,"height":200},"classes":[]},{"id":1587,"url":"http:\/\/cfcontabil.com\/cf\/tecnologia-e-contabilidade\/","url_meta":{"origin":2079,"position":4},"title":"Tecnologia e Contabilidade","author":"Ab\u00edlio Gon\u00e7alves","date":"16 de setembro de 2019","format":false,"excerpt":"Como surpreende o ritmo das inova\u00e7\u00f5es e a tend\u00eancia mundial com os r\u00e1pidos avan\u00e7os tecnol\u00f3gicos atualmente. \u00c9 um processo sem volta, que vislumbra um tempo novo surgindo. \u00c9 poss\u00edvel ressaltar que o impacto \u00e9 sentindo em todas as \u00e1reas de neg\u00f3cios e at\u00e9 da vida cotidiana. A evolu\u00e7\u00e3o \u00e9 um\u2026","rel":"","context":"Em &quot;Consultoria Empresarial&quot;","block_context":{"text":"Consultoria Empresarial","link":"http:\/\/cfcontabil.com\/cf\/category\/consultoria\/"},"img":{"alt_text":"","src":"https:\/\/i0.wp.com\/cfcontabil.com\/cf\/wp-content\/uploads\/2019\/09\/tecnologia-na-contabilidade-vantagens-1024x633.jpg?fit=1024%2C633&resize=350%2C200","width":350,"height":200,"srcset":"https:\/\/i0.wp.com\/cfcontabil.com\/cf\/wp-content\/uploads\/2019\/09\/tecnologia-na-contabilidade-vantagens-1024x633.jpg?fit=1024%2C633&resize=350%2C200 1x, https:\/\/i0.wp.com\/cfcontabil.com\/cf\/wp-content\/uploads\/2019\/09\/tecnologia-na-contabilidade-vantagens-1024x633.jpg?fit=1024%2C633&resize=525%2C300 1.5x, https:\/\/i0.wp.com\/cfcontabil.com\/cf\/wp-content\/uploads\/2019\/09\/tecnologia-na-contabilidade-vantagens-1024x633.jpg?fit=1024%2C633&resize=700%2C400 2x"},"classes":[]},{"id":100,"url":"http:\/\/cfcontabil.com\/cf\/de-quem-e-a-obrigacao-de-gerar-o-sped-fiscal\/","url_meta":{"origin":2079,"position":5},"title":"De quem \u00e9 a obriga\u00e7\u00e3o de gerar o SPED Fiscal?","author":"Vin\u00edcius Moizinho","date":"1 de agosto de 2012","format":false,"excerpt":"Bom dia! Hoje disponibilizo para voc\u00eas um excelente texto produzido pelo colega\u00a0Leandro Felizali, diretor da Vinco\u00a0(empresa brasileira especializada na integra\u00e7\u00e3o de sistemas e na migra\u00e7\u00e3o de dados). Afinal, de quem \u00e9 a obriga\u00e7\u00e3o de gerar o SPED Fiscal? Leandro tem a resposta. Confira logo a seguir. Boa leitura! As exig\u00eancias\u2026","rel":"","context":"Em &quot;Departamento Fiscal&quot;","block_context":{"text":"Departamento Fiscal","link":"http:\/\/cfcontabil.com\/cf\/category\/df\/"},"img":{"alt_text":"","src":"https:\/\/i0.wp.com\/www.gdcorp.com.br\/neoadmin\/imglib\/fnl\/61.jpg?resize=350%2C200","width":350,"height":200},"classes":[]}],"jetpack_likes_enabled":true,"_links":{"self":[{"href":"http:\/\/cfcontabil.com\/cf\/wp-json\/wp\/v2\/posts\/2079","targetHints":{"allow":["GET"]}}],"collection":[{"href":"http:\/\/cfcontabil.com\/cf\/wp-json\/wp\/v2\/posts"}],"about":[{"href":"http:\/\/cfcontabil.com\/cf\/wp-json\/wp\/v2\/types\/post"}],"author":[{"embeddable":true,"href":"http:\/\/cfcontabil.com\/cf\/wp-json\/wp\/v2\/users\/1"}],"replies":[{"embeddable":true,"href":"http:\/\/cfcontabil.com\/cf\/wp-json\/wp\/v2\/comments?post=2079"}],"version-history":[{"count":7,"href":"http:\/\/cfcontabil.com\/cf\/wp-json\/wp\/v2\/posts\/2079\/revisions"}],"predecessor-version":[{"id":2091,"href":"http:\/\/cfcontabil.com\/cf\/wp-json\/wp\/v2\/posts\/2079\/revisions\/2091"}],"wp:featuredmedia":[{"embeddable":true,"href":"http:\/\/cfcontabil.com\/cf\/wp-json\/wp\/v2\/media\/2061"}],"wp:attachment":[{"href":"http:\/\/cfcontabil.com\/cf\/wp-json\/wp\/v2\/media?parent=2079"}],"wp:term":[{"taxonomy":"category","embeddable":true,"href":"http:\/\/cfcontabil.com\/cf\/wp-json\/wp\/v2\/categories?post=2079"},{"taxonomy":"post_tag","embeddable":true,"href":"http:\/\/cfcontabil.com\/cf\/wp-json\/wp\/v2\/tags?post=2079"}],"curies":[{"name":"wp","href":"https:\/\/api.w.org\/{rel}","templated":true}]}}