{"id":2086,"date":"2020-01-17T11:17:49","date_gmt":"2020-01-17T14:17:49","guid":{"rendered":"http:\/\/cfcontabil.com\/cf\/?p=2086"},"modified":"2020-01-17T14:56:12","modified_gmt":"2020-01-17T17:56:12","slug":"a-empresa-esta-inativa-ou-sem-movimento","status":"publish","type":"post","link":"http:\/\/cfcontabil.com\/cf\/a-empresa-esta-inativa-ou-sem-movimento\/","title":{"rendered":"A empresa est\u00e1 INATIVA ou SEM MOVIMENTO?"},"content":{"rendered":"<p>A maioria dos empres\u00e1rios afirmam que sua empresa est\u00e1 inativa, por ter\u00a0 simplesmente parado de vender. Mas ser\u00e1 que h\u00e1 o real entendimento do que \u00e9 uma <strong>empresa inativa?<\/strong><\/p>\n<p>E podem acabar se equivocando ao pensar que a empresa seja\u00a0 inativa ou\u00a0 sem movimento, est\u00e1 dispensada do cumprimento das obriga\u00e7\u00f5es acess\u00f3rias.<\/p>\n<p>Em geral, os empres\u00e1rios que fazem esta afirma\u00e7\u00e3o s\u00e3o aqueles que encerram as atividades da empresa, fazem o cancelamento dos servi\u00e7os cont\u00e1beis e n\u00e3o fazem a extin\u00e7\u00e3o das suas empresas, por\u00e9m as mant\u00e9m constitu\u00eddas, mas sem movimento aparente.<\/p>\n<p>A Receita Federal define uma empresa inativa aquela que\u00a0<strong>n\u00e3o tenha efetuado qualquer atividade<\/strong>\u00a0financeira, patrimonial ou operacional dentro de todo o ano-calend\u00e1rio. Ou seja, sua empresa n\u00e3o pode ter nenhuma movimenta\u00e7\u00e3o banc\u00e1ria, nenhum pagamento de taxas ou compras no CNPJ da empresa.<\/p>\n<p>Importante ent\u00e3o \u00e9 que uma empresa inativa deve ser um <strong>op\u00e7\u00e3o tempor\u00e1ria<\/strong>, caso o\u00a0empres\u00e1rio pretenda voltar as atividades\u00a0ou caso o mesmo n\u00e3o possua\u00a0recursos para o fechamento\u00a0imediato da empresa.<\/p>\n<p>Vamos exemplificar uma das situa\u00e7\u00f5es:<\/p>\n<p>Se a empresa est\u00e1 sem faturamento, n\u00e3o realizou venda \u00e0 meses. E para reduzir o valor do plano de sa\u00fade, colocando em nome da empresa. Ao utilizar seu CNPJ como contratante do plano de sa\u00fade, gera movimenta\u00e7\u00e3o financeira, descaracterizando o conceito de empresa inativa, ou seja, a empresa est\u00e1 na realidade &#8220;sem movimento!.<\/p>\n<h2>Est\u00e1 Inativa ou sem movimento, como identificar?<\/h2>\n<p>Se uma empresa n\u00e3o faz vendas mas realizou qualquer tipo de pagamento ou recebimento de duplicatas ou fornecedores no ano-calend\u00e1rio (de Janeiro a dezembro de cada ano), ela n\u00e3o est\u00e1 inativa.<\/p>\n<p>Se\u00a0a empresa teve movimenta\u00e7\u00e3o de janeiro a abril, por exemplo, e ficar sem faturamento nos quatro\u00a0meses seguintes, ela pode voltar a vender\u00a0sem problema algum. Neste caso, a empresa ser\u00e1\u00a0considerada uma\u00a0<strong>empresa sem movimento<\/strong>, e n\u00e3o uma empresa inativa.<\/p>\n<h2>Empresa Sem Movimento: as Obriga\u00e7\u00f5es<\/h2>\n<p>Caso a empresa esteja sem movimento, isso n\u00e3o significa que ela n\u00e3o precisa de assessoria cont\u00e1bil. Todas as empresas, mesmo sem movimenta\u00e7\u00e3o, precisam fazer o envio de declara\u00e7\u00f5es, que de uma forma geral, s\u00e3o mensais.<\/p>\n<p>Por isso, caso voc\u00ea possua uma empresa sem movimento, procure obter orienta\u00e7\u00f5es com a contabilidade sobre como proceder e evite problemas com o Fisco.<\/p>\n<h2>Empresa Inativa: as Obriga\u00e7\u00f5es<\/h2>\n<p>Mesmo com a empresa inativa, \u00e9 necess\u00e1rio cumprir obriga\u00e7\u00f5es, como o envio da declara\u00e7\u00e3o anual de inatividade da pessoa jur\u00eddica para a\u00a0Receita Federal. O ideal \u00e9 que voc\u00ea conte com a ajuda de um contador para o cumprimento destas obriga\u00e7\u00f5es acess\u00f3rias.<\/p>\n<p>As obriga\u00e7\u00f5es devidas para inatividade poder\u00e3o ser: DCTF, que deve ser entregue, sob pena de multa, RAIS negativa e GFIP, a GFIP entrega uma no m\u00eas de Janeiro e outra no m\u00eas de Dezembro, obedecendo a data de entrega, pois entregar ap\u00f3s o prazo a empresa pagar\u00e1 multa.<\/p>\n<p>E nas empresas sem movimento, todas as obriga\u00e7\u00f5es acess\u00f3rias comuns \u00e0 qualquer CNPJ devem ser entregues, como a DCTF, SPED, escritura\u00e7\u00f5es mensais, imposto de renda de pessoa jur\u00eddica, entre outros.<\/p>\n<p>Se voc\u00ea n\u00e3o pretende retornar com as atividades, o ideal \u00e9 que voc\u00ea fa\u00e7a o\u00a0<strong>encerramento da empresa<\/strong>.<\/p>\n<p>Se a empresa possui d\u00e9bitos com fornecedores ou Fisco, entre em contato conosco para os procedimentos espec\u00edficos de regulariza\u00e7\u00e3o.<\/p>\n","protected":false},"excerpt":{"rendered":"<p>A maioria dos empres\u00e1rios afirmam que sua empresa est\u00e1 inativa, por ter\u00a0 simplesmente parado de vender. Mas ser\u00e1 que h\u00e1 o real entendimento do que \u00e9 uma empresa inativa? E podem acabar se equivocando ao pensar que a empresa seja\u00a0 inativa ou\u00a0 sem movimento, est\u00e1 dispensada do cumprimento das obriga\u00e7\u00f5es acess\u00f3rias. Em geral, os empres\u00e1rios [&hellip;]<\/p>\n","protected":false},"author":1,"featured_media":2087,"comment_status":"open","ping_status":"open","sticky":false,"template":"","format":"standard","meta":{"jetpack_post_was_ever_published":false,"_jetpack_newsletter_access":"","_jetpack_dont_email_post_to_subs":false,"_jetpack_newsletter_tier_id":0,"_jetpack_memberships_contains_paywalled_content":false,"_jetpack_memberships_contains_paid_content":false,"footnotes":"","jetpack_publicize_message":"","jetpack_publicize_feature_enabled":true,"jetpack_social_post_already_shared":true,"jetpack_social_options":{"image_generator_settings":{"template":"highway","default_image_id":0,"font":"","enabled":false},"version":2}},"categories":[46],"tags":[303,199,287,502,366],"class_list":["post-2086","post","type-post","status-publish","format-standard","has-post-thumbnail","hentry","category-df","tag-empresa","tag-fiscal","tag-inativa","tag-movimento","tag-obrigacao"],"jetpack_publicize_connections":[],"jetpack_featured_media_url":"https:\/\/i0.wp.com\/cfcontabil.com\/cf\/wp-content\/uploads\/2020\/01\/Post-Empresa-Inativa.jpeg?fit=1080%2C1080","jetpack_sharing_enabled":true,"jetpack_shortlink":"https:\/\/wp.me\/p2wklX-xE","jetpack-related-posts":[{"id":1142,"url":"http:\/\/cfcontabil.com\/cf\/dctf-2205-vence-o-prazo-de-entrega-das-inativas-e-sem-movimento-em-jan-e-fev2017\/","url_meta":{"origin":2086,"position":0},"title":"DCTF \u2013 22\/05 vence o prazo de entrega das Inativas e sem movimento em jan e fev\/2017","author":"Ab\u00edlio Gon\u00e7alves","date":"28 de abril de 2017","format":false,"excerpt":"Com a\u00a0prorroga\u00e7\u00e3o do prazo de entrega da DCTF inativa 2017\u00a0e sem movimento dos meses de janeiro e fevereiro de 2017 para 22 de maio de 2017, houve um grande n\u00famero de\u00a0d\u00favidas e questionamentos nas redes sociais, principalmente sobre o uso do Certificado Digital. \u00c9 fato que n\u00e3o faz nenhum sentido\u2026","rel":"","context":"Em &quot;Departamento Fiscal&quot;","block_context":{"text":"Departamento Fiscal","link":"http:\/\/cfcontabil.com\/cf\/category\/df\/"},"img":{"alt_text":"","src":"https:\/\/i0.wp.com\/cfcontabil.com\/cf\/wp-content\/uploads\/2017\/02\/dctf-1.png?fit=800%2C500&resize=350%2C200","width":350,"height":200,"srcset":"https:\/\/i0.wp.com\/cfcontabil.com\/cf\/wp-content\/uploads\/2017\/02\/dctf-1.png?fit=800%2C500&resize=350%2C200 1x, https:\/\/i0.wp.com\/cfcontabil.com\/cf\/wp-content\/uploads\/2017\/02\/dctf-1.png?fit=800%2C500&resize=525%2C300 1.5x, https:\/\/i0.wp.com\/cfcontabil.com\/cf\/wp-content\/uploads\/2017\/02\/dctf-1.png?fit=800%2C500&resize=700%2C400 2x"},"classes":[]},{"id":1247,"url":"http:\/\/cfcontabil.com\/cf\/duvidas-sobre-dctf-inativa-2017\/","url_meta":{"origin":2086,"position":1},"title":"D\u00favidas sobre DCTF Inativa 2017","author":"Ab\u00edlio Gon\u00e7alves","date":"30 de junho de 2017","format":false,"excerpt":"Com a extin\u00e7\u00e3o da Declara\u00e7\u00e3o Simplificada da Pessoa Jur\u00eddica (DSPJ-Inativa), as pessoas jur\u00eddicas inativas passaram a ser obrigadas apenas \u00e0 apresentar a Declara\u00e7\u00e3o de D\u00e9bitos e Cr\u00e9ditos Tribut\u00e1rios Federais (DCTF), conforme disposto no art. 3\u00ba da Instru\u00e7\u00e3o Normativa RFB n\u00ba 1.599\/2015. A partir da\u00ed surgiram muitas d\u00favidas entre os profissionais\u2026","rel":"","context":"Em &quot;Departamento Fiscal&quot;","block_context":{"text":"Departamento Fiscal","link":"http:\/\/cfcontabil.com\/cf\/category\/df\/"},"img":{"alt_text":"","src":"https:\/\/i0.wp.com\/cfcontabil.com\/cf\/wp-content\/uploads\/2017\/02\/dctf-1.png?fit=800%2C500&resize=350%2C200","width":350,"height":200,"srcset":"https:\/\/i0.wp.com\/cfcontabil.com\/cf\/wp-content\/uploads\/2017\/02\/dctf-1.png?fit=800%2C500&resize=350%2C200 1x, https:\/\/i0.wp.com\/cfcontabil.com\/cf\/wp-content\/uploads\/2017\/02\/dctf-1.png?fit=800%2C500&resize=525%2C300 1.5x, https:\/\/i0.wp.com\/cfcontabil.com\/cf\/wp-content\/uploads\/2017\/02\/dctf-1.png?fit=800%2C500&resize=700%2C400 2x"},"classes":[]},{"id":1188,"url":"http:\/\/cfcontabil.com\/cf\/baixe-o-pgd-dctf-inativa-v3-4-inativa\/","url_meta":{"origin":2086,"position":2},"title":"Baixe o PGD DCTF Inativa v3.4 (Inativa)","author":"Ab\u00edlio Gon\u00e7alves","date":"19 de junho de 2017","format":false,"excerpt":"Ap\u00f3s dois adiamentos de prazos e muito estresse para contabilistas e respons\u00e1veis pelos departamentos tribut\u00e1rios das empresas, foi aprovado a\u00a0vers\u00e3o 3.4 do Programa Gerador da Declara\u00e7\u00e3o (PGD) de D\u00e9bitos e Cr\u00e9ditos Tribut\u00e1rios Federais (DCTF) Mensal que inclui a informa\u00e7\u00e3o de empresa inativa. Neste programa, houve a inclus\u00e3o da Caixa de\u2026","rel":"","context":"Em &quot;Departamento Fiscal&quot;","block_context":{"text":"Departamento Fiscal","link":"http:\/\/cfcontabil.com\/cf\/category\/df\/"},"img":{"alt_text":"","src":"https:\/\/i0.wp.com\/cfcontabil.com\/cf\/wp-content\/uploads\/2017\/06\/download-1.png?fit=1200%2C544&resize=350%2C200","width":350,"height":200,"srcset":"https:\/\/i0.wp.com\/cfcontabil.com\/cf\/wp-content\/uploads\/2017\/06\/download-1.png?fit=1200%2C544&resize=350%2C200 1x, https:\/\/i0.wp.com\/cfcontabil.com\/cf\/wp-content\/uploads\/2017\/06\/download-1.png?fit=1200%2C544&resize=525%2C300 1.5x, https:\/\/i0.wp.com\/cfcontabil.com\/cf\/wp-content\/uploads\/2017\/06\/download-1.png?fit=1200%2C544&resize=700%2C400 2x, https:\/\/i0.wp.com\/cfcontabil.com\/cf\/wp-content\/uploads\/2017\/06\/download-1.png?fit=1200%2C544&resize=1050%2C600 3x"},"classes":[]},{"id":1245,"url":"http:\/\/cfcontabil.com\/cf\/receita-federal-libera-envio-da-dctf-para-pessoas-juridicas-inativas\/","url_meta":{"origin":2086,"position":3},"title":"Receita Federal libera envio da DCTF para Pessoas Jur\u00eddicas INATIVAS","author":"Ab\u00edlio Gon\u00e7alves","date":"29 de junho de 2017","format":false,"excerpt":"Envio de declara\u00e7\u00e3o de inativas, referentes ao per\u00edodo de janeiro a abril, tem que ser realizado at\u00e9 o dia 21 de julho de 2017. A Receita Federal do Brasil \u2013 RFB liberou a vers\u00e3o 3.4 do Programa Gerador da Declara\u00e7\u00e3o \u2013 PGD de D\u00e9bitos e Cr\u00e9ditos Tribut\u00e1rios Federais \u2013 DCTF\u2026","rel":"","context":"Em &quot;Departamento Fiscal&quot;","block_context":{"text":"Departamento Fiscal","link":"http:\/\/cfcontabil.com\/cf\/category\/df\/"},"img":{"alt_text":"","src":"https:\/\/i0.wp.com\/cfcontabil.com\/cf\/wp-content\/uploads\/2017\/06\/INATIVA_DCTF34-1.png?fit=1200%2C530&resize=350%2C200","width":350,"height":200,"srcset":"https:\/\/i0.wp.com\/cfcontabil.com\/cf\/wp-content\/uploads\/2017\/06\/INATIVA_DCTF34-1.png?fit=1200%2C530&resize=350%2C200 1x, https:\/\/i0.wp.com\/cfcontabil.com\/cf\/wp-content\/uploads\/2017\/06\/INATIVA_DCTF34-1.png?fit=1200%2C530&resize=525%2C300 1.5x, https:\/\/i0.wp.com\/cfcontabil.com\/cf\/wp-content\/uploads\/2017\/06\/INATIVA_DCTF34-1.png?fit=1200%2C530&resize=700%2C400 2x, https:\/\/i0.wp.com\/cfcontabil.com\/cf\/wp-content\/uploads\/2017\/06\/INATIVA_DCTF34-1.png?fit=1200%2C530&resize=1050%2C600 3x"},"classes":[]},{"id":1243,"url":"http:\/\/cfcontabil.com\/cf\/dctf-inativa-no-pgd-versao-3-4-bloqueada-ate-30-06\/","url_meta":{"origin":2086,"position":4},"title":"DCTF INATIVA NO PGD VERS\u00c3O 3.4 BLOQUEADA AT\u00c9 30.06","author":"Ab\u00edlio Gon\u00e7alves","date":"28 de junho de 2017","format":false,"excerpt":"A libera\u00e7\u00e3o da RFB para a entrega das empresas inativas pela DCTF foi novamente adiada para at\u00e9 dia 30.06.2017 e desde ent\u00e3o surgiram muitas d\u00favidas sobre como preencher e transmitir a declara\u00e7\u00e3o, por isso fizemos um passo-a-passo, para adiantar o trabalho neste curto per\u00edodo para transmiss\u00e3o, pois para 2017, o\u2026","rel":"","context":"Em &quot;Departamento Fiscal&quot;","block_context":{"text":"Departamento Fiscal","link":"http:\/\/cfcontabil.com\/cf\/category\/df\/"},"img":{"alt_text":"","src":"https:\/\/i0.wp.com\/cfcontabil.com\/cf\/wp-content\/uploads\/2017\/06\/INATIVA_DCTF34-1.png?fit=1200%2C530&resize=350%2C200","width":350,"height":200,"srcset":"https:\/\/i0.wp.com\/cfcontabil.com\/cf\/wp-content\/uploads\/2017\/06\/INATIVA_DCTF34-1.png?fit=1200%2C530&resize=350%2C200 1x, https:\/\/i0.wp.com\/cfcontabil.com\/cf\/wp-content\/uploads\/2017\/06\/INATIVA_DCTF34-1.png?fit=1200%2C530&resize=525%2C300 1.5x, https:\/\/i0.wp.com\/cfcontabil.com\/cf\/wp-content\/uploads\/2017\/06\/INATIVA_DCTF34-1.png?fit=1200%2C530&resize=700%2C400 2x, https:\/\/i0.wp.com\/cfcontabil.com\/cf\/wp-content\/uploads\/2017\/06\/INATIVA_DCTF34-1.png?fit=1200%2C530&resize=1050%2C600 3x"},"classes":[]},{"id":1192,"url":"http:\/\/cfcontabil.com\/cf\/dctf-inativa-e-sem-debitos-2017-receita-promete-liberar-transmissao-a-partir-do-dia-2606\/","url_meta":{"origin":2086,"position":5},"title":"DCTF Inativa e Sem D\u00e9bitos 2017 &#8211; Receita promete liberar transmiss\u00e3o a partir do dia 26\/06","author":"Ab\u00edlio Gon\u00e7alves","date":"21 de junho de 2017","format":false,"excerpt":"Precisa entregar a DCTF Inativa 2017 e Sem D\u00e9bitos a declarar de janeiro at\u00e9 abril de 2017? Receita Federal promete liberar a transmiss\u00e3o a partir do dia 26 de junho. Depois de muita espera a Receita Federal liberou dia 16\/06 a vers\u00e3o 3.4 do Programa Gerador da\u00a0DCTF\u00a0que servir\u00e1 para preencher\u2026","rel":"","context":"Em &quot;Departamento Fiscal&quot;","block_context":{"text":"Departamento Fiscal","link":"http:\/\/cfcontabil.com\/cf\/category\/df\/"},"img":{"alt_text":"","src":"https:\/\/i0.wp.com\/cfcontabil.com\/cf\/wp-content\/uploads\/2017\/06\/site-receita-federal-dctf-1.jpeg?fit=1200%2C675&resize=350%2C200","width":350,"height":200,"srcset":"https:\/\/i0.wp.com\/cfcontabil.com\/cf\/wp-content\/uploads\/2017\/06\/site-receita-federal-dctf-1.jpeg?fit=1200%2C675&resize=350%2C200 1x, https:\/\/i0.wp.com\/cfcontabil.com\/cf\/wp-content\/uploads\/2017\/06\/site-receita-federal-dctf-1.jpeg?fit=1200%2C675&resize=525%2C300 1.5x, https:\/\/i0.wp.com\/cfcontabil.com\/cf\/wp-content\/uploads\/2017\/06\/site-receita-federal-dctf-1.jpeg?fit=1200%2C675&resize=700%2C400 2x, https:\/\/i0.wp.com\/cfcontabil.com\/cf\/wp-content\/uploads\/2017\/06\/site-receita-federal-dctf-1.jpeg?fit=1200%2C675&resize=1050%2C600 3x"},"classes":[]}],"jetpack_likes_enabled":true,"_links":{"self":[{"href":"http:\/\/cfcontabil.com\/cf\/wp-json\/wp\/v2\/posts\/2086","targetHints":{"allow":["GET"]}}],"collection":[{"href":"http:\/\/cfcontabil.com\/cf\/wp-json\/wp\/v2\/posts"}],"about":[{"href":"http:\/\/cfcontabil.com\/cf\/wp-json\/wp\/v2\/types\/post"}],"author":[{"embeddable":true,"href":"http:\/\/cfcontabil.com\/cf\/wp-json\/wp\/v2\/users\/1"}],"replies":[{"embeddable":true,"href":"http:\/\/cfcontabil.com\/cf\/wp-json\/wp\/v2\/comments?post=2086"}],"version-history":[{"count":2,"href":"http:\/\/cfcontabil.com\/cf\/wp-json\/wp\/v2\/posts\/2086\/revisions"}],"predecessor-version":[{"id":2092,"href":"http:\/\/cfcontabil.com\/cf\/wp-json\/wp\/v2\/posts\/2086\/revisions\/2092"}],"wp:featuredmedia":[{"embeddable":true,"href":"http:\/\/cfcontabil.com\/cf\/wp-json\/wp\/v2\/media\/2087"}],"wp:attachment":[{"href":"http:\/\/cfcontabil.com\/cf\/wp-json\/wp\/v2\/media?parent=2086"}],"wp:term":[{"taxonomy":"category","embeddable":true,"href":"http:\/\/cfcontabil.com\/cf\/wp-json\/wp\/v2\/categories?post=2086"},{"taxonomy":"post_tag","embeddable":true,"href":"http:\/\/cfcontabil.com\/cf\/wp-json\/wp\/v2\/tags?post=2086"}],"curies":[{"name":"wp","href":"https:\/\/api.w.org\/{rel}","templated":true}]}}