{"id":2093,"date":"2020-01-20T12:31:22","date_gmt":"2020-01-20T15:31:22","guid":{"rendered":"http:\/\/cfcontabil.com\/cf\/?p=2093"},"modified":"2020-01-20T15:57:27","modified_gmt":"2020-01-20T18:57:27","slug":"confianca-do-empresario-do-comercio-tem-melhora-janeiro-desde-2013","status":"publish","type":"post","link":"http:\/\/cfcontabil.com\/cf\/confianca-do-empresario-do-comercio-tem-melhora-janeiro-desde-2013\/","title":{"rendered":"Confian\u00e7a do empres\u00e1rio do com\u00e9rcio aumentou em janeiro desde 2013"},"content":{"rendered":"<p>Com crescimento mensal de 2%, Icec chega \u00e0 quinta alta seguida no primeiro m\u00eas de 2020<br \/>\n<img data-recalc-dims=\"1\" decoding=\"async\" title=\"Com crescimento mensal de 2%, Icec chega \u00e0 quinta alta seguida no primeiro m\u00eas de 2020\" src=\"https:\/\/i0.wp.com\/www.cnc.org.br\/sites\/default\/files\/styles\/crop_1000x300\/public\/2019-12\/Icec2-site_destaque_0.png?w=1170\" alt=\"Com crescimento mensal de 2%, Icec chega \u00e0 quinta alta seguida no primeiro m\u00eas de 2020\"><\/p>\n<p>A confian\u00e7a do empres\u00e1rio do com\u00e9rcio apresentou a quinta alta consecutiva em janeiro de 2020, de acordo com o \u00cdndice de Confian\u00e7a do Empres\u00e1rio do Com\u00e9rcio (Icec), medido pela Confedera\u00e7\u00e3o Nacional do Com\u00e9rcio de Bens, Servi\u00e7os e Turismo (CNC). Com 126,6 pontos, o resultado \u00e9 2% maior que o aferido em dezembro do ano passado e o melhor para um m\u00eas de janeiro desde 2013. Na compara\u00e7\u00e3o com o mesmo per\u00edodo de 2019, o crescimento foi de 4,7%. A pontua\u00e7\u00e3o \u00e9 a maior desde mar\u00e7o do \u00faltimo ano (127,1 pontos).<\/p>\n<p>&#8220;A recupera\u00e7\u00e3o gradual da economia, com avan\u00e7o nos investimentos e melhora da taxa de desemprego, ajuda a explicar a percep\u00e7\u00e3o otimista dos empres\u00e1rios do com\u00e9rcio&#8221;, afirma o presidente da CNC, Jos\u00e9 Roberto Tadros.<\/p>\n<p>Em rela\u00e7\u00e3o ao \u00edndice que mede as condi\u00e7\u00f5es atuais do empres\u00e1rio do com\u00e9rcio, houve varia\u00e7\u00e3o mensal positiva de 1,4%, chegando a 108,2 pontos \u2013 o melhor n\u00edvel desde mar\u00e7o do ano passado. O indicador apresentou a maior alta na base de compara\u00e7\u00e3o anual (+17,9%) entre os indicadores pesquisados. \u00c9 o segundo m\u00eas em que o \u00edndice fica acima dos 100 pontos, ap\u00f3s seis resultados consecutivos abaixo deste patamar. Com isso, atingiu o maior n\u00edvel desde mar\u00e7o de 2019 (108,4 pontos). O resultado positivo tamb\u00e9m aparece na avalia\u00e7\u00e3o das condi\u00e7\u00f5es correntes do setor, que apresentou alta mensal de 1,6%, alcan\u00e7ando seu melhor n\u00edvel desde fevereiro de 2012: 108,9 pontos.<\/p>\n<p>Pelo segundo m\u00eas seguido, a maioria dos empres\u00e1rios (57,6%) afirmou que as condi\u00e7\u00f5es atuais da economia est\u00e3o melhores em compara\u00e7\u00e3o com o ano passado. Em janeiro de 2019, o percentual medido foi de 44,7%.<\/p>\n<p><strong>Confian\u00e7a para investir<\/strong><\/p>\n<p>As inten\u00e7\u00f5es de investimento na pr\u00f3pria empresa cresceram 2,5% em janeiro de 2020, atingindo 103,3 pontos, o melhor resultado desde junho de 2014. \u00c9 primeira vez, desde janeiro de 2015, que o indicador fica acima dos 100 pontos, na zona de avalia\u00e7\u00e3o positiva.<\/p>\n<p>O percentual de empres\u00e1rios dispostos a investir mais em seus neg\u00f3cios chegou a 53,4% do total de entrevistados em janeiro deste ano, contra 50,4% em dezembro e 46,1% em janeiro de 2019. De acordo com a economista da CNC respons\u00e1vel pela pesquisa, Izis Ferreira, ajudam a explicar esse resultado as condi\u00e7\u00f5es correntes macroecon\u00f4micas favor\u00e1veis e a melhora das expectativas em rela\u00e7\u00e3o \u00e0 economia e ao setor.<\/p>\n<p>Fonte: Informa\u00e7\u00f5es do CNC<\/p>\n","protected":false},"excerpt":{"rendered":"<p>Com crescimento mensal de 2%, Icec chega \u00e0 quinta alta seguida no primeiro m\u00eas de 2020 A confian\u00e7a do empres\u00e1rio do com\u00e9rcio apresentou a quinta alta consecutiva em janeiro de 2020, de acordo com o \u00cdndice de Confian\u00e7a do Empres\u00e1rio do Com\u00e9rcio (Icec), medido pela Confedera\u00e7\u00e3o Nacional do Com\u00e9rcio de Bens, Servi\u00e7os e Turismo (CNC). [&hellip;]<\/p>\n","protected":false},"author":1,"featured_media":2094,"comment_status":"open","ping_status":"open","sticky":false,"template":"","format":"standard","meta":{"jetpack_post_was_ever_published":false,"_jetpack_newsletter_access":"","_jetpack_dont_email_post_to_subs":false,"_jetpack_newsletter_tier_id":0,"_jetpack_memberships_contains_paywalled_content":false,"_jetpack_memberships_contains_paid_content":false,"footnotes":"","jetpack_publicize_message":"","jetpack_publicize_feature_enabled":true,"jetpack_social_post_already_shared":true,"jetpack_social_options":{"image_generator_settings":{"template":"highway","default_image_id":0,"font":"","enabled":false},"version":2}},"categories":[60],"tags":[749,748,169,750],"class_list":["post-2093","post","type-post","status-publish","format-standard","has-post-thumbnail","hentry","category-consultoria","tag-749","tag-comercio","tag-empresario","tag-indice"],"jetpack_publicize_connections":[],"jetpack_featured_media_url":"https:\/\/i0.wp.com\/cfcontabil.com\/cf\/wp-content\/uploads\/2020\/01\/loja-ciclista-bicicleta.jpg?fit=733%2C458","jetpack_sharing_enabled":true,"jetpack_shortlink":"https:\/\/wp.me\/p2wklX-xL","jetpack-related-posts":[{"id":1835,"url":"http:\/\/cfcontabil.com\/cf\/empresarios-mais-confiantes-e-com-intencao-de-contratar\/","url_meta":{"origin":2093,"position":0},"title":"Empres\u00e1rios: mais confiantes e com inten\u00e7\u00e3o de contratar","author":"Ab\u00edlio Gon\u00e7alves","date":"30 de outubro de 2019","format":false,"excerpt":"Indicador da FecomercioSP registrou a segunda alta consecutiva em outubro, puxada pela queda dos juros com tend\u00eancia de redu\u00e7\u00e3o devido \u00e0 Reforma da Previd\u00eancia A\u00a0confian\u00e7a\u00a0do empres\u00e1rio registrou a segunda alta consecutiva em outubro (2,7%) ao passar de 115,3 pontos, em setembro, para os atuais 118,4. Na compara\u00e7\u00e3o com o mesmo\u2026","rel":"","context":"Em &quot;Consultoria Empresarial&quot;","block_context":{"text":"Consultoria Empresarial","link":"http:\/\/cfcontabil.com\/cf\/category\/consultoria\/"},"img":{"alt_text":"","src":"https:\/\/i0.wp.com\/cfcontabil.com\/cf\/wp-content\/uploads\/2019\/10\/empresarios.jpg?fit=640%2C433&resize=350%2C200","width":350,"height":200,"srcset":"https:\/\/i0.wp.com\/cfcontabil.com\/cf\/wp-content\/uploads\/2019\/10\/empresarios.jpg?fit=640%2C433&resize=350%2C200 1x, https:\/\/i0.wp.com\/cfcontabil.com\/cf\/wp-content\/uploads\/2019\/10\/empresarios.jpg?fit=640%2C433&resize=525%2C300 1.5x"},"classes":[]},{"id":2615,"url":"http:\/\/cfcontabil.com\/cf\/comercio-e-servicos-do-df-reagem-a-crise-e-voltam-a-contratar\/","url_meta":{"origin":2093,"position":1},"title":"Com\u00e9rcio e servi\u00e7os do DF reagem \u00e0 crise e voltam a contratar","author":"Ab\u00edlio Gon\u00e7alves","date":"9 de agosto de 2021","format":false,"excerpt":"O n\u00famero de empregados aumentou 12,3% em junho de 2021, se comparado ao mesmo per\u00edodo do ano passado Governo e empres\u00e1rios est\u00e3o animados porque, finalmente, o com\u00e9rcio e os servi\u00e7os est\u00e3o se recuperando, segundo empregadores, depois de um longo tempo em recess\u00e3o. O aquecimento desses setores gerou 24 mil novos\u2026","rel":"","context":"Em &quot;Geral&quot;","block_context":{"text":"Geral","link":"http:\/\/cfcontabil.com\/cf\/category\/geral\/"},"img":{"alt_text":"","src":"https:\/\/i0.wp.com\/cfcontabil.com\/cf\/wp-content\/uploads\/2017\/05\/carteira-de-trabalho-1.jpg?fit=590%2C302&resize=350%2C200","width":350,"height":200,"srcset":"https:\/\/i0.wp.com\/cfcontabil.com\/cf\/wp-content\/uploads\/2017\/05\/carteira-de-trabalho-1.jpg?fit=590%2C302&resize=350%2C200 1x, https:\/\/i0.wp.com\/cfcontabil.com\/cf\/wp-content\/uploads\/2017\/05\/carteira-de-trabalho-1.jpg?fit=590%2C302&resize=525%2C300 1.5x"},"classes":[]},{"id":1871,"url":"http:\/\/cfcontabil.com\/cf\/impostos-dificultam-pequenos-e-medios-negocios-dizem-empresarios\/","url_meta":{"origin":2093,"position":2},"title":"Impostos dificultam pequenos e m\u00e9dios neg\u00f3cios, dizem empres\u00e1rios","author":"Ab\u00edlio Gon\u00e7alves","date":"11 de novembro de 2019","format":false,"excerpt":"Levantamento foi realizado pelo Inper com 1.287 empreendedores A carga tribut\u00e1ria \u00e9 o principal entrave para a evolu\u00e7\u00e3o de pequenos e m\u00e9dios neg\u00f3cios no Brasil. A avalia\u00e7\u00e3o de empreendedores dos setores de com\u00e9rcio, ind\u00fastria e servi\u00e7os consta de levantamento realizado pelo Centro de Estudos em Neg\u00f3cios do Insper, com apoio\u2026","rel":"","context":"Em &quot;Departamento Fiscal&quot;","block_context":{"text":"Departamento Fiscal","link":"http:\/\/cfcontabil.com\/cf\/category\/df\/"},"img":{"alt_text":"","src":"https:\/\/i0.wp.com\/cfcontabil.com\/cf\/wp-content\/uploads\/2019\/10\/imposto.jpg?fit=715%2C300&resize=350%2C200","width":350,"height":200,"srcset":"https:\/\/i0.wp.com\/cfcontabil.com\/cf\/wp-content\/uploads\/2019\/10\/imposto.jpg?fit=715%2C300&resize=350%2C200 1x, https:\/\/i0.wp.com\/cfcontabil.com\/cf\/wp-content\/uploads\/2019\/10\/imposto.jpg?fit=715%2C300&resize=525%2C300 1.5x, https:\/\/i0.wp.com\/cfcontabil.com\/cf\/wp-content\/uploads\/2019\/10\/imposto.jpg?fit=715%2C300&resize=700%2C400 2x"},"classes":[]},{"id":2010,"url":"http:\/\/cfcontabil.com\/cf\/cresceu-19-a-economia-do-df-no-terceiro-trimestre-de-2019\/","url_meta":{"origin":2093,"position":3},"title":"Cresceu 1,9% a economia do DF no terceiro trimestre de 2019","author":"Ab\u00edlio Gon\u00e7alves","date":"12 de dezembro de 2019","format":false,"excerpt":"Todos os setores locais evolu\u00edram, com destaque para a Constru\u00e7\u00e3o Civil que reverteu uma s\u00e9rie de resultados negativos desde 2013 e ascendeu 0,8% Segundo o \u00cdndice de Desempenho Econ\u00f4mico do Distrito Federal (Idecon-DF), a economia do Distrito Federal cresceu 1,8% no terceiro trimestre de 2019 na compara\u00e7\u00e3o com o mesmo\u2026","rel":"","context":"Em &quot;Consultoria Empresarial&quot;","block_context":{"text":"Consultoria Empresarial","link":"http:\/\/cfcontabil.com\/cf\/category\/consultoria\/"},"img":{"alt_text":"","src":"https:\/\/i0.wp.com\/cfcontabil.com\/cf\/wp-content\/uploads\/2019\/10\/empresarios.jpg?fit=640%2C433&resize=350%2C200","width":350,"height":200,"srcset":"https:\/\/i0.wp.com\/cfcontabil.com\/cf\/wp-content\/uploads\/2019\/10\/empresarios.jpg?fit=640%2C433&resize=350%2C200 1x, https:\/\/i0.wp.com\/cfcontabil.com\/cf\/wp-content\/uploads\/2019\/10\/empresarios.jpg?fit=640%2C433&resize=525%2C300 1.5x"},"classes":[]},{"id":1939,"url":"http:\/\/cfcontabil.com\/cf\/dolar-acima-de-r-420-pressiona-custos-e-preocupa-empresarios\/","url_meta":{"origin":2093,"position":4},"title":"D\u00f3lar acima de R$ 4,20 pressiona custos e preocupa empres\u00e1rios","author":"Ab\u00edlio Gon\u00e7alves","date":"21 de novembro de 2019","format":false,"excerpt":"Cota\u00e7\u00e3o recorde da moeda americana j\u00e1 encarece os combust\u00edveis, afeta compra de produtos no varejo e reacende temor da alta da infla\u00e7\u00e3o A Petrobras anunciou nesta ter\u00e7a-feira (19\/11) o reajuste de 2,8% no pre\u00e7o da gasolina nas refinarias, um dia depois de o\u00a0d\u00f3lar\u00a0alcan\u00e7ar sua\u00a0maior cota\u00e7\u00e3o nominal\u00a0da hist\u00f3ria e bater R$\u2026","rel":"","context":"Em &quot;Geral&quot;","block_context":{"text":"Geral","link":"http:\/\/cfcontabil.com\/cf\/category\/geral\/"},"img":{"alt_text":"","src":"https:\/\/i0.wp.com\/cfcontabil.com\/cf\/wp-content\/uploads\/2019\/11\/dolar-notas.jpg?fit=704%2C435&resize=350%2C200","width":350,"height":200,"srcset":"https:\/\/i0.wp.com\/cfcontabil.com\/cf\/wp-content\/uploads\/2019\/11\/dolar-notas.jpg?fit=704%2C435&resize=350%2C200 1x, https:\/\/i0.wp.com\/cfcontabil.com\/cf\/wp-content\/uploads\/2019\/11\/dolar-notas.jpg?fit=704%2C435&resize=525%2C300 1.5x, https:\/\/i0.wp.com\/cfcontabil.com\/cf\/wp-content\/uploads\/2019\/11\/dolar-notas.jpg?fit=704%2C435&resize=700%2C400 2x"},"classes":[]},{"id":1987,"url":"http:\/\/cfcontabil.com\/cf\/governo-prepara-mudancas-no-esocial-para-janeiro-diz-marinho\/","url_meta":{"origin":2093,"position":5},"title":"Governo prepara mudan\u00e7as no eSocial para janeiro, diz Marinho","author":"Ab\u00edlio Gon\u00e7alves","date":"7 de dezembro de 2019","format":false,"excerpt":"Na FIESC, secret\u00e1rio de Previd\u00eancia e Trabalho informou que ser\u00e1 feita uma ampla simplifica\u00e7\u00e3o do sistema, com foco na desburocratiza\u00e7\u00e3o. Ele participou de encontro, nesta quinta-feira (5), promovido pelo Conselho das Federa\u00e7\u00f5es Empresariais de SC, em Florian\u00f3polis Em sua palestra, Marinho disse que o novo eSocial vai tornar o ambiente\u2026","rel":"","context":"Em &quot;Departamento Pessoal&quot;","block_context":{"text":"Departamento Pessoal","link":"http:\/\/cfcontabil.com\/cf\/category\/dp\/"},"img":{"alt_text":"","src":"https:\/\/i0.wp.com\/cfcontabil.com\/cf\/wp-content\/uploads\/2018\/09\/esocial-1-810x456-1.jpg?fit=810%2C456&resize=350%2C200","width":350,"height":200,"srcset":"https:\/\/i0.wp.com\/cfcontabil.com\/cf\/wp-content\/uploads\/2018\/09\/esocial-1-810x456-1.jpg?fit=810%2C456&resize=350%2C200 1x, https:\/\/i0.wp.com\/cfcontabil.com\/cf\/wp-content\/uploads\/2018\/09\/esocial-1-810x456-1.jpg?fit=810%2C456&resize=525%2C300 1.5x, https:\/\/i0.wp.com\/cfcontabil.com\/cf\/wp-content\/uploads\/2018\/09\/esocial-1-810x456-1.jpg?fit=810%2C456&resize=700%2C400 2x"},"classes":[]}],"jetpack_likes_enabled":true,"_links":{"self":[{"href":"http:\/\/cfcontabil.com\/cf\/wp-json\/wp\/v2\/posts\/2093","targetHints":{"allow":["GET"]}}],"collection":[{"href":"http:\/\/cfcontabil.com\/cf\/wp-json\/wp\/v2\/posts"}],"about":[{"href":"http:\/\/cfcontabil.com\/cf\/wp-json\/wp\/v2\/types\/post"}],"author":[{"embeddable":true,"href":"http:\/\/cfcontabil.com\/cf\/wp-json\/wp\/v2\/users\/1"}],"replies":[{"embeddable":true,"href":"http:\/\/cfcontabil.com\/cf\/wp-json\/wp\/v2\/comments?post=2093"}],"version-history":[{"count":2,"href":"http:\/\/cfcontabil.com\/cf\/wp-json\/wp\/v2\/posts\/2093\/revisions"}],"predecessor-version":[{"id":2096,"href":"http:\/\/cfcontabil.com\/cf\/wp-json\/wp\/v2\/posts\/2093\/revisions\/2096"}],"wp:featuredmedia":[{"embeddable":true,"href":"http:\/\/cfcontabil.com\/cf\/wp-json\/wp\/v2\/media\/2094"}],"wp:attachment":[{"href":"http:\/\/cfcontabil.com\/cf\/wp-json\/wp\/v2\/media?parent=2093"}],"wp:term":[{"taxonomy":"category","embeddable":true,"href":"http:\/\/cfcontabil.com\/cf\/wp-json\/wp\/v2\/categories?post=2093"},{"taxonomy":"post_tag","embeddable":true,"href":"http:\/\/cfcontabil.com\/cf\/wp-json\/wp\/v2\/tags?post=2093"}],"curies":[{"name":"wp","href":"https:\/\/api.w.org\/{rel}","templated":true}]}}