{"id":2108,"date":"2020-02-18T07:46:19","date_gmt":"2020-02-18T10:46:19","guid":{"rendered":"http:\/\/cfcontabil.com\/cf\/?p=2108"},"modified":"2020-02-18T07:46:19","modified_gmt":"2020-02-18T10:46:19","slug":"dirf-sem-erros-prepare-se-para-a-entrega","status":"publish","type":"post","link":"http:\/\/cfcontabil.com\/cf\/dirf-sem-erros-prepare-se-para-a-entrega\/","title":{"rendered":"DIRF sem erros: prepare-se para a entrega"},"content":{"rendered":"<h2 class=\"linhadeOlho\">O prazo para entregar a DIRF referente ao ano-calend\u00e1rio 2019 \u00e9 dia 28 de fevereiro de 2020, a DIRF tem como objetivo informar os rendimentos pagos e\/ou reten\u00e7\u00f5es na fonte sob algumas circunst\u00e2ncias previstas na legisla\u00e7\u00e3o.<\/h2>\n<p><img data-recalc-dims=\"1\" decoding=\"async\" src=\"https:\/\/i0.wp.com\/www.contabeis.com.br\/assets\/img\/news\/n_42122_4135a1d86208f7f6f0cde24c048b7a84.jpg?w=1170&#038;ssl=1\" alt=\"DIRF sem erros: prepare-se para a entrega\" \/><\/p>\n<p>O prazo para entregar a DIRF referente ao ano-calend\u00e1rio 2019 \u00e9 dia 28 de fevereiro de 2020. A Declara\u00e7\u00e3o do Imposto sobre a Renda Retido na Fonte \u2013 DIRF tem como objetivo informar os rendimentos pagos e\/ou reten\u00e7\u00f5es na fonte sob algumas circunst\u00e2ncias previstas na legisla\u00e7\u00e3o.<\/p>\n<p>Est\u00e3o obrigadas a entregar a DIRF as pessoas f\u00edsicas e pessoas jur\u00eddicas que pagaram ou creditaram rendimentos sobre os quais tenha incidido reten\u00e7\u00e3o, como por exemplo: o Imposto de Renda Retido na Fonte (IRRF); sobre a Contribui\u00e7\u00e3o Social sobre o Lucro L\u00edquido (CSLL) ; sobre a Contribui\u00e7\u00e3o para o Financimento da Seguridade Social (COFINS) ; sobre a Contribui\u00e7\u00e3o para PIS\/Pasep (PIS) ; entre outros.<\/p>\n<p>Tamb\u00e9m devem entregar a DIRF at\u00e9 28 de fevereiro de 2020 os contribuintes que realizaram o pagamento, cr\u00e9dito, entrega, emprego ou remessa a residentes ou domiciliados no exterior.<\/p>\n<p>Essa obriga\u00e7\u00e3o acess\u00f3ria federal abrange grande parte das pessoas jur\u00eddicas de direito privado, bem como algumas pessoas jur\u00eddicas de direito p\u00fablico definidas em lei. Para 2020, as regras foram estabelecidas pela Instru\u00e7\u00e3o Normativa RFB n\u00ba 1.915\/2019.<\/p>\n<p>A DIRF segrega os dados por identifica\u00e7\u00e3o do benefici\u00e1rio e por esp\u00e9cie de reten\u00e7\u00e3o, informando o total do rendimento tribut\u00e1vel e o imposto retido por m\u00eas em cada ficha com essas caracter\u00edsticas.<\/p>\n<p>E para que os contribuintes entreguem a DIRF sem erros, \u00e9 necess\u00e1rio que preparem as informa\u00e7\u00f5es por meio de uma escritura\u00e7\u00e3o fidedigna aos fatos, com total controle das reten\u00e7\u00f5es e movimenta\u00e7\u00f5es do ano de 2019.<\/p>\n<p>Com os lan\u00e7amentos dos impostos retidos feitos de maneira completa, a empresa ficar\u00e1 tranquila quanto \u00e0 recep\u00e7\u00e3o por parte do Fisco dos dados comunicados em tempo h\u00e1bil, ainda mais se utilizar um sistema fiscal\/tribut\u00e1rio, um software robusto e que permita aos usu\u00e1rios a gera\u00e7\u00e3o, confer\u00eancia e entrega da DIRF.<\/p>\n<p>A gest\u00e3o das reten\u00e7\u00f5es e pagamentos pr\u00f3prios da DIRF, quando realizada por um software capacitado, devidamente parametrizado e que ofere\u00e7a todo suporte necess\u00e1rio para os usu\u00e1rios trabalharem, gera mais confian\u00e7a e seguran\u00e7a em rela\u00e7\u00e3o aos dados prestados ao Fisco, fazendo com que as empresas entreguem a DIRF sem erros, de forma \u00e1gil e segura.<\/p>\n<p>Fonte: Portal Dedu\u00e7\u00e3o<\/p>\n","protected":false},"excerpt":{"rendered":"<p>O prazo para entregar a DIRF referente ao ano-calend\u00e1rio 2019 \u00e9 dia 28 de fevereiro de 2020, a DIRF tem como objetivo informar os rendimentos pagos e\/ou reten\u00e7\u00f5es na fonte sob algumas circunst\u00e2ncias previstas na legisla\u00e7\u00e3o. O prazo para entregar a DIRF referente ao ano-calend\u00e1rio 2019 \u00e9 dia 28 de fevereiro de 2020. A Declara\u00e7\u00e3o [&hellip;]<\/p>\n","protected":false},"author":1,"featured_media":1970,"comment_status":"open","ping_status":"open","sticky":false,"template":"","format":"standard","meta":{"jetpack_post_was_ever_published":false,"_jetpack_newsletter_access":"","_jetpack_dont_email_post_to_subs":false,"_jetpack_newsletter_tier_id":0,"_jetpack_memberships_contains_paywalled_content":false,"_jetpack_memberships_contains_paid_content":false,"footnotes":"","jetpack_publicize_message":"","jetpack_publicize_feature_enabled":true,"jetpack_social_post_already_shared":true,"jetpack_social_options":{"image_generator_settings":{"template":"highway","default_image_id":0,"font":"","enabled":false},"version":2}},"categories":[46,29],"tags":[339,350,108,141,229,411,111],"class_list":["post-2108","post","type-post","status-publish","format-standard","has-post-thumbnail","hentry","category-df","category-dp","tag-dirf","tag-entrega","tag-imposto","tag-imposto-de-renda","tag-ir","tag-irrf","tag-renda"],"jetpack_publicize_connections":[],"jetpack_featured_media_url":"https:\/\/i0.wp.com\/cfcontabil.com\/cf\/wp-content\/uploads\/2019\/11\/dirf-imposto-renda.jpg?fit=609%2C503","jetpack_sharing_enabled":true,"jetpack_shortlink":"https:\/\/wp.me\/p2wklX-y0","jetpack-related-posts":[{"id":1968,"url":"http:\/\/cfcontabil.com\/cf\/receita-federal-divulga-norma-sobre-a-declaracao-do-imposto-sobre-a-renda-retido-na-fonte-2020\/","url_meta":{"origin":2108,"position":0},"title":"Receita Federal divulga norma sobre a Declara\u00e7\u00e3o do Imposto sobre a Renda Retido na Fonte 2020","author":"Ab\u00edlio Gon\u00e7alves","date":"29 de novembro de 2019","format":false,"excerpt":"Declara\u00e7\u00e3o dever\u00e1 ser apresentada at\u00e9 as 23h59min59s do dia 28 de fevereiro de 2020 Foi publicada hoje, no Di\u00e1rio Oficial da Uni\u00e3o, a\u00a0Instru\u00e7\u00e3o Normativa RFB n\u00ba 1.915, de 2019, que disp\u00f5e sobre a Declara\u00e7\u00e3o do Imposto sobre a Renda Retido na Fonte referente ao ano-calend\u00e1rio de 2019 \u2013 Dirf 2020.\u2026","rel":"","context":"Em &quot;Departamento Fiscal&quot;","block_context":{"text":"Departamento Fiscal","link":"http:\/\/cfcontabil.com\/cf\/category\/df\/"},"img":{"alt_text":"","src":"https:\/\/i0.wp.com\/cfcontabil.com\/cf\/wp-content\/uploads\/2019\/11\/dirf-imposto-renda-banner.png?fit=886%2C346&resize=350%2C200","width":350,"height":200,"srcset":"https:\/\/i0.wp.com\/cfcontabil.com\/cf\/wp-content\/uploads\/2019\/11\/dirf-imposto-renda-banner.png?fit=886%2C346&resize=350%2C200 1x, https:\/\/i0.wp.com\/cfcontabil.com\/cf\/wp-content\/uploads\/2019\/11\/dirf-imposto-renda-banner.png?fit=886%2C346&resize=525%2C300 1.5x, https:\/\/i0.wp.com\/cfcontabil.com\/cf\/wp-content\/uploads\/2019\/11\/dirf-imposto-renda-banner.png?fit=886%2C346&resize=700%2C400 2x"},"classes":[]},{"id":1227,"url":"http:\/\/cfcontabil.com\/cf\/prazo-para-entrega-da-dirf-se-encerra-em-27-de-fevereiro\/","url_meta":{"origin":2108,"position":1},"title":"Prazo para entrega da DIRF se encerra em 27 de fevereiro","author":"Ab\u00edlio Gon\u00e7alves","date":"23 de fevereiro de 2017","format":false,"excerpt":"Aten\u00e7\u00e3o: em alguns casos documento tem que ser entregue mesmo por quem n\u00e3o reteve IR O prazo para apresenta\u00e7\u00e3o da DIRF2017 se encerra as 23h59min59s, hor\u00e1rio de Bras\u00edlia, de 27 de fevereiro de 2017. A Receita Federal alerta que entre as hip\u00f3teses de obrigatoriedade de apresenta\u00e7\u00e3o da Declara\u00e7\u00e3o do Imposto\u2026","rel":"","context":"Em &quot;Departamento Pessoal&quot;","block_context":{"text":"Departamento Pessoal","link":"http:\/\/cfcontabil.com\/cf\/category\/dp\/"},"img":{"alt_text":"","src":"","width":0,"height":0},"classes":[]},{"id":877,"url":"http:\/\/cfcontabil.com\/cf\/atraso-em-liberacao-de-programa-da-dirf-pode-comprometer-a-declaracao-de-imposto-de-renda\/","url_meta":{"origin":2108,"position":2},"title":"Atraso em libera\u00e7\u00e3o de programa da Dirf pode comprometer a declara\u00e7\u00e3o de imposto de renda","author":"Ab\u00edlio Gon\u00e7alves","date":"26 de janeiro de 2017","format":false,"excerpt":"CFC encaminhou\u00a0of\u00edcio para Receita solicitando a imediata disponibiliza\u00e7\u00e3o de programa de transmiss\u00e3o da DIRF O Conselho Federal de Contabilidade (CFC) enviou, nesta ter\u00e7a-feira (24), of\u00edcio ao secret\u00e1rio da Receita Federal, Jorge Rachid, pedindo a prorroga\u00e7\u00e3o do prazo de entrega da Declara\u00e7\u00e3o do Imposto de Renda Retido na Fonte (Dirf), previsto\u2026","rel":"","context":"Em &quot;Departamento Pessoal&quot;","block_context":{"text":"Departamento Pessoal","link":"http:\/\/cfcontabil.com\/cf\/category\/dp\/"},"img":{"alt_text":"","src":"https:\/\/i0.wp.com\/cfcontabil.com\/cf\/wp-content\/uploads\/2017\/01\/DIRF_698x57613-1.jpg?fit=1000%2C826&resize=350%2C200","width":350,"height":200,"srcset":"https:\/\/i0.wp.com\/cfcontabil.com\/cf\/wp-content\/uploads\/2017\/01\/DIRF_698x57613-1.jpg?fit=1000%2C826&resize=350%2C200 1x, https:\/\/i0.wp.com\/cfcontabil.com\/cf\/wp-content\/uploads\/2017\/01\/DIRF_698x57613-1.jpg?fit=1000%2C826&resize=525%2C300 1.5x, https:\/\/i0.wp.com\/cfcontabil.com\/cf\/wp-content\/uploads\/2017\/01\/DIRF_698x57613-1.jpg?fit=1000%2C826&resize=700%2C400 2x"},"classes":[]},{"id":894,"url":"http:\/\/cfcontabil.com\/cf\/receita-federal-disponibiliza-o-programa-gerador-da-dirf-2017\/","url_meta":{"origin":2108,"position":3},"title":"Receita Federal disponibiliza o Programa Gerador da DIRF 2017","author":"Ab\u00edlio Gon\u00e7alves","date":"27 de janeiro de 2017","format":false,"excerpt":"A Declara\u00e7\u00e3o do Imposto de Renda Retido na Fonte \u2013 DIRF \u2013 \u00e9 uma obriga\u00e7\u00e3o tribut\u00e1ria acess\u00f3ria devida por todas as pessoas jur\u00eddicas \u2013 independentemente da forma de tributa\u00e7\u00e3o perante o imposto de renda \u2013 da reten\u00e7\u00e3o do IRF - Imposto de Renda na Fonte. Aten\u00e7\u00e3o ao prazo de entrega\u2026","rel":"","context":"Em &quot;Departamento Pessoal&quot;","block_context":{"text":"Departamento Pessoal","link":"http:\/\/cfcontabil.com\/cf\/category\/dp\/"},"img":{"alt_text":"","src":"https:\/\/i0.wp.com\/cfcontabil.com\/cf\/wp-content\/uploads\/2017\/01\/dirf-2017-tem-novo-prazo-de-entrega-1.png?fit=1200%2C627&resize=350%2C200","width":350,"height":200,"srcset":"https:\/\/i0.wp.com\/cfcontabil.com\/cf\/wp-content\/uploads\/2017\/01\/dirf-2017-tem-novo-prazo-de-entrega-1.png?fit=1200%2C627&resize=350%2C200 1x, https:\/\/i0.wp.com\/cfcontabil.com\/cf\/wp-content\/uploads\/2017\/01\/dirf-2017-tem-novo-prazo-de-entrega-1.png?fit=1200%2C627&resize=525%2C300 1.5x, https:\/\/i0.wp.com\/cfcontabil.com\/cf\/wp-content\/uploads\/2017\/01\/dirf-2017-tem-novo-prazo-de-entrega-1.png?fit=1200%2C627&resize=700%2C400 2x, https:\/\/i0.wp.com\/cfcontabil.com\/cf\/wp-content\/uploads\/2017\/01\/dirf-2017-tem-novo-prazo-de-entrega-1.png?fit=1200%2C627&resize=1050%2C600 3x"},"classes":[]},{"id":2853,"url":"http:\/\/cfcontabil.com\/cf\/dirf-dasn-ecf-ecd-as-principais-declaracoes-anuais-para-empresas\/","url_meta":{"origin":2108,"position":4},"title":"DIRF, DASN, ECF, ECD: as principais declara\u00e7\u00f5es anuais para empresas","author":"Ab\u00edlio Gon\u00e7alves","date":"23 de fevereiro de 2023","format":false,"excerpt":"As empresas s\u00e3o obrigadas a fornecer v\u00e1rias declara\u00e7\u00f5es anuais ao governo para cumprir suas obriga\u00e7\u00f5es fiscais e cont\u00e1beis.","rel":"","context":"Em &quot;Geral&quot;","block_context":{"text":"Geral","link":"http:\/\/cfcontabil.com\/cf\/category\/geral\/"},"img":{"alt_text":"Free business woman with laptop","src":"https:\/\/i0.wp.com\/cfcontabil.com\/cf\/wp-content\/uploads\/2023\/02\/czNmcy1wcml2YXRlL3Jhd3BpeGVsX2ltYWdlcy93ZWJzaXRlX2NvbnRlbnQvbHIvbnMxODExLWltYWdlLWt3dnljbzN4LmpwZw.jpg?fit=1200%2C900&resize=350%2C200","width":350,"height":200,"srcset":"https:\/\/i0.wp.com\/cfcontabil.com\/cf\/wp-content\/uploads\/2023\/02\/czNmcy1wcml2YXRlL3Jhd3BpeGVsX2ltYWdlcy93ZWJzaXRlX2NvbnRlbnQvbHIvbnMxODExLWltYWdlLWt3dnljbzN4LmpwZw.jpg?fit=1200%2C900&resize=350%2C200 1x, https:\/\/i0.wp.com\/cfcontabil.com\/cf\/wp-content\/uploads\/2023\/02\/czNmcy1wcml2YXRlL3Jhd3BpeGVsX2ltYWdlcy93ZWJzaXRlX2NvbnRlbnQvbHIvbnMxODExLWltYWdlLWt3dnljbzN4LmpwZw.jpg?fit=1200%2C900&resize=525%2C300 1.5x, https:\/\/i0.wp.com\/cfcontabil.com\/cf\/wp-content\/uploads\/2023\/02\/czNmcy1wcml2YXRlL3Jhd3BpeGVsX2ltYWdlcy93ZWJzaXRlX2NvbnRlbnQvbHIvbnMxODExLWltYWdlLWt3dnljbzN4LmpwZw.jpg?fit=1200%2C900&resize=700%2C400 2x, https:\/\/i0.wp.com\/cfcontabil.com\/cf\/wp-content\/uploads\/2023\/02\/czNmcy1wcml2YXRlL3Jhd3BpeGVsX2ltYWdlcy93ZWJzaXRlX2NvbnRlbnQvbHIvbnMxODExLWltYWdlLWt3dnljbzN4LmpwZw.jpg?fit=1200%2C900&resize=1050%2C600 3x"},"classes":[]},{"id":900,"url":"http:\/\/cfcontabil.com\/cf\/alterada-a-data-de-entrega-da-dirf-2017\/","url_meta":{"origin":2108,"position":5},"title":"Alterada a data de entrega da DIRF 2017","author":"Ab\u00edlio Gon\u00e7alves","date":"27 de janeiro de 2017","format":false,"excerpt":"INSTRU\u00c7\u00c3O NORMATIVA RFB N\u00ba\u00a01686,\u00a0DE\u00a026 DE JANEIRO DE 2017 (Publicado(a) no DOU de 27\/01\/2017, se\u00e7\u00e3o 1, p\u00e1g. 24)\u00a0\u00a0 Altera a Instru\u00e7\u00e3o Normativa RFB n\u00ba 1.671, de 22 de novembro de 2016, que disp\u00f5e sobre a Declara\u00e7\u00e3o do Imposto sobre a Renda Retido na Fonte relativa ao ano-calend\u00e1rio de 2016 e a\u2026","rel":"","context":"Em &quot;Departamento Pessoal&quot;","block_context":{"text":"Departamento Pessoal","link":"http:\/\/cfcontabil.com\/cf\/category\/dp\/"},"img":{"alt_text":"","src":"https:\/\/i0.wp.com\/cfcontabil.com\/cf\/wp-content\/uploads\/2017\/01\/dirf-2017-tem-novo-prazo-de-entrega-1.png?fit=1200%2C627&resize=350%2C200","width":350,"height":200,"srcset":"https:\/\/i0.wp.com\/cfcontabil.com\/cf\/wp-content\/uploads\/2017\/01\/dirf-2017-tem-novo-prazo-de-entrega-1.png?fit=1200%2C627&resize=350%2C200 1x, https:\/\/i0.wp.com\/cfcontabil.com\/cf\/wp-content\/uploads\/2017\/01\/dirf-2017-tem-novo-prazo-de-entrega-1.png?fit=1200%2C627&resize=525%2C300 1.5x, https:\/\/i0.wp.com\/cfcontabil.com\/cf\/wp-content\/uploads\/2017\/01\/dirf-2017-tem-novo-prazo-de-entrega-1.png?fit=1200%2C627&resize=700%2C400 2x, https:\/\/i0.wp.com\/cfcontabil.com\/cf\/wp-content\/uploads\/2017\/01\/dirf-2017-tem-novo-prazo-de-entrega-1.png?fit=1200%2C627&resize=1050%2C600 3x"},"classes":[]}],"jetpack_likes_enabled":true,"_links":{"self":[{"href":"http:\/\/cfcontabil.com\/cf\/wp-json\/wp\/v2\/posts\/2108","targetHints":{"allow":["GET"]}}],"collection":[{"href":"http:\/\/cfcontabil.com\/cf\/wp-json\/wp\/v2\/posts"}],"about":[{"href":"http:\/\/cfcontabil.com\/cf\/wp-json\/wp\/v2\/types\/post"}],"author":[{"embeddable":true,"href":"http:\/\/cfcontabil.com\/cf\/wp-json\/wp\/v2\/users\/1"}],"replies":[{"embeddable":true,"href":"http:\/\/cfcontabil.com\/cf\/wp-json\/wp\/v2\/comments?post=2108"}],"version-history":[{"count":1,"href":"http:\/\/cfcontabil.com\/cf\/wp-json\/wp\/v2\/posts\/2108\/revisions"}],"predecessor-version":[{"id":2109,"href":"http:\/\/cfcontabil.com\/cf\/wp-json\/wp\/v2\/posts\/2108\/revisions\/2109"}],"wp:featuredmedia":[{"embeddable":true,"href":"http:\/\/cfcontabil.com\/cf\/wp-json\/wp\/v2\/media\/1970"}],"wp:attachment":[{"href":"http:\/\/cfcontabil.com\/cf\/wp-json\/wp\/v2\/media?parent=2108"}],"wp:term":[{"taxonomy":"category","embeddable":true,"href":"http:\/\/cfcontabil.com\/cf\/wp-json\/wp\/v2\/categories?post=2108"},{"taxonomy":"post_tag","embeddable":true,"href":"http:\/\/cfcontabil.com\/cf\/wp-json\/wp\/v2\/tags?post=2108"}],"curies":[{"name":"wp","href":"https:\/\/api.w.org\/{rel}","templated":true}]}}