{"id":2110,"date":"2020-02-18T11:43:37","date_gmt":"2020-02-18T14:43:37","guid":{"rendered":"http:\/\/cfcontabil.com\/cf\/?p=2110"},"modified":"2020-04-26T18:24:36","modified_gmt":"2020-04-26T21:24:36","slug":"imposto-de-renda-2020-esta-preparado","status":"publish","type":"post","link":"http:\/\/cfcontabil.com\/cf\/imposto-de-renda-2020-esta-preparado\/","title":{"rendered":"Imposto de Renda 2020 &#8211; Est\u00e1 preparado?"},"content":{"rendered":"<h2 class=\"linhadeOlho\">A entrega come\u00e7a dia 02 de mar\u00e7o, por isso a contagem regressiva j\u00e1 come\u00e7ou.<\/h2>\n<h2 class=\"linhadeOlho\"><span style=\"font-size: 12pt;\">Muito importante come\u00e7ar com anteced\u00eancia a prepara\u00e7\u00e3o dos seus documentos para a declara\u00e7\u00e3o do Imposto de Renda 2020.<\/span><\/h2>\n<div class=\"jetpack-video-wrapper\"><span class=\"embed-youtube\" style=\"text-align:center; display: block;\"><iframe class=\"youtube-player\" width=\"1170\" height=\"659\" src=\"https:\/\/www.youtube.com\/embed\/UpwbSoIuHaA?version=3&#038;rel=1&#038;showsearch=0&#038;showinfo=1&#038;iv_load_policy=1&#038;fs=1&#038;hl=pt-BR&#038;autohide=2&#038;wmode=transparent\" allowfullscreen=\"true\" style=\"border:0;\" sandbox=\"allow-scripts allow-same-origin allow-popups allow-presentation allow-popups-to-escape-sandbox\"><\/iframe><\/span><\/div>\n<p>Para a declara\u00e7\u00e3o de Imposto de Renda o contribuinte tem que organizar e separar diversos documentos importantes.<\/p>\n<p>Organizamos uma listagem para n\u00e3o esquecer nenhum documentos, confirma!<\/p>\n<p><a href=\"https:\/\/i0.wp.com\/cfcontabil.com\/cf\/wp-content\/uploads\/2020\/04\/IRPF_JUNHO_2020.png\"><img data-recalc-dims=\"1\" fetchpriority=\"high\" decoding=\"async\" data-attachment-id=\"2283\" data-permalink=\"http:\/\/cfcontabil.com\/cf\/imposto-de-renda-2020-esta-preparado\/irpf_junho_2020\/\" data-orig-file=\"https:\/\/i0.wp.com\/cfcontabil.com\/cf\/wp-content\/uploads\/2020\/04\/IRPF_JUNHO_2020.png?fit=800%2C450\" data-orig-size=\"800,450\" data-comments-opened=\"1\" data-image-meta=\"{&quot;aperture&quot;:&quot;0&quot;,&quot;credit&quot;:&quot;&quot;,&quot;camera&quot;:&quot;&quot;,&quot;caption&quot;:&quot;&quot;,&quot;created_timestamp&quot;:&quot;0&quot;,&quot;copyright&quot;:&quot;&quot;,&quot;focal_length&quot;:&quot;0&quot;,&quot;iso&quot;:&quot;0&quot;,&quot;shutter_speed&quot;:&quot;0&quot;,&quot;title&quot;:&quot;&quot;,&quot;orientation&quot;:&quot;0&quot;}\" data-image-title=\"IRPF_JUNHO_2020\" data-image-description=\"\" data-image-caption=\"\" data-large-file=\"https:\/\/i0.wp.com\/cfcontabil.com\/cf\/wp-content\/uploads\/2020\/04\/IRPF_JUNHO_2020.png?fit=800%2C450\" class=\"aligncenter size-full wp-image-2283\" src=\"https:\/\/i0.wp.com\/cfcontabil.com\/cf\/wp-content\/uploads\/2020\/04\/IRPF_JUNHO_2020.png?resize=800%2C450\" alt=\"\" width=\"800\" height=\"450\" srcset=\"https:\/\/i0.wp.com\/cfcontabil.com\/cf\/wp-content\/uploads\/2020\/04\/IRPF_JUNHO_2020.png?w=800 800w, https:\/\/i0.wp.com\/cfcontabil.com\/cf\/wp-content\/uploads\/2020\/04\/IRPF_JUNHO_2020.png?resize=300%2C169 300w, https:\/\/i0.wp.com\/cfcontabil.com\/cf\/wp-content\/uploads\/2020\/04\/IRPF_JUNHO_2020.png?resize=768%2C432 768w, https:\/\/i0.wp.com\/cfcontabil.com\/cf\/wp-content\/uploads\/2020\/04\/IRPF_JUNHO_2020.png?resize=770%2C433 770w, https:\/\/i0.wp.com\/cfcontabil.com\/cf\/wp-content\/uploads\/2020\/04\/IRPF_JUNHO_2020.png?resize=370%2C208 370w, https:\/\/i0.wp.com\/cfcontabil.com\/cf\/wp-content\/uploads\/2020\/04\/IRPF_JUNHO_2020.png?resize=270%2C152 270w\" sizes=\"(max-width: 800px) 100vw, 800px\" \/><\/a><\/p>\n<p>Se antecipar para entregar nos primeiros dias \u00e9 a melhor dica, pois que se o contribuinte houver restitui\u00e7\u00e3o, ser\u00e1 analisado nos primeiros lotes de recebimento, e no caso de diverg\u00eancias ou erros, seja na documenta\u00e7\u00e3o ou informes das empresas, ser\u00e1 tamb\u00e9m r\u00e1pida a resolu\u00e7\u00e3o, evitando dores de cabe\u00e7a depois.<\/p>\n<p>O prazo para entrega da declara\u00e7\u00e3o do IR deste ano se inicia em 02 de mar\u00e7o e se estendia at\u00e9 30 de abril, contudo, devido a pandemia do novo coronavirus, prorrogado o prazo de entrega e pagamento da quota \u00fanica ou primeira quota para <strong>dia 30 de junho de 2020<\/strong>.<\/p>\n<p>IMPORTANTE:\u00a0 O prazo de guarda de todos os documentos que geram o DIRPF \u00e9 de 5 anos, sejam f\u00edsicos ou digitais, que servem para comprova\u00e7\u00e3o de todas as informa\u00e7\u00f5es encaminhadas para a Receita Federal.<\/p>\n<p><span style=\"font-size: 14pt;\"><strong><span class=\"heading-2\">Primeiro passo: Confira suas informa\u00e7\u00f5es pessoais do ano anterior.<\/span><\/strong><\/span><\/p>\n<p><span class=\"body-copy-1\">Essa \u00e9 parte f\u00e1cil: separar uma c\u00f3pia da \u00faltima declara\u00e7\u00e3o entregue (ano anterior) com o recibo. <\/span><\/p>\n<p><span class=\"body-copy-1\">Confira os dados da conta banc\u00e1ria para restitui\u00e7\u00e3o, caso houver, os dados dos dependentes, como nome, CPF, grau de parentesco e data de nascimento. Em caso de mudan\u00e7as, ser\u00e1 necess\u00e1rio o seu endere\u00e7o atualizado e o comprovante de suas atividades profissionais do ano passado.<\/span><\/p>\n<p>A listagem abaixo \u00e9 para que n\u00e3o esque\u00e7a de nenhuma informa\u00e7\u00e3o importante.<\/p>\n<p style=\"text-align: center;\"><span style=\"text-decoration: underline;\"><span style=\"font-size: 18pt;\"><strong>DOCUMENTOS PARA O IMPOSTO DE RENDA<\/strong><\/span><\/span><\/p>\n<h3><strong>Comprovante de Informe de Rendimentos<\/strong><\/h3>\n<p>&#8211; Das empresas onde prestou servi\u00e7os; <strong>pr\u00f3-labore \/ distribui\u00e7\u00e3o de lucros (empres\u00e1rios), trabalho assalariado ou presta\u00e7\u00e3o de aut\u00f4nomos<\/strong>;<br \/>\n&#8211; Dos <strong>alugu\u00e9is recebidos e os pagos<\/strong> de pessoas f\u00edsicas ou jur\u00eddicas;<br \/>\n&#8211; Das <strong>institui\u00e7\u00f5es financeiras<\/strong> (bancos e corretora de valores) com n\u00ba do CNPJ;<br \/>\n&#8211; <strong>Informe de Rendimentos do INSS<\/strong> ou de Aposentadorias e outros rendimentos, inclusive dos dependentes (filhos, c\u00f4njuge. Entre outros \u2013 Dependente somente com o n\u00ba do CPF.<br \/>\n&#8211; Informa\u00e7\u00f5es e documentos de <strong>outras rendas<\/strong>, tais como recebimento de pens\u00e3o aliment\u00edcia, doa\u00e7\u00f5es e heran\u00e7as recebidas, dentre outras;<br \/>\n&#8211; Resumo mensal do\u00a0<strong>Livro Caixa\u00a0com mem\u00f3ria de c\u00e1lculo<\/strong> (para prestadores de servi\u00e7os e aut\u00f4nomos);<br \/>\n&#8211; Pagamento de Darf&#8217;s (c\u00f3digo 0190) referente ao <strong>Carn\u00ea Le\u00e3o<\/strong>;<br \/>\n&#8211; Pagamento de Darf&#8217;s (c\u00f3digo 0246) referente ao <strong>Imposto Complementar;<\/strong><br \/>\n&#8211; Cr\u00e9ditos de NF-e (Paulista) se houver ;<\/p>\n<h3><strong>Comprovantes de compras e quotas<\/strong><\/h3>\n<p>&#8211; Compra e\/ou vendas de <strong>im\u00f3veis e\/ou bens<\/strong> (Contrato de compra e venda ou <strong>Escritura<\/strong> e Matr\u00edcula do Registro de Im\u00f3veis e a Notifica\u00e7\u00e3o de Lan\u00e7amento do <strong>IPTU<\/strong> (capa onde constam \u00e1rea constru\u00edda e de terreno bem como o seu uso);<br \/>\n&#8211; Comprovante de <strong>gastos com reforma ou constru\u00e7\u00e3o<\/strong>;<br \/>\n&#8211; Compra ou venda de <strong>ve\u00edculos e o n\u00ba do RENAVAN<\/strong>;<br \/>\n&#8211; <strong>Participa\u00e7\u00f5es societ\u00e1rias<\/strong> (c\u00f3pia do Contrato social ou altera\u00e7\u00e3o Contratual ou MEI);<\/p>\n<h3><strong>D\u00edvidas e \u00f4nus (empr\u00e9stimos, financiamentos e afins)<\/strong><\/h3>\n<p>&#8211; Informa\u00e7\u00f5es e documentos de <strong>d\u00edvida e \u00f4nus<\/strong> contra\u00eddos e\/ou pagos no per\u00edodo;<br \/>\n&#8211; Documentos relativos a <strong>Ganhos em Atividades Rurais<\/strong>;<br \/>\n&#8211; Pagamentos e <strong>doa\u00e7\u00f5es<\/strong> efetuadas;<br \/>\n&#8211; Comprovantes de pagamentos de <strong>assist\u00eancia m\u00e9dica<\/strong>, m\u00e9dicos, dentistas, hospitais, escolas, pens\u00e3o aliment\u00edcia em decorr\u00eancia de decis\u00e3o judicial por alimentando, doa\u00e7\u00f5es para fins de incentivos fiscais entre outros.<\/p>\n<p>Todos os comprovantes dever\u00e3o conter informa\u00e7\u00f5es do\u00a0<strong>CNPJ ou CPF do prestador de servi\u00e7os<\/strong>\u00a0e estar em via original, comprovantes oficiais de doa\u00e7\u00e3o a candidato pol\u00edtico.<\/p>\n<h3><strong>Renda Vari\u00e1vel (aplica\u00e7\u00f5es financeiras e a\u00e7\u00f5es)<\/strong><\/h3>\n<p>&#8211; Informe de Rendimentos de <strong>Aplica\u00e7\u00f5es<\/strong> <strong>em bolsa de valores<\/strong>; compra e venda de a\u00e7\u00f5es;<\/p>\n<p>&#8211; <strong>Informe de Rendimentos Financeiros<\/strong> para o Imposto de Renda de TODAS as <strong>contas banc\u00e1rias<\/strong> do contribuinte.<\/p>\n<p>Enviar todas as notas de corretagem, extratos de recebimentos de dividendos.<\/p>\n<h3><strong>INFORMA\u00c7\u00d5ES IMPORTANTES:<\/strong><\/h3>\n<p>&#8211; Dados da <strong>conta banc\u00e1ria<\/strong> para restitui\u00e7\u00e3o ou d\u00e9bitos das cotas de imposto apurado, caso haja;<br \/>\n&#8211; Nome, CPF, grau de parentesco dos dependentes e data de nascimento;<br \/>\n&#8211; Endere\u00e7o atualizado;<br \/>\n&#8211; C\u00f3pia da <strong>\u00faltima Declara\u00e7\u00e3o de\u00a0Imposto de Renda\u00a0Pessoa F\u00edsica<\/strong> (completa) entregue;<br \/>\n&#8211; Caso possua Certificado Digital \u2013 (e-CPF) a declara\u00e7\u00e3o poder\u00e1 ser entregue com mais seguran\u00e7a.<\/p>\n<h3><strong>Cuidado com as dedu\u00e7\u00f5es no Imposto de Renda<\/strong><\/h3>\n<p>Para deduzir gastos da base de c\u00e1lculo, \u00e9 preciso que estejam previstos na lei do RIR\/99, com a finalidade de obter uma maior restitui\u00e7\u00e3o, reduzir o pagamento devido de IRPF\u00a0(Imposto de Renda Pessoa F\u00edsica) ou mesmo por falta de conhecimento, alguns contribuintes separam\u00a0 gastos <strong>n\u00e3o dedut\u00edveis<\/strong>, ou seja, ser\u00e3o <em>desconsiderados<\/em> pela Receita Federal e a declara\u00e7\u00e3o poder\u00e1 entrar na Malha Fina.<\/p>\n<p>Vejamos alguns exemplos de <strong>informa\u00e7\u00f5es n\u00e3o obrigat\u00f3rias e\/ou n\u00e3o dedut\u00edveis<\/strong>:<\/p>\n<p>&#8211; <strong>Bens m\u00f3veis<\/strong>, tais como antiguidades, obras de arte, objeto de uso pessoal e utens\u00edlios, bem como os direitos cujo valor de aquisi\u00e7\u00e3o unit\u00e1rio <strong>seja inferior a R$ 5.000,00<\/strong>;<br \/>\n&#8211; <strong>Bens de consumo n\u00e3o-dur\u00e1veis<\/strong> \u2013 exemplo: computadores, televis\u00e3o, m\u00f3veis;<br \/>\n&#8211; <strong>Saldos de aplica\u00e7\u00f5es financeiras e de conta corrente banc\u00e1ria<\/strong> cujo valor individual em 31\/12\/2018 seja <strong>inferior a R$ 140,00<\/strong>;<br \/>\n&#8211; Os <strong>\u00f4nus reais e obriga\u00e7\u00f5es da PF<\/strong> e de seus dependentes em 31\/12\/2018, com valor inferior a R$ 5.000,00;<br \/>\n&#8211; <strong>Gastos com aulas<\/strong>: idiomas estrangeiros, m\u00fasica, dan\u00e7a, nata\u00e7\u00e3o, gin\u00e1stica, t\u00eanis, pilotagem, dic\u00e7\u00e3o, corte e costura, inform\u00e1tica e assemelhados, bem como gastos com cursos preparat\u00f3rios para concursos e vestibular;<br \/>\n&#8211; Gastos com uniforme, material e transporte escolar, gastos com disserta\u00e7\u00e3o de mestrado ou tese de doutorado, bem como gastos com passagens e estadias feitos pelo contribuinte, com ele pr\u00f3prio ou com seus dependentes, a fim de estudar no exterior, <strong>n\u00e3o podem ser deduzidos como despesas de Instru\u00e7\u00e3o<\/strong>.<br \/>\n&#8211; Pagamentos feitos a entidades que tenham por objeto a cria\u00e7\u00e3o e a educa\u00e7\u00e3o de menores desvalidos e abandonados;<br \/>\n&#8211; As <strong>contribui\u00e7\u00f5es<\/strong> pagas \u00e0s Associa\u00e7\u00f5es de Pais e Mestres e as associa\u00e7\u00f5es voltadas para a educa\u00e7\u00e3o;<br \/>\n&#8211; Valor despendido para pagamento do cr\u00e9dito educativo;<br \/>\n&#8211; Gastos com alimenta\u00e7\u00e3o e transporte p\u00fablico ou privado;<br \/>\n&#8211; Plano de Sa\u00fade, quando \u00e9 pago pela empresa e despesas com seguro-sa\u00fade, medicamentos (exceto se estiver em conta hospitalar);<br \/>\n&#8211; Servi\u00e7os de coleta e armazenamento de c\u00e9lula-tronco;<br \/>\n&#8211; Contrata\u00e7\u00e3o de <strong>enfermeiros particulares<\/strong>;<br \/>\n&#8211; Despesas com passagem e hotel para fins de tratamento m\u00e9dico;<br \/>\n&#8211; Implante de silicone, botox e afins, quando considerado um <strong>tratamento est\u00e9tico<\/strong>;<br \/>\n&#8211; Gastos com <strong>veterin\u00e1rios entre outros&#8230;<\/strong><\/p>\n<h2>Principais dedu\u00e7\u00f5es permitidas:<\/h2>\n<h2>1. Dependentes<\/h2>\n<p>C\u00f4njuge, filhos, netos, companheira(o), av\u00f3s, pais e at\u00e9 sogros podem ser classificados como dependentes desde que voc\u00ea respeite condi\u00e7\u00f5es como idade e comprova\u00e7\u00e3o judicial de depend\u00eancia.<\/p>\n<p>Vale lembrar que a partir de agora, \u00e9 obrigat\u00f3rio informar o CPF de todos os dependentes, mesmo daqueles que tenham menos de 8 anos de idade. At\u00e9 ent\u00e3o, essa obrigatoriedade existia apenas para aqueles com idade acima dos 8 anos.<\/p>\n<p>Voc\u00ea pode descontar R$ 2.275,08 por dependente, mas caso o valor m\u00e1ximo ultrapasse R$ 28.559,70 ao ano, os dependentes precisam fazer a declara\u00e7\u00e3o em separado, mesmo se forem menores de idade.<\/p>\n<p>A dica aqui \u00e9 simular na declara\u00e7\u00e3o com ou sem dependente, comparando o saldo do imposto a pagar ou restituir. Ah, e os bens ou investimentos que est\u00e3o no nome dos dependentes como contas poupan\u00e7a ou planos de previd\u00eancia precisam ser informados, viu? Negligenci\u00e1-los pode fazer com que a declara\u00e7\u00e3o v\u00e1 para a malha fina.<\/p>\n<h3>Quem pode ser considerado dependente?<\/h3>\n<ul>\n<li>Filho(a) ou enteado(a) com at\u00e9 21 anos de idade<\/li>\n<li>Filho(a) ou enteado(a) com at\u00e9 24 anos de idade que est\u00e1 cursando universidade ou escola t\u00e9cnica de segundo grau<\/li>\n<li>Filho(a) ou enteado(a) de qualquer idade quando incapacitado f\u00edsica ou mentalmente<\/li>\n<li>Irm\u00e3(o), neto(a) ou bisneto(a) com at\u00e9 21 anos de idade de quem o contribuinte detenha guarda judicial (qualquer idade se for incapacitado f\u00edsica ou mentalmente)<\/li>\n<li>Irm\u00e3(o), neto(a) ou bisneto(a) com at\u00e9 24 anos de idade se ainda estiver cursando universidade ou escola t\u00e9cnica de segundo grau<\/li>\n<li>Menor pobre de at\u00e9 21 anos no qual o contribuinte det\u00e9m guarda judicial<\/li>\n<li>Pessoa absolutamente incapaz (da qual o contribuinte seja curador ou tutor)<\/li>\n<li>Companheiro(a) com quem o contribuinte tenha um filho(a)<\/li>\n<li>Companheiro(a) com quem o contribuinte vive h\u00e1 mais de 5 anos<\/li>\n<li>C\u00f4njuge<\/li>\n<li>Pais, av\u00f3s e bisav\u00f3s que tenham recebido rendimentos (tribut\u00e1veis ou n\u00e3o) at\u00e9 R$ 22.847,76 ao ano<\/li>\n<li>Sogros e sogras, desde que o casal fa\u00e7a a declara\u00e7\u00e3o em conjunto<\/li>\n<\/ul>\n<p><b>Importante:\u00a0<\/b>filhos de casais separados n\u00e3o podem constar em ambas declara\u00e7\u00f5es dos pais. \u00c9 preciso haver um entendimento, pois somente quem possui a guarda judicial que pode adicionar como dependente.<\/p>\n<h2>2. Educa\u00e7\u00e3o<\/h2>\n<p>As despesas que s\u00e3o relativas \u00e0 educa\u00e7\u00e3o do contribuinte, dependentes ou dos que recebem pens\u00e3o aliment\u00edcia podem ser descontadas em at\u00e9 R$ 3.561,50 por pessoa no ano. O valor integral pago deve ser informado para n\u00e3o haver discrep\u00e2ncia quando cruzado com os valores da institui\u00e7\u00f5es de Ensino \u00e0 Receita.<\/p>\n<p>E quais gastos podem ser deduzidos quando o assunto \u00e9 Educa\u00e7\u00e3o?<\/p>\n<p>Aqueles gastos com ensino fundamental, ensino m\u00e9dio ou ensino superior. Al\u00e9m disso, cursos de especializa\u00e7\u00e3o, t\u00e9cnico ou profissionalizante s\u00e3o aceitos, bem como cursos de p\u00f3s-gradua\u00e7\u00e3o, mestrado e doutorado..<\/p>\n<p>Os beb\u00eas e crian\u00e7as tamb\u00e9m n\u00e3o ficam de fora, portanto despesas com eles em creches, pr\u00e9-escolas e institui\u00e7\u00f5es de ensino infantil fazem parte da lista aceita pela Receita Federal.<\/p>\n<p><strong>Importante:\u00a0<\/strong>despesas com alimenta\u00e7\u00e3o, transporte, material escolar ou uniformes, assim como cursinhos pr\u00e9-vestibulares, cursos de idiomas, esportes e artes n\u00e3o fazem parte das despesas aceita pela RF.<\/p>\n<h2>3. Despesas M\u00e9dicas<\/h2>\n<p>Pagamentos efetuados para o seu pr\u00f3prio tratamento ou o de dependentes relacionadas a m\u00e9dicos de qualquer especialidade, plano de sa\u00fade, dentistas, fonoaudi\u00f3logos, fisioterapeutas, terapeutas ocupacionais, psic\u00f3logos, hospitais e exames laboratoriais podem ser descontados.<\/p>\n<p>Assim como servi\u00e7os radiol\u00f3gicos, aparelhos ortop\u00e9dicos e pr\u00f3teses dent\u00e1rias e ortop\u00e9dicas. Lembrando que as pr\u00f3teses dent\u00e1rias e aparelhos ortod\u00f4nticos requerem comprova\u00e7\u00e3o e nota fiscal para provar o benef\u00edcio em termos de sa\u00fade.<\/p>\n<p>Outro que pode entrar na lista \u00e9 o marca-passo, desde que esteja incluso na conta emitida pelo profissional ou na conta hospitalar. O mesmo vale para a cadeira de rodas.<\/p>\n<p><b>Importante:<\/b>\u00a0despesas com massagistas e enfermeiros s\u00f3 podem ser inclu\u00eddas se ocorrem em hospitais e constarem em nota fiscal. Consultas m\u00e9dicas sem recibo e rem\u00e9dios comprados em farm\u00e1cia, mesmo com uso cont\u00ednuo, n\u00e3o podem ser deduzidos.<\/p>\n<p>Todas as despesas de sa\u00fade do contribuinte, dependentes e alimentados podem ser descontadas integralmente do Imposto de Renda.<\/p>\n<h3>E as cirurgias pl\u00e1sticas?<\/h3>\n<p>As cirurgias pl\u00e1sticas (reparadoras ou n\u00e3o) podem ser deduzidas desde que a finalidade seja para prevenir, manter ou recuperar a sa\u00fade f\u00edsica e mental do paciente. \u00c9 por isso que despesas com pr\u00f3tese de silicone n\u00e3o s\u00e3o dedut\u00edveis na maioria das vezes, a n\u00e3o ser que elas passem a integrar a conta emitida do hospital como uma despesa m\u00e9dica dedut\u00edvel.<\/p>\n<h3>E se o tratamento m\u00e9dico foi feito no exterior?<\/h3>\n<p>Voc\u00ea pode deduzi-lo do imposto desde que tenha todas as notas e recibos para comprovar os gastos. Obviamente, as despesas referentes \u00e0 viagem como passagem, hospedagem e alimenta\u00e7\u00e3o n\u00e3o podem ser descontadas. Para evitar fraudes, a Receita Federal faz um cerco pesado aos lan\u00e7amentos contidos na declara\u00e7\u00e3o, portanto guarde recibos e notas fiscais e sempre pe\u00e7a para inclu\u00edrem seu nome completo e CPF por quem emitir.<\/p>\n<h2>4. Pens\u00e3o aliment\u00edcia<\/h2>\n<p>Quem recebe pens\u00e3o aliment\u00edcia judicial ou por decis\u00e3o de acordo por escritura p\u00fablica \u00e9 chamado de alimentando (podendo ser uma crian\u00e7a ou adulto). Portanto, vale para uma ex-mulher, um ex-marido, um pai, um filho ou um parente. Se o juiz decidir a necessidade de pens\u00e3o aliment\u00edcia, ele se tornar\u00e1 um alimentando.<\/p>\n<p>O respons\u00e1vel por pagar a pens\u00e3o aliment\u00edcia pode lan\u00e7ar os alimentandos para deduzir integralmente o valor desembolsado.<\/p>\n<h3>Como funciona no caso de pais separados?<\/h3>\n<p>Nesta situa\u00e7\u00e3o, os pais precisam oficializar a situa\u00e7\u00e3o em ju\u00edzo e esclarecer quem ficar\u00e1 com a guarda e o valor da pens\u00e3o aliment\u00edcia a ser paga pelo outro c\u00f4njuge ou ex-c\u00f4njuge. \u00c9 muito importante verificar se o valor da pens\u00e3o aliment\u00edcia foi atrelado ao sal\u00e1rio m\u00ednimo (corrigido anualmente), pois se for um valor fixo sem especificar corre\u00e7\u00e3o poder\u00e1 haver questionamento pela Receita Federal.<\/p>\n<p><b>Importante:\u00a0<\/b>o abatimento indevido de pens\u00e3o pode gerar multa de 75% sobre o imposto que n\u00e3o foi pago corretamente.<\/p>\n<h2>5. Previd\u00eancia Privada<\/h2>\n<p>Contribui\u00e7\u00f5es para fundos previdenci\u00e1rios privados do tipo PGBL podem deduzir at\u00e9 12% da renda tribut\u00e1vel, ao passo que os planos VGBL n\u00e3o permitem dedu\u00e7\u00e3o.<\/p>\n<p>A aten\u00e7\u00e3o redobrada aqui \u00e9 para os contribuintes que pagam um plano de previd\u00eancia para o filho. Respeitando o limite dos 12% da renda, o abatimento do imposto s\u00f3 \u00e9 poss\u00edvel se o plano do filho for PGBL e ele conste como dependente na declara\u00e7\u00e3o e o contribuinte pague o INSS em nome do filho no caso dele ser maior de 16 anos.<\/p>\n<h2>6. Livro-caixa<\/h2>\n<p>Os profissionais aut\u00f4nomos podem descontar algumas despesas do livro-caixa, como sal\u00e1rio e encargos trabalhistas de empregados registrados. Al\u00e9m disso, se servi\u00e7os prestados por terceiros forem essenciais \u00e0s suas atividades, eles tamb\u00e9m podem ser colocados nesta conta, tais como: pagamento de \u00e1gua, luz, telefone, aluguel e gastos com material de escrit\u00f3rio ou benfeitorias no im\u00f3vel.<\/p>\n<p>Por outro lado, se o contribuinte trabalhar em casa ter\u00e1 que diferenciar claramente o que \u00e9 despesas residencial e o que \u00e9 gasto profissional. Neste caso, a Receita Federal permite deduzir no m\u00e1ximo um quinto das despesas.<\/p>\n<p>O mesmo vale para livros, jornais, revistas e roupas especiais que sejam comprovadas como necess\u00e1rias para o exerc\u00edcio da profiss\u00e3o. Encontros cient\u00edficos e participa\u00e7\u00e3o em congressos e semin\u00e1rios podem ser deduzidas incluindo gastos com hospedagem e transporte \u2014 desde que tamb\u00e9m sejam comprovadas.<\/p>\n<h3>Transporte, combust\u00edvel e manuten\u00e7\u00e3o de ve\u00edculo podem ser deduzidas?<\/h3>\n<p>Sim, desde que o contribuinte seja representante comercial e utilize o ve\u00edculo para realizar a sua atividade.<\/p>\n<p><b>Importante:\u00a0<\/b>as despesas do livro-caixa precisam estar coerentes com a receita gerada pelo trabalhador aut\u00f4nomo e nunca podem super\u00e1-las mensalmente. Caso superem em um m\u00eas, \u00e9 necess\u00e1rio lan\u00e7ar o excesso no m\u00eas seguinte com a exce\u00e7\u00e3o do m\u00eas de dezembro, uma vez que voc\u00ea \u00e9 permitido jogar despesas para o ano subsequente.<\/p>\n<h2>Dedu\u00e7\u00f5es permitidas e pouco conhecidas:<\/h2>\n<ul>\n<li><b>Cadeira de rodas:\u00a0<\/b>elas tamb\u00e9m podem ser deduzidas e o valor precisa ser informado como despesa m\u00e9dica. Caso n\u00e3o esteja na conta do hospital, guarde a nota fiscal da compra e obtenha um laudo m\u00e9dico para comprovar.<\/li>\n<li><b>Marca-passo:\u00a0<\/b>desde que conste na conta do hospital, ele pode ser adicionado para dedu\u00e7\u00e3o do Imposto de Renda.<\/li>\n<li><b>Pr\u00f3teses dent\u00e1rias:\u00a0<\/b>dentaduras, coroas e pontes podem ser deduzidas se o dentista emitir nota. Isso tamb\u00e9m vale na aquisi\u00e7\u00e3o do aparelho.<\/li>\n<li><b>Perna e bra\u00e7o mec\u00e2nico:\u00a0<\/b>pernas e bra\u00e7os mec\u00e2nicos, bem como palmilhas e cal\u00e7ados ortop\u00e9dicos podem ser deduzidos se informados como despesas m\u00e9dicas. Assim como a cadeira de rodas, se n\u00e3o houver conta de hospital, \u00e9 necess\u00e1rio guardar a nota fiscal e obter um laudo m\u00e9dico.<\/li>\n<li><b>Massagistas e enfermeiros:\u00a0<\/b>voc\u00ea pode deduzir as contas com eles desde que o contribuinte ou dependente tenha ficado internado e estes valores estejam na fatura emitida pelo estabelecimento hospitalar.<\/li>\n<\/ul>\n<p>\u00c9 preciso muito cuidado com os documentos utilizados para evitar problemas com o FISCO.<\/p>\n<p><span style=\"font-size: 24pt;\"><strong>Aten\u00e7\u00e3o aos Prazos:<\/strong><\/span><\/p>\n<p>As pessoas f\u00edsicas que s\u00e3o obrigadas devem apresentar a declara\u00e7\u00e3o no per\u00edodo de\u00a02 de mar\u00e7o a <strong>30\u00a0de junho de 2020<\/strong>.<\/p>\n<h3><strong>Informa\u00e7\u00f5es Adicionais<\/strong><\/h3>\n<p align=\"justify\">A Declara\u00e7\u00e3o de Ajuste Anual relativa <strong>a esp\u00f3lio<\/strong>, independentemente de ser inicial ou intermedi\u00e1ria, ou a <strong>Declara\u00e7\u00e3o Final de Esp\u00f3lio<\/strong>, que se enquadre nas hip\u00f3teses previstas na Instru\u00e7\u00e3o Normativa RFB n\u00ba 1.924, de\u00a019\u00a0de fevereiro de 2020,\u00a0deve ser apresentada em m\u00eddia remov\u00edvel em uma unidade da RFB, durante o seu hor\u00e1rio de expediente, sem a necessidade de utiliza\u00e7\u00e3o de certificado digital.<\/p>\n<h2>Pagamento &#8211; Vencimento das Quotas<\/h2>\n<h3>Datas de vencimento das quotas<\/h3>\n<table class=\"listing\">\n<tbody>\n<tr>\n<td>\n<p align=\"center\"><b>Quota<\/b><\/p>\n<\/td>\n<td>\n<p align=\"center\"><b>Vencimento<\/b><\/p>\n<\/td>\n<td>\n<p align=\"center\"><b>Taxa de juros aplic\u00e1vel para pagamento no prazo<\/b><\/p>\n<\/td>\n<\/tr>\n<tr>\n<td>\n<p align=\"center\">1\u00aa ou quota \u00fanica<\/p>\n<\/td>\n<td>\n<p align=\"center\">30\/06\/2020<\/p>\n<\/td>\n<td>&#8211;<\/td>\n<\/tr>\n<tr>\n<td>\n<p align=\"center\">2\u00aa<\/p>\n<\/td>\n<td>\n<p align=\"center\">31\/07\/2020<\/p>\n<\/td>\n<td>1%<\/td>\n<\/tr>\n<tr>\n<td>\n<p align=\"center\">3\u00aa<\/p>\n<\/td>\n<td>\n<p align=\"center\">31\/08\/2020<\/p>\n<\/td>\n<td>Taxa Selic de julho + 1%<\/td>\n<\/tr>\n<tr>\n<td>\n<p align=\"center\">4\u00aa<\/p>\n<\/td>\n<td>\n<p align=\"center\">30\/09\/2020<\/p>\n<\/td>\n<td>Taxa Selic acumulada (julho e agosto\/2020) + 1%<\/td>\n<\/tr>\n<tr>\n<td>\n<p align=\"center\">5\u00aa<\/p>\n<\/td>\n<td>\n<p align=\"center\">30\/10\/2020<\/p>\n<\/td>\n<td>Taxa Selic acumulada (julho, agosto e setembro\/2020) + 1%<\/td>\n<\/tr>\n<tr>\n<td>\n<p align=\"center\">6\u00aa<\/p>\n<\/td>\n<td>\n<p align=\"center\">30\/11\/2020<\/p>\n<\/td>\n<td>Taxa Selic acumulada (julho, agosto, setembro e outubro\/2020) + 1%<\/td>\n<\/tr>\n<tr>\n<td>\n<p align=\"center\">7\u00aa<\/p>\n<\/td>\n<td>\n<p align=\"center\">30\/12\/2020<\/p>\n<\/td>\n<td>Taxa Selic acumulada (julho, agosto, setembro, outubro e novembro\/2020) + 1%<\/td>\n<\/tr>\n<tr>\n<td>\n<p align=\"center\">8\u00aa<\/p>\n<\/td>\n<td>\n<p align=\"center\">29\/01\/2021<\/p>\n<\/td>\n<td>Taxa Selic acumulada (julho, agosto, setembro, outubro, novembro e dezembro\/2020) + 1%<\/td>\n<\/tr>\n<\/tbody>\n<\/table>\n<div><\/div>\n<div class=\"documentDescription description\"><strong><span style=\"font-size: 24pt;\">Cronograma dos Lotes de Restitui\u00e7\u00e3o<\/span><\/strong><\/div>\n<div id=\"viewlet-above-content-body\"><\/div>\n<div id=\"content-core\">\n<div id=\"parent-fieldname-text\">\n<table class=\"listing\">\n<tbody>\n<tr>\n<th>Lote<\/th>\n<th>Data<\/th>\n<th>\n<div class=\"visualClear\">Remunera\u00e7\u00e3o<\/div>\n<div class=\"visualClear\">Selic<\/div>\n<\/th>\n<th>\n<div class=\"visualClear\">Declara\u00e7\u00f5es<\/div>\n<div class=\"visualClear\">transmitidas at\u00e9*<\/div>\n<\/th>\n<\/tr>\n<tr>\n<td>1\u00ba<\/td>\n<td>29\/05\/2020<\/td>\n<td>0,00%<\/td>\n<td><\/td>\n<\/tr>\n<tr>\n<td>2\u00ba<\/td>\n<td>30\/06\/2020<\/td>\n<td>0,00%<\/td>\n<td><\/td>\n<\/tr>\n<tr>\n<td>3\u00ba<\/td>\n<td>31\/07\/2020<\/td>\n<td>1,00%<\/td>\n<td><\/td>\n<\/tr>\n<tr>\n<td>4\u00ba<\/td>\n<td>28\/08\/2020<\/td>\n<td><\/td>\n<td><\/td>\n<\/tr>\n<tr>\n<td>5\u00ba<\/td>\n<td>30\/09\/2020<\/td>\n<td><\/td>\n<td><\/td>\n<\/tr>\n<\/tbody>\n<\/table>\n<ul>\n<li>Data v\u00e1lida para as declara\u00e7\u00f5es processadas e sem pend\u00eancia(s).<\/li>\n<li class=\"last-item\">A data de transmiss\u00e3o considerada \u00e9 a da \u00faltima declara\u00e7\u00e3o transmitida.<\/li>\n<\/ul>\n<p><a href=\"https:\/\/i0.wp.com\/cfcontabil.com\/cf\/wp-content\/uploads\/2020\/02\/contador_irpf.jpg\"><img data-recalc-dims=\"1\" decoding=\"async\" data-attachment-id=\"2286\" data-permalink=\"http:\/\/cfcontabil.com\/cf\/imposto-de-renda-2020-esta-preparado\/contador_irpf\/\" data-orig-file=\"https:\/\/i0.wp.com\/cfcontabil.com\/cf\/wp-content\/uploads\/2020\/02\/contador_irpf.jpg?fit=600%2C310\" data-orig-size=\"600,310\" data-comments-opened=\"1\" data-image-meta=\"{&quot;aperture&quot;:&quot;0&quot;,&quot;credit&quot;:&quot;&quot;,&quot;camera&quot;:&quot;&quot;,&quot;caption&quot;:&quot;&quot;,&quot;created_timestamp&quot;:&quot;0&quot;,&quot;copyright&quot;:&quot;&quot;,&quot;focal_length&quot;:&quot;0&quot;,&quot;iso&quot;:&quot;0&quot;,&quot;shutter_speed&quot;:&quot;0&quot;,&quot;title&quot;:&quot;&quot;,&quot;orientation&quot;:&quot;0&quot;}\" data-image-title=\"contador_irpf\" data-image-description=\"\" data-image-caption=\"\" data-large-file=\"https:\/\/i0.wp.com\/cfcontabil.com\/cf\/wp-content\/uploads\/2020\/02\/contador_irpf.jpg?fit=600%2C310\" class=\"aligncenter size-full wp-image-2286\" src=\"https:\/\/i0.wp.com\/cfcontabil.com\/cf\/wp-content\/uploads\/2020\/02\/contador_irpf.jpg?resize=600%2C310\" alt=\"\" width=\"600\" height=\"310\" srcset=\"https:\/\/i0.wp.com\/cfcontabil.com\/cf\/wp-content\/uploads\/2020\/02\/contador_irpf.jpg?w=600 600w, https:\/\/i0.wp.com\/cfcontabil.com\/cf\/wp-content\/uploads\/2020\/02\/contador_irpf.jpg?resize=300%2C155 300w, https:\/\/i0.wp.com\/cfcontabil.com\/cf\/wp-content\/uploads\/2020\/02\/contador_irpf.jpg?resize=370%2C191 370w\" sizes=\"(max-width: 600px) 100vw, 600px\" \/><\/a><\/p>\n<\/div>\n<\/div>\n<h1>Por que contratar um contador para declarar o Imposto de Renda?<\/h1>\n<h2 class=\"linhadeOlho\"><span style=\"font-size: 12pt;\">Contar com a experi\u00eancia de um contador pode ser a melhor alternativa para evitar problemas.<\/span><\/h2>\n<p>Mesmo as declara\u00e7\u00f5es mais simples, que possuem poucas informa\u00e7\u00f5es, podem ter detalhes que n\u00e3o s\u00e3o conhecidos pelo contribuinte. Para declara\u00e7\u00f5es mais complexas, com diversas fontes de renda e dependentes, por exemplo, \u00e9 indispens\u00e1vel a contrata\u00e7\u00e3o de um profissional.<\/p>\n<p style=\"text-align: center;\"><strong>Na d\u00favida, entre em contato conosco, <a href=\"https:\/\/linktr.ee\/cfcontabil\">CLIQUE AQUI !<\/a><\/strong><\/p>\n","protected":false},"excerpt":{"rendered":"<p>A entrega come\u00e7a dia 02 de mar\u00e7o, por isso a contagem regressiva j\u00e1 come\u00e7ou. Muito importante come\u00e7ar com anteced\u00eancia a prepara\u00e7\u00e3o dos seus documentos para a declara\u00e7\u00e3o do Imposto de Renda 2020. Para a declara\u00e7\u00e3o de Imposto de Renda o contribuinte tem que organizar e separar diversos documentos importantes. Organizamos uma listagem para n\u00e3o esquecer [&hellip;]<\/p>\n","protected":false},"author":1,"featured_media":1494,"comment_status":"open","ping_status":"open","sticky":false,"template":"","format":"standard","meta":{"jetpack_post_was_ever_published":false,"_jetpack_newsletter_access":"","_jetpack_dont_email_post_to_subs":false,"_jetpack_newsletter_tier_id":0,"_jetpack_memberships_contains_paywalled_content":false,"_jetpack_memberships_contains_paid_content":false,"footnotes":"","jetpack_publicize_message":"","jetpack_publicize_feature_enabled":true,"jetpack_social_post_already_shared":true,"jetpack_social_options":{"image_generator_settings":{"template":"highway","default_image_id":0,"font":"","enabled":false},"version":2}},"categories":[46,677],"tags":[106,564,108,141,115,111],"class_list":["post-2110","post","type-post","status-publish","format-standard","has-post-thumbnail","hentry","category-df","category-imposto-de-renda","tag-declaracao","tag-documentos","tag-imposto","tag-imposto-de-renda","tag-irpf","tag-renda"],"jetpack_publicize_connections":[],"jetpack_featured_media_url":"https:\/\/i0.wp.com\/cfcontabil.com\/cf\/wp-content\/uploads\/2017\/02\/irpfrfb-1.jpg?fit=640%2C340","jetpack_sharing_enabled":true,"jetpack_shortlink":"https:\/\/wp.me\/p2wklX-y2","jetpack-related-posts":[{"id":2856,"url":"http:\/\/cfcontabil.com\/cf\/prepare-a-sua-documentacao-para-o-imposto-de-renda-pessoa-fisica\/","url_meta":{"origin":2110,"position":0},"title":"Prepare a sua documenta\u00e7\u00e3o para o Imposto de Renda Pessoa F\u00edsica!","author":"Ab\u00edlio Gon\u00e7alves","date":"23 de fevereiro de 2023","format":false,"excerpt":"Come\u00e7a no dia\u00a015 de mar\u00e7o\u00a0o prazo para envio das declara\u00e7\u00f5es do Imposto de Renda 2023. A data foi anunciada pela Receita Federal. Chegou a hora de preparar sua documenta\u00e7\u00e3o com anteced\u00eancia.","rel":"","context":"Em &quot;Geral&quot;","block_context":{"text":"Geral","link":"http:\/\/cfcontabil.com\/cf\/category\/geral\/"},"img":{"alt_text":"","src":"https:\/\/i0.wp.com\/cfcontabil.com\/cf\/wp-content\/uploads\/2023\/02\/Imposto-de-Renda-Contabilidade-Post-Feed-para-Instagram.png?fit=1200%2C675&resize=350%2C200","width":350,"height":200,"srcset":"https:\/\/i0.wp.com\/cfcontabil.com\/cf\/wp-content\/uploads\/2023\/02\/Imposto-de-Renda-Contabilidade-Post-Feed-para-Instagram.png?fit=1200%2C675&resize=350%2C200 1x, https:\/\/i0.wp.com\/cfcontabil.com\/cf\/wp-content\/uploads\/2023\/02\/Imposto-de-Renda-Contabilidade-Post-Feed-para-Instagram.png?fit=1200%2C675&resize=525%2C300 1.5x, https:\/\/i0.wp.com\/cfcontabil.com\/cf\/wp-content\/uploads\/2023\/02\/Imposto-de-Renda-Contabilidade-Post-Feed-para-Instagram.png?fit=1200%2C675&resize=700%2C400 2x, https:\/\/i0.wp.com\/cfcontabil.com\/cf\/wp-content\/uploads\/2023\/02\/Imposto-de-Renda-Contabilidade-Post-Feed-para-Instagram.png?fit=1200%2C675&resize=1050%2C600 3x"},"classes":[]},{"id":2748,"url":"http:\/\/cfcontabil.com\/cf\/imposto-de-renda-2022-prepare-seus-documentos-esta-semana\/","url_meta":{"origin":2110,"position":1},"title":"Imposto de Renda 2022: prepare seus documentos esta semana!","author":"Ab\u00edlio Gon\u00e7alves","date":"23 de fevereiro de 2022","format":false,"excerpt":"Separe seus documentos para fazer a declara\u00e7\u00e3o a partir de 2 de mar\u00e7o.","rel":"","context":"Em &quot;Imposto de Renda&quot;","block_context":{"text":"Imposto de Renda","link":"http:\/\/cfcontabil.com\/cf\/category\/imposto-de-renda\/"},"img":{"alt_text":"","src":"https:\/\/i0.wp.com\/cfcontabil.com\/cf\/wp-content\/uploads\/2022\/02\/Banner-na-imposto-de-renda-Miniatura-do-YouTube.png?fit=1200%2C675&resize=350%2C200","width":350,"height":200,"srcset":"https:\/\/i0.wp.com\/cfcontabil.com\/cf\/wp-content\/uploads\/2022\/02\/Banner-na-imposto-de-renda-Miniatura-do-YouTube.png?fit=1200%2C675&resize=350%2C200 1x, https:\/\/i0.wp.com\/cfcontabil.com\/cf\/wp-content\/uploads\/2022\/02\/Banner-na-imposto-de-renda-Miniatura-do-YouTube.png?fit=1200%2C675&resize=525%2C300 1.5x, https:\/\/i0.wp.com\/cfcontabil.com\/cf\/wp-content\/uploads\/2022\/02\/Banner-na-imposto-de-renda-Miniatura-do-YouTube.png?fit=1200%2C675&resize=700%2C400 2x, https:\/\/i0.wp.com\/cfcontabil.com\/cf\/wp-content\/uploads\/2022\/02\/Banner-na-imposto-de-renda-Miniatura-do-YouTube.png?fit=1200%2C675&resize=1050%2C600 3x"},"classes":[]},{"id":2121,"url":"http:\/\/cfcontabil.com\/cf\/irpf-2020-prazo-e-ate-dia-28-para-receber-o-informe-de-rendimentos\/","url_meta":{"origin":2110,"position":2},"title":"IRPF 2020: Prazo \u00e9 at\u00e9 dia 28 para receber o informe de rendimentos","author":"Ab\u00edlio Gon\u00e7alves","date":"26 de fevereiro de 2020","format":false,"excerpt":"Estamos a poucos dias para iniciar a entrega a Declara\u00e7\u00e3o do Imposto de Renda Pessoa F\u00edsica de 2020, portanto \u00e9 importante ter uma aten\u00e7\u00e3o especial a documenta\u00e7\u00e3o necess\u00e1ria. Um dos documentos mais importantes \u00e9 o informe de rendimentos, pois nele cont\u00e9m todas as informa\u00e7\u00f5es prestadas pelas empresas, bancos e corretoras\u2026","rel":"","context":"Em &quot;Departamento Fiscal&quot;","block_context":{"text":"Departamento Fiscal","link":"http:\/\/cfcontabil.com\/cf\/category\/df\/"},"img":{"alt_text":"","src":"https:\/\/i0.wp.com\/cfcontabil.com\/cf\/wp-content\/uploads\/2020\/02\/Informe-de-Rendimentos-IRPF-2.jpg?fit=1080%2C1080&resize=350%2C200","width":350,"height":200,"srcset":"https:\/\/i0.wp.com\/cfcontabil.com\/cf\/wp-content\/uploads\/2020\/02\/Informe-de-Rendimentos-IRPF-2.jpg?fit=1080%2C1080&resize=350%2C200 1x, https:\/\/i0.wp.com\/cfcontabil.com\/cf\/wp-content\/uploads\/2020\/02\/Informe-de-Rendimentos-IRPF-2.jpg?fit=1080%2C1080&resize=525%2C300 1.5x, https:\/\/i0.wp.com\/cfcontabil.com\/cf\/wp-content\/uploads\/2020\/02\/Informe-de-Rendimentos-IRPF-2.jpg?fit=1080%2C1080&resize=700%2C400 2x, https:\/\/i0.wp.com\/cfcontabil.com\/cf\/wp-content\/uploads\/2020\/02\/Informe-de-Rendimentos-IRPF-2.jpg?fit=1080%2C1080&resize=1050%2C600 3x"},"classes":[]},{"id":2137,"url":"http:\/\/cfcontabil.com\/cf\/mais-de-16-mi-de-contribuintes-ja-entregaram-declaracao-do-ir\/","url_meta":{"origin":2110,"position":3},"title":"Mais de 1,6 mi de contribuintes j\u00e1 entregaram declara\u00e7\u00e3o do IR","author":"Ab\u00edlio Gon\u00e7alves","date":"6 de mar\u00e7o de 2020","format":false,"excerpt":"Receita Federal espera receber 32 milh\u00f5es de declara\u00e7\u00f5es em 2020 No quarto dia de entrega da declara\u00e7\u00e3o do Imposto de Renda Pessoa F\u00edsica (IRPF) 2020, pouco mais de 1,6 milh\u00e3o de contribuintes acertaram as contas com o Le\u00e3o. Esse \u00e9 o n\u00famero de documentos enviados desde a \u00faltima\u00a0segunda-feira (2) at\u00e9\u2026","rel":"","context":"Em &quot;Departamento Fiscal&quot;","block_context":{"text":"Departamento Fiscal","link":"http:\/\/cfcontabil.com\/cf\/category\/df\/"},"img":{"alt_text":"","src":"https:\/\/i0.wp.com\/cfcontabil.com\/cf\/wp-content\/uploads\/2020\/03\/IRPF-CELULAR-NOT.jpg?fit=1170%2C700&resize=350%2C200","width":350,"height":200,"srcset":"https:\/\/i0.wp.com\/cfcontabil.com\/cf\/wp-content\/uploads\/2020\/03\/IRPF-CELULAR-NOT.jpg?fit=1170%2C700&resize=350%2C200 1x, https:\/\/i0.wp.com\/cfcontabil.com\/cf\/wp-content\/uploads\/2020\/03\/IRPF-CELULAR-NOT.jpg?fit=1170%2C700&resize=525%2C300 1.5x, https:\/\/i0.wp.com\/cfcontabil.com\/cf\/wp-content\/uploads\/2020\/03\/IRPF-CELULAR-NOT.jpg?fit=1170%2C700&resize=700%2C400 2x, https:\/\/i0.wp.com\/cfcontabil.com\/cf\/wp-content\/uploads\/2020\/03\/IRPF-CELULAR-NOT.jpg?fit=1170%2C700&resize=1050%2C600 3x"},"classes":[]},{"id":466,"url":"http:\/\/cfcontabil.com\/cf\/imposto-de-renda-2014-1o-de-marco-a-30-de-abril\/","url_meta":{"origin":2110,"position":4},"title":"Imposto de Renda 2014 ~ Regras e Esclarecimentos","author":"Vin\u00edcius Moizinho","date":"20 de fevereiro de 2014","format":false,"excerpt":"Boa tarde, prezados. Como deve ser de seu conhecimento, estamos em \u00e9poca de elabora\u00e7\u00e3o das Declara\u00e7\u00f5es de Imposto de Renda - Pessoa F\u00edsica 2014, per\u00edodo compreendido entre 06\u00a0de Mar\u00e7o e 30 de Abril, de acordo com os rendimentos referentes ao ano-calend\u00e1rio 2013. Est\u00e1 com d\u00favidas? Quer saber mais a respeito?\u2026","rel":"","context":"Em &quot;Departamento Fiscal&quot;","block_context":{"text":"Departamento Fiscal","link":"http:\/\/cfcontabil.com\/cf\/category\/df\/"},"img":{"alt_text":"","src":"https:\/\/i0.wp.com\/cfcontabil.com\/cf\/wp-content\/uploads\/2013\/10\/IMPOSTO-597x245-2.jpg?fit=597%2C245&resize=350%2C200","width":350,"height":200,"srcset":"https:\/\/i0.wp.com\/cfcontabil.com\/cf\/wp-content\/uploads\/2013\/10\/IMPOSTO-597x245-2.jpg?fit=597%2C245&resize=350%2C200 1x, https:\/\/i0.wp.com\/cfcontabil.com\/cf\/wp-content\/uploads\/2013\/10\/IMPOSTO-597x245-2.jpg?fit=597%2C245&resize=525%2C300 1.5x"},"classes":[]},{"id":2129,"url":"http:\/\/cfcontabil.com\/cf\/irpf-2020-todos-os-dependentes-devem-possuir-cpf-no-imposto-de-renda\/","url_meta":{"origin":2110,"position":5},"title":"IRPF 2020: todos os dependentes devem possuir CPF no Imposto de Renda","author":"Ab\u00edlio Gon\u00e7alves","date":"28 de fevereiro de 2020","format":false,"excerpt":"A\u00a0Receita Federal\u00a0j\u00e1 liberou o\u00a0download do programa\u00a0do Imposto de Renda da Pessoa F\u00edsica de 2020 (IRPF 2020), referente ao ano-base 2019. A\u00a0entrega da declara\u00e7\u00e3o\u00a0come\u00e7ar\u00e1 no dia\u00a02 de mar\u00e7o, a partir das 8h, e se estender\u00e1 at\u00e9 30 de abril. Quem pretender declarar um dependente, portanto, precisa garantir que essa pessoa, seja\u2026","rel":"","context":"Em &quot;Departamento Fiscal&quot;","block_context":{"text":"Departamento Fiscal","link":"http:\/\/cfcontabil.com\/cf\/category\/df\/"},"img":{"alt_text":"","src":"https:\/\/i0.wp.com\/cfcontabil.com\/cf\/wp-content\/uploads\/2020\/01\/cpf.jpg?fit=768%2C490&resize=350%2C200","width":350,"height":200,"srcset":"https:\/\/i0.wp.com\/cfcontabil.com\/cf\/wp-content\/uploads\/2020\/01\/cpf.jpg?fit=768%2C490&resize=350%2C200 1x, https:\/\/i0.wp.com\/cfcontabil.com\/cf\/wp-content\/uploads\/2020\/01\/cpf.jpg?fit=768%2C490&resize=525%2C300 1.5x, https:\/\/i0.wp.com\/cfcontabil.com\/cf\/wp-content\/uploads\/2020\/01\/cpf.jpg?fit=768%2C490&resize=700%2C400 2x"},"classes":[]}],"jetpack_likes_enabled":true,"_links":{"self":[{"href":"http:\/\/cfcontabil.com\/cf\/wp-json\/wp\/v2\/posts\/2110","targetHints":{"allow":["GET"]}}],"collection":[{"href":"http:\/\/cfcontabil.com\/cf\/wp-json\/wp\/v2\/posts"}],"about":[{"href":"http:\/\/cfcontabil.com\/cf\/wp-json\/wp\/v2\/types\/post"}],"author":[{"embeddable":true,"href":"http:\/\/cfcontabil.com\/cf\/wp-json\/wp\/v2\/users\/1"}],"replies":[{"embeddable":true,"href":"http:\/\/cfcontabil.com\/cf\/wp-json\/wp\/v2\/comments?post=2110"}],"version-history":[{"count":13,"href":"http:\/\/cfcontabil.com\/cf\/wp-json\/wp\/v2\/posts\/2110\/revisions"}],"predecessor-version":[{"id":2288,"href":"http:\/\/cfcontabil.com\/cf\/wp-json\/wp\/v2\/posts\/2110\/revisions\/2288"}],"wp:featuredmedia":[{"embeddable":true,"href":"http:\/\/cfcontabil.com\/cf\/wp-json\/wp\/v2\/media\/1494"}],"wp:attachment":[{"href":"http:\/\/cfcontabil.com\/cf\/wp-json\/wp\/v2\/media?parent=2110"}],"wp:term":[{"taxonomy":"category","embeddable":true,"href":"http:\/\/cfcontabil.com\/cf\/wp-json\/wp\/v2\/categories?post=2110"},{"taxonomy":"post_tag","embeddable":true,"href":"http:\/\/cfcontabil.com\/cf\/wp-json\/wp\/v2\/tags?post=2110"}],"curies":[{"name":"wp","href":"https:\/\/api.w.org\/{rel}","templated":true}]}}