{"id":2112,"date":"2020-02-20T12:08:57","date_gmt":"2020-02-20T15:08:57","guid":{"rendered":"http:\/\/cfcontabil.com\/cf\/?p=2112"},"modified":"2020-03-06T17:06:05","modified_gmt":"2020-03-06T20:06:05","slug":"contribuintes-podem-baixar-programa-do-imposto-de-renda-2020-nesta-quinta-feira-20","status":"publish","type":"post","link":"http:\/\/cfcontabil.com\/cf\/contribuintes-podem-baixar-programa-do-imposto-de-renda-2020-nesta-quinta-feira-20\/","title":{"rendered":"Contribuintes podem baixar programa do Imposto de Renda 2020 nesta quinta-feira (20)"},"content":{"rendered":"<p>Receita Federal espera receber 32 milh\u00f5es de declara\u00e7\u00f5es de pessoas f\u00edsicas<\/p>\n<div class=\"jetpack-video-wrapper\"><span class=\"embed-youtube\" style=\"text-align:center; display: block;\"><iframe class=\"youtube-player\" width=\"1170\" height=\"659\" src=\"https:\/\/www.youtube.com\/embed\/UpwbSoIuHaA?version=3&#038;rel=1&#038;showsearch=0&#038;showinfo=1&#038;iv_load_policy=1&#038;fs=1&#038;hl=pt-BR&#038;autohide=2&#038;wmode=transparent\" allowfullscreen=\"true\" style=\"border:0;\" sandbox=\"allow-scripts allow-same-origin allow-popups allow-presentation allow-popups-to-escape-sandbox\"><\/iframe><\/span><\/div>\n<p><a href=\"https:\/\/i0.wp.com\/cfcontabil.com\/cf\/wp-content\/uploads\/2020\/03\/CF_QRCODE4.png\"><img data-recalc-dims=\"1\" decoding=\"async\" data-attachment-id=\"2143\" data-permalink=\"http:\/\/cfcontabil.com\/cf\/contribuintes-podem-baixar-programa-do-imposto-de-renda-2020-nesta-quinta-feira-20\/cf_qrcode4\/\" data-orig-file=\"https:\/\/i0.wp.com\/cfcontabil.com\/cf\/wp-content\/uploads\/2020\/03\/CF_QRCODE4.png?fit=3000%2C3889\" data-orig-size=\"3000,3889\" data-comments-opened=\"1\" data-image-meta=\"{&quot;aperture&quot;:&quot;0&quot;,&quot;credit&quot;:&quot;&quot;,&quot;camera&quot;:&quot;&quot;,&quot;caption&quot;:&quot;&quot;,&quot;created_timestamp&quot;:&quot;0&quot;,&quot;copyright&quot;:&quot;&quot;,&quot;focal_length&quot;:&quot;0&quot;,&quot;iso&quot;:&quot;0&quot;,&quot;shutter_speed&quot;:&quot;0&quot;,&quot;title&quot;:&quot;&quot;,&quot;orientation&quot;:&quot;0&quot;}\" data-image-title=\"CF_QRCODE4\" data-image-description=\"\" data-image-caption=\"\" data-large-file=\"https:\/\/i0.wp.com\/cfcontabil.com\/cf\/wp-content\/uploads\/2020\/03\/CF_QRCODE4.png?fit=790%2C1024\" class=\"aligncenter  wp-image-2143\" src=\"https:\/\/i0.wp.com\/cfcontabil.com\/cf\/wp-content\/uploads\/2020\/03\/CF_QRCODE4.png?resize=152%2C197\" alt=\"\" width=\"152\" height=\"197\" srcset=\"https:\/\/i0.wp.com\/cfcontabil.com\/cf\/wp-content\/uploads\/2020\/03\/CF_QRCODE4.png?w=3000 3000w, https:\/\/i0.wp.com\/cfcontabil.com\/cf\/wp-content\/uploads\/2020\/03\/CF_QRCODE4.png?resize=231%2C300 231w, https:\/\/i0.wp.com\/cfcontabil.com\/cf\/wp-content\/uploads\/2020\/03\/CF_QRCODE4.png?resize=790%2C1024 790w, https:\/\/i0.wp.com\/cfcontabil.com\/cf\/wp-content\/uploads\/2020\/03\/CF_QRCODE4.png?resize=768%2C996 768w, https:\/\/i0.wp.com\/cfcontabil.com\/cf\/wp-content\/uploads\/2020\/03\/CF_QRCODE4.png?resize=1185%2C1536 1185w, https:\/\/i0.wp.com\/cfcontabil.com\/cf\/wp-content\/uploads\/2020\/03\/CF_QRCODE4.png?resize=1580%2C2048 1580w, https:\/\/i0.wp.com\/cfcontabil.com\/cf\/wp-content\/uploads\/2020\/03\/CF_QRCODE4.png?resize=770%2C998 770w, https:\/\/i0.wp.com\/cfcontabil.com\/cf\/wp-content\/uploads\/2020\/03\/CF_QRCODE4.png?resize=370%2C480 370w, https:\/\/i0.wp.com\/cfcontabil.com\/cf\/wp-content\/uploads\/2020\/03\/CF_QRCODE4.png?w=2340 2340w\" sizes=\"(max-width: 152px) 100vw, 152px\" \/><\/a><\/p>\n<div id=\"viewlet-above-content-body\">\n<div id=\"media\"><img data-recalc-dims=\"1\" fetchpriority=\"high\" decoding=\"async\" title=\"Coletiva IRPF 2020\" src=\"https:\/\/i0.wp.com\/www.gov.br\/pt-br\/noticias\/financas-impostos-e-gestao-publica\/2020\/02\/contribuintes-podem-baixar-programa-do-imposto-de-renda-2020-nesta-quinta-feira-20\/img_9666-1.jpg\/%40%40images\/ce0b3f0f-64a0-4eab-9634-67db5c92ec65.jpeg?resize=768%2C468&#038;ssl=1\" alt=\"Coletiva IRPF 2020\" width=\"768\" height=\"468\" \/><\/p>\n<p class=\"discreet\">Contribuinte que atrasar a entrega do IRPF 2020 pagar\u00e1 multa de 1% sobre o imposto devido ao m\u00eas. O valor m\u00ednimo \u00e9 de R$ 165,74.<\/p>\n<p class=\"discreet\">&#8211; Foto: Secom\/PR<\/p>\n<\/div>\n<\/div>\n<div id=\"content-core\">\n<div id=\"parent-fieldname-text\" class=\"\">\n<div>\n<p>Apartir das 8h desta quinta-feira (20), contribuintes poder\u00e3o baixar o programa do Imposto de Renda para Pessoa F\u00edsica (IRPF 2020) para realizar o preenchimento da declara\u00e7\u00e3o anual. O envio das informa\u00e7\u00f5es poder\u00e1 ser feito a partir do dia 2 de mar\u00e7o. Ao todo, cerca de 32 milh\u00f5es de cidad\u00e3os devem fazer a declara\u00e7\u00e3o.<\/p>\n<p>As informa\u00e7\u00f5es foram divulgadas por representantes da Receita Federal do Brasil (RFB), na tarde desta quarta-feira (19). Durante entrevista coletiva, tamb\u00e9m foram anunciadas as novas regras para o preenchimento e o prazo de entrega das declara\u00e7\u00f5es.<\/p>\n<p class=\"callout\">A principal novidade deste ano \u00e9 a declara\u00e7\u00e3o pr\u00e9-preenchida para os contribuintes que t\u00eam certificado digital. Ela ser\u00e1 feita de forma autom\u00e1tica pelo programa com base nos dados que a Receita tem sobre o contribuinte.<\/p>\n<p>&#8220;A partir de agora, a declara\u00e7\u00e3o j\u00e1 vem pr\u00e9-preenchida com a imensa base de dados que a Receita tem, de forma que ele [o contribuinte] possa simplesmente validar os dados que est\u00e3o ali. Isso est\u00e1 em linha com as administra\u00e7\u00f5es tribut\u00e1rias mais modernas do mundo e que permite essa facilidade&#8221;, destacou o subsecret\u00e1rio da Receita Federal, Decio Rui Pialarissi.<\/p>\n<p>Para o supervisor nacional do Imposto de Renda, Joaquim Adir, outro destaque s\u00e3o as melhorias feitas no programa deste ano. &#8220;S\u00e3o melhorias na navega\u00e7\u00e3o e informa\u00e7\u00f5es bem mais transparentes, a exemplo das doa\u00e7\u00f5es que o contribuinte faz ao Estatuto da Crian\u00e7a e do Adolescente e, neste ano, na pr\u00f3pria declara\u00e7\u00e3o, tamb\u00e9m do [Estatuto] do Idoso. Neste ano, eles aparecem mais claro para o contribuinte&#8221;, detalhou.<\/p>\n<p>O contribuinte que atrasar a entrega do IRPF 2020 ter\u00e1 de pagar multa de 1% sobre o imposto devido ao m\u00eas. O valor m\u00ednimo \u00e9 de R$ 165,74 e o m\u00e1ximo \u00e9 de 20% do imposto devido.<\/p>\n<h3>Quem deve declarar?<\/h3>\n<ul>\n<li>Cidad\u00e3o que recebeu mais de R$ 28.559,70 de renda tribut\u00e1vel em 2019 (sal\u00e1rio, aposentadoria, aluguel, etc.);<\/li>\n<li>ganhou mais de R$ 40 mil em rendimentos isentos, n\u00e3o tribut\u00e1veis ou tributados na fonte no ano (Ex.: poupan\u00e7a ou indeniza\u00e7\u00e3o trabalhista;<\/li>\n<li>teve algum rendimento com a venda de bens (m\u00f3veis e im\u00f3veis);<\/li>\n<li>comprou e\/ou vendeu a\u00e7\u00f5es na Bolsa de Valores;<\/li>\n<li>teve receita de atividade rural superior a R$ 142.798,50 ou que tenha preju\u00edzo rural a ser compensado no ano-calend\u00e1rio de 2019 ou nos pr\u00f3ximos anos;<\/li>\n<li>foi propriet\u00e1rio, at\u00e9 31 de dezembro, de bens ou direitos com valor superior a R$ 300 mil;<\/li>\n<li>passaram a residir no Brasil durante qualquer per\u00edodo de 2019 e permaneceu no pa\u00eds at\u00e9 31 de dezembro;<\/li>\n<li>tiveram isen\u00e7\u00e3o de IR na venda de um im\u00f3vel residencial e comprou outro num prazo de at\u00e9 180 dias.<\/li>\n<\/ul>\n<h3>Dedu\u00e7\u00f5es permitidas em 2020<\/h3>\n<p>No IRPF deste ano, o contribuinte poder\u00e1 deduzir:<\/p>\n<ul>\n<li>Despesas com dependentes &#8211; At\u00e9 R$ 2.275,08 (se atendidas as regras da Receita);<\/li>\n<li>despesas com educa\u00e7\u00e3o &#8211; At\u00e9 R$ 3.561,50 (do contribuinte, dependentes ou alimentandos)<\/li>\n<li>doa\u00e7\u00f5es &#8211; At\u00e9 6% do imposto devido (para os Estatutos da Crian\u00e7a e adolescente, e do Idoso;<\/li>\n<li>previd\u00eancia complementar &#8211; At\u00e9 12% de rendimentos tribut\u00e1veis<\/li>\n<li>gastos com sa\u00fade (ilimitado, desde que siga as regras da Receita).<\/li>\n<\/ul>\n<h3>Dedu\u00e7\u00f5es exclu\u00eddas<\/h3>\n<p>A partir deste ano, os contribuintes n\u00e3o poder\u00e3o abater despesas relativas aos gastos com empregados dom\u00e9sticos (antigo c\u00f3digo 50 da Declara\u00e7\u00e3o). At\u00e9 o ano passado, era permitida a dedu\u00e7\u00e3o de at\u00e9 R$ 1.251,07 dos gastos dos patr\u00f5es de empregados dom\u00e9sticos com a Previd\u00eancia Social e com a cota de acidente de trabalho. A dedu\u00e7\u00e3o perdeu a validade com a caducidade da lei que estabelecia essa possibilidade.<\/p>\n<p><span class=\"discreet\">Com informa\u00e7\u00f5es da\u00a0<a class=\"external-link\" title=\"\" href=\"http:\/\/receita.fazenda.gov.br\/\" target=\"_blank\" rel=\"noopener noreferrer\" data-tippreview-enabled=\"false\" data-tippreview-image=\"\" data-tippreview-title=\"\">Receita Federal<\/a><\/span><\/p>\n<\/div>\n<\/div>\n<\/div>\n","protected":false},"excerpt":{"rendered":"<p>Receita Federal espera receber 32 milh\u00f5es de declara\u00e7\u00f5es de pessoas f\u00edsicas Contribuinte que atrasar a entrega do IRPF 2020 pagar\u00e1 multa de 1% sobre o imposto devido ao m\u00eas. O valor m\u00ednimo \u00e9 de R$ 165,74. &#8211; Foto: Secom\/PR Apartir das 8h desta quinta-feira (20), contribuintes poder\u00e3o baixar o programa do Imposto de Renda para [&hellip;]<\/p>\n","protected":false},"author":1,"featured_media":2151,"comment_status":"open","ping_status":"open","sticky":false,"template":"","format":"standard","meta":{"jetpack_post_was_ever_published":false,"_jetpack_newsletter_access":"","_jetpack_dont_email_post_to_subs":false,"_jetpack_newsletter_tier_id":0,"_jetpack_memberships_contains_paywalled_content":false,"_jetpack_memberships_contains_paid_content":false,"footnotes":"","jetpack_publicize_message":"","jetpack_publicize_feature_enabled":true,"jetpack_social_post_already_shared":true,"jetpack_social_options":{"image_generator_settings":{"template":"highway","default_image_id":0,"font":"","enabled":false},"version":2}},"categories":[46],"tags":[106,108,141,115,411,188,111],"class_list":["post-2112","post","type-post","status-publish","format-standard","has-post-thumbnail","hentry","category-df","tag-declaracao","tag-imposto","tag-imposto-de-renda","tag-irpf","tag-irrf","tag-programa","tag-renda"],"jetpack_publicize_connections":[],"jetpack_featured_media_url":"https:\/\/i0.wp.com\/cfcontabil.com\/cf\/wp-content\/uploads\/2020\/02\/IRPF-regras-youtube.jpeg?fit=1280%2C720","jetpack_sharing_enabled":true,"jetpack_shortlink":"https:\/\/wp.me\/p2wklX-y4","jetpack-related-posts":[{"id":1225,"url":"http:\/\/cfcontabil.com\/cf\/programa-da-dirpf-2017-ja-esta-disponivel-para-download\/","url_meta":{"origin":2112,"position":0},"title":"Programa da DIRPF 2017 j\u00e1 est\u00e1 dispon\u00edvel para download","author":"Ab\u00edlio Gon\u00e7alves","date":"23 de fevereiro de 2017","format":false,"excerpt":"Encontra-se dispon\u00edvel para instala\u00e7\u00e3o o programa do Imposto de Renda Pessoa F\u00edsica 2017, para quem quer antecipar os lan\u00e7amentos na sua declara\u00e7\u00e3o. Acesse:\u00a0http:\/\/idg.receita.fazenda.gov.br\/interface\/cidadao\/irpf\/2017\/download Lembre-se: a temporada de entrega das declara\u00e7\u00f5es come\u00e7a somente depois do carnaval, em 2 de mar\u00e7o, e se estende at\u00e9 28 de abril. Os contribuintes que enviarem\u2026","rel":"","context":"Em &quot;Departamento Fiscal&quot;","block_context":{"text":"Departamento Fiscal","link":"http:\/\/cfcontabil.com\/cf\/category\/df\/"},"img":{"alt_text":"","src":"https:\/\/i0.wp.com\/cfcontabil.com\/cf\/wp-content\/uploads\/2017\/02\/irpf2017-1.png?fit=490%2C247&resize=350%2C200","width":350,"height":200},"classes":[]},{"id":2137,"url":"http:\/\/cfcontabil.com\/cf\/mais-de-16-mi-de-contribuintes-ja-entregaram-declaracao-do-ir\/","url_meta":{"origin":2112,"position":1},"title":"Mais de 1,6 mi de contribuintes j\u00e1 entregaram declara\u00e7\u00e3o do IR","author":"Ab\u00edlio Gon\u00e7alves","date":"6 de mar\u00e7o de 2020","format":false,"excerpt":"Receita Federal espera receber 32 milh\u00f5es de declara\u00e7\u00f5es em 2020 No quarto dia de entrega da declara\u00e7\u00e3o do Imposto de Renda Pessoa F\u00edsica (IRPF) 2020, pouco mais de 1,6 milh\u00e3o de contribuintes acertaram as contas com o Le\u00e3o. Esse \u00e9 o n\u00famero de documentos enviados desde a \u00faltima\u00a0segunda-feira (2) at\u00e9\u2026","rel":"","context":"Em &quot;Departamento Fiscal&quot;","block_context":{"text":"Departamento Fiscal","link":"http:\/\/cfcontabil.com\/cf\/category\/df\/"},"img":{"alt_text":"","src":"https:\/\/i0.wp.com\/cfcontabil.com\/cf\/wp-content\/uploads\/2020\/03\/IRPF-CELULAR-NOT.jpg?fit=1170%2C700&resize=350%2C200","width":350,"height":200,"srcset":"https:\/\/i0.wp.com\/cfcontabil.com\/cf\/wp-content\/uploads\/2020\/03\/IRPF-CELULAR-NOT.jpg?fit=1170%2C700&resize=350%2C200 1x, https:\/\/i0.wp.com\/cfcontabil.com\/cf\/wp-content\/uploads\/2020\/03\/IRPF-CELULAR-NOT.jpg?fit=1170%2C700&resize=525%2C300 1.5x, https:\/\/i0.wp.com\/cfcontabil.com\/cf\/wp-content\/uploads\/2020\/03\/IRPF-CELULAR-NOT.jpg?fit=1170%2C700&resize=700%2C400 2x, https:\/\/i0.wp.com\/cfcontabil.com\/cf\/wp-content\/uploads\/2020\/03\/IRPF-CELULAR-NOT.jpg?fit=1170%2C700&resize=1050%2C600 3x"},"classes":[]},{"id":752,"url":"http:\/\/cfcontabil.com\/cf\/ate-ontem-mais-de-6-milhoes-ainda-nao-declararam-ir\/","url_meta":{"origin":2112,"position":2},"title":"At\u00e9 ontem mais de 6 milh\u00f5es ainda n\u00e3o declararam IR","author":"Ab\u00edlio Gon\u00e7alves","date":"29 de abril de 2016","format":false,"excerpt":"Esse total esperado\u00a0representa 22,1% das 28,5 milh\u00f5es de declara\u00e7\u00f5es esperadas. Prazo vai at\u00e9 dia 29; Fisco recebeu at\u00e9 hoje 22,18 milh\u00f5es de declara\u00e7\u00f5es. A Receita Federal informou que recebeu, at\u00e9 as 11h desta quinta-feira (28), 22,18 milh\u00f5es de declara\u00e7\u00f5es de Imposto de Renda Pessoa F\u00edsica (IRPF) 2016, ano-base 2015. Com\u2026","rel":"","context":"Em &quot;Geral&quot;","block_context":{"text":"Geral","link":"http:\/\/cfcontabil.com\/cf\/category\/geral\/"},"img":{"alt_text":"IRPF","src":"https:\/\/i0.wp.com\/cfcontabil.com\/cf\/wp-content\/uploads\/2016\/04\/IRPF.jpg?resize=350%2C200","width":350,"height":200,"srcset":"https:\/\/i0.wp.com\/cfcontabil.com\/cf\/wp-content\/uploads\/2016\/04\/IRPF.jpg?resize=350%2C200 1x, https:\/\/i0.wp.com\/cfcontabil.com\/cf\/wp-content\/uploads\/2016\/04\/IRPF.jpg?resize=525%2C300 1.5x, https:\/\/i0.wp.com\/cfcontabil.com\/cf\/wp-content\/uploads\/2016\/04\/IRPF.jpg?resize=700%2C400 2x"},"classes":[]},{"id":596,"url":"http:\/\/cfcontabil.com\/cf\/ultimo-dia-para-o-irpf-2015-e-hoje\/","url_meta":{"origin":2112,"position":3},"title":"\u00daltimo dia para o IRPF 2015 \u00e9 hoje!","author":"Ab\u00edlio Gon\u00e7alves","date":"30 de abril de 2015","format":false,"excerpt":"Faltando poucas horas para encerrar o prazo da Declara\u00e7\u00e3o do Imposto de Renda ainda tem muito contribuinte em busca de acertar as contas com o le\u00e3o. E para quem deixou a declara\u00e7\u00e3o do Imposto de Renda 2015 para as \u00faltimas horas do prazo, \u00e0s 23h59min de hoje,\u00a0vale ficar atento \u00e0s\u2026","rel":"","context":"Em &quot;Geral&quot;","block_context":{"text":"Geral","link":"http:\/\/cfcontabil.com\/cf\/category\/geral\/"},"img":{"alt_text":"","src":"https:\/\/i0.wp.com\/cfcontabil.com\/cf\/wp-content\/uploads\/2015\/04\/leao-2.jpg?fit=620%2C412&resize=350%2C200","width":350,"height":200,"srcset":"https:\/\/i0.wp.com\/cfcontabil.com\/cf\/wp-content\/uploads\/2015\/04\/leao-2.jpg?fit=620%2C412&resize=350%2C200 1x, https:\/\/i0.wp.com\/cfcontabil.com\/cf\/wp-content\/uploads\/2015\/04\/leao-2.jpg?fit=620%2C412&resize=525%2C300 1.5x"},"classes":[]},{"id":1458,"url":"http:\/\/cfcontabil.com\/cf\/irpf-2019-regras-liberadas-mas-contribuintes-terao-uma-semana-a-menos-para-entrega\/","url_meta":{"origin":2112,"position":4},"title":"IRPF 2019 &#8211; Regras liberadas, mas contribuintes ter\u00e3o uma semana a menos para entrega","author":"Ab\u00edlio Gon\u00e7alves","date":"22 de fevereiro de 2019","format":false,"excerpt":"Em 2018, estavam obrigados a acertar as contas com o le\u00e3o todos os contribuintes que receberam mais de R$ 28.559,70 no ano anterior. Publicadas as regras hoje (22.02) no Di\u00e1rio Oficial da Uni\u00e3o. Quem ganhou mais de R$ 28.559,70 em 2018 \u00e9 obrigado a fazer a declara\u00e7\u00e3o do Imposto de\u2026","rel":"","context":"Em &quot;Geral&quot;","block_context":{"text":"Geral","link":"http:\/\/cfcontabil.com\/cf\/category\/geral\/"},"img":{"alt_text":"","src":"https:\/\/i0.wp.com\/cfcontabil.com\/cf\/wp-content\/uploads\/2017\/02\/irpfrfb-1.jpg?fit=640%2C340&resize=350%2C200","width":350,"height":200,"srcset":"https:\/\/i0.wp.com\/cfcontabil.com\/cf\/wp-content\/uploads\/2017\/02\/irpfrfb-1.jpg?fit=640%2C340&resize=350%2C200 1x, https:\/\/i0.wp.com\/cfcontabil.com\/cf\/wp-content\/uploads\/2017\/02\/irpfrfb-1.jpg?fit=640%2C340&resize=525%2C300 1.5x"},"classes":[]},{"id":802,"url":"http:\/\/cfcontabil.com\/cf\/divulgado-o-cronograma-do-irpf-2017-pela-receita-federal\/","url_meta":{"origin":2112,"position":5},"title":"Divulgado o cronograma do IRPF 2017 pela Receita Federal","author":"Ab\u00edlio Gon\u00e7alves","date":"9 de janeiro de 2017","format":false,"excerpt":"\u00c9 importante saber que al\u00e9m da \u00a0Declara\u00e7\u00e3o de Ajuste Anual da Pessoa F\u00edsica, v\u00e1rios programas e aplicativos auxiliares que visam facilitar o cumprimento das obriga\u00e7\u00f5es tribut\u00e1rias por parte dos contribuintes. Fique atento as datas e n\u00e3o perca os prazos, na d\u00favida, busque um contador para ajudar: A Secretaria da Receita\u2026","rel":"","context":"Em &quot;Geral&quot;","block_context":{"text":"Geral","link":"http:\/\/cfcontabil.com\/cf\/category\/geral\/"},"img":{"alt_text":"","src":"https:\/\/i0.wp.com\/cfcontabil.com\/cf\/wp-content\/uploads\/2017\/01\/leao-imposto-renda-original1-1.jpeg?fit=620%2C349&resize=350%2C200","width":350,"height":200,"srcset":"https:\/\/i0.wp.com\/cfcontabil.com\/cf\/wp-content\/uploads\/2017\/01\/leao-imposto-renda-original1-1.jpeg?fit=620%2C349&resize=350%2C200 1x, https:\/\/i0.wp.com\/cfcontabil.com\/cf\/wp-content\/uploads\/2017\/01\/leao-imposto-renda-original1-1.jpeg?fit=620%2C349&resize=525%2C300 1.5x"},"classes":[]}],"jetpack_likes_enabled":true,"_links":{"self":[{"href":"http:\/\/cfcontabil.com\/cf\/wp-json\/wp\/v2\/posts\/2112","targetHints":{"allow":["GET"]}}],"collection":[{"href":"http:\/\/cfcontabil.com\/cf\/wp-json\/wp\/v2\/posts"}],"about":[{"href":"http:\/\/cfcontabil.com\/cf\/wp-json\/wp\/v2\/types\/post"}],"author":[{"embeddable":true,"href":"http:\/\/cfcontabil.com\/cf\/wp-json\/wp\/v2\/users\/1"}],"replies":[{"embeddable":true,"href":"http:\/\/cfcontabil.com\/cf\/wp-json\/wp\/v2\/comments?post=2112"}],"version-history":[{"count":3,"href":"http:\/\/cfcontabil.com\/cf\/wp-json\/wp\/v2\/posts\/2112\/revisions"}],"predecessor-version":[{"id":2156,"href":"http:\/\/cfcontabil.com\/cf\/wp-json\/wp\/v2\/posts\/2112\/revisions\/2156"}],"wp:featuredmedia":[{"embeddable":true,"href":"http:\/\/cfcontabil.com\/cf\/wp-json\/wp\/v2\/media\/2151"}],"wp:attachment":[{"href":"http:\/\/cfcontabil.com\/cf\/wp-json\/wp\/v2\/media?parent=2112"}],"wp:term":[{"taxonomy":"category","embeddable":true,"href":"http:\/\/cfcontabil.com\/cf\/wp-json\/wp\/v2\/categories?post=2112"},{"taxonomy":"post_tag","embeddable":true,"href":"http:\/\/cfcontabil.com\/cf\/wp-json\/wp\/v2\/tags?post=2112"}],"curies":[{"name":"wp","href":"https:\/\/api.w.org\/{rel}","templated":true}]}}