{"id":2117,"date":"2020-02-21T10:22:51","date_gmt":"2020-02-21T13:22:51","guid":{"rendered":"http:\/\/cfcontabil.com\/cf\/?p=2117"},"modified":"2020-03-06T11:06:19","modified_gmt":"2020-03-06T14:06:19","slug":"tabela-do-irpf-sem-correcao-aumenta-o-imposto","status":"publish","type":"post","link":"http:\/\/cfcontabil.com\/cf\/tabela-do-irpf-sem-correcao-aumenta-o-imposto\/","title":{"rendered":"Tabela do IRPF sem corre\u00e7\u00e3o aumenta o imposto?"},"content":{"rendered":"<p>O an\u00fancio da Receita Federal sobre o Imposto de Renda Pessoa F\u00edsica deste ano confirmou que a tabela continua sem nenhuma corre\u00e7\u00e3o, pois o \u00faltimo reajuste ocorreu no ano de 2015.<\/p>\n<p><div class=\"jetpack-video-wrapper\"><span class=\"embed-youtube\" style=\"text-align:center; display: block;\"><iframe class=\"youtube-player\" width=\"1170\" height=\"659\" src=\"https:\/\/www.youtube.com\/embed\/M3-acy47EXQ?version=3&#038;rel=1&#038;showsearch=0&#038;showinfo=1&#038;iv_load_policy=1&#038;fs=1&#038;hl=pt-BR&#038;autohide=2&#038;wmode=transparent\" allowfullscreen=\"true\" style=\"border:0;\" sandbox=\"allow-scripts allow-same-origin allow-popups allow-presentation allow-popups-to-escape-sandbox\"><\/iframe><\/span><\/div><\/p>\n<p>Em quatro anos consecutivos, a tabela do Imposto de Renda das Pessoas F\u00edsicas n\u00e3o sofreu corre\u00e7\u00e3o sequer pelo \u00edndice de infla\u00e7\u00e3o em 2019, a defasagem voltou a aumentar, atingindo 103,87%, segundo estudo elaborado pelo sindicato dos fiscais da Receita Federal, o Sindifisco Nacional.<\/p>\n<p>Pelas contas do sindicato, a faixa de isen\u00e7\u00e3o do imposto, que hoje est\u00e1 em R$ 1.903,98 por m\u00eas, deveria atingir todas as pessoas que ganham at\u00e9 R$ 3.881,85 mensais.<\/p>\n<p>Os ajustes efetuados de 1996 at\u00e9 a \u00faltima atualiza\u00e7\u00e3o em 2014, a tabela foi corrigida em 109,63%, o que est\u00e1 muito longe dos \u00edndices inflacion\u00e1rios. Percebe-se ent\u00e3o que o limite de isen\u00e7\u00e3o tem uma redu\u00e7\u00e3o, sem que os trabalhadores notem claramente, pois a renda recebida em anos atr\u00e1s n\u00e3o alcan\u00e7avam a faixa de incid\u00eancia do IRRF, sendo que hoje alcan\u00e7am com sobras.<\/p>\n<p>Para compreender os c\u00e1lculos, temos que a faixa de isen\u00e7\u00e3o permaneceu em R$ 1.903,98 por m\u00eas, a mesma do ano passado.<\/p>\n<p>Considerando a infla\u00e7\u00e3o oficial pelo \u00cdndice Nacional de Pre\u00e7os ao Consumidor Amplo (IPCA) de 2019, que foi de 4,31%, acumulada a defasagem da tabela do imposto atingiu por volta de 103,87%, conforme estudo realizado pelo sindicato dos fiscais da Receita Federal, o Sindifisco Nacional.<\/p>\n<p>Aplicando esse percentual na conta, a faixa de isen\u00e7\u00e3o deveria atingir os contribuintes que ganham at\u00e9 R$ 3.881,85 mensais.<\/p>\n<p>De acordo com o Sindifisco, essa defasagem de 103,87%, considera a infla\u00e7\u00e3o acumulada e n\u00e3o repassada integralmente para a tabela do IR desde 1996.<\/p>\n<p>A corre\u00e7\u00e3o da tabela \u00e9 necess\u00e1ria e est\u00e1 sendo muito discutida no meio pol\u00edtico, contudo, do ponto de vista legal, n\u00e3o h\u00e1 nada que obrigue o governo a reajustar anualmente a tabela do IR, ou mesmo a vincular o reajuste ao IPCA acumulado, que&nbsp;est\u00e1 em 327,37%.<\/p>\n<p>A \u00faltima corre\u00e7\u00e3o ocorreu em 2015, um reajuste, em m\u00e9dia, de 5,6% nas faixas salariais de c\u00e1lculo do IR, \u00edndice bem inferior \u00e0 infla\u00e7\u00e3o naquele ano, que j\u00e1 tinha superado 10%.<\/p>\n<p>Em 2016, 2017 e 2018 n\u00e3o foi registrado nenhuma corre\u00e7\u00e3o, apesar de a infla\u00e7\u00e3o ter avan\u00e7ado 6,28%, 2,94% e 3,75%, respectivamente.<\/p>\n<p>Na pr\u00e1tica, veja uma tabela de simula\u00e7\u00f5es elaborada pelo Sindifisco:<\/p>\n<p><a href=\"https:\/\/i0.wp.com\/cfcontabil.com\/cf\/wp-content\/uploads\/2020\/02\/IR_tabela_defasagem_sindifisco.jpg\"><img data-recalc-dims=\"1\" fetchpriority=\"high\" decoding=\"async\" data-attachment-id=\"2118\" data-permalink=\"http:\/\/cfcontabil.com\/cf\/tabela-do-irpf-sem-correcao-aumenta-o-imposto\/ir_tabela_defasagem_sindifisco\/\" data-orig-file=\"https:\/\/i0.wp.com\/cfcontabil.com\/cf\/wp-content\/uploads\/2020\/02\/IR_tabela_defasagem_sindifisco.jpg?fit=1000%2C964\" data-orig-size=\"1000,964\" data-comments-opened=\"1\" data-image-meta=\"{&quot;aperture&quot;:&quot;0&quot;,&quot;credit&quot;:&quot;&quot;,&quot;camera&quot;:&quot;&quot;,&quot;caption&quot;:&quot;&quot;,&quot;created_timestamp&quot;:&quot;0&quot;,&quot;copyright&quot;:&quot;&quot;,&quot;focal_length&quot;:&quot;0&quot;,&quot;iso&quot;:&quot;0&quot;,&quot;shutter_speed&quot;:&quot;0&quot;,&quot;title&quot;:&quot;&quot;,&quot;orientation&quot;:&quot;0&quot;}\" data-image-title=\"IR_tabela_defasagem_sindifisco\" data-image-description=\"\" data-image-caption=\"\" data-large-file=\"https:\/\/i0.wp.com\/cfcontabil.com\/cf\/wp-content\/uploads\/2020\/02\/IR_tabela_defasagem_sindifisco.jpg?fit=1000%2C964\" class=\"aligncenter size-full wp-image-2118\" src=\"https:\/\/i0.wp.com\/cfcontabil.com\/cf\/wp-content\/uploads\/2020\/02\/IR_tabela_defasagem_sindifisco.jpg?resize=1000%2C964\" alt=\"\" width=\"1000\" height=\"964\" srcset=\"https:\/\/i0.wp.com\/cfcontabil.com\/cf\/wp-content\/uploads\/2020\/02\/IR_tabela_defasagem_sindifisco.jpg?w=1000 1000w, https:\/\/i0.wp.com\/cfcontabil.com\/cf\/wp-content\/uploads\/2020\/02\/IR_tabela_defasagem_sindifisco.jpg?resize=300%2C289 300w, https:\/\/i0.wp.com\/cfcontabil.com\/cf\/wp-content\/uploads\/2020\/02\/IR_tabela_defasagem_sindifisco.jpg?resize=768%2C740 768w, https:\/\/i0.wp.com\/cfcontabil.com\/cf\/wp-content\/uploads\/2020\/02\/IR_tabela_defasagem_sindifisco.jpg?resize=770%2C742 770w, https:\/\/i0.wp.com\/cfcontabil.com\/cf\/wp-content\/uploads\/2020\/02\/IR_tabela_defasagem_sindifisco.jpg?resize=370%2C357 370w\" sizes=\"(max-width: 1000px) 100vw, 1000px\" \/><\/a><\/p>\n<p>De acordo com o sindicato, as simula\u00e7\u00f5es mostram que &#8220;a defasagem na corre\u00e7\u00e3o da tabela \u00e9 mais prejudicial para aqueles cuja renda tribut\u00e1vel mensal \u00e9 menor&#8221;, devido serem tributados em 7,5% por causa da defasagem.<\/p>\n<p>Para quem recebe dois sal\u00e1rios-m\u00ednimos, j\u00e1 paga imposto de renda, ou seja, remunera\u00e7\u00e3o deste trabalhador percebemos que n\u00e3o houve aumento real no seu sal\u00e1rio e pois este passa a sofrer a incid\u00eancia do IRRF.<\/p>\n<p>Outro exemplo \u00e9 um contribuinte com rendimento de R$ 4 mil, a n\u00e3o corre\u00e7\u00e3o da tabela imp\u00f5e um recolhimento mensal a mais de R$ 240,61, um valor 1.034,67% maior do que o que seria devido com uma atualiza\u00e7\u00e3o.<\/p>\n<p>J\u00e1 o contribuinte com renda mensal tribut\u00e1vel de R$ 10 mil paga a mais R$ 827 ou 78,51% acima do que deveria.<\/p>\n<p>A partir dessa faixa de rendimentos, a diferen\u00e7a se estabiliza uma vez que a al\u00edquota de tributa\u00e7\u00e3o passa a ser sempre a mesma.<\/p>\n<p>Os ajustes efetuados de 1996 at\u00e9 a \u00faltima atualiza\u00e7\u00e3o em 2015 est\u00e3o muito longe dos \u00edndices inflacion\u00e1rios, com isto o limite de isen\u00e7\u00e3o foi sendo reduzido sem que os trabalhadores possam perceber claramente, a renda recebida em anos atr\u00e1s n\u00e3o alcan\u00e7avam a faixa de incid\u00eancia do IRRF, sendo que hoje alcan\u00e7am com sobras.<\/p>\n<p>Com isso, \u00e9 poss\u00edvel concluir que quase 10 milh\u00f5es de contribuintes que hoje pagam Imposto de Renda se tornariam isentos.<\/p>\n<p>Na inten\u00e7\u00e3o de corrigir a tabela do Imposto de Renda, o governo precisa especificar uma fonte de recursos para compensar o impacto da medida nos cofres p\u00fablicos.<\/p>\n<p>No final de 2019, o secret\u00e1rio especial da Receita Federal, Jos\u00e9 Tostes Neto, confirmou que a equipe econ\u00f4mica estuda diminuir as dedu\u00e7\u00f5es nas faixas mais altas de renda, como a de gastos m\u00e9dicos, dentro da proposta de reforma tribut\u00e1ria que ser\u00e1 enviada ao Congresso como sugest\u00f5es aos textos que tramitam na C\u00e2mara e no Senado.<\/p>\n\n\n<div class=\"wp-block-image\"><figure class=\"aligncenter size-large is-resized\"><img data-recalc-dims=\"1\" decoding=\"async\" data-attachment-id=\"2140\" data-permalink=\"http:\/\/cfcontabil.com\/cf\/cf_qrcode\/\" data-orig-file=\"https:\/\/i0.wp.com\/cfcontabil.com\/cf\/wp-content\/uploads\/2020\/03\/CF_QRCODE.png?fit=3000%2C4314\" data-orig-size=\"3000,4314\" data-comments-opened=\"1\" data-image-meta=\"{&quot;aperture&quot;:&quot;0&quot;,&quot;credit&quot;:&quot;&quot;,&quot;camera&quot;:&quot;&quot;,&quot;caption&quot;:&quot;&quot;,&quot;created_timestamp&quot;:&quot;0&quot;,&quot;copyright&quot;:&quot;&quot;,&quot;focal_length&quot;:&quot;0&quot;,&quot;iso&quot;:&quot;0&quot;,&quot;shutter_speed&quot;:&quot;0&quot;,&quot;title&quot;:&quot;&quot;,&quot;orientation&quot;:&quot;0&quot;}\" data-image-title=\"CF_QRCODE\" data-image-description=\"\" data-image-caption=\"\" data-large-file=\"https:\/\/i0.wp.com\/cfcontabil.com\/cf\/wp-content\/uploads\/2020\/03\/CF_QRCODE.png?fit=712%2C1024\" src=\"https:\/\/i0.wp.com\/cfcontabil.com\/cf\/wp-content\/uploads\/2020\/03\/CF_QRCODE.png?resize=279%2C401\" alt=\"\" class=\"wp-image-2140\" width=\"279\" height=\"401\" srcset=\"https:\/\/i0.wp.com\/cfcontabil.com\/cf\/wp-content\/uploads\/2020\/03\/CF_QRCODE.png?resize=712%2C1024 712w, https:\/\/i0.wp.com\/cfcontabil.com\/cf\/wp-content\/uploads\/2020\/03\/CF_QRCODE.png?resize=209%2C300 209w, https:\/\/i0.wp.com\/cfcontabil.com\/cf\/wp-content\/uploads\/2020\/03\/CF_QRCODE.png?resize=768%2C1104 768w, https:\/\/i0.wp.com\/cfcontabil.com\/cf\/wp-content\/uploads\/2020\/03\/CF_QRCODE.png?resize=1068%2C1536 1068w, https:\/\/i0.wp.com\/cfcontabil.com\/cf\/wp-content\/uploads\/2020\/03\/CF_QRCODE.png?resize=1424%2C2048 1424w, https:\/\/i0.wp.com\/cfcontabil.com\/cf\/wp-content\/uploads\/2020\/03\/CF_QRCODE.png?resize=770%2C1107 770w, https:\/\/i0.wp.com\/cfcontabil.com\/cf\/wp-content\/uploads\/2020\/03\/CF_QRCODE.png?resize=370%2C532 370w, https:\/\/i0.wp.com\/cfcontabil.com\/cf\/wp-content\/uploads\/2020\/03\/CF_QRCODE.png?w=2340 2340w\" sizes=\"(max-width: 279px) 100vw, 279px\" \/><figcaption><strong><em>Aponte a c\u00e2mera do seu celular<\/em><\/strong><\/figcaption><\/figure><\/div>\n","protected":false},"excerpt":{"rendered":"<p>O an\u00fancio da Receita Federal sobre o Imposto de Renda Pessoa F\u00edsica deste ano confirmou que a tabela continua sem nenhuma corre\u00e7\u00e3o, pois o \u00faltimo reajuste ocorreu no ano de 2015. Em quatro anos consecutivos, a tabela do Imposto de Renda das Pessoas F\u00edsicas n\u00e3o sofreu corre\u00e7\u00e3o sequer pelo \u00edndice de infla\u00e7\u00e3o em 2019, a [&hellip;]<\/p>\n","protected":false},"author":1,"featured_media":2150,"comment_status":"open","ping_status":"open","sticky":false,"template":"","format":"standard","meta":{"jetpack_post_was_ever_published":false,"_jetpack_newsletter_access":"","_jetpack_dont_email_post_to_subs":false,"_jetpack_newsletter_tier_id":0,"_jetpack_memberships_contains_paywalled_content":false,"_jetpack_memberships_contains_paid_content":false,"footnotes":"","jetpack_publicize_message":"","jetpack_publicize_feature_enabled":true,"jetpack_social_post_already_shared":true,"jetpack_social_options":{"image_generator_settings":{"template":"highway","default_image_id":0,"font":"","enabled":false},"version":2}},"categories":[46],"tags":[107,108,141,115,110,478],"class_list":["post-2117","post","type-post","status-publish","format-standard","has-post-thumbnail","hentry","category-df","tag-fisica","tag-imposto","tag-imposto-de-renda","tag-irpf","tag-pessoa","tag-tabela"],"jetpack_publicize_connections":[],"jetpack_featured_media_url":"https:\/\/i0.wp.com\/cfcontabil.com\/cf\/wp-content\/uploads\/2020\/02\/IRPF-antecipa%C3%A7%C3%A3o-restitui%C3%A7%C3%A3o-ajustado.jpeg?fit=1280%2C720","jetpack_sharing_enabled":true,"jetpack_shortlink":"https:\/\/wp.me\/p2wklX-y9","jetpack-related-posts":[{"id":883,"url":"http:\/\/cfcontabil.com\/cf\/oab-pede-a-temer-correcao-da-tabela-de-imposto-de-renda\/","url_meta":{"origin":2117,"position":0},"title":"OAB pede a Temer corre\u00e7\u00e3o da tabela de imposto de renda","author":"Ab\u00edlio Gon\u00e7alves","date":"27 de janeiro de 2017","format":false,"excerpt":"A Ordem dos Advogados do Brasil (OAB) enviou ao presidente Michel Temer of\u00edcio em que pede a corre\u00e7\u00e3o integral da tabela do Imposto de Renda da Pessoa F\u00edsica (IRPF) de acordo com a infla\u00e7\u00e3o. A entidade quer a revis\u00e3o dos valores do IR para evitar que contribuintes isentos passem a\u2026","rel":"","context":"Em &quot;Geral&quot;","block_context":{"text":"Geral","link":"http:\/\/cfcontabil.com\/cf\/category\/geral\/"},"img":{"alt_text":"","src":"https:\/\/i0.wp.com\/s2.glbimg.com\/N18qqXSH8-irSpA9gyCSvQD-7Fo%3D\/560x350\/e.glbimg.com\/og\/ed\/f\/original\/2016\/02\/11\/predio-da-oab.jpg?resize=350%2C200","width":350,"height":200,"srcset":"https:\/\/i0.wp.com\/s2.glbimg.com\/N18qqXSH8-irSpA9gyCSvQD-7Fo%3D\/560x350\/e.glbimg.com\/og\/ed\/f\/original\/2016\/02\/11\/predio-da-oab.jpg?resize=350%2C200 1x, https:\/\/i0.wp.com\/s2.glbimg.com\/N18qqXSH8-irSpA9gyCSvQD-7Fo%3D\/560x350\/e.glbimg.com\/og\/ed\/f\/original\/2016\/02\/11\/predio-da-oab.jpg?resize=525%2C300 1.5x"},"classes":[]},{"id":802,"url":"http:\/\/cfcontabil.com\/cf\/divulgado-o-cronograma-do-irpf-2017-pela-receita-federal\/","url_meta":{"origin":2117,"position":1},"title":"Divulgado o cronograma do IRPF 2017 pela Receita Federal","author":"Ab\u00edlio Gon\u00e7alves","date":"9 de janeiro de 2017","format":false,"excerpt":"\u00c9 importante saber que al\u00e9m da \u00a0Declara\u00e7\u00e3o de Ajuste Anual da Pessoa F\u00edsica, v\u00e1rios programas e aplicativos auxiliares que visam facilitar o cumprimento das obriga\u00e7\u00f5es tribut\u00e1rias por parte dos contribuintes. Fique atento as datas e n\u00e3o perca os prazos, na d\u00favida, busque um contador para ajudar: A Secretaria da Receita\u2026","rel":"","context":"Em &quot;Geral&quot;","block_context":{"text":"Geral","link":"http:\/\/cfcontabil.com\/cf\/category\/geral\/"},"img":{"alt_text":"","src":"https:\/\/i0.wp.com\/cfcontabil.com\/cf\/wp-content\/uploads\/2017\/01\/leao-imposto-renda-original1-1.jpeg?fit=620%2C349&resize=350%2C200","width":350,"height":200,"srcset":"https:\/\/i0.wp.com\/cfcontabil.com\/cf\/wp-content\/uploads\/2017\/01\/leao-imposto-renda-original1-1.jpeg?fit=620%2C349&resize=350%2C200 1x, https:\/\/i0.wp.com\/cfcontabil.com\/cf\/wp-content\/uploads\/2017\/01\/leao-imposto-renda-original1-1.jpeg?fit=620%2C349&resize=525%2C300 1.5x"},"classes":[]},{"id":1100,"url":"http:\/\/cfcontabil.com\/cf\/correcao-da-tabela-do-imposto-de-renda-a-partir-do-proximo-ano-ainda-nao-foi-decidida\/","url_meta":{"origin":2117,"position":2},"title":"Corre\u00e7\u00e3o da tabela do Imposto de Renda a partir do pr\u00f3ximo ano ainda n\u00e3o foi decidida","author":"Ab\u00edlio Gon\u00e7alves","date":"31 de mar\u00e7o de 2017","format":false,"excerpt":"Inicialmente prevista para ser anunciada no fim deste m\u00eas, a corre\u00e7\u00e3o da tabela do Imposto de Renda a partir do pr\u00f3ximo ano ainda n\u00e3o foi decidida pela equipe econ\u00f4mica, disse nesta quinta-feira (29) o ministro da Fazenda, Henrique Meirelles. Segundo ele, o governo n\u00e3o tem mais previs\u00e3o para reajustar a\u2026","rel":"","context":"Em &quot;Departamento Fiscal&quot;","block_context":{"text":"Departamento Fiscal","link":"http:\/\/cfcontabil.com\/cf\/category\/df\/"},"img":{"alt_text":"","src":"https:\/\/i0.wp.com\/cfcontabil.com\/cf\/wp-content\/uploads\/2017\/02\/receita-federal-1-1.png?fit=702%2C325&resize=350%2C200","width":350,"height":200,"srcset":"https:\/\/i0.wp.com\/cfcontabil.com\/cf\/wp-content\/uploads\/2017\/02\/receita-federal-1-1.png?fit=702%2C325&resize=350%2C200 1x, https:\/\/i0.wp.com\/cfcontabil.com\/cf\/wp-content\/uploads\/2017\/02\/receita-federal-1-1.png?fit=702%2C325&resize=525%2C300 1.5x, https:\/\/i0.wp.com\/cfcontabil.com\/cf\/wp-content\/uploads\/2017\/02\/receita-federal-1-1.png?fit=702%2C325&resize=700%2C400 2x"},"classes":[]},{"id":3466,"url":"http:\/\/cfcontabil.com\/cf\/irpf-2026-isencao-de-r-5mil-nova-tabela\/","url_meta":{"origin":2117,"position":3},"title":"IR 2026: Isen\u00e7\u00e3o de R$ 5mil &#8211; Nova Tabela!","author":"Ab\u00edlio Gon\u00e7alves","date":"16 de janeiro de 2026","format":false,"excerpt":"Guia Completo da CF Cont\u00e1bil 1.0 Introdu\u00e7\u00e3o: Voc\u00ea Est\u00e1 Deixando Dinheiro na Mesa?Voc\u00ea sabe se tem direito \u00e0 isen\u00e7\u00e3o total do Imposto de Renda ou se est\u00e1 pagando um imposto que poderia economizar? A resposta pode definir se voc\u00ea receber\u00e1 uma restitui\u00e7\u00e3o maior ou se deixar\u00e1 um dinheiro valioso para\u2026","rel":"","context":"Em &quot;Imposto de Renda&quot;","block_context":{"text":"Imposto de Renda","link":"http:\/\/cfcontabil.com\/cf\/category\/imposto-de-renda\/"},"img":{"alt_text":"","src":"https:\/\/i0.wp.com\/cfcontabil.com\/cf\/wp-content\/uploads\/2026\/01\/IRPF26-NOVA-TABELA-scaled.png?fit=1200%2C670&resize=350%2C200","width":350,"height":200,"srcset":"https:\/\/i0.wp.com\/cfcontabil.com\/cf\/wp-content\/uploads\/2026\/01\/IRPF26-NOVA-TABELA-scaled.png?fit=1200%2C670&resize=350%2C200 1x, https:\/\/i0.wp.com\/cfcontabil.com\/cf\/wp-content\/uploads\/2026\/01\/IRPF26-NOVA-TABELA-scaled.png?fit=1200%2C670&resize=525%2C300 1.5x, https:\/\/i0.wp.com\/cfcontabil.com\/cf\/wp-content\/uploads\/2026\/01\/IRPF26-NOVA-TABELA-scaled.png?fit=1200%2C670&resize=700%2C400 2x, https:\/\/i0.wp.com\/cfcontabil.com\/cf\/wp-content\/uploads\/2026\/01\/IRPF26-NOVA-TABELA-scaled.png?fit=1200%2C670&resize=1050%2C600 3x"},"classes":[]},{"id":2748,"url":"http:\/\/cfcontabil.com\/cf\/imposto-de-renda-2022-prepare-seus-documentos-esta-semana\/","url_meta":{"origin":2117,"position":4},"title":"Imposto de Renda 2022: prepare seus documentos esta semana!","author":"Ab\u00edlio Gon\u00e7alves","date":"23 de fevereiro de 2022","format":false,"excerpt":"Separe seus documentos para fazer a declara\u00e7\u00e3o a partir de 2 de mar\u00e7o.","rel":"","context":"Em &quot;Imposto de Renda&quot;","block_context":{"text":"Imposto de Renda","link":"http:\/\/cfcontabil.com\/cf\/category\/imposto-de-renda\/"},"img":{"alt_text":"","src":"https:\/\/i0.wp.com\/cfcontabil.com\/cf\/wp-content\/uploads\/2022\/02\/Banner-na-imposto-de-renda-Miniatura-do-YouTube.png?fit=1200%2C675&resize=350%2C200","width":350,"height":200,"srcset":"https:\/\/i0.wp.com\/cfcontabil.com\/cf\/wp-content\/uploads\/2022\/02\/Banner-na-imposto-de-renda-Miniatura-do-YouTube.png?fit=1200%2C675&resize=350%2C200 1x, https:\/\/i0.wp.com\/cfcontabil.com\/cf\/wp-content\/uploads\/2022\/02\/Banner-na-imposto-de-renda-Miniatura-do-YouTube.png?fit=1200%2C675&resize=525%2C300 1.5x, https:\/\/i0.wp.com\/cfcontabil.com\/cf\/wp-content\/uploads\/2022\/02\/Banner-na-imposto-de-renda-Miniatura-do-YouTube.png?fit=1200%2C675&resize=700%2C400 2x, https:\/\/i0.wp.com\/cfcontabil.com\/cf\/wp-content\/uploads\/2022\/02\/Banner-na-imposto-de-renda-Miniatura-do-YouTube.png?fit=1200%2C675&resize=1050%2C600 3x"},"classes":[]},{"id":1217,"url":"http:\/\/cfcontabil.com\/cf\/imposto-de-renda-da-pessoa-fisica-acertar-e-uma-tarefa-dificil\/","url_meta":{"origin":2117,"position":5},"title":"Imposto de Renda da Pessoa F\u00edsica: acertar \u00e9 uma tarefa dif\u00edcil","author":"Ab\u00edlio Gon\u00e7alves","date":"22 de fevereiro de 2017","format":false,"excerpt":"\u201c...n\u00e3o existe nada que seja t\u00e3o satisfat\u00f3rio ao esp\u00edrito, que tanto defina nosso car\u00e1ter, quanto darmos tudo de n\u00f3s mesmos para levar adiante uma tarefa dif\u00edcil.\u201d \u2014 Barack Hussein Obama, presidente dos Estados Unidos, discurso de posse, 20\/1\/2009. Na pr\u00f3xima quinta-feira, 23, a Secretaria da Receita Federal do Brasil dever\u00e1\u2026","rel":"","context":"Em &quot;Departamento Fiscal&quot;","block_context":{"text":"Departamento Fiscal","link":"http:\/\/cfcontabil.com\/cf\/category\/df\/"},"img":{"alt_text":"","src":"https:\/\/i0.wp.com\/cfcontabil.com\/cf\/wp-content\/uploads\/2016\/04\/leao_do_imposto_de_renda-1.jpg?fit=620%2C345&resize=350%2C200","width":350,"height":200,"srcset":"https:\/\/i0.wp.com\/cfcontabil.com\/cf\/wp-content\/uploads\/2016\/04\/leao_do_imposto_de_renda-1.jpg?fit=620%2C345&resize=350%2C200 1x, https:\/\/i0.wp.com\/cfcontabil.com\/cf\/wp-content\/uploads\/2016\/04\/leao_do_imposto_de_renda-1.jpg?fit=620%2C345&resize=525%2C300 1.5x"},"classes":[]}],"jetpack_likes_enabled":true,"_links":{"self":[{"href":"http:\/\/cfcontabil.com\/cf\/wp-json\/wp\/v2\/posts\/2117","targetHints":{"allow":["GET"]}}],"collection":[{"href":"http:\/\/cfcontabil.com\/cf\/wp-json\/wp\/v2\/posts"}],"about":[{"href":"http:\/\/cfcontabil.com\/cf\/wp-json\/wp\/v2\/types\/post"}],"author":[{"embeddable":true,"href":"http:\/\/cfcontabil.com\/cf\/wp-json\/wp\/v2\/users\/1"}],"replies":[{"embeddable":true,"href":"http:\/\/cfcontabil.com\/cf\/wp-json\/wp\/v2\/comments?post=2117"}],"version-history":[{"count":2,"href":"http:\/\/cfcontabil.com\/cf\/wp-json\/wp\/v2\/posts\/2117\/revisions"}],"predecessor-version":[{"id":2153,"href":"http:\/\/cfcontabil.com\/cf\/wp-json\/wp\/v2\/posts\/2117\/revisions\/2153"}],"wp:featuredmedia":[{"embeddable":true,"href":"http:\/\/cfcontabil.com\/cf\/wp-json\/wp\/v2\/media\/2150"}],"wp:attachment":[{"href":"http:\/\/cfcontabil.com\/cf\/wp-json\/wp\/v2\/media?parent=2117"}],"wp:term":[{"taxonomy":"category","embeddable":true,"href":"http:\/\/cfcontabil.com\/cf\/wp-json\/wp\/v2\/categories?post=2117"},{"taxonomy":"post_tag","embeddable":true,"href":"http:\/\/cfcontabil.com\/cf\/wp-json\/wp\/v2\/tags?post=2117"}],"curies":[{"name":"wp","href":"https:\/\/api.w.org\/{rel}","templated":true}]}}