{"id":2125,"date":"2020-02-27T09:51:50","date_gmt":"2020-02-27T12:51:50","guid":{"rendered":"http:\/\/cfcontabil.com\/cf\/?p=2125"},"modified":"2020-02-27T09:51:50","modified_gmt":"2020-02-27T12:51:50","slug":"mudanca-na-assinatura-digital-na-junta-comercial-drei-n-075-2020","status":"publish","type":"post","link":"http:\/\/cfcontabil.com\/cf\/mudanca-na-assinatura-digital-na-junta-comercial-drei-n-075-2020\/","title":{"rendered":"MUDAN\u00c7A NA ASSINATURA DIGITAL NA JUNTA COMERCIAL &#8211; DREI N\u00b0 075\/2020"},"content":{"rendered":"<h5 data-v-76f239b6=\"\">ASSINATURA DIGITAL DE ATOS E DOCUMENTOS LEVADOS A REGISTRO NA JUNTA COMERCIAL &#8211; DREI N\u00b0 075\/2020<\/h5>\n<div data-v-76f239b6=\"\">\n<p>Foi publicada no D.O.U (19.02.2020) a Instru\u00e7\u00e3o Normativa DREI n\u00b0 75\/2020\u00a0que trata sobre a assinatura digital de atos e documentos levados a registro na Junta Comercial, onde,\u00a0<strong>a partir de 02.03.2020<\/strong>, passa a ser aceita a assinatura por certificado digital n\u00e3o necessariamente emitido por entidade credenciada pela ICP-Brasil, atendendo o disposto no\u00a0\u00a72\u00b0\u00a0do\u00a0artigo 10\u00a0da\u00a0Medida Provis\u00f3ria n\u00b0 2.200-2\/2001.<\/p>\n<p><strong>Instru\u00e7\u00f5es Normativas alteradas que disp\u00f5em sobre atos e documentos que poder\u00e3o ser assinados por certificados digitais n\u00e3o emitidos por entidades credenciadas pela ICP-Brasil:<\/strong><\/p>\n<p>Instru\u00e7\u00e3o Normativa DREI n\u00b0 3\/2013\u00a0&#8211; Documentos apresentados em via \u00fanica;<\/p>\n<p>Instru\u00e7\u00e3o Normativa DREI n\u00b0 11\/2013\u00a0&#8211; Livro di\u00e1rio digital (ECD); OBS: O\u00a0artigo 2\u00b0,\u00a0par\u00e1grafo \u00fanico\u00a0da\u00a0Instru\u00e7\u00e3o Normativa RFB n\u00b0 1.774\/2017\u00a0prev\u00ea que o livro digital deve ser assinado obrigatoriamente com certificado digital emitido por entidade credenciada pela ICP-Brasil, sendo assim, neste caso, ser\u00e1 necess\u00e1rio atender o disposto na norma espec\u00edfica;<\/p>\n<p>Instru\u00e7\u00e3o Normativa DREI n\u00b0 34\/2017\u00a0&#8211; Atos de empresas, sociedades ou cooperativas de que participem estrangeiros residentes e domiciliados no Brasil, pessoas f\u00edsicas, brasileiras ou estrangeiras, residentes e domiciliadas no exterior e pessoas jur\u00eddicas com sede no exterior;<\/p>\n<p>Instru\u00e7\u00e3o Normativa DREI n\u00b0 48\/2018\u00a0&#8211; Padroniza\u00e7\u00e3o nacional na formula\u00e7\u00e3o de exig\u00eancias, quanto a assinatura de documentos no processo digital;<\/p>\n<p>Instru\u00e7\u00e3o Normativa DREI n\u00b0 52\/2018\u00a0&#8211; Atos ou documentos sujeitos \u00e0 decis\u00e3o singular ou colegiada.<\/p>\n<p><strong>Fonte:<\/strong>\u00a0Econet Editora Empresarial.<\/p>\n<\/div>\n","protected":false},"excerpt":{"rendered":"<p>ASSINATURA DIGITAL DE ATOS E DOCUMENTOS LEVADOS A REGISTRO NA JUNTA COMERCIAL &#8211; DREI N\u00b0 075\/2020 Foi publicada no D.O.U (19.02.2020) a Instru\u00e7\u00e3o Normativa DREI n\u00b0 75\/2020\u00a0que trata sobre a assinatura digital de atos e documentos levados a registro na Junta Comercial, onde,\u00a0a partir de 02.03.2020, passa a ser aceita a assinatura por certificado digital [&hellip;]<\/p>\n","protected":false},"author":1,"featured_media":2127,"comment_status":"open","ping_status":"open","sticky":false,"template":"","format":"standard","meta":{"jetpack_post_was_ever_published":false,"_jetpack_newsletter_access":"","_jetpack_dont_email_post_to_subs":false,"_jetpack_newsletter_tier_id":0,"_jetpack_memberships_contains_paywalled_content":false,"_jetpack_memberships_contains_paid_content":false,"footnotes":"","jetpack_publicize_message":"","jetpack_publicize_feature_enabled":true,"jetpack_social_post_already_shared":true,"jetpack_social_options":{"image_generator_settings":{"template":"highway","default_image_id":0,"font":"","enabled":false},"version":2}},"categories":[60],"tags":[752,119,533,444,753,535],"class_list":["post-2125","post","type-post","status-publish","format-standard","has-post-thumbnail","hentry","category-consultoria","tag-assinatura","tag-brasil","tag-comercial","tag-digital","tag-icp","tag-junta"],"jetpack_publicize_connections":[],"jetpack_featured_media_url":"https:\/\/i0.wp.com\/cfcontabil.com\/cf\/wp-content\/uploads\/2020\/02\/Assinatura-digital-Junta-Comercial-2.jpeg?fit=1080%2C1080","jetpack_sharing_enabled":true,"jetpack_shortlink":"https:\/\/wp.me\/p2wklX-yh","jetpack-related-posts":[{"id":1976,"url":"http:\/\/cfcontabil.com\/cf\/receita-federal-publica-instrucao-normativa-com-orientacao-para-abertura-de-dossie-digital-a-distancia-dda-de-cnpj\/","url_meta":{"origin":2125,"position":0},"title":"Receita Federal publica Instru\u00e7\u00e3o Normativa com orienta\u00e7\u00e3o para abertura de Dossi\u00ea Digital a Dist\u00e2ncia (DDA) de CNPJ","author":"Ab\u00edlio Gon\u00e7alves","date":"4 de dezembro de 2019","format":false,"excerpt":"Foi publicada em 26 de novembro a\u00a0IN RFB n\u00ba 1.914\/2019\u00a0determinando que as empresas tributadas com base no lucro real, presumido ou arbitrado devem apresentar o Documento B\u00e1sico de Entrada obrigatoriamente via\u00a0DDA e-CAC. Para dar mais agilidade \u00e0 an\u00e1lise de atos relativos ao CNPJ (inscri\u00e7\u00e3o, altera\u00e7\u00e3o, baixa), a equipe de atendimento\u2026","rel":"","context":"Em &quot;Departamento Fiscal&quot;","block_context":{"text":"Departamento Fiscal","link":"http:\/\/cfcontabil.com\/cf\/category\/df\/"},"img":{"alt_text":"","src":"https:\/\/i0.wp.com\/cfcontabil.com\/cf\/wp-content\/uploads\/2017\/02\/receita-federal-1-1.png?fit=702%2C325&resize=350%2C200","width":350,"height":200,"srcset":"https:\/\/i0.wp.com\/cfcontabil.com\/cf\/wp-content\/uploads\/2017\/02\/receita-federal-1-1.png?fit=702%2C325&resize=350%2C200 1x, https:\/\/i0.wp.com\/cfcontabil.com\/cf\/wp-content\/uploads\/2017\/02\/receita-federal-1-1.png?fit=702%2C325&resize=525%2C300 1.5x, https:\/\/i0.wp.com\/cfcontabil.com\/cf\/wp-content\/uploads\/2017\/02\/receita-federal-1-1.png?fit=702%2C325&resize=700%2C400 2x"},"classes":[]},{"id":2044,"url":"http:\/\/cfcontabil.com\/cf\/decreto-facilita-combate-a-fraude-em-abertura-de-empresas\/","url_meta":{"origin":2125,"position":1},"title":"Decreto facilita combate \u00e0 fraude em abertura de empresas","author":"Ab\u00edlio Gon\u00e7alves","date":"6 de janeiro de 2020","format":false,"excerpt":"DESBUROCRATIZA\u00c7\u00c3O Novas regras simplificam a identifica\u00e7\u00e3o de falsifica\u00e7\u00f5es e melhora ambiente de neg\u00f3cios no pa\u00eds O\u00a0Decreto n\u00ba 10.173, de 16 de dezembro de 2019, tem o objetivo de simplificar a vida das pessoas que foram v\u00edtimas de falsifica\u00e7\u00f5es de documentos durante a abertura ou outros atos relacionados a empresas no\u2026","rel":"","context":"Em &quot;Geral&quot;","block_context":{"text":"Geral","link":"http:\/\/cfcontabil.com\/cf\/category\/geral\/"},"img":{"alt_text":"","src":"https:\/\/i0.wp.com\/cfcontabil.com\/cf\/wp-content\/uploads\/2020\/01\/desburocratizacao.jpg?fit=606%2C454&resize=350%2C200","width":350,"height":200,"srcset":"https:\/\/i0.wp.com\/cfcontabil.com\/cf\/wp-content\/uploads\/2020\/01\/desburocratizacao.jpg?fit=606%2C454&resize=350%2C200 1x, https:\/\/i0.wp.com\/cfcontabil.com\/cf\/wp-content\/uploads\/2020\/01\/desburocratizacao.jpg?fit=606%2C454&resize=525%2C300 1.5x"},"classes":[]},{"id":1171,"url":"http:\/\/cfcontabil.com\/cf\/entrega-da-dctf-inativa-prorrogada-para-julho-de-2017\/","url_meta":{"origin":2125,"position":2},"title":"Entrega da DCTF Inativa prorrogada para Julho de 2017","author":"Ab\u00edlio Gon\u00e7alves","date":"24 de maio de 2017","format":false,"excerpt":"Confirmado a data de prorroga\u00e7\u00e3o da entrega da DCTF Inativa para dia 21 de Julho de 2017. Veja na \u00edntegra: SECRETARIA DA RECEITA FEDERAL DO BRASIL INSTRU\u00c7\u00c3O NORMATIVA N\u00ba 1.708, DE 22 DE MAIO DE 2017 D.O.U EM 23\/05\/2017 Altera a Instru\u00e7\u00e3o Normativa RFB n\u00ba 1.599, de 11 de dezembro\u2026","rel":"","context":"Em &quot;Departamento Fiscal&quot;","block_context":{"text":"Departamento Fiscal","link":"http:\/\/cfcontabil.com\/cf\/category\/df\/"},"img":{"alt_text":"","src":"https:\/\/i0.wp.com\/cfcontabil.com\/cf\/wp-content\/uploads\/2017\/02\/dctf-1.png?fit=800%2C500&resize=350%2C200","width":350,"height":200,"srcset":"https:\/\/i0.wp.com\/cfcontabil.com\/cf\/wp-content\/uploads\/2017\/02\/dctf-1.png?fit=800%2C500&resize=350%2C200 1x, https:\/\/i0.wp.com\/cfcontabil.com\/cf\/wp-content\/uploads\/2017\/02\/dctf-1.png?fit=800%2C500&resize=525%2C300 1.5x, https:\/\/i0.wp.com\/cfcontabil.com\/cf\/wp-content\/uploads\/2017\/02\/dctf-1.png?fit=800%2C500&resize=700%2C400 2x"},"classes":[]},{"id":1124,"url":"http:\/\/cfcontabil.com\/cf\/empresa-com-mais-de-4-funcionarios-deve-usar-certificado-digital-no-acesso-ao-conectividade-social\/","url_meta":{"origin":2125,"position":3},"title":"Empresa com mais de 4 funcion\u00e1rios deve usar Certificado Digital no acesso ao Conectividade social","author":"Ab\u00edlio Gon\u00e7alves","date":"14 de abril de 2017","format":false,"excerpt":"Para quem ainda n\u00e3o conhece, o Conectividade Social \u00e9 o canal obrigat\u00f3rio para o envio de informa\u00e7\u00f5es ao FGTS \u2013 Fundo de Garantia do Tempo de Servi\u00e7o e \u00e0 Previd\u00eancia Social Ou seja, trata-se de um canal eletr\u00f4nico de relacionamento que pode ser utilizado para troca de informa\u00e7\u00f5es relacionadas ao\u2026","rel":"","context":"Em &quot;Departamento Pessoal&quot;","block_context":{"text":"Departamento Pessoal","link":"http:\/\/cfcontabil.com\/cf\/category\/dp\/"},"img":{"alt_text":"","src":"https:\/\/i0.wp.com\/cfcontabil.com\/cf\/wp-content\/uploads\/2017\/04\/conectividade-social-1.jpg?fit=960%2C720&resize=350%2C200","width":350,"height":200,"srcset":"https:\/\/i0.wp.com\/cfcontabil.com\/cf\/wp-content\/uploads\/2017\/04\/conectividade-social-1.jpg?fit=960%2C720&resize=350%2C200 1x, https:\/\/i0.wp.com\/cfcontabil.com\/cf\/wp-content\/uploads\/2017\/04\/conectividade-social-1.jpg?fit=960%2C720&resize=525%2C300 1.5x, https:\/\/i0.wp.com\/cfcontabil.com\/cf\/wp-content\/uploads\/2017\/04\/conectividade-social-1.jpg?fit=960%2C720&resize=700%2C400 2x"},"classes":[]},{"id":1864,"url":"http:\/\/cfcontabil.com\/cf\/empresas-poderao-abrir-filiais-em-outros-estados-instantaneamente\/","url_meta":{"origin":2125,"position":4},"title":"Empresas poder\u00e3o abrir filiais em outros estados instantaneamente","author":"Ab\u00edlio Gon\u00e7alves","date":"8 de novembro de 2019","format":false,"excerpt":"Altera\u00e7\u00f5es, transfer\u00eancias e extin\u00e7\u00f5es tamb\u00e9m ficam mais r\u00e1pidas. At\u00e9 recentemente, a abertura de filiais em outros estados demorava v\u00e1rias semanas. A abertura de filiais de empresas em estados fora da sede passou a ser instant\u00e2nea. Por meio da integra\u00e7\u00e3o digital das juntas comerciais, o registro de outras unidades em outros\u2026","rel":"","context":"Em &quot;Consultoria Empresarial&quot;","block_context":{"text":"Consultoria Empresarial","link":"http:\/\/cfcontabil.com\/cf\/category\/consultoria\/"},"img":{"alt_text":"","src":"https:\/\/i0.wp.com\/cfcontabil.com\/cf\/wp-content\/uploads\/2019\/11\/filial-filiais.jpg?fit=600%2C340&resize=350%2C200","width":350,"height":200,"srcset":"https:\/\/i0.wp.com\/cfcontabil.com\/cf\/wp-content\/uploads\/2019\/11\/filial-filiais.jpg?fit=600%2C340&resize=350%2C200 1x, https:\/\/i0.wp.com\/cfcontabil.com\/cf\/wp-content\/uploads\/2019\/11\/filial-filiais.jpg?fit=600%2C340&resize=525%2C300 1.5x"},"classes":[]},{"id":2329,"url":"http:\/\/cfcontabil.com\/cf\/receita-federal-cria-servico-online-para-validacao-da-procuracao-rfb-com-firma-reconhecida\/","url_meta":{"origin":2125,"position":5},"title":"Receita Federal cria servi\u00e7o online para valida\u00e7\u00e3o da Procura\u00e7\u00e3o RFB com firma reconhecida","author":"Ab\u00edlio Gon\u00e7alves","date":"24 de agosto de 2020","format":false,"excerpt":"Medida, dispon\u00edvel no Portal e-CAC, permitir\u00e1 a redu\u00e7\u00e3o do atendimento presencial em cerca de 25% A Receita Federal do Brasil (RFB) passou a oferecer ao contribuinte, no\u00a0Portal e-CAC, o servi\u00e7o Procura\u00e7\u00e3o RFB com firma reconhecida em cart\u00f3rio por meio do Dossi\u00ea Digital de Atendimento (DDA). A medida visa reduzir o\u2026","rel":"","context":"Em &quot;Consultoria Empresarial&quot;","block_context":{"text":"Consultoria Empresarial","link":"http:\/\/cfcontabil.com\/cf\/category\/consultoria\/"},"img":{"alt_text":"","src":"https:\/\/i0.wp.com\/cfcontabil.com\/cf\/wp-content\/uploads\/2020\/03\/RECEITA_FEDERAL.jpeg?fit=768%2C512&resize=350%2C200","width":350,"height":200,"srcset":"https:\/\/i0.wp.com\/cfcontabil.com\/cf\/wp-content\/uploads\/2020\/03\/RECEITA_FEDERAL.jpeg?fit=768%2C512&resize=350%2C200 1x, https:\/\/i0.wp.com\/cfcontabil.com\/cf\/wp-content\/uploads\/2020\/03\/RECEITA_FEDERAL.jpeg?fit=768%2C512&resize=525%2C300 1.5x, https:\/\/i0.wp.com\/cfcontabil.com\/cf\/wp-content\/uploads\/2020\/03\/RECEITA_FEDERAL.jpeg?fit=768%2C512&resize=700%2C400 2x"},"classes":[]}],"jetpack_likes_enabled":true,"_links":{"self":[{"href":"http:\/\/cfcontabil.com\/cf\/wp-json\/wp\/v2\/posts\/2125","targetHints":{"allow":["GET"]}}],"collection":[{"href":"http:\/\/cfcontabil.com\/cf\/wp-json\/wp\/v2\/posts"}],"about":[{"href":"http:\/\/cfcontabil.com\/cf\/wp-json\/wp\/v2\/types\/post"}],"author":[{"embeddable":true,"href":"http:\/\/cfcontabil.com\/cf\/wp-json\/wp\/v2\/users\/1"}],"replies":[{"embeddable":true,"href":"http:\/\/cfcontabil.com\/cf\/wp-json\/wp\/v2\/comments?post=2125"}],"version-history":[{"count":1,"href":"http:\/\/cfcontabil.com\/cf\/wp-json\/wp\/v2\/posts\/2125\/revisions"}],"predecessor-version":[{"id":2128,"href":"http:\/\/cfcontabil.com\/cf\/wp-json\/wp\/v2\/posts\/2125\/revisions\/2128"}],"wp:featuredmedia":[{"embeddable":true,"href":"http:\/\/cfcontabil.com\/cf\/wp-json\/wp\/v2\/media\/2127"}],"wp:attachment":[{"href":"http:\/\/cfcontabil.com\/cf\/wp-json\/wp\/v2\/media?parent=2125"}],"wp:term":[{"taxonomy":"category","embeddable":true,"href":"http:\/\/cfcontabil.com\/cf\/wp-json\/wp\/v2\/categories?post=2125"},{"taxonomy":"post_tag","embeddable":true,"href":"http:\/\/cfcontabil.com\/cf\/wp-json\/wp\/v2\/tags?post=2125"}],"curies":[{"name":"wp","href":"https:\/\/api.w.org\/{rel}","templated":true}]}}