{"id":2129,"date":"2020-02-28T13:32:29","date_gmt":"2020-02-28T16:32:29","guid":{"rendered":"http:\/\/cfcontabil.com\/cf\/?p=2129"},"modified":"2020-02-28T13:32:37","modified_gmt":"2020-02-28T16:32:37","slug":"irpf-2020-todos-os-dependentes-devem-possuir-cpf-no-imposto-de-renda","status":"publish","type":"post","link":"http:\/\/cfcontabil.com\/cf\/irpf-2020-todos-os-dependentes-devem-possuir-cpf-no-imposto-de-renda\/","title":{"rendered":"IRPF 2020: todos os dependentes devem possuir CPF no Imposto de Renda"},"content":{"rendered":"<p>A&nbsp;<strong>Receita Federal<\/strong>&nbsp;j\u00e1 liberou o&nbsp;<a href=\"http:\/\/receita.economia.gov.br\/interface\/cidadao\/irpf\/2020\/download\/download-do-programa\" target=\"_blank\" rel=\"noopener noreferrer\">download do programa<\/a>&nbsp;do Imposto de Renda da Pessoa F\u00edsica de 2020 (<strong>IRPF 2020<\/strong>), referente ao ano-base 2019. A&nbsp;<strong>entrega da declara\u00e7\u00e3o<\/strong>&nbsp;come\u00e7ar\u00e1 no dia&nbsp;<strong>2 de mar\u00e7o<\/strong>, a partir das 8h, e se estender\u00e1 at\u00e9 30 de abril.<\/p>\n<p>Quem pretender declarar um dependente, portanto, precisa garantir que essa pessoa, seja qual for sua idade, seja inscrita no Cadastro de Pessoa F\u00edsica (CPF).<\/p>\n<p>A exig\u00eancia de CPF para todos os dependentes do contribuinte, independentemente da idade, passou a valer no ano passado, para evitar fraudes no sistema. A cada ano, a Receita j\u00e1 vinha diminuindo a idade m\u00ednima para a inclus\u00e3o do n\u00famero do documento na declara\u00e7\u00e3o, at\u00e9 que estabeleceu a obrigatoriedade para todos.<\/p>\n<p><strong>Como emitir o documento?<\/strong><\/p>\n<p>Se a pessoa j\u00e1 tem t\u00edtulo de eleitor, \u00e9 poss\u00edvel fazer a inscri\u00e7\u00e3o no CPF, gratuitamente, pela internet, no site da&nbsp;<a href=\"https:\/\/servicos.receita.fazenda.gov.br\/Servicos\/CPF\/InscricaoPublica\/inscricao.asp\" target=\"_blank\" rel=\"noopener noreferrer\">Receita Federal<\/a>.<\/p>\n<p>Um formul\u00e1rio com nome, data de nascimento, nome da m\u00e3e, t\u00edtulo de eleitor e endere\u00e7o deve ser preenchido. O n\u00famero de inscri\u00e7\u00e3o \u00e9 gerado no momento em que o CPF \u00e9 solicitado, sendo poss\u00edvel imprimir o comprovante de inscri\u00e7\u00e3o.<\/p>\n<p>O Banco do Brasil, a Caixa Econ\u00f4mica Federal e os Correios tamb\u00e9m prestam o servi\u00e7o, mesmo para quem n\u00e3o tem t\u00edtulo de eleitor, mas podem cobrar at\u00e9 R$ 7.<\/p>\n<p>Em todos os casos, o n\u00famero de inscri\u00e7\u00e3o no CPF \u00e9 gerado na conclus\u00e3o do atendimento. A consulta dele pode ser feita&nbsp;<a href=\"http:\/\/www.receita.fazenda.gov.br\/aplicacoes\/atcta\/cpf\/consultaandamento.asp\" target=\"_blank\" rel=\"noopener noreferrer\">aqui<\/a>.<\/p>\n<p align=\"justify\"><strong>Aten\u00e7\u00e3o aos documentos necess\u00e1rios (originais ou c\u00f3pias autenticadas)<\/strong><\/p>\n<p align=\"justify\"><strong>Para maiores de 18 anos<\/strong><\/p>\n<p align=\"justify\">&#8211; Documento de identifica\u00e7\u00e3o oficial com foto do interessado.<\/p>\n<p>&#8211; Certid\u00e3o de nascimento ou de casamento, caso n\u00e3o constem do documento de identifica\u00e7\u00e3o oficial apresentado a naturalidade, a filia\u00e7\u00e3o e a data de nascimento.<\/p>\n<p>&#8211; T\u00edtulo de eleitor ou documento que comprove o alistamento eleitoral.<\/p>\n<p>&#8211; Na inexist\u00eancia da obrigatoriedade ou da impossibilidade do alistamento eleitoral, certid\u00e3o da Justi\u00e7a Eleitoral ou documento que comprove esta condi\u00e7\u00e3o.<\/p>\n<p><strong>Para menores com 16 ou 17 anos de idade<\/strong><\/p>\n<p>&#8211; Se o solicitante for a pr\u00f3pria pessoa: documento de identifica\u00e7\u00e3o com foto do menor, que comprove sua naturalidade, sua filia\u00e7\u00e3o e sua data de nascimento.<\/p>\n<p>&#8211; Se o solicitante for um dos pais: certid\u00e3o de nascimento ou documento de identifica\u00e7\u00e3o oficial com foto do menor que comprove a naturalidade, a filia\u00e7\u00e3o e a data de nascimento, e documento de identifica\u00e7\u00e3o oficial com foto do solicitante (um dos pais).<\/p>\n<p>&#8211; T\u00edtulo de eleitor ou documento que comprove alistamento eleitoral (facultativo).<\/p>\n<p align=\"justify\"><strong>Para menores de 16 anos, tutelados, curatelados e outras pessoas sujeitas \u00e0 guarda judicial<\/strong><\/p>\n<p align=\"justify\">&#8211; Certid\u00e3o de nascimento, certid\u00e3o de casamento ou documento de identifica\u00e7\u00e3o oficial com foto do menor.<\/p>\n<p>&#8211; Documento de identifica\u00e7\u00e3o oficial com foto do solicitante, (um dos pais, tutor, curador ou respons\u00e1vel pela guarda).<\/p>\n<p>&#8211; Documento que comprove a tutela, a curatela ou a responsabilidade pela guarda, conforme o caso, do incapaz ou do interdito.<\/p>\n","protected":false},"excerpt":{"rendered":"<p>A&nbsp;Receita Federal&nbsp;j\u00e1 liberou o&nbsp;download do programa&nbsp;do Imposto de Renda da Pessoa F\u00edsica de 2020 (IRPF 2020), referente ao ano-base 2019. A&nbsp;entrega da declara\u00e7\u00e3o&nbsp;come\u00e7ar\u00e1 no dia&nbsp;2 de mar\u00e7o, a partir das 8h, e se estender\u00e1 at\u00e9 30 de abril. Quem pretender declarar um dependente, portanto, precisa garantir que essa pessoa, seja qual for sua idade, seja [&hellip;]<\/p>\n","protected":false},"author":1,"featured_media":2054,"comment_status":"open","ping_status":"open","sticky":false,"template":"","format":"standard","meta":{"jetpack_post_was_ever_published":false,"_jetpack_newsletter_access":"","_jetpack_dont_email_post_to_subs":false,"_jetpack_newsletter_tier_id":0,"_jetpack_memberships_contains_paywalled_content":false,"_jetpack_memberships_contains_paid_content":false,"footnotes":"","jetpack_publicize_message":"","jetpack_publicize_feature_enabled":true,"jetpack_social_post_already_shared":true,"jetpack_social_options":{"image_generator_settings":{"template":"highway","default_image_id":0,"font":"","enabled":false},"version":2}},"categories":[46],"tags":[108,111],"class_list":["post-2129","post","type-post","status-publish","format-standard","has-post-thumbnail","hentry","category-df","tag-imposto","tag-renda"],"jetpack_publicize_connections":[],"jetpack_featured_media_url":"https:\/\/i0.wp.com\/cfcontabil.com\/cf\/wp-content\/uploads\/2020\/01\/cpf.jpg?fit=768%2C490","jetpack_sharing_enabled":true,"jetpack_shortlink":"https:\/\/wp.me\/p2wklX-yl","jetpack-related-posts":[{"id":1798,"url":"http:\/\/cfcontabil.com\/cf\/exigencia-de-cpf-no-imposto-de-renda-faz-12-milhao-de-dependentes-desaparecer\/","url_meta":{"origin":2129,"position":0},"title":"Exig\u00eancia de CPF no Imposto de Renda faz 1,2 milh\u00e3o de dependentes &#8216;desaparecer&#8217;","author":"Ab\u00edlio Gon\u00e7alves","date":"18 de outubro de 2019","format":false,"excerpt":"Mais rigor do Fisco derruba o n\u00famero de crian\u00e7as e adolescentes na declara\u00e7\u00e3o de pessoa f\u00edsica Em apenas um ano, entre 2017 e 2018, cerca de 1,2 milh\u00e3o de crian\u00e7as e adolescentes desapareceram das declara\u00e7\u00f5es de IR (Imposto de Renda) captadas pela Receita Federal. Levantamento feito pelo Fisco mostra que\u2026","rel":"","context":"Em &quot;Imposto de Renda&quot;","block_context":{"text":"Imposto de Renda","link":"http:\/\/cfcontabil.com\/cf\/category\/imposto-de-renda\/"},"img":{"alt_text":"","src":"https:\/\/i0.wp.com\/cfcontabil.com\/cf\/wp-content\/uploads\/2017\/02\/irpfrfb-1.jpg?fit=640%2C340&resize=350%2C200","width":350,"height":200,"srcset":"https:\/\/i0.wp.com\/cfcontabil.com\/cf\/wp-content\/uploads\/2017\/02\/irpfrfb-1.jpg?fit=640%2C340&resize=350%2C200 1x, https:\/\/i0.wp.com\/cfcontabil.com\/cf\/wp-content\/uploads\/2017\/02\/irpfrfb-1.jpg?fit=640%2C340&resize=525%2C300 1.5x"},"classes":[]},{"id":920,"url":"http:\/\/cfcontabil.com\/cf\/receita-federal-altera-regras-de-informacoes-de-dependentes-na-dirpf\/","url_meta":{"origin":2129,"position":1},"title":"Receita Federal altera regras de informa\u00e7\u00f5es de dependentes na Dirpf","author":"Ab\u00edlio Gon\u00e7alves","date":"2 de fevereiro de 2017","format":false,"excerpt":"Foi publicada hoje no Di\u00e1rio Oficial da Uni\u00e3o a Instru\u00e7\u00e3o Normativa RFB n\u00ba 1688, que determina que os contribuintes que desejarem incluir seus dependentes na declara\u00e7\u00e3o do Imposto de Renda de 2017 dever\u00e3o registr\u00e1-los no Cadastro de Pessoas F\u00edsicas (CPF), caso tenham 12 anos ou mais. At\u00e9 ent\u00e3o, a obrigatoriedade\u2026","rel":"","context":"Em &quot;Geral&quot;","block_context":{"text":"Geral","link":"http:\/\/cfcontabil.com\/cf\/category\/geral\/"},"img":{"alt_text":"","src":"https:\/\/i0.wp.com\/cfcontabil.com\/cf\/wp-content\/uploads\/2017\/02\/DEPENDENTES-1.png?fit=940%2C788&resize=350%2C200","width":350,"height":200,"srcset":"https:\/\/i0.wp.com\/cfcontabil.com\/cf\/wp-content\/uploads\/2017\/02\/DEPENDENTES-1.png?fit=940%2C788&resize=350%2C200 1x, https:\/\/i0.wp.com\/cfcontabil.com\/cf\/wp-content\/uploads\/2017\/02\/DEPENDENTES-1.png?fit=940%2C788&resize=525%2C300 1.5x, https:\/\/i0.wp.com\/cfcontabil.com\/cf\/wp-content\/uploads\/2017\/02\/DEPENDENTES-1.png?fit=940%2C788&resize=700%2C400 2x"},"classes":[]},{"id":3155,"url":"http:\/\/cfcontabil.com\/cf\/%e2%9c%85-irpf-2025-checklist-completo-para-voce-declarar-sem-dor-de-cabeca\/","url_meta":{"origin":2129,"position":2},"title":"IRPF 2025: Checklist completo para voc\u00ea declarar sem dor de cabe\u00e7a","author":"Ab\u00edlio Gon\u00e7alves","date":"24 de abril de 2025","format":false,"excerpt":"A temporada de declara\u00e7\u00e3o do Imposto de Renda 2025 j\u00e1 come\u00e7ou, e para n\u00e3o correr riscos com a Receita Federal, o ideal \u00e9 estar com toda a documenta\u00e7\u00e3o organizada o quanto antes. Se voc\u00ea est\u00e1 em d\u00favida sobre o que precisa reunir, este checklist vai te ajudar. Anote a\u00ed: Documentos\u2026","rel":"","context":"Em &quot;Imposto de Renda&quot;","block_context":{"text":"Imposto de Renda","link":"http:\/\/cfcontabil.com\/cf\/category\/imposto-de-renda\/"},"img":{"alt_text":"","src":"https:\/\/i0.wp.com\/cfcontabil.com\/cf\/wp-content\/uploads\/2025\/04\/um-checklist-de-documentos-sobre-uma-mesa-de-trabalho.png?fit=1024%2C768&resize=350%2C200","width":350,"height":200,"srcset":"https:\/\/i0.wp.com\/cfcontabil.com\/cf\/wp-content\/uploads\/2025\/04\/um-checklist-de-documentos-sobre-uma-mesa-de-trabalho.png?fit=1024%2C768&resize=350%2C200 1x, https:\/\/i0.wp.com\/cfcontabil.com\/cf\/wp-content\/uploads\/2025\/04\/um-checklist-de-documentos-sobre-uma-mesa-de-trabalho.png?fit=1024%2C768&resize=525%2C300 1.5x, https:\/\/i0.wp.com\/cfcontabil.com\/cf\/wp-content\/uploads\/2025\/04\/um-checklist-de-documentos-sobre-uma-mesa-de-trabalho.png?fit=1024%2C768&resize=700%2C400 2x"},"classes":[]},{"id":1075,"url":"http:\/\/cfcontabil.com\/cf\/receita-federal-lanca-video-do-imposto-de-renda-2017\/","url_meta":{"origin":2129,"position":3},"title":"Receita Federal lan\u00e7a v\u00eddeo do Imposto de Renda 2017","author":"Ab\u00edlio Gon\u00e7alves","date":"21 de mar\u00e7o de 2017","format":false,"excerpt":"A TV Receita acaba de lan\u00e7ar v\u00eddeo em anima\u00e7\u00e3o para a divulga\u00e7\u00e3o do IRPF 2017. As imagens apresentam as novidades da declara\u00e7\u00e3o deste ano, al\u00e9m de enfatizar de forma l\u00fadica e simplificada os pontos b\u00e1sicos da declara\u00e7\u00e3o de imposto de renda pessoa f\u00edsica. Com bom humor e de forma descontra\u00edda,\u2026","rel":"","context":"Em &quot;Departamento Fiscal&quot;","block_context":{"text":"Departamento Fiscal","link":"http:\/\/cfcontabil.com\/cf\/category\/df\/"},"img":{"alt_text":"","src":"https:\/\/i0.wp.com\/cfcontabil.com\/cf\/wp-content\/uploads\/2017\/02\/irpf2017-1.png?fit=490%2C247&resize=350%2C200","width":350,"height":200},"classes":[]},{"id":1220,"url":"http:\/\/cfcontabil.com\/cf\/receita-pedira-e-mail-e-numero-de-celular-na-declaracao-de-ir-deste-ano\/","url_meta":{"origin":2129,"position":4},"title":"Receita pedir\u00e1 e-mail e n\u00famero de celular na declara\u00e7\u00e3o de IR deste ano","author":"Ab\u00edlio Gon\u00e7alves","date":"22 de fevereiro de 2017","format":false,"excerpt":"A Receita Federal passar\u00e1 a pedir e-mail e n\u00famero de celular dos contribuintes na declara\u00e7\u00e3o de Imposto de Renda deste ano. O preenchimento dessas informa\u00e7\u00f5es n\u00e3o ser\u00e1 obrigat\u00f3rio. A Receita garante que os dados ser\u00e3o coletados somente para ampliar o cadastro e s\u00f3 ser\u00e3o utilizados com aviso-pr\u00e9vio e autoriza\u00e7\u00e3o dos\u2026","rel":"","context":"Em &quot;Departamento Fiscal&quot;","block_context":{"text":"Departamento Fiscal","link":"http:\/\/cfcontabil.com\/cf\/category\/df\/"},"img":{"alt_text":"","src":"","width":0,"height":0},"classes":[]},{"id":2951,"url":"http:\/\/cfcontabil.com\/cf\/guia-completo-do-irpf-2024-documentos-e-dicas-essenciais\/","url_meta":{"origin":2129,"position":5},"title":"GUIA COMPLETO DO IRPF 2024: Documentos e Dicas Essenciais","author":"Ab\u00edlio Gon\u00e7alves","date":"8 de fevereiro de 2024","format":false,"excerpt":"Estamos entrando na temporada de acerto de contas com o Le\u00e3o, e para tornar esse processo o mais tranquilo poss\u00edvel, preparamos um guia completo para voc\u00ea entender tudo sobre o Imposto de Renda Pessoa F\u00edsica (IRPF) 2024. O Que \u00c9 o IRPF? O Imposto de Renda Pessoa F\u00edsica \u00e9 uma\u2026","rel":"","context":"Em &quot;Geral&quot;","block_context":{"text":"Geral","link":"http:\/\/cfcontabil.com\/cf\/category\/geral\/"},"img":{"alt_text":"","src":"https:\/\/i0.wp.com\/cfcontabil.com\/cf\/wp-content\/uploads\/2024\/02\/cfcontabil-blog-irpf-2024-2.png?fit=1200%2C675&resize=350%2C200","width":350,"height":200,"srcset":"https:\/\/i0.wp.com\/cfcontabil.com\/cf\/wp-content\/uploads\/2024\/02\/cfcontabil-blog-irpf-2024-2.png?fit=1200%2C675&resize=350%2C200 1x, https:\/\/i0.wp.com\/cfcontabil.com\/cf\/wp-content\/uploads\/2024\/02\/cfcontabil-blog-irpf-2024-2.png?fit=1200%2C675&resize=525%2C300 1.5x, https:\/\/i0.wp.com\/cfcontabil.com\/cf\/wp-content\/uploads\/2024\/02\/cfcontabil-blog-irpf-2024-2.png?fit=1200%2C675&resize=700%2C400 2x, https:\/\/i0.wp.com\/cfcontabil.com\/cf\/wp-content\/uploads\/2024\/02\/cfcontabil-blog-irpf-2024-2.png?fit=1200%2C675&resize=1050%2C600 3x"},"classes":[]}],"jetpack_likes_enabled":true,"_links":{"self":[{"href":"http:\/\/cfcontabil.com\/cf\/wp-json\/wp\/v2\/posts\/2129","targetHints":{"allow":["GET"]}}],"collection":[{"href":"http:\/\/cfcontabil.com\/cf\/wp-json\/wp\/v2\/posts"}],"about":[{"href":"http:\/\/cfcontabil.com\/cf\/wp-json\/wp\/v2\/types\/post"}],"author":[{"embeddable":true,"href":"http:\/\/cfcontabil.com\/cf\/wp-json\/wp\/v2\/users\/1"}],"replies":[{"embeddable":true,"href":"http:\/\/cfcontabil.com\/cf\/wp-json\/wp\/v2\/comments?post=2129"}],"version-history":[{"count":2,"href":"http:\/\/cfcontabil.com\/cf\/wp-json\/wp\/v2\/posts\/2129\/revisions"}],"predecessor-version":[{"id":2132,"href":"http:\/\/cfcontabil.com\/cf\/wp-json\/wp\/v2\/posts\/2129\/revisions\/2132"}],"wp:featuredmedia":[{"embeddable":true,"href":"http:\/\/cfcontabil.com\/cf\/wp-json\/wp\/v2\/media\/2054"}],"wp:attachment":[{"href":"http:\/\/cfcontabil.com\/cf\/wp-json\/wp\/v2\/media?parent=2129"}],"wp:term":[{"taxonomy":"category","embeddable":true,"href":"http:\/\/cfcontabil.com\/cf\/wp-json\/wp\/v2\/categories?post=2129"},{"taxonomy":"post_tag","embeddable":true,"href":"http:\/\/cfcontabil.com\/cf\/wp-json\/wp\/v2\/tags?post=2129"}],"curies":[{"name":"wp","href":"https:\/\/api.w.org\/{rel}","templated":true}]}}