{"id":2137,"date":"2020-03-06T11:30:50","date_gmt":"2020-03-06T14:30:50","guid":{"rendered":"http:\/\/cfcontabil.com\/cf\/?p=2137"},"modified":"2020-03-06T10:50:03","modified_gmt":"2020-03-06T13:50:03","slug":"mais-de-16-mi-de-contribuintes-ja-entregaram-declaracao-do-ir","status":"publish","type":"post","link":"http:\/\/cfcontabil.com\/cf\/mais-de-16-mi-de-contribuintes-ja-entregaram-declaracao-do-ir\/","title":{"rendered":"Mais de 1,6 mi de contribuintes j\u00e1 entregaram declara\u00e7\u00e3o do IR"},"content":{"rendered":"<p><span style=\"font-size: 18pt;\"><strong>Receita Federal espera receber 32 milh\u00f5es de declara\u00e7\u00f5es em 2020<\/strong><\/span><\/p>\n<p><a href=\"https:\/\/i0.wp.com\/cfcontabil.com\/cf\/wp-content\/uploads\/2017\/01\/leao-imposto-renda-original1-1.jpeg\"><img data-recalc-dims=\"1\" fetchpriority=\"high\" decoding=\"async\" data-attachment-id=\"803\" data-permalink=\"http:\/\/cfcontabil.com\/cf\/mais-de-16-mi-de-contribuintes-ja-entregaram-declaracao-do-ir\/leao-imposto-renda-original1\/\" data-orig-file=\"https:\/\/i0.wp.com\/cfcontabil.com\/cf\/wp-content\/uploads\/2017\/01\/leao-imposto-renda-original1-1.jpeg?fit=620%2C349\" data-orig-size=\"620,349\" data-comments-opened=\"1\" data-image-meta=\"{&quot;aperture&quot;:&quot;0&quot;,&quot;credit&quot;:&quot;&quot;,&quot;camera&quot;:&quot;&quot;,&quot;caption&quot;:&quot;&quot;,&quot;created_timestamp&quot;:&quot;0&quot;,&quot;copyright&quot;:&quot;&quot;,&quot;focal_length&quot;:&quot;0&quot;,&quot;iso&quot;:&quot;0&quot;,&quot;shutter_speed&quot;:&quot;0&quot;,&quot;title&quot;:&quot;&quot;,&quot;orientation&quot;:&quot;0&quot;}\" data-image-title=\"leao-imposto-renda-original1\" data-image-description=\"\" data-image-caption=\"\" data-large-file=\"https:\/\/i0.wp.com\/cfcontabil.com\/cf\/wp-content\/uploads\/2017\/01\/leao-imposto-renda-original1-1.jpeg?fit=620%2C349\" class=\"aligncenter size-full wp-image-803\" src=\"https:\/\/i0.wp.com\/cfcontabil.com\/cf\/wp-content\/uploads\/2017\/01\/leao-imposto-renda-original1-1.jpeg?resize=620%2C349\" alt=\"\" width=\"620\" height=\"349\" srcset=\"https:\/\/i0.wp.com\/cfcontabil.com\/cf\/wp-content\/uploads\/2017\/01\/leao-imposto-renda-original1-1.jpeg?w=620 620w, https:\/\/i0.wp.com\/cfcontabil.com\/cf\/wp-content\/uploads\/2017\/01\/leao-imposto-renda-original1-1.jpeg?resize=300%2C169 300w, https:\/\/i0.wp.com\/cfcontabil.com\/cf\/wp-content\/uploads\/2017\/01\/leao-imposto-renda-original1-1.jpeg?resize=370%2C208 370w, https:\/\/i0.wp.com\/cfcontabil.com\/cf\/wp-content\/uploads\/2017\/01\/leao-imposto-renda-original1-1.jpeg?resize=270%2C152 270w\" sizes=\"(max-width: 620px) 100vw, 620px\" \/><\/a><\/p>\n<p>No quarto dia de entrega da declara\u00e7\u00e3o do Imposto de Renda Pessoa F\u00edsica (IRPF) 2020, pouco mais de 1,6 milh\u00e3o de contribuintes acertaram as contas com o Le\u00e3o. Esse \u00e9 o n\u00famero de documentos enviados desde a \u00faltima\u00a0<span id=\"OBJ_PREFIX_DWT469_com_zimbra_date\" role=\"link\">segunda<\/span>-feira (2) at\u00e9 as 16h de\u00a0<span id=\"OBJ_PREFIX_DWT455_com_zimbra_date\" role=\"link\"><span id=\"OBJ_PREFIX_DWT470_com_zimbra_date\" role=\"link\">hoje<\/span><\/span>\u00a0(5).<\/p>\n<p>O total equivale a 5% dos 32 milh\u00f5es de declara\u00e7\u00f5es esperadas para este ano. O prazo de entrega vai at\u00e9 as 23h59 de\u00a0<span id=\"OBJ_PREFIX_DWT456_com_zimbra_date\" role=\"link\"><span id=\"OBJ_PREFIX_DWT471_com_zimbra_date\" role=\"link\">30 de abril<\/span><\/span>. Quem declara no in\u00edcio do prazo tem prioridade para receber a restitui\u00e7\u00e3o, caso n\u00e3o a preencham com erros e omiss\u00f5es. Pessoas com mais de 60 anos, com mol\u00e9stias graves ou defici\u00eancia f\u00edsica tamb\u00e9m recebem a restitui\u00e7\u00e3o primeiro.<\/p>\n<p>A declara\u00e7\u00e3o do Imposto de Renda \u00e9 obrigat\u00f3ria para quem recebeu rendimentos tribut\u00e1veis superiores a R$ 28.559,70 no ano passado, o equivalente a R$ 2.196,90 por m\u00eas, inclu\u00eddo o d\u00e9cimo terceiro. A multa por atraso de entrega \u00e9 estipulada em 1% ao m\u00eas-calend\u00e1rio at\u00e9 20%. O valor m\u00ednimo \u00e9 R$ 165,74.<\/p>\n<p>O programa gerador da declara\u00e7\u00e3o est\u00e1 dispon\u00edvel no<a href=\"http:\/\/receita.economia.gov.br\/interface\/cidadao\/irpf\/2020\/download\/windows\" target=\"_blank\" rel=\"noopener noreferrer\">\u00a0site\u00a0<\/a>da Receita Federal. Quem optar por dispositivos m\u00f3veis, como tablets ou smartphones, poder\u00e1 baixar o\u00a0<a href=\"https:\/\/play.google.com\/store\/apps\/details?id=br.gov.fazenda.receita.irpf&amp;amp;hl=pt_BR\" target=\"_blank\" rel=\"noopener noreferrer\">aplicativo<\/a>\u00a0Meu Imposto de Renda nas lojas Google Play, para o sistema operacional Android, e na\u00a0<a href=\"https:\/\/apps.apple.com\/br\/app\/meu-imposto-de-renda\/id922529225\" target=\"_blank\" rel=\"noopener noreferrer\">App Store<\/a>, para o sistema operacional iOS.<\/p>\n<p>A declara\u00e7\u00e3o do Imposto de Renda \u00e9 obrigat\u00f3ria para quem recebeu rendimentos tribut\u00e1veis superiores a R$ 28.559,70 no ano passado, o equivalente a R$ 2.196,90 por m\u00eas, inclu\u00eddo o d\u00e9cimo terceiro. A multa por atraso de entrega \u00e9 estipulada em 1% ao m\u00eas-calend\u00e1rio at\u00e9 20%. O valor m\u00ednimo \u00e9 R$ 165,74.<\/p>\n<h2>Mudan\u00e7as<\/h2>\n<p>As\u00a0<a href=\"http:\/\/receita.economia.gov.br\/interface\/cidadao\/irpf\/2020\/declaracao\/novidades\" target=\"_blank\" rel=\"noopener noreferrer\">novidades<\/a>\u00a0para a entrega da declara\u00e7\u00e3o neste ano est\u00e3o dispon\u00edveis na p\u00e1gina da Receita. Entre as principais mudan\u00e7as, est\u00e3o a\u00a0<a href=\"http:\/\/receita.economia.gov.br\/interface\/cidadao\/irpf\/2020\/declaracao\/novidades\" target=\"_blank\" rel=\"noopener noreferrer\">antecipa\u00e7\u00e3o<\/a>\u00a0no cronograma de restitui\u00e7\u00e3o , cujo pagamento come\u00e7ar\u00e1 no fim<span id=\"OBJ_PREFIX_DWT463_com_zimbra_date\" role=\"link\">\u00a0de maio<\/span>\u00a0e terminar\u00e1 no fim<span id=\"OBJ_PREFIX_DWT464_com_zimbra_date\" role=\"link\">\u00a0de setembro<\/span>, e o fim da\u00a0<a href=\"http:\/\/agenciabrasil.ebc.com.br\/economia\/noticia\/2020-01\/ir-contribuinte-nao-podera-deduzir-gasto-com-previdencia-de-domestica\" target=\"_blank\" rel=\"noopener noreferrer\">dedu\u00e7\u00e3o<\/a>\u00a0do INSS dos trabalhadores\u00a0<span id=\"OBJ_PREFIX_DWT465_com_zimbra_date\" role=\"link\"><span id=\"OBJ_PREFIX_DWT478_com_zimbra_date\" role=\"link\">dom<\/span><\/span>\u00e9sticos.<\/p>\n<p>Pela primeira vez, os contribuintes com certifica\u00e7\u00e3o digital receber\u00e3o a declara\u00e7\u00e3o pr\u00e9-preenchida no programa gerador. At\u00e9 agora, eles tinham de entrar no\u00a0<a href=\"https:\/\/cav.receita.fazenda.gov.br\/\" target=\"_blank\" rel=\"noopener noreferrer\">Centro Virtual de Atendimento da Receita<\/a>, salvar o formul\u00e1rio pr\u00e9-preenchido no computador e importar o arquivo para preencher a declara\u00e7\u00e3o. Neste ano, tamb\u00e9m est\u00e1 dispon\u00edvel a doa\u00e7\u00e3o, diretamente na declara\u00e7\u00e3o, de at\u00e9 3% do imposto devido para fundos de direito dos idosos.<\/p>\n<h2>Obrigatoriedade<\/h2>\n<p>Precisa ainda declarar o Imposto de Renda quem recebeu rendimentos isentos, n\u00e3o tribut\u00e1veis ou tributados exclusivamente na fonte, cuja soma foi superior a R$ 40 mil; quem obteve, em qualquer m\u00eas de 2016, ganho de capital na aliena\u00e7\u00e3o de bens ou direitos sujeito \u00e0 incid\u00eancia do imposto ou realizou opera\u00e7\u00f5es em bolsas de valores, de mercadorias e de futuros.<\/p>\n<p>Quando se trata de atividade rural, \u00e9 obrigado a declarar o contribuinte com renda bruta superior a R$ 142.798,50; quem pretende compensar preju\u00edzos do ano-calend\u00e1rio 2016 ou posteriores ou quem teve, em\u00a0<span id=\"OBJ_PREFIX_DWT468_com_zimbra_date\" role=\"link\"><span id=\"OBJ_PREFIX_DWT481_com_zimbra_date\" role=\"link\">31 de dezembro<\/span><\/span>\u00a0do ano passado, a posse ou propriedade de bens ou direitos, inclusive terra nua, com valor total superior a R$ 300 mil.<\/p>\n<p>Fonte: Ag\u00eancia Brasil<\/p>\n\n\n<div class=\"wp-block-image\"><figure class=\"aligncenter size-large is-resized\"><img data-recalc-dims=\"1\" decoding=\"async\" data-attachment-id=\"2141\" data-permalink=\"http:\/\/cfcontabil.com\/cf\/cf_qrcode2\/\" data-orig-file=\"https:\/\/i0.wp.com\/cfcontabil.com\/cf\/wp-content\/uploads\/2020\/03\/CF_QRCODE2.png?fit=3000%2C3561\" data-orig-size=\"3000,3561\" data-comments-opened=\"1\" data-image-meta=\"{&quot;aperture&quot;:&quot;0&quot;,&quot;credit&quot;:&quot;&quot;,&quot;camera&quot;:&quot;&quot;,&quot;caption&quot;:&quot;&quot;,&quot;created_timestamp&quot;:&quot;0&quot;,&quot;copyright&quot;:&quot;&quot;,&quot;focal_length&quot;:&quot;0&quot;,&quot;iso&quot;:&quot;0&quot;,&quot;shutter_speed&quot;:&quot;0&quot;,&quot;title&quot;:&quot;&quot;,&quot;orientation&quot;:&quot;0&quot;}\" data-image-title=\"CF_QRCODE2\" data-image-description=\"\" data-image-caption=\"\" data-large-file=\"https:\/\/i0.wp.com\/cfcontabil.com\/cf\/wp-content\/uploads\/2020\/03\/CF_QRCODE2.png?fit=863%2C1024\" src=\"https:\/\/i0.wp.com\/cfcontabil.com\/cf\/wp-content\/uploads\/2020\/03\/CF_QRCODE2.png?resize=242%2C286\" alt=\"\" class=\"wp-image-2141\" width=\"242\" height=\"286\" srcset=\"https:\/\/i0.wp.com\/cfcontabil.com\/cf\/wp-content\/uploads\/2020\/03\/CF_QRCODE2.png?resize=863%2C1024 863w, https:\/\/i0.wp.com\/cfcontabil.com\/cf\/wp-content\/uploads\/2020\/03\/CF_QRCODE2.png?resize=253%2C300 253w, https:\/\/i0.wp.com\/cfcontabil.com\/cf\/wp-content\/uploads\/2020\/03\/CF_QRCODE2.png?resize=768%2C912 768w, https:\/\/i0.wp.com\/cfcontabil.com\/cf\/wp-content\/uploads\/2020\/03\/CF_QRCODE2.png?resize=1294%2C1536 1294w, https:\/\/i0.wp.com\/cfcontabil.com\/cf\/wp-content\/uploads\/2020\/03\/CF_QRCODE2.png?resize=1725%2C2048 1725w, https:\/\/i0.wp.com\/cfcontabil.com\/cf\/wp-content\/uploads\/2020\/03\/CF_QRCODE2.png?resize=770%2C914 770w, https:\/\/i0.wp.com\/cfcontabil.com\/cf\/wp-content\/uploads\/2020\/03\/CF_QRCODE2.png?resize=370%2C439 370w, https:\/\/i0.wp.com\/cfcontabil.com\/cf\/wp-content\/uploads\/2020\/03\/CF_QRCODE2.png?w=2340 2340w\" sizes=\"(max-width: 242px) 100vw, 242px\" \/><figcaption><em>Aponte a c\u00e2mera do seu celular<\/em><\/figcaption><\/figure><\/div>\n","protected":false},"excerpt":{"rendered":"<p>Receita Federal espera receber 32 milh\u00f5es de declara\u00e7\u00f5es em 2020 No quarto dia de entrega da declara\u00e7\u00e3o do Imposto de Renda Pessoa F\u00edsica (IRPF) 2020, pouco mais de 1,6 milh\u00e3o de contribuintes acertaram as contas com o Le\u00e3o. Esse \u00e9 o n\u00famero de documentos enviados desde a \u00faltima\u00a0segunda-feira (2) at\u00e9 as 16h de\u00a0hoje\u00a0(5). O total [&hellip;]<\/p>\n","protected":false},"author":1,"featured_media":2138,"comment_status":"open","ping_status":"open","sticky":false,"template":"","format":"standard","meta":{"jetpack_post_was_ever_published":false,"_jetpack_newsletter_access":"","_jetpack_dont_email_post_to_subs":false,"_jetpack_newsletter_tier_id":0,"_jetpack_memberships_contains_paywalled_content":false,"_jetpack_memberships_contains_paid_content":false,"footnotes":"","jetpack_publicize_message":"","jetpack_publicize_feature_enabled":true,"jetpack_social_post_already_shared":true,"jetpack_social_options":{"image_generator_settings":{"template":"highway","default_image_id":0,"font":"","enabled":false},"version":2}},"categories":[46],"tags":[108,141,115,116,111],"class_list":["post-2137","post","type-post","status-publish","format-standard","has-post-thumbnail","hentry","category-df","tag-imposto","tag-imposto-de-renda","tag-irpf","tag-prazo","tag-renda"],"jetpack_publicize_connections":[],"jetpack_featured_media_url":"https:\/\/i0.wp.com\/cfcontabil.com\/cf\/wp-content\/uploads\/2020\/03\/IRPF-CELULAR-NOT.jpg?fit=1170%2C700","jetpack_sharing_enabled":true,"jetpack_shortlink":"https:\/\/wp.me\/p2wklX-yt","jetpack-related-posts":[{"id":2112,"url":"http:\/\/cfcontabil.com\/cf\/contribuintes-podem-baixar-programa-do-imposto-de-renda-2020-nesta-quinta-feira-20\/","url_meta":{"origin":2137,"position":0},"title":"Contribuintes podem baixar programa do Imposto de Renda 2020 nesta quinta-feira (20)","author":"Ab\u00edlio Gon\u00e7alves","date":"20 de fevereiro de 2020","format":false,"excerpt":"Receita Federal espera receber 32 milh\u00f5es de declara\u00e7\u00f5es de pessoas f\u00edsicas https:\/\/www.youtube.com\/watch?v=UpwbSoIuHaA&feature=youtu.be Contribuinte que atrasar a entrega do IRPF 2020 pagar\u00e1 multa de 1% sobre o imposto devido ao m\u00eas. O valor m\u00ednimo \u00e9 de R$ 165,74. - Foto: Secom\/PR Apartir das 8h desta quinta-feira (20), contribuintes poder\u00e3o baixar o\u2026","rel":"","context":"Em &quot;Departamento Fiscal&quot;","block_context":{"text":"Departamento Fiscal","link":"http:\/\/cfcontabil.com\/cf\/category\/df\/"},"img":{"alt_text":"","src":"https:\/\/i0.wp.com\/cfcontabil.com\/cf\/wp-content\/uploads\/2020\/02\/IRPF-regras-youtube.jpeg?fit=1200%2C675&resize=350%2C200","width":350,"height":200,"srcset":"https:\/\/i0.wp.com\/cfcontabil.com\/cf\/wp-content\/uploads\/2020\/02\/IRPF-regras-youtube.jpeg?fit=1200%2C675&resize=350%2C200 1x, https:\/\/i0.wp.com\/cfcontabil.com\/cf\/wp-content\/uploads\/2020\/02\/IRPF-regras-youtube.jpeg?fit=1200%2C675&resize=525%2C300 1.5x, https:\/\/i0.wp.com\/cfcontabil.com\/cf\/wp-content\/uploads\/2020\/02\/IRPF-regras-youtube.jpeg?fit=1200%2C675&resize=700%2C400 2x, https:\/\/i0.wp.com\/cfcontabil.com\/cf\/wp-content\/uploads\/2020\/02\/IRPF-regras-youtube.jpeg?fit=1200%2C675&resize=1050%2C600 3x"},"classes":[]},{"id":2305,"url":"http:\/\/cfcontabil.com\/cf\/receita-federal-ja-recebeu-mais-de-14-milhoes-de-declaracoes-do-irpf-2020\/","url_meta":{"origin":2137,"position":1},"title":"Receita Federal j\u00e1 recebeu mais de 14 milh\u00f5es de declara\u00e7\u00f5es do IRPF 2020","author":"Ab\u00edlio Gon\u00e7alves","date":"14 de maio de 2020","format":false,"excerpt":"O prazo de entrega foi prorrogado para at\u00e9 30 de junho. At\u00e9 \u00e0s 11h de ontem (13\/05) 14.000.701 declara\u00e7\u00f5es foram recebidas pelos sistemas da Receita Federal. De acordo com o supervisor nacional do IR, auditor-fiscal Joaquim Adir, a expectativa \u00e9 de que 32 milh\u00f5es de contribuintes entreguem declara\u00e7\u00e3o neste ano.\u2026","rel":"","context":"Em &quot;Departamento Fiscal&quot;","block_context":{"text":"Departamento Fiscal","link":"http:\/\/cfcontabil.com\/cf\/category\/df\/"},"img":{"alt_text":"","src":"https:\/\/i0.wp.com\/cfcontabil.com\/cf\/wp-content\/uploads\/2020\/03\/IRPF-CELULAR-NOT.jpg?fit=1170%2C700&resize=350%2C200","width":350,"height":200,"srcset":"https:\/\/i0.wp.com\/cfcontabil.com\/cf\/wp-content\/uploads\/2020\/03\/IRPF-CELULAR-NOT.jpg?fit=1170%2C700&resize=350%2C200 1x, https:\/\/i0.wp.com\/cfcontabil.com\/cf\/wp-content\/uploads\/2020\/03\/IRPF-CELULAR-NOT.jpg?fit=1170%2C700&resize=525%2C300 1.5x, https:\/\/i0.wp.com\/cfcontabil.com\/cf\/wp-content\/uploads\/2020\/03\/IRPF-CELULAR-NOT.jpg?fit=1170%2C700&resize=700%2C400 2x, https:\/\/i0.wp.com\/cfcontabil.com\/cf\/wp-content\/uploads\/2020\/03\/IRPF-CELULAR-NOT.jpg?fit=1170%2C700&resize=1050%2C600 3x"},"classes":[]},{"id":752,"url":"http:\/\/cfcontabil.com\/cf\/ate-ontem-mais-de-6-milhoes-ainda-nao-declararam-ir\/","url_meta":{"origin":2137,"position":2},"title":"At\u00e9 ontem mais de 6 milh\u00f5es ainda n\u00e3o declararam IR","author":"Ab\u00edlio Gon\u00e7alves","date":"29 de abril de 2016","format":false,"excerpt":"Esse total esperado\u00a0representa 22,1% das 28,5 milh\u00f5es de declara\u00e7\u00f5es esperadas. Prazo vai at\u00e9 dia 29; Fisco recebeu at\u00e9 hoje 22,18 milh\u00f5es de declara\u00e7\u00f5es. A Receita Federal informou que recebeu, at\u00e9 as 11h desta quinta-feira (28), 22,18 milh\u00f5es de declara\u00e7\u00f5es de Imposto de Renda Pessoa F\u00edsica (IRPF) 2016, ano-base 2015. Com\u2026","rel":"","context":"Em &quot;Geral&quot;","block_context":{"text":"Geral","link":"http:\/\/cfcontabil.com\/cf\/category\/geral\/"},"img":{"alt_text":"IRPF","src":"https:\/\/i0.wp.com\/cfcontabil.com\/cf\/wp-content\/uploads\/2016\/04\/IRPF.jpg?resize=350%2C200","width":350,"height":200,"srcset":"https:\/\/i0.wp.com\/cfcontabil.com\/cf\/wp-content\/uploads\/2016\/04\/IRPF.jpg?resize=350%2C200 1x, https:\/\/i0.wp.com\/cfcontabil.com\/cf\/wp-content\/uploads\/2016\/04\/IRPF.jpg?resize=525%2C300 1.5x, https:\/\/i0.wp.com\/cfcontabil.com\/cf\/wp-content\/uploads\/2016\/04\/IRPF.jpg?resize=700%2C400 2x"},"classes":[]},{"id":2221,"url":"http:\/\/cfcontabil.com\/cf\/alem-da-prorrogacao-do-prazo-de-entrega-irpf-tem-mais-alteracoes\/","url_meta":{"origin":2137,"position":3},"title":"Al\u00e9m da prorroga\u00e7\u00e3o do prazo de entrega, IRPF tem mais altera\u00e7\u00f5es","author":"Ab\u00edlio Gon\u00e7alves","date":"4 de abril de 2020","format":false,"excerpt":"Anunciada pelo Secret\u00e1rio Especial da Receita Federal, Jos\u00e9 Tostes Neto, na \u00faltima quarta-feira (01\/04), a prorroga\u00e7\u00e3o para 30 de junho do prazo de entrega da declara\u00e7\u00e3o do\u00a0Imposto de Renda\u00a0Pessoa F\u00edsica (IRPF) n\u00e3o foi a \u00fanica novidade sobre o tema. A Instru\u00e7\u00e3o Normativa RFB n. 930, publicada no Di\u00e1rio Oficial da\u2026","rel":"","context":"Em &quot;Departamento Fiscal&quot;","block_context":{"text":"Departamento Fiscal","link":"http:\/\/cfcontabil.com\/cf\/category\/df\/"},"img":{"alt_text":"","src":"https:\/\/i0.wp.com\/cfcontabil.com\/cf\/wp-content\/uploads\/2020\/03\/dinheiro-caneta.jpg?fit=600%2C310&resize=350%2C200","width":350,"height":200,"srcset":"https:\/\/i0.wp.com\/cfcontabil.com\/cf\/wp-content\/uploads\/2020\/03\/dinheiro-caneta.jpg?fit=600%2C310&resize=350%2C200 1x, https:\/\/i0.wp.com\/cfcontabil.com\/cf\/wp-content\/uploads\/2020\/03\/dinheiro-caneta.jpg?fit=600%2C310&resize=525%2C300 1.5x"},"classes":[]},{"id":1075,"url":"http:\/\/cfcontabil.com\/cf\/receita-federal-lanca-video-do-imposto-de-renda-2017\/","url_meta":{"origin":2137,"position":4},"title":"Receita Federal lan\u00e7a v\u00eddeo do Imposto de Renda 2017","author":"Ab\u00edlio Gon\u00e7alves","date":"21 de mar\u00e7o de 2017","format":false,"excerpt":"A TV Receita acaba de lan\u00e7ar v\u00eddeo em anima\u00e7\u00e3o para a divulga\u00e7\u00e3o do IRPF 2017. As imagens apresentam as novidades da declara\u00e7\u00e3o deste ano, al\u00e9m de enfatizar de forma l\u00fadica e simplificada os pontos b\u00e1sicos da declara\u00e7\u00e3o de imposto de renda pessoa f\u00edsica. Com bom humor e de forma descontra\u00edda,\u2026","rel":"","context":"Em &quot;Departamento Fiscal&quot;","block_context":{"text":"Departamento Fiscal","link":"http:\/\/cfcontabil.com\/cf\/category\/df\/"},"img":{"alt_text":"","src":"https:\/\/i0.wp.com\/cfcontabil.com\/cf\/wp-content\/uploads\/2017\/02\/irpf2017-1.png?fit=490%2C247&resize=350%2C200","width":350,"height":200},"classes":[]},{"id":1225,"url":"http:\/\/cfcontabil.com\/cf\/programa-da-dirpf-2017-ja-esta-disponivel-para-download\/","url_meta":{"origin":2137,"position":5},"title":"Programa da DIRPF 2017 j\u00e1 est\u00e1 dispon\u00edvel para download","author":"Ab\u00edlio Gon\u00e7alves","date":"23 de fevereiro de 2017","format":false,"excerpt":"Encontra-se dispon\u00edvel para instala\u00e7\u00e3o o programa do Imposto de Renda Pessoa F\u00edsica 2017, para quem quer antecipar os lan\u00e7amentos na sua declara\u00e7\u00e3o. Acesse:\u00a0http:\/\/idg.receita.fazenda.gov.br\/interface\/cidadao\/irpf\/2017\/download Lembre-se: a temporada de entrega das declara\u00e7\u00f5es come\u00e7a somente depois do carnaval, em 2 de mar\u00e7o, e se estende at\u00e9 28 de abril. Os contribuintes que enviarem\u2026","rel":"","context":"Em &quot;Departamento Fiscal&quot;","block_context":{"text":"Departamento Fiscal","link":"http:\/\/cfcontabil.com\/cf\/category\/df\/"},"img":{"alt_text":"","src":"https:\/\/i0.wp.com\/cfcontabil.com\/cf\/wp-content\/uploads\/2017\/02\/irpf2017-1.png?fit=490%2C247&resize=350%2C200","width":350,"height":200},"classes":[]}],"jetpack_likes_enabled":true,"_links":{"self":[{"href":"http:\/\/cfcontabil.com\/cf\/wp-json\/wp\/v2\/posts\/2137","targetHints":{"allow":["GET"]}}],"collection":[{"href":"http:\/\/cfcontabil.com\/cf\/wp-json\/wp\/v2\/posts"}],"about":[{"href":"http:\/\/cfcontabil.com\/cf\/wp-json\/wp\/v2\/types\/post"}],"author":[{"embeddable":true,"href":"http:\/\/cfcontabil.com\/cf\/wp-json\/wp\/v2\/users\/1"}],"replies":[{"embeddable":true,"href":"http:\/\/cfcontabil.com\/cf\/wp-json\/wp\/v2\/comments?post=2137"}],"version-history":[{"count":2,"href":"http:\/\/cfcontabil.com\/cf\/wp-json\/wp\/v2\/posts\/2137\/revisions"}],"predecessor-version":[{"id":2147,"href":"http:\/\/cfcontabil.com\/cf\/wp-json\/wp\/v2\/posts\/2137\/revisions\/2147"}],"wp:featuredmedia":[{"embeddable":true,"href":"http:\/\/cfcontabil.com\/cf\/wp-json\/wp\/v2\/media\/2138"}],"wp:attachment":[{"href":"http:\/\/cfcontabil.com\/cf\/wp-json\/wp\/v2\/media?parent=2137"}],"wp:term":[{"taxonomy":"category","embeddable":true,"href":"http:\/\/cfcontabil.com\/cf\/wp-json\/wp\/v2\/categories?post=2137"},{"taxonomy":"post_tag","embeddable":true,"href":"http:\/\/cfcontabil.com\/cf\/wp-json\/wp\/v2\/tags?post=2137"}],"curies":[{"name":"wp","href":"https:\/\/api.w.org\/{rel}","templated":true}]}}