{"id":2186,"date":"2020-03-25T12:30:59","date_gmt":"2020-03-25T15:30:59","guid":{"rendered":"http:\/\/cfcontabil.com\/cf\/?p=2186"},"modified":"2020-03-25T10:32:41","modified_gmt":"2020-03-25T13:32:41","slug":"secretario-da-receita-diz-que-nao-ha-adiamento-do-prazo-de-entrega-do-irpf","status":"publish","type":"post","link":"http:\/\/cfcontabil.com\/cf\/secretario-da-receita-diz-que-nao-ha-adiamento-do-prazo-de-entrega-do-irpf\/","title":{"rendered":"Secret\u00e1rio da Receita diz que n\u00e3o h\u00e1 adiamento do prazo de entrega do IRPF"},"content":{"rendered":"<h4 class=\"subtitulo\">Segundo Tostes, a not\u00edcia sobre adiamento \u00e9 \u201cimprocedente\u201d.<\/h4>\n<div class=\"fotodestaque\"><img data-recalc-dims=\"1\" decoding=\"async\" src=\"https:\/\/i0.wp.com\/fenacon.org.br\/media\/uploads\/noticias\/2020\/03\/DDV.jpg.600x335_q85_box-530949500_crop_detail.jpg.600x335_q85_box-0%2C0%2C600%2C334_crop_detail.jpg?w=1170\" alt=\"\" \/><\/div>\n<div class=\"articleTexto\">\n<p>Adriana Fernandes &#8211; Estad\u00e3o Conte\u00fado<\/p>\n<p>O secret\u00e1rio da Receita Federal, Jos\u00e9 Tostes, informou ao jornal O Estado de S. Paulo, por meio da assessoria de comunica\u00e7\u00e3o do Minist\u00e9rio da Economia, que n\u00e3o houve nenhuma mudan\u00e7a no prazo final de entrega da declara\u00e7\u00e3o do Imposto de Renda da Pessoa F\u00edsica (IRPF), que acaba em 30 de abril. Segundo Tostes, a not\u00edcia sobre adiamento \u00e9 &#8220;improcedente&#8221;.<\/p>\n<p>Tostes recebeu, no \u00faltimo dia 20, of\u00edcio do Sindicato Nacional dos Auditores Fiscais da Receita (Sindifisco) para ampliar o prazo de entrega da declara\u00e7\u00e3o de 2020 at\u00e9 o dia 31 de maio.<\/p>\n<p>O argumento \u00e9 que a necessidade de isolamento social devido \u00e0 pandemia pode dificultar o recolhimento de documentos necess\u00e1rios ao preenchimento da declara\u00e7\u00e3o e o contato com contadores.<\/p>\n<p>O of\u00edcio tamb\u00e9m prop\u00f5e a prioriza\u00e7\u00e3o da an\u00e1lise das restitui\u00e7\u00f5es do Imposto de Renda para que todos os lotes sejam pagos at\u00e9 o fim de agosto.<\/p>\n<p>O presidente do Sindifisco, Kleber Cabral, tamb\u00e9m pediu \u00e0 Receita a suspens\u00e3o, at\u00e9 o fim de abril, de todos os prazos fiscais, como o atendimento a intima\u00e7\u00f5es, envio de declara\u00e7\u00f5es e recolhimento de tributos.<\/p>\n<p>A press\u00e3o pelo adiamento \u00e9 grande. O jornal O Estado de S. Paulo apurou que setores empresariais tamb\u00e9m est\u00e3o solicitando o adiamento do IRPF devido a dificuldades relacionadas \u00e0 documenta\u00e7\u00e3o dos rendimentos de seus trabalhadores usada na elabora\u00e7\u00e3o do DIRPF.<\/p>\n<p>Fonte: O ESTADO DE S.PAULO<\/p>\n<p>Confira a documenta\u00e7\u00e3o necess\u00e1ria para preencher sua Declara\u00e7\u00e3o do Imposto de Renda Pessoa F\u00edsica de 2020, aponte a c\u00e2mera do seu celular no QRCODE abaixo:<\/p>\n<p><a href=\"https:\/\/i0.wp.com\/cfcontabil.com\/cf\/wp-content\/uploads\/2020\/03\/QRCODE_IRPF2020.png\"><img data-recalc-dims=\"1\" fetchpriority=\"high\" decoding=\"async\" data-attachment-id=\"2187\" data-permalink=\"http:\/\/cfcontabil.com\/cf\/secretario-da-receita-diz-que-nao-ha-adiamento-do-prazo-de-entrega-do-irpf\/qrcode_irpf2020\/\" data-orig-file=\"https:\/\/i0.wp.com\/cfcontabil.com\/cf\/wp-content\/uploads\/2020\/03\/QRCODE_IRPF2020.png?fit=3000%2C2900\" data-orig-size=\"3000,2900\" data-comments-opened=\"1\" data-image-meta=\"{&quot;aperture&quot;:&quot;0&quot;,&quot;credit&quot;:&quot;&quot;,&quot;camera&quot;:&quot;&quot;,&quot;caption&quot;:&quot;&quot;,&quot;created_timestamp&quot;:&quot;0&quot;,&quot;copyright&quot;:&quot;&quot;,&quot;focal_length&quot;:&quot;0&quot;,&quot;iso&quot;:&quot;0&quot;,&quot;shutter_speed&quot;:&quot;0&quot;,&quot;title&quot;:&quot;&quot;,&quot;orientation&quot;:&quot;0&quot;}\" data-image-title=\"QRCODE_IRPF2020\" data-image-description=\"\" data-image-caption=\"\" data-large-file=\"https:\/\/i0.wp.com\/cfcontabil.com\/cf\/wp-content\/uploads\/2020\/03\/QRCODE_IRPF2020.png?fit=1024%2C990\" class=\"aligncenter  wp-image-2187\" src=\"https:\/\/i0.wp.com\/cfcontabil.com\/cf\/wp-content\/uploads\/2020\/03\/QRCODE_IRPF2020.png?resize=427%2C413\" alt=\"\" width=\"427\" height=\"413\" srcset=\"https:\/\/i0.wp.com\/cfcontabil.com\/cf\/wp-content\/uploads\/2020\/03\/QRCODE_IRPF2020.png?w=3000 3000w, https:\/\/i0.wp.com\/cfcontabil.com\/cf\/wp-content\/uploads\/2020\/03\/QRCODE_IRPF2020.png?resize=300%2C290 300w, https:\/\/i0.wp.com\/cfcontabil.com\/cf\/wp-content\/uploads\/2020\/03\/QRCODE_IRPF2020.png?resize=1024%2C990 1024w, https:\/\/i0.wp.com\/cfcontabil.com\/cf\/wp-content\/uploads\/2020\/03\/QRCODE_IRPF2020.png?resize=768%2C742 768w, https:\/\/i0.wp.com\/cfcontabil.com\/cf\/wp-content\/uploads\/2020\/03\/QRCODE_IRPF2020.png?resize=1536%2C1485 1536w, https:\/\/i0.wp.com\/cfcontabil.com\/cf\/wp-content\/uploads\/2020\/03\/QRCODE_IRPF2020.png?resize=2048%2C1980 2048w, https:\/\/i0.wp.com\/cfcontabil.com\/cf\/wp-content\/uploads\/2020\/03\/QRCODE_IRPF2020.png?resize=770%2C744 770w, https:\/\/i0.wp.com\/cfcontabil.com\/cf\/wp-content\/uploads\/2020\/03\/QRCODE_IRPF2020.png?resize=370%2C358 370w, https:\/\/i0.wp.com\/cfcontabil.com\/cf\/wp-content\/uploads\/2020\/03\/QRCODE_IRPF2020.png?w=2340 2340w\" sizes=\"(max-width: 427px) 100vw, 427px\" \/><\/a><\/p>\n<\/div>\n","protected":false},"excerpt":{"rendered":"<p>Segundo Tostes, a not\u00edcia sobre adiamento \u00e9 \u201cimprocedente\u201d. Adriana Fernandes &#8211; Estad\u00e3o Conte\u00fado O secret\u00e1rio da Receita Federal, Jos\u00e9 Tostes, informou ao jornal O Estado de S. Paulo, por meio da assessoria de comunica\u00e7\u00e3o do Minist\u00e9rio da Economia, que n\u00e3o houve nenhuma mudan\u00e7a no prazo final de entrega da declara\u00e7\u00e3o do Imposto de Renda da [&hellip;]<\/p>\n","protected":false},"author":1,"featured_media":655,"comment_status":"open","ping_status":"open","sticky":false,"template":"","format":"standard","meta":{"jetpack_post_was_ever_published":false,"_jetpack_newsletter_access":"","_jetpack_dont_email_post_to_subs":false,"_jetpack_newsletter_tier_id":0,"_jetpack_memberships_contains_paywalled_content":false,"_jetpack_memberships_contains_paid_content":false,"footnotes":"","jetpack_publicize_message":"","jetpack_publicize_feature_enabled":true,"jetpack_social_post_already_shared":true,"jetpack_social_options":{"image_generator_settings":{"template":"highway","default_image_id":0,"font":"","enabled":false},"version":2}},"categories":[46],"tags":[762,754,106,108,115,761,116,111],"class_list":["post-2186","post","type-post","status-publish","format-standard","has-post-thumbnail","hentry","category-df","tag-corona","tag-coronavirus","tag-declaracao","tag-imposto","tag-irpf","tag-pandemia","tag-prazo","tag-renda"],"jetpack_publicize_connections":[],"jetpack_featured_media_url":"https:\/\/i0.wp.com\/cfcontabil.com\/cf\/wp-content\/uploads\/2016\/03\/entrega-do-imposto-de-renda-2.jpg?fit=645%2C320","jetpack_sharing_enabled":true,"jetpack_shortlink":"https:\/\/wp.me\/p2wklX-zg","jetpack-related-posts":[{"id":2219,"url":"http:\/\/cfcontabil.com\/cf\/governo-decide-manter-cronograma-de-restituicao-do-imposto-de-renda\/","url_meta":{"origin":2186,"position":0},"title":"Governo decide manter cronograma de restitui\u00e7\u00e3o do Imposto de Renda","author":"Ab\u00edlio Gon\u00e7alves","date":"4 de abril de 2020","format":false,"excerpt":"No primeiro lote, previsto para maio, ser\u00e1 dada prioridade para idosos, portadores de defici\u00eancia e doen\u00e7a grave O governo federal anunciou nesta quinta-feira (2) que decidiu manter o cronograma previsto para restitui\u00e7\u00f5es do Imposto de Renda. \"Considerando toda esta situa\u00e7\u00e3o excepcional que estamos vivenciando neste momento, decidimos manter o cronograma\u2026","rel":"","context":"Em &quot;Departamento Fiscal&quot;","block_context":{"text":"Departamento Fiscal","link":"http:\/\/cfcontabil.com\/cf\/category\/df\/"},"img":{"alt_text":"","src":"https:\/\/i0.wp.com\/cfcontabil.com\/cf\/wp-content\/uploads\/2017\/02\/restituicao-imposto-de-renda-1.jpg?fit=600%2C300&resize=350%2C200","width":350,"height":200,"srcset":"https:\/\/i0.wp.com\/cfcontabil.com\/cf\/wp-content\/uploads\/2017\/02\/restituicao-imposto-de-renda-1.jpg?fit=600%2C300&resize=350%2C200 1x, https:\/\/i0.wp.com\/cfcontabil.com\/cf\/wp-content\/uploads\/2017\/02\/restituicao-imposto-de-renda-1.jpg?fit=600%2C300&resize=525%2C300 1.5x"},"classes":[]},{"id":2221,"url":"http:\/\/cfcontabil.com\/cf\/alem-da-prorrogacao-do-prazo-de-entrega-irpf-tem-mais-alteracoes\/","url_meta":{"origin":2186,"position":1},"title":"Al\u00e9m da prorroga\u00e7\u00e3o do prazo de entrega, IRPF tem mais altera\u00e7\u00f5es","author":"Ab\u00edlio Gon\u00e7alves","date":"4 de abril de 2020","format":false,"excerpt":"Anunciada pelo Secret\u00e1rio Especial da Receita Federal, Jos\u00e9 Tostes Neto, na \u00faltima quarta-feira (01\/04), a prorroga\u00e7\u00e3o para 30 de junho do prazo de entrega da declara\u00e7\u00e3o do\u00a0Imposto de Renda\u00a0Pessoa F\u00edsica (IRPF) n\u00e3o foi a \u00fanica novidade sobre o tema. A Instru\u00e7\u00e3o Normativa RFB n. 930, publicada no Di\u00e1rio Oficial da\u2026","rel":"","context":"Em &quot;Departamento Fiscal&quot;","block_context":{"text":"Departamento Fiscal","link":"http:\/\/cfcontabil.com\/cf\/category\/df\/"},"img":{"alt_text":"","src":"https:\/\/i0.wp.com\/cfcontabil.com\/cf\/wp-content\/uploads\/2020\/03\/dinheiro-caneta.jpg?fit=600%2C310&resize=350%2C200","width":350,"height":200,"srcset":"https:\/\/i0.wp.com\/cfcontabil.com\/cf\/wp-content\/uploads\/2020\/03\/dinheiro-caneta.jpg?fit=600%2C310&resize=350%2C200 1x, https:\/\/i0.wp.com\/cfcontabil.com\/cf\/wp-content\/uploads\/2020\/03\/dinheiro-caneta.jpg?fit=600%2C310&resize=525%2C300 1.5x"},"classes":[]},{"id":1118,"url":"http:\/\/cfcontabil.com\/cf\/receita-federal-registra-10-milhoes-de-declaracoes-do-irpf\/","url_meta":{"origin":2186,"position":2},"title":"Receita Federal registra 10 milh\u00f5es de declara\u00e7\u00f5es do IRPF","author":"Ab\u00edlio Gon\u00e7alves","date":"11 de abril de 2017","format":false,"excerpt":"Faltam 18 dias para o fim do prazo At\u00e9 as 17 horas desta segunda-feira,10 de abril, 10.002.889 de declara\u00e7\u00f5es foram recebidas pela Receita. A expectativa \u00e9 de que 28,3 milh\u00f5es de contribuintes entreguem a DIRPF 2017. O prazo de entrega termina em 28 de abril. Neste ano o programa Receitanet\u2026","rel":"","context":"Em &quot;Departamento Fiscal&quot;","block_context":{"text":"Departamento Fiscal","link":"http:\/\/cfcontabil.com\/cf\/category\/df\/"},"img":{"alt_text":"","src":"https:\/\/i0.wp.com\/cfcontabil.com\/cf\/wp-content\/uploads\/2017\/02\/irpfrfb-1.jpg?fit=640%2C340&resize=350%2C200","width":350,"height":200,"srcset":"https:\/\/i0.wp.com\/cfcontabil.com\/cf\/wp-content\/uploads\/2017\/02\/irpfrfb-1.jpg?fit=640%2C340&resize=350%2C200 1x, https:\/\/i0.wp.com\/cfcontabil.com\/cf\/wp-content\/uploads\/2017\/02\/irpfrfb-1.jpg?fit=640%2C340&resize=525%2C300 1.5x"},"classes":[]},{"id":1224,"url":"http:\/\/cfcontabil.com\/cf\/confira-as-regras-da-declaracao-do-irpf-2017\/","url_meta":{"origin":2186,"position":3},"title":"Confira as regras da Declara\u00e7\u00e3o do IRPF 2017","author":"Ab\u00edlio Gon\u00e7alves","date":"23 de fevereiro de 2017","format":false,"excerpt":"O prazo de entrega vai de 2 de mar\u00e7o a 28 de abril de 2017 Na manh\u00e3 de hoje (22\/2), a Receita Federal anunciou em coletiva de imprensa as principais novidades e regras do Imposto de Renda das Pessoas F\u00edsicas para este ano. Entre as inova\u00e7\u00f5es est\u00e1 a atualiza\u00e7\u00e3o autom\u00e1tica\u2026","rel":"","context":"Em &quot;Departamento Fiscal&quot;","block_context":{"text":"Departamento Fiscal","link":"http:\/\/cfcontabil.com\/cf\/category\/df\/"},"img":{"alt_text":"","src":"","width":0,"height":0},"classes":[]},{"id":1098,"url":"http:\/\/cfcontabil.com\/cf\/receita-federal-ja-recebeu-mais-de-59-milhoes-de-declaracoes-do-irpf-2017\/","url_meta":{"origin":2186,"position":4},"title":"Receita Federal j\u00e1 recebeu mais de 5,9 milh\u00f5es de declara\u00e7\u00f5es do IRPF 2017","author":"Ab\u00edlio Gon\u00e7alves","date":"30 de mar\u00e7o de 2017","format":false,"excerpt":"O prazo de entrega termina 28 de abril Hoje (27\/3) at\u00e9 as 17 horas, 5.978.202 declara\u00e7\u00f5es foram recebidas pelos sistemas da Receita. De acordo com o supervisor nacional do IR, auditor-fiscal Joaquim Adir, a expectativa \u00e9 de que 28,3 milh\u00f5es de contribuintes entreguem a declara\u00e7\u00e3o. O prazo de entrega da\u2026","rel":"","context":"Em &quot;Departamento Fiscal&quot;","block_context":{"text":"Departamento Fiscal","link":"http:\/\/cfcontabil.com\/cf\/category\/df\/"},"img":{"alt_text":"","src":"https:\/\/i0.wp.com\/cfcontabil.com\/cf\/wp-content\/uploads\/2017\/02\/irpfrfb-1.jpg?fit=640%2C340&resize=350%2C200","width":350,"height":200,"srcset":"https:\/\/i0.wp.com\/cfcontabil.com\/cf\/wp-content\/uploads\/2017\/02\/irpfrfb-1.jpg?fit=640%2C340&resize=350%2C200 1x, https:\/\/i0.wp.com\/cfcontabil.com\/cf\/wp-content\/uploads\/2017\/02\/irpfrfb-1.jpg?fit=640%2C340&resize=525%2C300 1.5x"},"classes":[]},{"id":1075,"url":"http:\/\/cfcontabil.com\/cf\/receita-federal-lanca-video-do-imposto-de-renda-2017\/","url_meta":{"origin":2186,"position":5},"title":"Receita Federal lan\u00e7a v\u00eddeo do Imposto de Renda 2017","author":"Ab\u00edlio Gon\u00e7alves","date":"21 de mar\u00e7o de 2017","format":false,"excerpt":"A TV Receita acaba de lan\u00e7ar v\u00eddeo em anima\u00e7\u00e3o para a divulga\u00e7\u00e3o do IRPF 2017. As imagens apresentam as novidades da declara\u00e7\u00e3o deste ano, al\u00e9m de enfatizar de forma l\u00fadica e simplificada os pontos b\u00e1sicos da declara\u00e7\u00e3o de imposto de renda pessoa f\u00edsica. Com bom humor e de forma descontra\u00edda,\u2026","rel":"","context":"Em &quot;Departamento Fiscal&quot;","block_context":{"text":"Departamento Fiscal","link":"http:\/\/cfcontabil.com\/cf\/category\/df\/"},"img":{"alt_text":"","src":"https:\/\/i0.wp.com\/cfcontabil.com\/cf\/wp-content\/uploads\/2017\/02\/irpf2017-1.png?fit=490%2C247&resize=350%2C200","width":350,"height":200},"classes":[]}],"jetpack_likes_enabled":true,"_links":{"self":[{"href":"http:\/\/cfcontabil.com\/cf\/wp-json\/wp\/v2\/posts\/2186","targetHints":{"allow":["GET"]}}],"collection":[{"href":"http:\/\/cfcontabil.com\/cf\/wp-json\/wp\/v2\/posts"}],"about":[{"href":"http:\/\/cfcontabil.com\/cf\/wp-json\/wp\/v2\/types\/post"}],"author":[{"embeddable":true,"href":"http:\/\/cfcontabil.com\/cf\/wp-json\/wp\/v2\/users\/1"}],"replies":[{"embeddable":true,"href":"http:\/\/cfcontabil.com\/cf\/wp-json\/wp\/v2\/comments?post=2186"}],"version-history":[{"count":1,"href":"http:\/\/cfcontabil.com\/cf\/wp-json\/wp\/v2\/posts\/2186\/revisions"}],"predecessor-version":[{"id":2188,"href":"http:\/\/cfcontabil.com\/cf\/wp-json\/wp\/v2\/posts\/2186\/revisions\/2188"}],"wp:featuredmedia":[{"embeddable":true,"href":"http:\/\/cfcontabil.com\/cf\/wp-json\/wp\/v2\/media\/655"}],"wp:attachment":[{"href":"http:\/\/cfcontabil.com\/cf\/wp-json\/wp\/v2\/media?parent=2186"}],"wp:term":[{"taxonomy":"category","embeddable":true,"href":"http:\/\/cfcontabil.com\/cf\/wp-json\/wp\/v2\/categories?post=2186"},{"taxonomy":"post_tag","embeddable":true,"href":"http:\/\/cfcontabil.com\/cf\/wp-json\/wp\/v2\/tags?post=2186"}],"curies":[{"name":"wp","href":"https:\/\/api.w.org\/{rel}","templated":true}]}}