{"id":2196,"date":"2020-03-27T13:32:58","date_gmt":"2020-03-27T16:32:58","guid":{"rendered":"http:\/\/cfcontabil.com\/cf\/?p=2196"},"modified":"2020-03-27T13:32:58","modified_gmt":"2020-03-27T16:32:58","slug":"coronavirus-camara-aprova-projeto-que-preve-r-600-por-mes-para-trabalhador-informal","status":"publish","type":"post","link":"http:\/\/cfcontabil.com\/cf\/coronavirus-camara-aprova-projeto-que-preve-r-600-por-mes-para-trabalhador-informal\/","title":{"rendered":"Coronav\u00edrus: C\u00e2mara aprova projeto que prev\u00ea R$ 600 por m\u00eas para trabalhador informal"},"content":{"rendered":"<h2 class=\"content-head__subtitle\">Texto vai ao Senado e prev\u00ea repasse por 3 meses. Aut\u00f4nomo dever\u00e1 cumprir requisitos como ter mais de 18 anos e n\u00e3o receber benef\u00edcio previdenci\u00e1rio ou assistencial.<\/h2>\n<p><a href=\"https:\/\/i0.wp.com\/cfcontabil.com\/cf\/wp-content\/uploads\/2019\/11\/dinheiro-nota-real.jpg\"><img data-recalc-dims=\"1\" fetchpriority=\"high\" decoding=\"async\" data-attachment-id=\"1895\" data-permalink=\"http:\/\/cfcontabil.com\/cf\/mp-do-contribuinte-legal-negociacao-de-dividas-junto-a-uniao\/dinheiro-nota-real\/\" data-orig-file=\"https:\/\/i0.wp.com\/cfcontabil.com\/cf\/wp-content\/uploads\/2019\/11\/dinheiro-nota-real.jpg?fit=678%2C452\" data-orig-size=\"678,452\" data-comments-opened=\"1\" data-image-meta=\"{&quot;aperture&quot;:&quot;0&quot;,&quot;credit&quot;:&quot;&quot;,&quot;camera&quot;:&quot;&quot;,&quot;caption&quot;:&quot;&quot;,&quot;created_timestamp&quot;:&quot;0&quot;,&quot;copyright&quot;:&quot;&quot;,&quot;focal_length&quot;:&quot;0&quot;,&quot;iso&quot;:&quot;0&quot;,&quot;shutter_speed&quot;:&quot;0&quot;,&quot;title&quot;:&quot;&quot;,&quot;orientation&quot;:&quot;0&quot;}\" data-image-title=\"dinheiro nota real\" data-image-description=\"\" data-image-caption=\"\" data-large-file=\"https:\/\/i0.wp.com\/cfcontabil.com\/cf\/wp-content\/uploads\/2019\/11\/dinheiro-nota-real.jpg?fit=678%2C452\" class=\"aligncenter size-full wp-image-1895\" src=\"https:\/\/i0.wp.com\/cfcontabil.com\/cf\/wp-content\/uploads\/2019\/11\/dinheiro-nota-real.jpg?resize=678%2C452\" alt=\"\" width=\"678\" height=\"452\" srcset=\"https:\/\/i0.wp.com\/cfcontabil.com\/cf\/wp-content\/uploads\/2019\/11\/dinheiro-nota-real.jpg?w=678 678w, https:\/\/i0.wp.com\/cfcontabil.com\/cf\/wp-content\/uploads\/2019\/11\/dinheiro-nota-real.jpg?resize=300%2C200 300w, https:\/\/i0.wp.com\/cfcontabil.com\/cf\/wp-content\/uploads\/2019\/11\/dinheiro-nota-real.jpg?resize=272%2C182 272w, https:\/\/i0.wp.com\/cfcontabil.com\/cf\/wp-content\/uploads\/2019\/11\/dinheiro-nota-real.jpg?resize=370%2C247 370w\" sizes=\"(max-width: 678px) 100vw, 678px\" \/><\/a><\/p>\n<div class=\"mc-column content-text active-extra-styles \" data-block-type=\"unstyled\" data-block-weight=\"61\" data-block-id=\"2\">\n<p class=\"content-text__container \" data-track-category=\"Link no Texto\" data-track-links=\"\">A\u00a0C\u00e2mara dos Deputados\u00a0aprovou nesta quinta-feira (26) um projeto que prev\u00ea o pagamento de R$ 600 a trabalhadores informais por tr\u00eas meses em raz\u00e3o da\u00a0pandemia do coronav\u00edrus. A mulher que for m\u00e3e e chefe de fam\u00edlia poder\u00e1 receber R$ 1,2 mil. A proposta do governo era de R$ 200 para os trabalhadores informais, o Congresso passou para R$ 600.<\/p>\n<\/div>\n<div class=\"wall protected-content\">\n<div class=\"mc-column content-text active-extra-styles \" data-block-type=\"unstyled\" data-block-weight=\"33\" data-block-id=\"3\">\n<p class=\"content-text__container \" data-track-category=\"Link no Texto\" data-track-links=\"\">Com a aprova\u00e7\u00e3o, o texto seguir\u00e1 para vota\u00e7\u00e3o no\u00a0Senado. Ainda n\u00e3o h\u00e1 data definida para a an\u00e1lise pelos senadores. O pagamento do aux\u00edlio emergencial \u00e9 limitado a duas pessoas da mesma fam\u00edlia.<\/p>\n<\/div>\n<div class=\"mc-column content-text active-extra-styles \" data-block-type=\"unstyled\" data-block-weight=\"45\" data-block-id=\"4\">\n<p class=\"content-text__container \" data-track-category=\"Link no Texto\" data-track-links=\"\">Segundo estimativa preliminar da Institui\u00e7\u00e3o Fiscal Independente (IFI), ligada ao Senado, o impacto fiscal com o aux\u00edlio para a Uni\u00e3o ser\u00e1 de R$ 43 bilh\u00f5es por tr\u00eas meses. O c\u00e1lculo n\u00e3o considera ainda as m\u00e3es chefes de fam\u00edlia que poder\u00e3o receber o aux\u00edlio em dobro.<\/p>\n<\/div>\n<div class=\"mc-column content-text active-extra-styles \" data-block-type=\"unstyled\" data-block-weight=\"31\" data-block-id=\"5\">\n<p class=\"content-text__container \" data-track-category=\"Link no Texto\" data-track-links=\"\">Pela proposta, poder\u00e1 receber o montante o aut\u00f4nomo que n\u00e3o receber benef\u00edcios previdenci\u00e1rios, seguro desemprego nem participar de programas de transfer\u00eancia de renda do governo federal, com exce\u00e7\u00e3o do Bolsa Fam\u00edlia.<\/p>\n<\/div>\n<div class=\"mc-column content-text active-extra-styles \" data-block-type=\"unstyled\" data-block-weight=\"23\" data-block-id=\"6\">\n<p class=\"content-text__container \" data-track-category=\"Link no Texto\" data-track-links=\"\">Desde a semana passada, a C\u00e2mara e o Senado tem aprovado projetos relacionados ao combate do coronav\u00edrus e dos efeitos provocados pela crise.<\/p>\n<\/div>\n<div class=\"mc-column content-text active-extra-styles \" data-block-type=\"unstyled\" data-block-weight=\"30\" data-block-id=\"7\">\n<p class=\"content-text__container \" data-track-category=\"Link no Texto\" data-track-links=\"\">Em raz\u00e3o das medidas de preven\u00e7\u00e3o contra o coronav\u00edrus, a sess\u00e3o desta quinta foi parcialmente virtual, com a presen\u00e7a de apenas alguns deputados no plen\u00e1rio. Os demais acompanhavam por videoconfer\u00eancia.<\/p>\n<div class=\"mc-column content-text active-extra-styles\" data-block-type=\"raw\" data-block-weight=\"3\" data-block-id=\"9\">\n<div class=\"content-intertitle\">\n<h2>Entenda o projeto<\/h2>\n<\/div>\n<\/div>\n<div class=\"mc-column content-text active-extra-styles \" data-block-type=\"unstyled\" data-block-weight=\"40\" data-block-id=\"10\">\n<p class=\"content-text__container \" data-track-category=\"Link no Texto\" data-track-links=\"\">O projeto altera uma lei de 1993 que trata da organiza\u00e7\u00e3o da assist\u00eancia social no Brasil. De acordo com o texto, o dinheiro ser\u00e1 concedido a t\u00edtulo de \u201caux\u00edlio emergencial\u201d por tr\u00eas meses ao trabalhador que cumprir os seguintes requisitos:<\/p>\n<\/div>\n<div class=\"mc-column content-text active-extra-styles\" data-block-type=\"raw\" data-block-weight=\"66\" data-block-id=\"11\">\n<ul class=\"content-unordered-list\">\n<li>for maior de 18 anos;<\/li>\n<li>n\u00e3o tiver emprego formal;<\/li>\n<li>n\u00e3o for titular de benef\u00edcio previdenci\u00e1rio ou assistencial, benefici\u00e1rio do seguro-desemprego ou de programa de transfer\u00eancia de renda federal, ressalvado o bolsa-fam\u00edlia;<\/li>\n<li>cuja renda mensal per capita for de at\u00e9 meio sal\u00e1rio m\u00ednimos ou a renda familiar mensal total for de at\u00e9 tr\u00eas sal\u00e1rios m\u00ednimos;<\/li>\n<li>que n\u00e3o tenha recebido em 2018 rendimentos tribut\u00e1veis acima de R$ 28.559,70.<\/li>\n<\/ul>\n<\/div>\n<div class=\"mc-column content-text active-extra-styles \" data-block-type=\"unstyled\" data-block-weight=\"7\" data-block-id=\"12\">\n<p class=\"content-text__container \" data-track-category=\"Link no Texto\" data-track-links=\"\">Outros requisitos para receber o aux\u00edlio \u00e9:<\/p>\n<\/div>\n<div class=\"mc-column content-text active-extra-styles\" data-block-type=\"raw\" data-block-weight=\"41\" data-block-id=\"13\">\n<ul class=\"content-unordered-list\">\n<li>exercer atividade na condi\u00e7\u00e3o de Microempreendedor Individual (MEI) ou;<\/li>\n<li>ser contribuinte individual do Regime Geral de Previd\u00eancia Social ou;<\/li>\n<li>ser trabalhador informal, de qualquer natureza, inscrito no Cadastro \u00danico para Programas Sociais do Governo Federal at\u00e9 20 de mar\u00e7o de 2020.<\/li>\n<\/ul>\n<\/div>\n<div class=\"mc-column content-text active-extra-styles \" data-block-type=\"unstyled\" data-block-weight=\"34\" data-block-id=\"14\">\n<p class=\"content-text__container \" data-track-category=\"Link no Texto\" data-track-links=\"\">Apesar de a previs\u00e3o inicial de pagamento do aux\u00edlio ser por tr\u00eas meses, o relator da proposta, Marcelo Aro (PP-MG), disse que a validade do aux\u00edlio poder\u00e1 ser prorrogada de acordo com a necessidade.<\/p>\n<\/div>\n<div class=\"mc-column content-text active-extra-styles \" data-block-type=\"unstyled\" data-block-weight=\"17\" data-block-id=\"15\">\n<p class=\"content-text__container \" data-track-category=\"Link no Texto\" data-track-links=\"\">O projeto estabelece ainda que s\u00f3 duas pessoas da mesma fam\u00edlia poder\u00e3o acumular o aux\u00edlio emergencial.<\/p>\n<\/div>\n<div class=\"mc-column content-text active-extra-styles \" data-block-type=\"unstyled\" data-block-weight=\"26\" data-block-id=\"16\">\n<p class=\"content-text__container \" data-track-category=\"Link no Texto\" data-track-links=\"\">Para quem recebe o Bolsa Fam\u00edlia, o texto ainda permite que o benefici\u00e1rio substitua temporariamente o programa pelo aux\u00edlio emergencial, se o \u00faltimo for mais vantajoso.<\/p>\n<\/div>\n<div class=\"mc-column content-text active-extra-styles \" data-block-type=\"unstyled\" data-block-weight=\"31\" data-block-id=\"17\">\n<p class=\"content-text__container \" data-track-category=\"Link no Texto\" data-track-links=\"\">Inicialmente, o aux\u00edlio previsto no parecer do relator era de R$ 500, mas, ap\u00f3s a articula\u00e7\u00e3o de um acordo com o governo federal, o valor passou a ser de R$ 600.<\/p>\n<\/div>\n<div class=\"mc-column content-text active-extra-styles \" data-block-type=\"unstyled\" data-block-weight=\"43\" data-block-id=\"18\">\n<p class=\"content-text__container \" data-track-category=\"Link no Texto\" data-track-links=\"\">Pouco antes, em uma live realizada pelo Facebook, o presidente Bolsonaro havia dito que, ap\u00f3s conversar com o ministro da Economia, Paulo Guedes, o governo defendia inicialmente que o aux\u00edlio fosse de R$ 200, &#8220;ele resolveu triplicar&#8221;. &#8220;Deu o sinal verde&#8221;, acrescentou Bolsonaro.<\/p>\n<div class=\"mc-column content-text active-extra-styles \" data-block-type=\"unstyled\" data-block-weight=\"53\" data-block-id=\"20\">\n<p class=\"content-text__container \" data-track-category=\"Link no Texto\" data-track-links=\"\">O presidente da C\u00e2mara, Rodrigo Maia (DEM-RJ), elogiou a constru\u00e7\u00e3o de um acordo entre Legislativo e Executivo, rela\u00e7\u00e3o geralmente marcada por atritos. Maia ponderou que, mesmo com diverg\u00eancias, \u00e9 preciso haver um ambiente de di\u00e1logo para buscar solu\u00e7\u00f5es para &#8220;salvar vidas e encontrar o melhor caminho para que a economia sofra menos&#8221;.<\/p>\n<\/div>\n<div class=\"mc-column content-text active-extra-styles\" data-block-type=\"raw\" data-block-weight=\"1\" data-block-id=\"21\">\n<div class=\"content-intertitle\">\n<h2>BPC<\/h2>\n<\/div>\n<\/div>\n<div class=\"mc-column content-text active-extra-styles \" data-block-type=\"unstyled\" data-block-weight=\"37\" data-block-id=\"22\">\n<p class=\"content-text__container \" data-track-category=\"Link no Texto\" data-track-links=\"\">O projeto de lei pretende ainda resolver um impasse em rela\u00e7\u00e3o ao Benef\u00edcio de Presta\u00e7\u00e3o Continuada (BPC), que \u00e9 pago, no valor de um sal\u00e1rio m\u00ednimo por m\u00eas, a idosos ou pessoas com defici\u00eancia de baixa renda.<\/p>\n<\/div>\n<div class=\"mc-column content-text active-extra-styles \" data-block-type=\"unstyled\" data-block-weight=\"34\" data-block-id=\"23\">\n<p class=\"content-text__container \" data-track-category=\"Link no Texto\" data-track-links=\"\">O Congresso Nacional havia ampliado o limite de renda para ter direito ao pagamento do benef\u00edcio, que valeria j\u00e1 para este ano. Com isso, mais pessoas passariam a ser beneficiadas, elevando as despesas p\u00fablicas.<\/p>\n<\/div>\n<div class=\"mc-column content-text active-extra-styles \" data-block-type=\"unstyled\" data-block-weight=\"23\" data-block-id=\"24\">\n<p class=\"content-text__container \" data-track-category=\"Link no Texto\" data-track-links=\"\">O presidente Jair Bolsonaro vetou o projeto alegando que n\u00e3o havia sido indicada fonte de receita, mas os parlamentares depois derrubaram esse veto.<\/p>\n<\/div>\n<div class=\"mc-column content-text active-extra-styles \" data-block-type=\"unstyled\" data-block-weight=\"26\" data-block-id=\"25\">\n<p class=\"content-text__container \" data-track-category=\"Link no Texto\" data-track-links=\"\">O governo federal, ent\u00e3o, recorreu ao Tribunal de Contas da Uni\u00e3o (TCU) para que a amplia\u00e7\u00e3o do limite valesse apenas a partir do ano que vem.<\/p>\n<\/div>\n<div class=\"mc-column content-text active-extra-styles \" data-block-type=\"unstyled\" data-block-weight=\"26\" data-block-id=\"26\">\n<p class=\"content-text__container \" data-track-category=\"Link no Texto\" data-track-links=\"\">O ministro do TCU Bruno Dantas atendeu o pedido do governo, mas, no \u00faltimo dia 18, voltou atr\u00e1s e suspendeu a sua decis\u00e3o por 15 dias.<\/p>\n<\/div>\n<div class=\"mc-column content-text active-extra-styles \" data-block-type=\"unstyled\" data-block-weight=\"35\" data-block-id=\"27\">\n<p class=\"content-text__container \" data-track-category=\"Link no Texto\" data-track-links=\"\">O projeto aprovado nesta quinta pela C\u00e2mara tenta resolver esse imbr\u00f3glio. O texto define a partir de quando as novas regras passar\u00e3o a valer. A proposta, por\u00e9m, cria exce\u00e7\u00f5es diante da crise do novo coronav\u00edrus.<\/p>\n<\/div>\n<div class=\"mc-column content-text active-extra-styles \" data-block-type=\"unstyled\" data-block-weight=\"21\" data-block-id=\"28\">\n<p class=\"content-text__container \" data-track-category=\"Link no Texto\" data-track-links=\"\">Pelo projeto, ter\u00e3o direito ao benef\u00edcio pessoas com mais de 65 anos ou com defici\u00eancia que tenham renda familiar per capita:<\/p>\n<\/div>\n<div class=\"mc-column content-text active-extra-styles\" data-block-type=\"raw\" data-block-weight=\"28\" data-block-id=\"29\">\n<ul class=\"content-unordered-list\">\n<li>igual ou inferior a um quarto do sal\u00e1rio-m\u00ednimo, at\u00e9 31 de dezembro de 2020;<\/li>\n<li>igual ou inferior a meio sal\u00e1rio-m\u00ednimo, a partir de 1\u00b0 de janeiro de 2021.<\/li>\n<\/ul>\n<\/div>\n<div class=\"mc-column content-text active-extra-styles \" data-block-type=\"unstyled\" data-block-weight=\"22\" data-block-id=\"30\">\n<p class=\"content-text__container \" data-track-category=\"Link no Texto\" data-track-links=\"\">No entanto, diante da pandemia do coronav\u00edrus, o projeto abre brecha para ampliar o crit\u00e9rio da concess\u00e3o de benef\u00edcio ainda neste ano.<\/p>\n<div class=\"mc-column content-text active-extra-styles \" data-block-type=\"unstyled\" data-block-weight=\"36\" data-block-id=\"32\">\n<p class=\"content-text__container \" data-track-category=\"Link no Texto\" data-track-links=\"\">O benef\u00edcio poder\u00e1 ser concedido para quem recebe at\u00e9 meio sal\u00e1rio m\u00ednimo per capita, em escala gradual a ser definida em regulamento, de acordo com uma s\u00e9rie de fatores agravados pela pandemia, como comprometimento socioecon\u00f4mico familiar.<\/p>\n<\/div>\n<div class=\"mc-column content-text active-extra-styles\" data-block-type=\"raw\" data-block-weight=\"1\" data-block-id=\"33\">\n<div class=\"content-intertitle\">\n<h2>Antecipa\u00e7\u00e3o<\/h2>\n<\/div>\n<\/div>\n<div class=\"mc-column content-text active-extra-styles \" data-block-type=\"unstyled\" data-block-weight=\"46\" data-block-id=\"34\">\n<p class=\"content-text__container \" data-track-category=\"Link no Texto\" data-track-links=\"\">O projeto tamb\u00e9m prev\u00ea a antecipa\u00e7\u00e3o do pagamento do aux\u00edlio para quem ainda est\u00e1 na fila do BPC para pessoa com defici\u00eancia e do aux\u00edlio-doen\u00e7a. No caso do BPC, o projeto prev\u00ea pagamento de R$ 600. Para o aux\u00edlio-doen\u00e7a, o valor \u00e9 de um sal\u00e1rio m\u00ednimo.<\/p>\n<\/div>\n<div class=\"mc-column content-text active-extra-styles\" data-block-type=\"raw\" data-block-weight=\"1\" data-block-id=\"35\">\n<div class=\"content-intertitle\">\n<h2>Metas<\/h2>\n<\/div>\n<\/div>\n<div class=\"mc-column content-text active-extra-styles \" data-block-type=\"unstyled\" data-block-weight=\"50\" data-block-id=\"36\">\n<p class=\"content-text__container \" data-track-category=\"Link no Texto\" data-track-links=\"\">A C\u00e2mara votou ainda um projeto de lei que suspende por 120 dias, a contar do dia 1\u00ba deste m\u00eas, a obrigatoriedade de manter as metas quantitativas e qualitativas exigidas de entidades de sa\u00fade que prestam servi\u00e7o no \u00e2mbito do Sistema \u00danico de Sa\u00fade (SUS). O texto vai ao Senado.<\/p>\n<\/div>\n<div class=\"mc-column content-text active-extra-styles \" data-block-type=\"unstyled\" data-block-weight=\"24\" data-block-id=\"37\">\n<p class=\"content-text__container \" data-track-category=\"Link no Texto\" data-track-links=\"\">Autor do projeto, o deputado Pedro Westphalen (PP-RS) argumenta que, devido \u00e0 pandemia de coronav\u00edrus no pa\u00eds, os hospitais tiveram que redirecionar sua atua\u00e7\u00e3o.<\/p>\n<\/div>\n<div class=\"mc-column content-text active-extra-styles \" data-block-type=\"unstyled\" data-block-weight=\"34\" data-block-id=\"38\">\n<p class=\"content-text__container \" data-track-category=\"Link no Texto\" data-track-links=\"\">Ele pondera que cirurgias marcadas, por exemplo, t\u00eam sido canceladas para priorizar o atendimento aos pacientes com Covid. E, por essa raz\u00e3o, os prestadores n\u00e3o t\u00eam mais condi\u00e7\u00f5es de cumprir as metas nesse per\u00edodo.<\/p>\n<\/div>\n<div class=\"mc-column content-text active-extra-styles \" data-block-type=\"unstyled\" data-block-weight=\"24\" data-block-id=\"39\">\n<p class=\"content-text__container \" data-track-category=\"Link no Texto\" data-track-links=\"\">Como o repasse de recursos \u00e9 condicionado ao cumprimento das metas, o objetivo do projeto \u00e9 garantir que as entidades continuem recebendo a verba.<\/p>\n<\/div>\n<div class=\"mc-column content-text active-extra-styles\" data-block-type=\"raw\" data-block-weight=\"1\" data-block-id=\"40\">\n<div class=\"content-intertitle\">\n<h2>Atestado<\/h2>\n<\/div>\n<\/div>\n<div class=\"mc-column content-text active-extra-styles \" data-block-type=\"unstyled\" data-block-weight=\"42\" data-block-id=\"41\">\n<p class=\"content-text__container \" data-track-category=\"Link no Texto\" data-track-links=\"\">A C\u00e2mara tamb\u00e9m aprovou projeto de lei apresentado pelo deputado Alexandre Padilha (PT-SP) que dispensa o trabalhador que estiver doente de apresentar atestado pelo prazo de sete dias, em situa\u00e7\u00e3o de emerg\u00eancia de sa\u00fade, pandemia ou epidemia quando houver imposi\u00e7\u00e3o de quarentena.<\/p>\n<\/div>\n<div data-track-category=\"multicontent\" data-track-action=\"ultimo chunk conteudo\" data-track-noninteraction=\"false\" data-track-scroll=\"view\">\n<div class=\"mc-column content-text active-extra-styles \" data-block-type=\"unstyled\" data-block-weight=\"33\" data-block-id=\"42\">\n<p class=\"content-text__container \" data-track-category=\"Link no Texto\" data-track-links=\"\">A partir do oitavo dia, no entanto, o empregado precisar\u00e1 apresentar documento de uma unidade de sa\u00fade ou um atestado eletr\u00f4nico, regulamentado pelo Minist\u00e9rio da Sa\u00fade, que comprove seu estado de sa\u00fade.<\/p>\n<p data-track-category=\"Link no Texto\" data-track-links=\"\">Fonte: G1<\/p>\n<\/div>\n<\/div>\n<\/div>\n<\/div>\n<\/div>\n<\/div>\n","protected":false},"excerpt":{"rendered":"<p>Texto vai ao Senado e prev\u00ea repasse por 3 meses. Aut\u00f4nomo dever\u00e1 cumprir requisitos como ter mais de 18 anos e n\u00e3o receber benef\u00edcio previdenci\u00e1rio ou assistencial. A\u00a0C\u00e2mara dos Deputados\u00a0aprovou nesta quinta-feira (26) um projeto que prev\u00ea o pagamento de R$ 600 a trabalhadores informais por tr\u00eas meses em raz\u00e3o da\u00a0pandemia do coronav\u00edrus. A mulher [&hellip;]<\/p>\n","protected":false},"author":1,"featured_media":2197,"comment_status":"open","ping_status":"open","sticky":false,"template":"","format":"standard","meta":{"jetpack_post_was_ever_published":false,"_jetpack_newsletter_access":"","_jetpack_dont_email_post_to_subs":false,"_jetpack_newsletter_tier_id":0,"_jetpack_memberships_contains_paywalled_content":false,"_jetpack_memberships_contains_paid_content":false,"footnotes":"","jetpack_publicize_message":"","jetpack_publicize_feature_enabled":true,"jetpack_social_post_already_shared":true,"jetpack_social_options":{"image_generator_settings":{"template":"highway","default_image_id":0,"font":"","enabled":false},"version":2}},"categories":[1],"tags":[493,762,755],"class_list":["post-2196","post","type-post","status-publish","format-standard","has-post-thumbnail","hentry","category-uncategorized","tag-auxilio","tag-corona","tag-virus"],"jetpack_publicize_connections":[],"jetpack_featured_media_url":"https:\/\/i0.wp.com\/cfcontabil.com\/cf\/wp-content\/uploads\/2020\/03\/plenario-camara.jpg?fit=640%2C419","jetpack_sharing_enabled":true,"jetpack_shortlink":"https:\/\/wp.me\/p2wklX-zq","jetpack-related-posts":[{"id":2211,"url":"http:\/\/cfcontabil.com\/cf\/senado-aprova-extensao-de-auxilio-de-r-600-a-mais-de-30-categorias\/","url_meta":{"origin":2196,"position":0},"title":"Senado aprova extens\u00e3o de aux\u00edlio de R$ 600 a mais de 30 categorias","author":"Ab\u00edlio Gon\u00e7alves","date":"1 de abril de 2020","format":false,"excerpt":"Projeto conhecido como \"coronavoucher\" segue para vota\u00e7\u00e3o na C\u00e2mara O Senado aprovou na tarde de hoje (1\u00ba) um Projeto de Lei (PL) que acrescenta dezenas de categorias entre as eleg\u00edveis a receber o aux\u00edlio de R$ 600 mensais, conhecido como \"coronavoucher\", pelo per\u00edodo de tr\u00eas meses. A aprova\u00e7\u00e3o ocorreu por\u2026","rel":"","context":"Em &quot;Geral&quot;","block_context":{"text":"Geral","link":"http:\/\/cfcontabil.com\/cf\/category\/geral\/"},"img":{"alt_text":"","src":"https:\/\/i0.wp.com\/cfcontabil.com\/cf\/wp-content\/uploads\/2020\/04\/coronavoucher.jpg?fit=785%2C442&resize=350%2C200","width":350,"height":200,"srcset":"https:\/\/i0.wp.com\/cfcontabil.com\/cf\/wp-content\/uploads\/2020\/04\/coronavoucher.jpg?fit=785%2C442&resize=350%2C200 1x, https:\/\/i0.wp.com\/cfcontabil.com\/cf\/wp-content\/uploads\/2020\/04\/coronavoucher.jpg?fit=785%2C442&resize=525%2C300 1.5x, https:\/\/i0.wp.com\/cfcontabil.com\/cf\/wp-content\/uploads\/2020\/04\/coronavoucher.jpg?fit=785%2C442&resize=700%2C400 2x"},"classes":[]},{"id":2200,"url":"http:\/\/cfcontabil.com\/cf\/governo-anuncia-r-40-bi-para-financiar-salario-do-trabalhador-de-pequenas-e-medias-empresas\/","url_meta":{"origin":2196,"position":1},"title":"Governo anuncia R$ 40 bi para financiar sal\u00e1rio do trabalhador de pequenas e m\u00e9dias empresas","author":"Ab\u00edlio Gon\u00e7alves","date":"27 de mar\u00e7o de 2020","format":false,"excerpt":"Empr\u00e9stimo cobrir\u00e1 dois meses de folha e ser\u00e1 limitado a dois sal\u00e1rios m\u00ednimos por funcion\u00e1rio, informou o presidente do BC. Empresas n\u00e3o poder\u00e3o demitir no per\u00edodo. O governo federal anunciou nesta sexta-feira (27) uma linha de cr\u00e9dito emergencial para pequenas e m\u00e9dias empresas e que vai ajud\u00e1-las a pagar os\u2026","rel":"","context":"Em &quot;Departamento Pessoal&quot;","block_context":{"text":"Departamento Pessoal","link":"http:\/\/cfcontabil.com\/cf\/category\/dp\/"},"img":{"alt_text":"","src":"https:\/\/i0.wp.com\/cfcontabil.com\/cf\/wp-content\/uploads\/2019\/11\/salario.jpg?fit=703%2C436&resize=350%2C200","width":350,"height":200,"srcset":"https:\/\/i0.wp.com\/cfcontabil.com\/cf\/wp-content\/uploads\/2019\/11\/salario.jpg?fit=703%2C436&resize=350%2C200 1x, https:\/\/i0.wp.com\/cfcontabil.com\/cf\/wp-content\/uploads\/2019\/11\/salario.jpg?fit=703%2C436&resize=525%2C300 1.5x, https:\/\/i0.wp.com\/cfcontabil.com\/cf\/wp-content\/uploads\/2019\/11\/salario.jpg?fit=703%2C436&resize=700%2C400 2x"},"classes":[]},{"id":2296,"url":"http:\/\/cfcontabil.com\/cf\/governo-lanca-novo-site-para-consulta-a-auxilio-emergencial-de-r-600\/","url_meta":{"origin":2196,"position":2},"title":"Governo lan\u00e7a novo site para consulta a aux\u00edlio emergencial de R$ 600","author":"Ab\u00edlio Gon\u00e7alves","date":"6 de maio de 2020","format":false,"excerpt":"Os brasileiros que fizeram a solicita\u00e7\u00e3o do aux\u00edlio emergencial de R$ 600 para trabalhadores informais poder\u00e3o consultar o andamento do pedido em um novo portal disponibilizado pela Dataprev, empresa p\u00fablica respons\u00e1vel pelo processamento dos dados. O novo portal pode ser acessado por meio dos endere\u00e7os\u00a0www.cidadania.gov.br\/consultaauxilio\u00a0e\u00a0https:\/\/consultaauxilio.dataprev.gov.br. Antes, os cidad\u00e3os s\u00f3 tinham\u2026","rel":"","context":"Em &quot;Geral&quot;","block_context":{"text":"Geral","link":"http:\/\/cfcontabil.com\/cf\/category\/geral\/"},"img":{"alt_text":"","src":"https:\/\/i0.wp.com\/cfcontabil.com\/cf\/wp-content\/uploads\/2020\/05\/auxilio-emergencial-novo-site.jpg?fit=932%2C536&resize=350%2C200","width":350,"height":200,"srcset":"https:\/\/i0.wp.com\/cfcontabil.com\/cf\/wp-content\/uploads\/2020\/05\/auxilio-emergencial-novo-site.jpg?fit=932%2C536&resize=350%2C200 1x, https:\/\/i0.wp.com\/cfcontabil.com\/cf\/wp-content\/uploads\/2020\/05\/auxilio-emergencial-novo-site.jpg?fit=932%2C536&resize=525%2C300 1.5x, https:\/\/i0.wp.com\/cfcontabil.com\/cf\/wp-content\/uploads\/2020\/05\/auxilio-emergencial-novo-site.jpg?fit=932%2C536&resize=700%2C400 2x"},"classes":[]},{"id":2343,"url":"http:\/\/cfcontabil.com\/cf\/decreto-define-regras-para-pagamento-de-auxilio-emergencial-de-r-300\/","url_meta":{"origin":2196,"position":3},"title":"Decreto define regras para pagamento de aux\u00edlio emergencial de R$ 300","author":"Ab\u00edlio Gon\u00e7alves","date":"18 de setembro de 2020","format":false,"excerpt":"A medida foi publicada no Di\u00e1rio Oficial As regras para a concess\u00e3o do aux\u00edlio emergencial residual de R$ 300 foram publicadas em edi\u00e7\u00e3o extra do\u00a0Di\u00e1rio Oficial da Uni\u00e3o\u00a0(DOU) dessa quarta-feira (16). O\u00a0Decreto\u00a0n\u00ba 10.488 regulamenta a Medida Provis\u00f3ria n\u00ba 1.000, de 2 de setembro de 2020, que concede o aux\u00edlio emergencial\u2026","rel":"","context":"Em &quot;Geral&quot;","block_context":{"text":"Geral","link":"http:\/\/cfcontabil.com\/cf\/category\/geral\/"},"img":{"alt_text":"","src":"https:\/\/i0.wp.com\/cfcontabil.com\/cf\/wp-content\/uploads\/2020\/09\/caixa_economica_federal0505202674.jpg?fit=1170%2C700&resize=350%2C200","width":350,"height":200,"srcset":"https:\/\/i0.wp.com\/cfcontabil.com\/cf\/wp-content\/uploads\/2020\/09\/caixa_economica_federal0505202674.jpg?fit=1170%2C700&resize=350%2C200 1x, https:\/\/i0.wp.com\/cfcontabil.com\/cf\/wp-content\/uploads\/2020\/09\/caixa_economica_federal0505202674.jpg?fit=1170%2C700&resize=525%2C300 1.5x, https:\/\/i0.wp.com\/cfcontabil.com\/cf\/wp-content\/uploads\/2020\/09\/caixa_economica_federal0505202674.jpg?fit=1170%2C700&resize=700%2C400 2x, https:\/\/i0.wp.com\/cfcontabil.com\/cf\/wp-content\/uploads\/2020\/09\/caixa_economica_federal0505202674.jpg?fit=1170%2C700&resize=1050%2C600 3x"},"classes":[]},{"id":2311,"url":"http:\/\/cfcontabil.com\/cf\/caixa-deposita-2a-parcela-de-r-600-de-nascidos-em-janeiro-ou-fevereiro\/","url_meta":{"origin":2196,"position":4},"title":"Caixa deposita 2\u00aa parcela de R$ 600 de nascidos em janeiro ou fevereiro","author":"Ab\u00edlio Gon\u00e7alves","date":"20 de maio de 2020","format":false,"excerpt":"O governo deposita nesta quarta-feira (20) a segunda parcela do aux\u00edlio emergencial de R$ 600 para quem nasceu em janeiro ou fevereiro e recebeu a primeira parcela entre 1\u00ba e 30 de abril. A exce\u00e7\u00e3o \u00e9 o benefici\u00e1rio do Bolsa Fam\u00edlia, que recebe de acordo com outro calend\u00e1rio. O calend\u00e1rio\u2026","rel":"","context":"Em &quot;Geral&quot;","block_context":{"text":"Geral","link":"http:\/\/cfcontabil.com\/cf\/category\/geral\/"},"img":{"alt_text":"","src":"https:\/\/i0.wp.com\/cfcontabil.com\/cf\/wp-content\/uploads\/2020\/05\/auxilio-emergencial-caixa-economica-federal-2020-1024x572-1.jpg?fit=1024%2C572&resize=350%2C200","width":350,"height":200,"srcset":"https:\/\/i0.wp.com\/cfcontabil.com\/cf\/wp-content\/uploads\/2020\/05\/auxilio-emergencial-caixa-economica-federal-2020-1024x572-1.jpg?fit=1024%2C572&resize=350%2C200 1x, https:\/\/i0.wp.com\/cfcontabil.com\/cf\/wp-content\/uploads\/2020\/05\/auxilio-emergencial-caixa-economica-federal-2020-1024x572-1.jpg?fit=1024%2C572&resize=525%2C300 1.5x, https:\/\/i0.wp.com\/cfcontabil.com\/cf\/wp-content\/uploads\/2020\/05\/auxilio-emergencial-caixa-economica-federal-2020-1024x572-1.jpg?fit=1024%2C572&resize=700%2C400 2x"},"classes":[]},{"id":2192,"url":"http:\/\/cfcontabil.com\/cf\/mp-do-contribuinte-legal-e-aprovada\/","url_meta":{"origin":2196,"position":5},"title":"MP do Contribuinte Legal \u00e9 aprovada","author":"Ab\u00edlio Gon\u00e7alves","date":"25 de mar\u00e7o de 2020","format":false,"excerpt":"Medida Provis\u00f3ria do Contribuinte Legal permite a regulariza\u00e7\u00e3o de d\u00edvidas com a Uni\u00e3o Entenda o que muda. Com vota\u00e7\u00e3o remota, o Plen\u00e1rio do Senado aprovou nesta ter\u00e7a-feira (24) a MP 899\/2019, mais conhecida como MP do Contribuinte Legal. Essa medida regulamenta a negocia\u00e7\u00e3o de d\u00edvidas tribut\u00e1ria com a Uni\u00e3o. Foram\u2026","rel":"","context":"Em &quot;Departamento Fiscal&quot;","block_context":{"text":"Departamento Fiscal","link":"http:\/\/cfcontabil.com\/cf\/category\/df\/"},"img":{"alt_text":"","src":"https:\/\/i0.wp.com\/cfcontabil.com\/cf\/wp-content\/uploads\/2020\/03\/dinheiro-caneta.jpg?fit=600%2C310&resize=350%2C200","width":350,"height":200,"srcset":"https:\/\/i0.wp.com\/cfcontabil.com\/cf\/wp-content\/uploads\/2020\/03\/dinheiro-caneta.jpg?fit=600%2C310&resize=350%2C200 1x, https:\/\/i0.wp.com\/cfcontabil.com\/cf\/wp-content\/uploads\/2020\/03\/dinheiro-caneta.jpg?fit=600%2C310&resize=525%2C300 1.5x"},"classes":[]}],"jetpack_likes_enabled":true,"_links":{"self":[{"href":"http:\/\/cfcontabil.com\/cf\/wp-json\/wp\/v2\/posts\/2196","targetHints":{"allow":["GET"]}}],"collection":[{"href":"http:\/\/cfcontabil.com\/cf\/wp-json\/wp\/v2\/posts"}],"about":[{"href":"http:\/\/cfcontabil.com\/cf\/wp-json\/wp\/v2\/types\/post"}],"author":[{"embeddable":true,"href":"http:\/\/cfcontabil.com\/cf\/wp-json\/wp\/v2\/users\/1"}],"replies":[{"embeddable":true,"href":"http:\/\/cfcontabil.com\/cf\/wp-json\/wp\/v2\/comments?post=2196"}],"version-history":[{"count":2,"href":"http:\/\/cfcontabil.com\/cf\/wp-json\/wp\/v2\/posts\/2196\/revisions"}],"predecessor-version":[{"id":2199,"href":"http:\/\/cfcontabil.com\/cf\/wp-json\/wp\/v2\/posts\/2196\/revisions\/2199"}],"wp:featuredmedia":[{"embeddable":true,"href":"http:\/\/cfcontabil.com\/cf\/wp-json\/wp\/v2\/media\/2197"}],"wp:attachment":[{"href":"http:\/\/cfcontabil.com\/cf\/wp-json\/wp\/v2\/media?parent=2196"}],"wp:term":[{"taxonomy":"category","embeddable":true,"href":"http:\/\/cfcontabil.com\/cf\/wp-json\/wp\/v2\/categories?post=2196"},{"taxonomy":"post_tag","embeddable":true,"href":"http:\/\/cfcontabil.com\/cf\/wp-json\/wp\/v2\/tags?post=2196"}],"curies":[{"name":"wp","href":"https:\/\/api.w.org\/{rel}","templated":true}]}}