{"id":2200,"date":"2020-03-27T13:53:29","date_gmt":"2020-03-27T16:53:29","guid":{"rendered":"http:\/\/cfcontabil.com\/cf\/?p=2200"},"modified":"2020-03-27T13:53:29","modified_gmt":"2020-03-27T16:53:29","slug":"governo-anuncia-r-40-bi-para-financiar-salario-do-trabalhador-de-pequenas-e-medias-empresas","status":"publish","type":"post","link":"http:\/\/cfcontabil.com\/cf\/governo-anuncia-r-40-bi-para-financiar-salario-do-trabalhador-de-pequenas-e-medias-empresas\/","title":{"rendered":"Governo anuncia R$ 40 bi para financiar sal\u00e1rio do trabalhador de pequenas e m\u00e9dias empresas"},"content":{"rendered":"<h2 class=\"content-head__subtitle\">Empr\u00e9stimo cobrir\u00e1 dois meses de folha e ser\u00e1 limitado a dois sal\u00e1rios m\u00ednimos por funcion\u00e1rio, informou o presidente do BC. Empresas n\u00e3o poder\u00e3o demitir no per\u00edodo.<\/h2>\n<div class=\"mc-column content-text active-extra-styles \" data-block-type=\"unstyled\" data-block-weight=\"33\" data-block-id=\"2\">\n<p class=\"content-text__container \" data-track-category=\"Link no Texto\" data-track-links=\"\">O governo federal anunciou nesta sexta-feira (27) uma linha de cr\u00e9dito emergencial para pequenas e m\u00e9dias empresas e que vai ajud\u00e1-las a pagar os sal\u00e1rios de seus funcion\u00e1rios pelo per\u00edodo de dois meses.<\/p>\n<\/div>\n<div class=\"wall protected-content\">\n<div class=\"mc-column content-text active-extra-styles \" data-block-type=\"unstyled\" data-block-weight=\"33\" data-block-id=\"3\">\n<p class=\"content-text__container \" data-track-category=\"Link no Texto\" data-track-links=\"\">Anunciado pelo presidente Jair Bolsonaro e pelo presidente do Banco Central, Roberto Campos Neto, o programa vai disponibilizar no m\u00e1ximo R$ 20 bilh\u00f5es por m\u00eas, ou seja, R$ 40 bilh\u00f5es em dois meses.<\/p>\n<div class=\"mc-column content-text active-extra-styles \" data-block-type=\"unstyled\" data-block-weight=\"48\" data-block-id=\"5\">\n<p class=\"content-text__container \" data-track-category=\"Link no Texto\" data-track-links=\"\">Feito no Pal\u00e1cio do Planalto, o an\u00fancio ocorre ap\u00f3s o aumento da press\u00e3o sobre Bolsonaro para que adote medidas semelhantes \u00e0s vistas em outros pa\u00edses para facilitar medidas como o isolamento recomendado pela Organiza\u00e7\u00e3o Mundial da Sa\u00fade (OMS) para reduzir o crescimento no n\u00famero de doentes pela covid-19.<\/p>\n<\/div>\n<div class=\"mc-column content-text active-extra-styles \" data-block-type=\"unstyled\" data-block-weight=\"32\" data-block-id=\"6\">\n<p class=\"content-text__container \" data-track-category=\"Link no Texto\" data-track-links=\"\">Bolsonaro tem dado declara\u00e7\u00f5es diminuindo os riscos do coronav\u00edrus e defendendo a redu\u00e7\u00e3o das restri\u00e7\u00f5es ao movimento de pessoas e a volta ao trabalho devido aos preju\u00edzos econ\u00f4micos das medidas de isolamento.<\/p>\n<\/div>\n<div class=\"mc-column content-text active-extra-styles \" data-block-type=\"unstyled\" data-block-weight=\"31\" data-block-id=\"7\">\n<p class=\"content-text__container \" data-track-category=\"Link no Texto\" data-track-links=\"\">Na quinta (26), depois de acordo com o governo federal, a C\u00e2mara aprovou projeto que\u00a0fixa pagamento de aux\u00edlio de R$ 600 para trabalhadores informais\u00a0por um per\u00edodo de tr\u00eas meses.<\/p>\n<\/div>\n<div class=\"mc-column content-text active-extra-styles \" data-block-type=\"unstyled\" data-block-weight=\"29\" data-block-id=\"8\">\n<p class=\"content-text__container \" data-track-category=\"Link no Texto\" data-track-links=\"\">Tanto o aux\u00edlio aos informais quanto a medida desta sexta visam aliviar a press\u00e3o financeira sobre pessoas e empresas durante a crise gerada pela pandemia do novo coronav\u00edrus.<\/p>\n<div class=\"mc-column content-text active-extra-styles \" data-block-type=\"unstyled\" data-block-weight=\"32\" data-block-id=\"10\">\n<p class=\"content-text__container \" data-track-category=\"Link no Texto\" data-track-links=\"\">Questionado sobre aux\u00edlio para microempresas, com rendimento abaixo do piso de R$ 360 mil do financiamento anunciado nesta sexta, o presidente do BC disse que medidas est\u00e3o sendo estudadas.<\/p>\n<\/div>\n<div class=\"mc-column content-text active-extra-styles\" data-block-type=\"raw\" data-block-weight=\"4\" data-block-id=\"11\">\n<div class=\"content-intertitle\">\n<h2>Dois m\u00ednimos por trabalhador<\/h2>\n<\/div>\n<\/div>\n<div class=\"mc-column content-text active-extra-styles \" data-block-type=\"unstyled\" data-block-weight=\"22\" data-block-id=\"12\">\n<p class=\"content-text__container \" data-track-category=\"Link no Texto\" data-track-links=\"\">De acordo com Campos Neto, por\u00e9m, o dinheiro para pequenas e m\u00e9dias empresas vai financiar, no m\u00e1ximo, dois sal\u00e1rios m\u00ednimos por trabalhador.<\/p>\n<\/div>\n<div class=\"mc-column content-text active-extra-styles \" data-block-type=\"unstyled\" data-block-weight=\"36\" data-block-id=\"13\">\n<p class=\"content-text__container \" data-track-category=\"Link no Texto\" data-track-links=\"\">Isso significa que quem j\u00e1 tem sal\u00e1rio de at\u00e9 dois sal\u00e1rios m\u00ednimos continuar\u00e1 a ter o mesmo rendimento. Entretanto, para os funcion\u00e1rios que ganham acima de dois sal\u00e1rios, o financiamento ficar\u00e1 limitado a dois sal\u00e1rios m\u00ednimos.<\/p>\n<\/div>\n<div class=\"mc-column content-text active-extra-styles \" data-block-type=\"unstyled\" data-block-weight=\"28\" data-block-id=\"14\">\n<p class=\"content-text__container \" data-track-category=\"Link no Texto\" data-track-links=\"\">No caso de um funcion\u00e1rio que ganhe, por exemplo, R$ 5 mil por m\u00eas, vai ficar a crit\u00e9rio da empresa complementar o valor acima de dois sal\u00e1rios m\u00ednimos.<\/p>\n<\/div>\n<div class=\"mc-column content-text active-extra-styles \" data-block-type=\"unstyled\" data-block-weight=\"8\" data-block-id=\"15\">\n<p class=\"content-text__container \" data-track-category=\"Link no Texto\" data-track-links=\"\">Ainda de acordo com o presidente do BC:<\/p>\n<\/div>\n<div class=\"mc-column content-text active-extra-styles\" data-block-type=\"raw\" data-block-weight=\"47\" data-block-id=\"16\">\n<ul class=\"content-unordered-list\">\n<li>o financiamento estar\u00e1 dispon\u00edvel para empresas com faturamento entre R$ 360 mil e R$ 10 milh\u00f5es por ano;<\/li>\n<li>o dinheiro ser\u00e1 exclusivo para folha de pagamento;<\/li>\n<li>a empresa ter\u00e1 6 meses de car\u00eancia e 36 meses para pagar o empr\u00e9stimo;<\/li>\n<li>os juros ser\u00e3o de 3,75% ao ano.<\/li>\n<\/ul>\n<\/div>\n<div class=\"mc-column content-text active-extra-styles \" data-block-type=\"unstyled\" data-block-weight=\"25\" data-block-id=\"17\">\n<p class=\"content-text__container \" data-track-category=\"Link no Texto\" data-track-links=\"\">Al\u00e9m disso, informou o presidente do Banco Central, as empresas que contratarem essa linha de cr\u00e9dito n\u00e3o poder\u00e3o demitir funcion\u00e1rios pelo per\u00edodo de dois meses.<\/p>\n<\/div>\n<div class=\"mc-column content-text active-extra-styles \" data-block-type=\"unstyled\" data-block-weight=\"41\" data-block-id=\"18\">\n<p class=\"content-text__container \" data-track-category=\"Link no Texto\" data-track-links=\"\">&#8220;O dinheiro vai direto para a folha de pagamento. A empresa fecha o contrato com o banco, mas o dinheiro vai direto para o funcion\u00e1rio, cai direto no cpf do funcion\u00e1rio. A empresa fica s\u00f3 com a d\u00edvida&#8221;, disse Campos Neto.<\/p>\n<\/div>\n<div class=\"mc-column content-text active-extra-styles \" data-block-type=\"unstyled\" data-block-weight=\"28\" data-block-id=\"19\">\n<p class=\"content-text__container \" data-track-category=\"Link no Texto\" data-track-links=\"\">De acordo como presidente, a previs\u00e3o \u00e9 que sejam beneficiadas pela medida 1,4 milh\u00e3o de pequenas e m\u00e9dias empresas do pa\u00eds, num total de 12,2 milh\u00f5es de pessoas.<\/p>\n<\/div>\n<div class=\"mc-column content-text active-extra-styles \" data-block-type=\"unstyled\" data-block-weight=\"29\" data-block-id=\"20\">\n<p class=\"content-text__container \" data-track-category=\"Link no Texto\" data-track-links=\"\">Campos Neto afirmou que o 1,4 milh\u00e3o equivale ao total de pequenas e m\u00e9dias empresas do pa\u00eds com faturamento entre R$ 360 mil e R$ 10 milh\u00f5es por ano.<\/p>\n<div class=\"mc-column content-text active-extra-styles\" data-block-type=\"raw\" data-block-weight=\"4\" data-block-id=\"22\">\n<div class=\"content-intertitle\">\n<h2>Participa\u00e7\u00e3o de bancos privados<\/h2>\n<\/div>\n<\/div>\n<div class=\"mc-column content-text active-extra-styles \" data-block-type=\"unstyled\" data-block-weight=\"21\" data-block-id=\"23\">\n<p class=\"content-text__container \" data-track-category=\"Link no Texto\" data-track-links=\"\">A opera\u00e7\u00e3o do programa ser\u00e1 feita em parceria com o Banco Nacional de Desenvolvimento Econ\u00f4mico e Social (BNDES) e bancos privados.<\/p>\n<\/div>\n<div class=\"mc-column content-text active-extra-styles \" data-block-type=\"unstyled\" data-block-weight=\"54\" data-block-id=\"24\">\n<p class=\"content-text__container \" data-track-category=\"Link no Texto\" data-track-links=\"\">De acordo com o presidente do BNDES, Gustavo Montezano, do total de R$ 40 bilh\u00f5es que ser\u00e3o ofertados, 75% vir\u00e3o do Tesouro Nacional e outros R$ 15% de bancos privados, que tamb\u00e9m ser\u00e3o os respons\u00e1veis por assinar os contratos com as empresas e repassar o dinheiro do financiamento direto para as contas dos trabalhadores.<\/p>\n<div class=\"mc-column content-text active-extra-styles\" data-block-type=\"raw\" data-block-weight=\"1\" data-block-id=\"26\">\n<div class=\"content-intertitle\">\n<h2>Microempresas<\/h2>\n<\/div>\n<\/div>\n<div class=\"mc-column content-text active-extra-styles \" data-block-type=\"unstyled\" data-block-weight=\"38\" data-block-id=\"27\">\n<p class=\"content-text__container \" data-track-category=\"Link no Texto\" data-track-links=\"\">Questionado sobre a dificuldade que pequenos empres\u00e1rios para obter cr\u00e9dito com juros mais baixos, Campos Neto afirmou que a linha anunciada nesta sexta tem o objetivo de contemplar empresas que sofrem para obter financiamento em momentos de crise.<\/p>\n<\/div>\n<div class=\"mc-column content-text active-extra-styles \" data-block-type=\"unstyled\" data-block-weight=\"22\" data-block-id=\"28\">\n<p class=\"content-text__container \" data-track-category=\"Link no Texto\" data-track-links=\"\">&#8220;Queremos estabilizar o custo de cr\u00e9dito para essas empresas que s\u00e3o as mais penalizadas no momento de liquidez menor no sistema&#8221;, afirmou.<\/p>\n<\/div>\n<div class=\"mc-column content-text active-extra-styles \" data-block-type=\"unstyled\" data-block-weight=\"25\" data-block-id=\"29\">\n<p class=\"content-text__container \" data-track-category=\"Link no Texto\" data-track-links=\"\">Ele adicionou, por\u00e9m, que o Banco Central estuda medidas voltadas a trabalhadores informais e empresas que faturam menos do que R$ 360 mil por ano.<\/p>\n<\/div>\n<div data-track-category=\"multicontent\" data-track-action=\"ultimo chunk conteudo\" data-track-noninteraction=\"false\" data-track-scroll=\"view\">\n<div class=\"mc-column content-text active-extra-styles \" data-block-type=\"unstyled\" data-block-weight=\"27\" data-block-id=\"30\">\n<p class=\"content-text__container \" data-track-category=\"Link no Texto\" data-track-links=\"\">&#8220;Vamos ter alguma coisa em breve para as microempresas. As medidas adotadas atendem bastante o setor informal e estamos estudando algumas medidas para o setor informal&#8221;, disse.<\/p>\n<\/div>\n<\/div>\n<\/div>\n<\/div>\n<\/div>\n<\/div>\n<\/div>\n","protected":false},"excerpt":{"rendered":"<p>Empr\u00e9stimo cobrir\u00e1 dois meses de folha e ser\u00e1 limitado a dois sal\u00e1rios m\u00ednimos por funcion\u00e1rio, informou o presidente do BC. Empresas n\u00e3o poder\u00e3o demitir no per\u00edodo. O governo federal anunciou nesta sexta-feira (27) uma linha de cr\u00e9dito emergencial para pequenas e m\u00e9dias empresas e que vai ajud\u00e1-las a pagar os sal\u00e1rios de seus funcion\u00e1rios pelo [&hellip;]<\/p>\n","protected":false},"author":1,"featured_media":1884,"comment_status":"open","ping_status":"open","sticky":false,"template":"","format":"standard","meta":{"jetpack_post_was_ever_published":false,"_jetpack_newsletter_access":"","_jetpack_dont_email_post_to_subs":false,"_jetpack_newsletter_tier_id":0,"_jetpack_memberships_contains_paywalled_content":false,"_jetpack_memberships_contains_paid_content":false,"footnotes":"","jetpack_publicize_message":"","jetpack_publicize_feature_enabled":true,"jetpack_social_post_already_shared":true,"jetpack_social_options":{"image_generator_settings":{"template":"highway","default_image_id":0,"font":"","enabled":false},"version":2}},"categories":[29],"tags":[767,235,766,768,93],"class_list":["post-2200","post","type-post","status-publish","format-standard","has-post-thumbnail","hentry","category-dp","tag-bancos","tag-emprego","tag-emprestimo","tag-pais","tag-salario"],"jetpack_publicize_connections":[],"jetpack_featured_media_url":"https:\/\/i0.wp.com\/cfcontabil.com\/cf\/wp-content\/uploads\/2019\/11\/salario.jpg?fit=703%2C436","jetpack_sharing_enabled":true,"jetpack_shortlink":"https:\/\/wp.me\/p2wklX-zu","jetpack-related-posts":[{"id":2392,"url":"http:\/\/cfcontabil.com\/cf\/com-o-fim-de-medida-empresas-retomam-horario-e-salario-integrais\/","url_meta":{"origin":2200,"position":0},"title":"Com o fim de medida, empresas retomam hor\u00e1rio e sal\u00e1rio integrais","author":"Ab\u00edlio Gon\u00e7alves","date":"6 de janeiro de 2021","format":false,"excerpt":"A medida do governo que permitia o corte de sal\u00e1rios e a redu\u00e7\u00e3o da jornada de trabalho, como forma de proteger os empregos no per\u00edodo de pandemia, terminou em 31 de dezembro de 2020. Desde o in\u00edcio do m\u00eas, os empregadores devem retornar com o hor\u00e1rio e pagamento integrais aos\u2026","rel":"","context":"Em &quot;Geral&quot;","block_context":{"text":"Geral","link":"http:\/\/cfcontabil.com\/cf\/category\/geral\/"},"img":{"alt_text":"","src":"https:\/\/i0.wp.com\/cfcontabil.com\/cf\/wp-content\/uploads\/2020\/04\/emprego-4.jpg.pagespeed.ic_.4H7FnGacfP.jpg?fit=1086%2C652&resize=350%2C200","width":350,"height":200,"srcset":"https:\/\/i0.wp.com\/cfcontabil.com\/cf\/wp-content\/uploads\/2020\/04\/emprego-4.jpg.pagespeed.ic_.4H7FnGacfP.jpg?fit=1086%2C652&resize=350%2C200 1x, https:\/\/i0.wp.com\/cfcontabil.com\/cf\/wp-content\/uploads\/2020\/04\/emprego-4.jpg.pagespeed.ic_.4H7FnGacfP.jpg?fit=1086%2C652&resize=525%2C300 1.5x, https:\/\/i0.wp.com\/cfcontabil.com\/cf\/wp-content\/uploads\/2020\/04\/emprego-4.jpg.pagespeed.ic_.4H7FnGacfP.jpg?fit=1086%2C652&resize=700%2C400 2x, https:\/\/i0.wp.com\/cfcontabil.com\/cf\/wp-content\/uploads\/2020\/04\/emprego-4.jpg.pagespeed.ic_.4H7FnGacfP.jpg?fit=1086%2C652&resize=1050%2C600 3x"},"classes":[]},{"id":849,"url":"http:\/\/cfcontabil.com\/cf\/governo-vai-liberar-r-82-bi-para-pequenos-empresarios-nos-proximos-dois-anos\/","url_meta":{"origin":2200,"position":1},"title":"Governo vai liberar R$ 8,2 bi para pequenos empres\u00e1rios nos pr\u00f3ximos dois anos","author":"Ab\u00edlio Gon\u00e7alves","date":"21 de janeiro de 2017","format":false,"excerpt":"O governo federal vai disponibilizar R$ 8,2 bilh\u00f5es em cr\u00e9dito para pequenos empres\u00e1rios nos pr\u00f3ximos dois anos. Os recursos liberados s\u00e3o do Fundo de Amparo ao Trabalhador (FAT) e do Banco Nacional do Desenvolvimento Econ\u00f4mico e Social (BNDES). O objetivo \u00e9 reduzir a inadimpl\u00eancia das empresas de menor porte e\u2026","rel":"","context":"Em &quot;Geral&quot;","block_context":{"text":"Geral","link":"http:\/\/cfcontabil.com\/cf\/category\/geral\/"},"img":{"alt_text":"","src":"https:\/\/i0.wp.com\/cfcontabil.com\/cf\/wp-content\/uploads\/2017\/01\/Moedas-1-real-1.jpg?fit=810%2C455&resize=350%2C200","width":350,"height":200,"srcset":"https:\/\/i0.wp.com\/cfcontabil.com\/cf\/wp-content\/uploads\/2017\/01\/Moedas-1-real-1.jpg?fit=810%2C455&resize=350%2C200 1x, https:\/\/i0.wp.com\/cfcontabil.com\/cf\/wp-content\/uploads\/2017\/01\/Moedas-1-real-1.jpg?fit=810%2C455&resize=525%2C300 1.5x, https:\/\/i0.wp.com\/cfcontabil.com\/cf\/wp-content\/uploads\/2017\/01\/Moedas-1-real-1.jpg?fit=810%2C455&resize=700%2C400 2x"},"classes":[]},{"id":2375,"url":"http:\/\/cfcontabil.com\/cf\/13o-salario-deve-ser-integral-para-quem-teve-jornada-reduzida-diz-governo\/","url_meta":{"origin":2200,"position":2},"title":"13\u00ba sal\u00e1rio deve ser integral para quem teve jornada reduzida, diz governo","author":"Ab\u00edlio Gon\u00e7alves","date":"18 de novembro de 2020","format":false,"excerpt":"Segundo o documento, o benef\u00edcio natalino \u00e9 calculado com base na remunera\u00e7\u00e3o integral do m\u00eas de dezembro, sem influ\u00eancia das redu\u00e7\u00f5es tempor\u00e1rias de jornada e sal\u00e1rio. BAIXE O ARQUIVO COMPLETO: SEI_ME-11826535-Nota-T\u00e9cnicaBaixar O governo divulgou uma nota t\u00e9cnica em que define que\u00a0o 13\u00ba sal\u00e1rio deve ser pago integramente para quem teve\u2026","rel":"","context":"Em &quot;Departamento Pessoal&quot;","block_context":{"text":"Departamento Pessoal","link":"http:\/\/cfcontabil.com\/cf\/category\/dp\/"},"img":{"alt_text":"","src":"https:\/\/i0.wp.com\/cfcontabil.com\/cf\/wp-content\/uploads\/2019\/10\/dinheiro.jpg?fit=670%2C400&resize=350%2C200","width":350,"height":200,"srcset":"https:\/\/i0.wp.com\/cfcontabil.com\/cf\/wp-content\/uploads\/2019\/10\/dinheiro.jpg?fit=670%2C400&resize=350%2C200 1x, https:\/\/i0.wp.com\/cfcontabil.com\/cf\/wp-content\/uploads\/2019\/10\/dinheiro.jpg?fit=670%2C400&resize=525%2C300 1.5x"},"classes":[]},{"id":1960,"url":"http:\/\/cfcontabil.com\/cf\/donos-de-pequenos-negocios-apontam-melhoria-do-acesso-ao-credito\/","url_meta":{"origin":2200,"position":3},"title":"Donos de pequenos neg\u00f3cios apontam melhoria do acesso ao cr\u00e9dito","author":"Ab\u00edlio Gon\u00e7alves","date":"28 de novembro de 2019","format":false,"excerpt":"Pesquisa realizada pelo Sebrae mostra que mais empres\u00e1rios buscaram empr\u00e9stimos em 2019 e que houve melhora na avalia\u00e7\u00e3o do sistema financeiro A melhora dos \u00edndices de confian\u00e7a dos empres\u00e1rios brasileiros, identificada na Sondagem Conjuntural realizada pelo Sebrae, contribui para que os donos de pequenos neg\u00f3cios retomem o interesse em buscar\u2026","rel":"","context":"Em &quot;Consultoria Empresarial&quot;","block_context":{"text":"Consultoria Empresarial","link":"http:\/\/cfcontabil.com\/cf\/category\/consultoria\/"},"img":{"alt_text":"","src":"https:\/\/i0.wp.com\/cfcontabil.com\/cf\/wp-content\/uploads\/2019\/11\/pequenos-neg%C3%B3cios.jpg?fit=600%2C310&resize=350%2C200","width":350,"height":200,"srcset":"https:\/\/i0.wp.com\/cfcontabil.com\/cf\/wp-content\/uploads\/2019\/11\/pequenos-neg%C3%B3cios.jpg?fit=600%2C310&resize=350%2C200 1x, https:\/\/i0.wp.com\/cfcontabil.com\/cf\/wp-content\/uploads\/2019\/11\/pequenos-neg%C3%B3cios.jpg?fit=600%2C310&resize=525%2C300 1.5x"},"classes":[]},{"id":2215,"url":"http:\/\/cfcontabil.com\/cf\/ponto-a-ponto-mp-936-2020-entenda-cortes-salariais-suspensoes-e-beneficio\/","url_meta":{"origin":2200,"position":4},"title":"Ponto a ponto MP 936\/2020: Entenda cortes salariais, suspens\u00f5es e benef\u00edcio","author":"Ab\u00edlio Gon\u00e7alves","date":"2 de abril de 2020","format":false,"excerpt":"A MP 936\/2020 possibilita o corte salarial de at\u00e9 70%, suspens\u00e3o do contrato de trabalho e benef\u00edcio emergencial. Entenda ponto a ponto O Di\u00e1rio Oficial da Uni\u00e3o publicou nesta quarta-feira, 01, a MP 936\/2020 que institui o Programa Emergencial de Manuten\u00e7\u00e3o do Emprego e da Renda. Em suma, a norma\u2026","rel":"","context":"Em &quot;Departamento Pessoal&quot;","block_context":{"text":"Departamento Pessoal","link":"http:\/\/cfcontabil.com\/cf\/category\/dp\/"},"img":{"alt_text":"","src":"https:\/\/i0.wp.com\/cfcontabil.com\/cf\/wp-content\/uploads\/2020\/04\/emprego-4.jpg.pagespeed.ic_.4H7FnGacfP.jpg?fit=1086%2C652&resize=350%2C200","width":350,"height":200,"srcset":"https:\/\/i0.wp.com\/cfcontabil.com\/cf\/wp-content\/uploads\/2020\/04\/emprego-4.jpg.pagespeed.ic_.4H7FnGacfP.jpg?fit=1086%2C652&resize=350%2C200 1x, https:\/\/i0.wp.com\/cfcontabil.com\/cf\/wp-content\/uploads\/2020\/04\/emprego-4.jpg.pagespeed.ic_.4H7FnGacfP.jpg?fit=1086%2C652&resize=525%2C300 1.5x, https:\/\/i0.wp.com\/cfcontabil.com\/cf\/wp-content\/uploads\/2020\/04\/emprego-4.jpg.pagespeed.ic_.4H7FnGacfP.jpg?fit=1086%2C652&resize=700%2C400 2x, https:\/\/i0.wp.com\/cfcontabil.com\/cf\/wp-content\/uploads\/2020\/04\/emprego-4.jpg.pagespeed.ic_.4H7FnGacfP.jpg?fit=1086%2C652&resize=1050%2C600 3x"},"classes":[]},{"id":1936,"url":"http:\/\/cfcontabil.com\/cf\/governo-avalia-imposto-de-renda-de-35-para-salarios-acima-de-r-39-mil\/","url_meta":{"origin":2200,"position":5},"title":"Governo avalia Imposto de Renda de 35% para sal\u00e1rios acima de R$ 39 mil","author":"Ab\u00edlio Gon\u00e7alves","date":"21 de novembro de 2019","format":false,"excerpt":"A ideia \u00e9 conseguir receitas para compensar a desonera\u00e7\u00e3o da folha de pagamentos, medida de redu\u00e7\u00e3o de custo da m\u00e3o de obra e que representaria perda de dinheiro para os cofres p\u00fablicos A equipe econ\u00f4mica avalia alterar al\u00edquotas de Imposto de Renda de pessoas f\u00edsicas e aumentar a cobran\u00e7a sobre\u2026","rel":"","context":"Em &quot;Departamento Fiscal&quot;","block_context":{"text":"Departamento Fiscal","link":"http:\/\/cfcontabil.com\/cf\/category\/df\/"},"img":{"alt_text":"","src":"https:\/\/i0.wp.com\/cfcontabil.com\/cf\/wp-content\/uploads\/2019\/11\/Receita-Federal.jpg?fit=1200%2C675&resize=350%2C200","width":350,"height":200,"srcset":"https:\/\/i0.wp.com\/cfcontabil.com\/cf\/wp-content\/uploads\/2019\/11\/Receita-Federal.jpg?fit=1200%2C675&resize=350%2C200 1x, https:\/\/i0.wp.com\/cfcontabil.com\/cf\/wp-content\/uploads\/2019\/11\/Receita-Federal.jpg?fit=1200%2C675&resize=525%2C300 1.5x, https:\/\/i0.wp.com\/cfcontabil.com\/cf\/wp-content\/uploads\/2019\/11\/Receita-Federal.jpg?fit=1200%2C675&resize=700%2C400 2x, https:\/\/i0.wp.com\/cfcontabil.com\/cf\/wp-content\/uploads\/2019\/11\/Receita-Federal.jpg?fit=1200%2C675&resize=1050%2C600 3x"},"classes":[]}],"jetpack_likes_enabled":true,"_links":{"self":[{"href":"http:\/\/cfcontabil.com\/cf\/wp-json\/wp\/v2\/posts\/2200","targetHints":{"allow":["GET"]}}],"collection":[{"href":"http:\/\/cfcontabil.com\/cf\/wp-json\/wp\/v2\/posts"}],"about":[{"href":"http:\/\/cfcontabil.com\/cf\/wp-json\/wp\/v2\/types\/post"}],"author":[{"embeddable":true,"href":"http:\/\/cfcontabil.com\/cf\/wp-json\/wp\/v2\/users\/1"}],"replies":[{"embeddable":true,"href":"http:\/\/cfcontabil.com\/cf\/wp-json\/wp\/v2\/comments?post=2200"}],"version-history":[{"count":1,"href":"http:\/\/cfcontabil.com\/cf\/wp-json\/wp\/v2\/posts\/2200\/revisions"}],"predecessor-version":[{"id":2201,"href":"http:\/\/cfcontabil.com\/cf\/wp-json\/wp\/v2\/posts\/2200\/revisions\/2201"}],"wp:featuredmedia":[{"embeddable":true,"href":"http:\/\/cfcontabil.com\/cf\/wp-json\/wp\/v2\/media\/1884"}],"wp:attachment":[{"href":"http:\/\/cfcontabil.com\/cf\/wp-json\/wp\/v2\/media?parent=2200"}],"wp:term":[{"taxonomy":"category","embeddable":true,"href":"http:\/\/cfcontabil.com\/cf\/wp-json\/wp\/v2\/categories?post=2200"},{"taxonomy":"post_tag","embeddable":true,"href":"http:\/\/cfcontabil.com\/cf\/wp-json\/wp\/v2\/tags?post=2200"}],"curies":[{"name":"wp","href":"https:\/\/api.w.org\/{rel}","templated":true}]}}