{"id":2203,"date":"2020-04-01T21:37:57","date_gmt":"2020-04-02T00:37:57","guid":{"rendered":"http:\/\/cfcontabil.com\/cf\/?p=2203"},"modified":"2020-04-01T21:44:48","modified_gmt":"2020-04-02T00:44:48","slug":"governo-amplia-isolamento-social-ate-3-de-maio","status":"publish","type":"post","link":"http:\/\/cfcontabil.com\/cf\/governo-amplia-isolamento-social-ate-3-de-maio\/","title":{"rendered":"Governo amplia isolamento social at\u00e9 3 de maio"},"content":{"rendered":"<p>O decreto 40.583 permite com\u00e9rcio de alimentos em feiras e funcionamento de cl\u00ednicas m\u00e9dicas. Aulas em escolas e faculdades s\u00f3 em junho.<\/p>\n<p>O decreto vale a partir de hoje com exce\u00e7\u00e3o das feiras que come\u00e7ar\u00e3o a funcionar no dia 6<\/p>\n<p><a href=\"https:\/\/i0.wp.com\/cfcontabil.com\/cf\/wp-content\/uploads\/2020\/04\/novo-decreto-isolamento-insta.jpeg\"><img data-recalc-dims=\"1\" fetchpriority=\"high\" decoding=\"async\" data-attachment-id=\"2205\" data-permalink=\"http:\/\/cfcontabil.com\/cf\/governo-amplia-isolamento-social-ate-3-de-maio\/novo-decreto-isolamento-insta\/\" data-orig-file=\"https:\/\/i0.wp.com\/cfcontabil.com\/cf\/wp-content\/uploads\/2020\/04\/novo-decreto-isolamento-insta.jpeg?fit=1080%2C1080\" data-orig-size=\"1080,1080\" data-comments-opened=\"1\" data-image-meta=\"{&quot;aperture&quot;:&quot;0&quot;,&quot;credit&quot;:&quot;&quot;,&quot;camera&quot;:&quot;&quot;,&quot;caption&quot;:&quot;&quot;,&quot;created_timestamp&quot;:&quot;0&quot;,&quot;copyright&quot;:&quot;&quot;,&quot;focal_length&quot;:&quot;0&quot;,&quot;iso&quot;:&quot;0&quot;,&quot;shutter_speed&quot;:&quot;0&quot;,&quot;title&quot;:&quot;&quot;,&quot;orientation&quot;:&quot;0&quot;}\" data-image-title=\"novo decreto isolamento insta\" data-image-description=\"\" data-image-caption=\"\" data-large-file=\"https:\/\/i0.wp.com\/cfcontabil.com\/cf\/wp-content\/uploads\/2020\/04\/novo-decreto-isolamento-insta.jpeg?fit=1024%2C1024\" class=\"aligncenter size-full wp-image-2205\" src=\"https:\/\/i0.wp.com\/cfcontabil.com\/cf\/wp-content\/uploads\/2020\/04\/novo-decreto-isolamento-insta.jpeg?resize=1080%2C1080\" alt=\"\" width=\"1080\" height=\"1080\" srcset=\"https:\/\/i0.wp.com\/cfcontabil.com\/cf\/wp-content\/uploads\/2020\/04\/novo-decreto-isolamento-insta.jpeg?w=1080 1080w, https:\/\/i0.wp.com\/cfcontabil.com\/cf\/wp-content\/uploads\/2020\/04\/novo-decreto-isolamento-insta.jpeg?resize=300%2C300 300w, https:\/\/i0.wp.com\/cfcontabil.com\/cf\/wp-content\/uploads\/2020\/04\/novo-decreto-isolamento-insta.jpeg?resize=1024%2C1024 1024w, https:\/\/i0.wp.com\/cfcontabil.com\/cf\/wp-content\/uploads\/2020\/04\/novo-decreto-isolamento-insta.jpeg?resize=150%2C150 150w, https:\/\/i0.wp.com\/cfcontabil.com\/cf\/wp-content\/uploads\/2020\/04\/novo-decreto-isolamento-insta.jpeg?resize=768%2C768 768w, https:\/\/i0.wp.com\/cfcontabil.com\/cf\/wp-content\/uploads\/2020\/04\/novo-decreto-isolamento-insta.jpeg?resize=370%2C370 370w, https:\/\/i0.wp.com\/cfcontabil.com\/cf\/wp-content\/uploads\/2020\/04\/novo-decreto-isolamento-insta.jpeg?resize=75%2C75 75w, https:\/\/i0.wp.com\/cfcontabil.com\/cf\/wp-content\/uploads\/2020\/04\/novo-decreto-isolamento-insta.jpeg?resize=770%2C770 770w\" sizes=\"(max-width: 1080px) 100vw, 1080px\" \/><\/a><\/p>\n<p>O isolamento social no Distrito Federal ser\u00e1 prorrogado at\u00e9 o dia 3 de maio. A decis\u00e3o foi publicada, em decreto do governador Ibaneis Rocha, em edi\u00e7\u00e3o extra do Di\u00e1rio Oficial desta quarta-feira (1). Segundo o chefe do executivo, a medida visa conter a prolifera\u00e7\u00e3o de casos de Covid-19, j\u00e1 que h\u00e1 uma previs\u00e3o oficial do Minist\u00e9rio da Sa\u00fade de um pico nacional do n\u00famero de novos registros em meados de abril.<\/p>\n<p>\u201cNo momento, o que temos para tratar a popula\u00e7\u00e3o do Distrito Federal \u00e9 o isolamento social. Essa foi a medida adotada nos pa\u00edses onde as coisas deram certo\u201d, avaliou Ibaneis. A restri\u00e7\u00e3o no fluxo de pessoas nas ruas ser\u00e1 ampliada tamb\u00e9m para escolas, faculdades e universidades. Neste caso, o governo optou por estender o fechamento dos estabelecimentos educacionais at\u00e9 o dia 31 de maio.<\/p>\n<p>O novo decreto tamb\u00e9m flexibiliza o funcionamento do com\u00e9rcio destinado \u00e0 alimenta\u00e7\u00e3o e servi\u00e7os essenciais. Os restaurantes e lanchonetes continuam atendendo apenas por servi\u00e7os de delivery. Supermercados, padarias e lojas de conveni\u00eancia podem comercializar seus produtos normalmente, vedado o consumo no interior dos estabelecimentos.<\/p>\n<p>A grande novidade \u00e9 para as feiras permanentes, que poder\u00e3o reabrir suas pra\u00e7as de alimenta\u00e7\u00e3o para atendimento ao p\u00fablico seguindo as recomenda\u00e7\u00f5es sanit\u00e1rias do momento. Est\u00e3o entre elas: a dist\u00e2ncia m\u00ednima de dois metros entre as pessoas, o uso de m\u00e1scaras por funcion\u00e1rios; a disponibiliza\u00e7\u00e3o de \u00e1lcool gel 70%; e a veda\u00e7\u00e3o de trabalhadores do grupo de risco.<\/p>\n<p>\u201cA gente tem de ir fazendo isto aos poucos, liberando&nbsp; alguns setores e reavaliando a cada momento as medidas\u201d, disse o governador Ibaneis Rocha. Na avalia\u00e7\u00e3o dele, a quarentena est\u00e1 surtindo resultados muito positivos. \u201cAgradecemos a popula\u00e7\u00e3o a compreens\u00e3o por todo o momento. Tenho certeza que seguindo nesse isolamento, vamos conseguir ultrapassar o segundo ciclo da doen\u00e7a com mais seguran\u00e7a\u201d, concluiu.<\/p>\n<p><strong>Atividades suspensas at\u00e9 o dia 3 de maio:<\/strong><br \/>\n\u2013 Eventos de qualquer natureza, que exijam licen\u00e7a do poder p\u00fablico;<br \/>\n\u2013 Eventos esportivos;<br \/>\n\u2013 Cinema e teatro;<br \/>\n\u2013 Academias;<br \/>\n\u2013 Museus;<br \/>\n\u2013 Zool\u00f3gico;<br \/>\n\u2013 Parques recreativos, urbanos e vivenciais;<br \/>\n\u2013 Boates e casas noturnas;<br \/>\n\u2013 Shopping centeres;<br \/>\n\u2013 Igrejas;<br \/>\n\u2013 Bares e restaurantes (permitido apenas delivery);<br \/>\n\u2013 Sal\u00f5es de beleza;<br \/>\n\u2013 Foodtrucks;<br \/>\n\u2013 Com\u00e9rcio ambulante em geral.<\/p>\n<p><strong>Funcionamento permitido, atendendo \u00e0s orienta\u00e7\u00f5es sanit\u00e1rias:<\/strong><br \/>\n\u2013 Pra\u00e7as de alimenta\u00e7\u00e3o em feiras permanentes e populares;<br \/>\n\u2013 Cl\u00ednicas m\u00e9dicas, laborat\u00f3rios, consult\u00f3rios e fam\u00e1rcias;<br \/>\n\u2013 Cl\u00ednicas veterin\u00e1rias, petshops e lojas de medicamentos veterin\u00e1rios;<br \/>\n\u2013 Supermercados, mercearias, hortifrutigranjeiros, a\u00e7ougues, peixarias, com\u00e9rcio de produtos naturais, com\u00e9rcio de venda de suplementos e formulas alimentares;<br \/>\n\u2013 Lojas de material de constru\u00e7\u00e3o;<br \/>\n\u2013 Postos de combust\u00edvel;<br \/>\n\u2013 Com\u00e9rcio do segmento de ve\u00edculos automotores;<br \/>\n\u2013 Empresas de tecnologia, exceto lojas de equipamentos e suprimentos de inform\u00e1tica;<br \/>\n\u2013 Empresas envolvidas no combate \u00e0 pandemia do novo coronav\u00edrus e\/ou \u00e0 dengue;<br \/>\n\u2013 Funer\u00e1rias e servi\u00e7os relacionados;<br \/>\n\u2013 lot\u00e9ricas e correspondente banc\u00e1rios.<\/p>\n<p>Fonte: AgenciaBrasilia<\/p>\n","protected":false},"excerpt":{"rendered":"<p>O decreto 40.583 permite com\u00e9rcio de alimentos em feiras e funcionamento de cl\u00ednicas m\u00e9dicas. Aulas em escolas e faculdades s\u00f3 em junho. O decreto vale a partir de hoje com exce\u00e7\u00e3o das feiras que come\u00e7ar\u00e3o a funcionar no dia 6 O isolamento social no Distrito Federal ser\u00e1 prorrogado at\u00e9 o dia 3 de maio. A [&hellip;]<\/p>\n","protected":false},"author":1,"featured_media":2204,"comment_status":"open","ping_status":"open","sticky":false,"template":"","format":"standard","meta":{"jetpack_post_was_ever_published":false,"_jetpack_newsletter_access":"","_jetpack_dont_email_post_to_subs":false,"_jetpack_newsletter_tier_id":0,"_jetpack_memberships_contains_paywalled_content":false,"_jetpack_memberships_contains_paid_content":false,"footnotes":"","jetpack_publicize_message":"","jetpack_publicize_feature_enabled":true,"jetpack_social_post_already_shared":true,"jetpack_social_options":{"image_generator_settings":{"template":"highway","default_image_id":0,"font":"","enabled":false},"version":2}},"categories":[22],"tags":[754,758,431,769,491],"class_list":["post-2203","post","type-post","status-publish","format-standard","has-post-thumbnail","hentry","category-geral","tag-coronavirus","tag-covid19","tag-decreto","tag-isolamento","tag-social"],"jetpack_publicize_connections":[],"jetpack_featured_media_url":"https:\/\/i0.wp.com\/cfcontabil.com\/cf\/wp-content\/uploads\/2020\/04\/novo-decreto-df-isolamento.jpeg?fit=1280%2C720","jetpack_sharing_enabled":true,"jetpack_shortlink":"https:\/\/wp.me\/p2wklX-zx","jetpack-related-posts":[{"id":2267,"url":"http:\/\/cfcontabil.com\/cf\/coronavirus-governo-libera-o-funcionamento-de-oticas-no-df\/","url_meta":{"origin":2203,"position":0},"title":"Coronav\u00edrus: governo libera o funcionamento de \u00f3ticas no DF","author":"Ab\u00edlio Gon\u00e7alves","date":"15 de abril de 2020","format":false,"excerpt":"Decreto que permite a abertura das lojas foi publicado em edi\u00e7\u00e3o extra do Di\u00e1rio Oficial dessa ter\u00e7a-feira (14\/04) O Governo do Distrito Federal (GDF)\u00a0liberou a abertura de \u00f3ticas durante o per\u00edodo de restri\u00e7\u00f5es ao com\u00e9rcio decorrentes da\u00a0pandemia do novo coronav\u00edrus. A medida foi publicada em edi\u00e7\u00e3o extra do Di\u00e1rio Oficial\u2026","rel":"","context":"Em &quot;Geral&quot;","block_context":{"text":"Geral","link":"http:\/\/cfcontabil.com\/cf\/category\/geral\/"},"img":{"alt_text":"","src":"https:\/\/i0.wp.com\/cfcontabil.com\/cf\/wp-content\/uploads\/2020\/04\/otica-960x640-1.jpg?fit=960%2C640&resize=350%2C200","width":350,"height":200,"srcset":"https:\/\/i0.wp.com\/cfcontabil.com\/cf\/wp-content\/uploads\/2020\/04\/otica-960x640-1.jpg?fit=960%2C640&resize=350%2C200 1x, https:\/\/i0.wp.com\/cfcontabil.com\/cf\/wp-content\/uploads\/2020\/04\/otica-960x640-1.jpg?fit=960%2C640&resize=525%2C300 1.5x, https:\/\/i0.wp.com\/cfcontabil.com\/cf\/wp-content\/uploads\/2020\/04\/otica-960x640-1.jpg?fit=960%2C640&resize=700%2C400 2x"},"classes":[]},{"id":2252,"url":"http:\/\/cfcontabil.com\/cf\/gdf-libera-abertura-das-lojas-de-moveis-e-de-eletroeletronicos\/","url_meta":{"origin":2203,"position":1},"title":"GDF libera abertura das lojas de m\u00f3veis e de eletroeletr\u00f4nicos","author":"Ab\u00edlio Gon\u00e7alves","date":"9 de abril de 2020","format":false,"excerpt":"Em edi\u00e7\u00e3o extra do Di\u00e1rio Oficial publicada nesta quinta (09\/04), tamb\u00e9m \u00e9 suspensa a quarentena para todo Sistema S, como Sesc e Senai. governador do Distrito Federal, Ibaneis Rocha (MDB), liberou a abertura de lojas de todo o setor moveleiro, da \u00e1rea de eletroeletr\u00f4nicos e de todo o Sistema S\u2026","rel":"","context":"Em &quot;Geral&quot;","block_context":{"text":"Geral","link":"http:\/\/cfcontabil.com\/cf\/category\/geral\/"},"img":{"alt_text":"","src":"https:\/\/i0.wp.com\/cfcontabil.com\/cf\/wp-content\/uploads\/2020\/04\/loja-de-moveis.jpg?fit=813%2C425&resize=350%2C200","width":350,"height":200,"srcset":"https:\/\/i0.wp.com\/cfcontabil.com\/cf\/wp-content\/uploads\/2020\/04\/loja-de-moveis.jpg?fit=813%2C425&resize=350%2C200 1x, https:\/\/i0.wp.com\/cfcontabil.com\/cf\/wp-content\/uploads\/2020\/04\/loja-de-moveis.jpg?fit=813%2C425&resize=525%2C300 1.5x, https:\/\/i0.wp.com\/cfcontabil.com\/cf\/wp-content\/uploads\/2020\/04\/loja-de-moveis.jpg?fit=813%2C425&resize=700%2C400 2x"},"classes":[]},{"id":2279,"url":"http:\/\/cfcontabil.com\/cf\/coronavirus-gdf-permite-abertura-de-armarinhos-e-lojas-de-tecido\/","url_meta":{"origin":2203,"position":2},"title":"Coronav\u00edrus: GDF permite abertura de armarinhos e lojas de tecido","author":"Ab\u00edlio Gon\u00e7alves","date":"25 de abril de 2020","format":false,"excerpt":"\u00d3ticas, lojas de todo o setor moveleiro e da \u00e1rea de eletrodom\u00e9sticos j\u00e1 haviam sido autorizadas a funcionar em decreto anterior Governo do Distrito Federal (GDF) liberou a abertura de lojas de tecido e armarinhos durante o per\u00edodo de restri\u00e7\u00f5es ao com\u00e9rcio decorrentes da pandemia do\u00a0novo coronav\u00edrus. Decreto assinado pelo\u2026","rel":"","context":"Em &quot;Geral&quot;","block_context":{"text":"Geral","link":"http:\/\/cfcontabil.com\/cf\/category\/geral\/"},"img":{"alt_text":"","src":"https:\/\/i0.wp.com\/cfcontabil.com\/cf\/wp-content\/uploads\/2020\/04\/loja_tecidos.jpg?fit=460%2C242&resize=350%2C200","width":350,"height":200},"classes":[]},{"id":2275,"url":"http:\/\/cfcontabil.com\/cf\/gdf-determina-abertura-de-novos-espacos\/","url_meta":{"origin":2203,"position":3},"title":"GDF determina abertura de novos espa\u00e7os","author":"Ab\u00edlio Gon\u00e7alves","date":"22 de abril de 2020","format":false,"excerpt":"Medida publicada em edi\u00e7\u00e3o extra do DODF desta quarta-feira (22), libera reabertura de escrit\u00f3rios de advocacia, contabilidade, engenharia e arquitetura, al\u00e9m de imobili\u00e1rias Escrit\u00f3rios de advocacia, contabilidade, engenharia e arquitetura passam a funcionar a partir de hoje (22). Decreto liberando as atividades desses setores foi publicado na tarde desta quarta-feira\u2026","rel":"","context":"Em &quot;Geral&quot;","block_context":{"text":"Geral","link":"http:\/\/cfcontabil.com\/cf\/category\/geral\/"},"img":{"alt_text":"","src":"https:\/\/i0.wp.com\/cfcontabil.com\/cf\/wp-content\/uploads\/2020\/04\/abertura_contabilidade_blog.jpeg?fit=1200%2C675&resize=350%2C200","width":350,"height":200,"srcset":"https:\/\/i0.wp.com\/cfcontabil.com\/cf\/wp-content\/uploads\/2020\/04\/abertura_contabilidade_blog.jpeg?fit=1200%2C675&resize=350%2C200 1x, https:\/\/i0.wp.com\/cfcontabil.com\/cf\/wp-content\/uploads\/2020\/04\/abertura_contabilidade_blog.jpeg?fit=1200%2C675&resize=525%2C300 1.5x, https:\/\/i0.wp.com\/cfcontabil.com\/cf\/wp-content\/uploads\/2020\/04\/abertura_contabilidade_blog.jpeg?fit=1200%2C675&resize=700%2C400 2x, https:\/\/i0.wp.com\/cfcontabil.com\/cf\/wp-content\/uploads\/2020\/04\/abertura_contabilidade_blog.jpeg?fit=1200%2C675&resize=1050%2C600 3x"},"classes":[]},{"id":580,"url":"http:\/\/cfcontabil.com\/cf\/a-real-situacao-financeira-do-df\/","url_meta":{"origin":2203,"position":4},"title":"A real situa\u00e7\u00e3o financeira do DF","author":"Vin\u00edcius Moizinho","date":"9 de janeiro de 2015","format":false,"excerpt":"At\u00e9 31 de janeiro, o d\u00e9ficit financeiro do Governo do Distrito Federal ser\u00e1 de pelo menos R$ 3.519.008.787,74. O valor foi divulgado pelo secret\u00e1rio de Fazenda, Leonardo Colombini, em coletiva \u00e0 imprensa na \u00faltima\u00a0ter\u00e7a-feira (6). A d\u00edvida deixada pelo governo anterior \u00e9 de R$ 3.166.364.466,44, e os compromissos financeiros de\u2026","rel":"","context":"Em &quot;Geral&quot;","block_context":{"text":"Geral","link":"http:\/\/cfcontabil.com\/cf\/category\/geral\/"},"img":{"alt_text":"","src":"","width":0,"height":0},"classes":[]},{"id":1259,"url":"http:\/\/cfcontabil.com\/cf\/decreto-presidencial-simplifica-atendimento-em-servicos-publicos\/","url_meta":{"origin":2203,"position":5},"title":"Decreto presidencial simplifica atendimento em servi\u00e7os p\u00fablicos","author":"Ab\u00edlio Gon\u00e7alves","date":"25 de julho de 2017","format":false,"excerpt":"A partir de agora, n\u00e3o ser\u00e1 mais necess\u00e1rio apresentar c\u00f3pia autenticada e reconhecimento de firma a \u00f3rg\u00e3os p\u00fablicos federais. Medida teve origem no Conselh\u00e3o Decreto assinado pelo presidente da Rep\u00fablica, Michel Temer, garante a pessoas jur\u00eddicas atendimento simplificado em servi\u00e7os p\u00fablicos. Foram dispensados o reconhecimento de firma e a autentica\u00e7\u00e3o\u2026","rel":"","context":"Em &quot;Geral&quot;","block_context":{"text":"Geral","link":"http:\/\/cfcontabil.com\/cf\/category\/geral\/"},"img":{"alt_text":"","src":"https:\/\/i0.wp.com\/cfcontabil.com\/cf\/wp-content\/uploads\/2017\/07\/ConselhaoPresidencia-1.jpeg?fit=768%2C433&resize=350%2C200","width":350,"height":200,"srcset":"https:\/\/i0.wp.com\/cfcontabil.com\/cf\/wp-content\/uploads\/2017\/07\/ConselhaoPresidencia-1.jpeg?fit=768%2C433&resize=350%2C200 1x, https:\/\/i0.wp.com\/cfcontabil.com\/cf\/wp-content\/uploads\/2017\/07\/ConselhaoPresidencia-1.jpeg?fit=768%2C433&resize=525%2C300 1.5x, https:\/\/i0.wp.com\/cfcontabil.com\/cf\/wp-content\/uploads\/2017\/07\/ConselhaoPresidencia-1.jpeg?fit=768%2C433&resize=700%2C400 2x"},"classes":[]}],"jetpack_likes_enabled":true,"_links":{"self":[{"href":"http:\/\/cfcontabil.com\/cf\/wp-json\/wp\/v2\/posts\/2203","targetHints":{"allow":["GET"]}}],"collection":[{"href":"http:\/\/cfcontabil.com\/cf\/wp-json\/wp\/v2\/posts"}],"about":[{"href":"http:\/\/cfcontabil.com\/cf\/wp-json\/wp\/v2\/types\/post"}],"author":[{"embeddable":true,"href":"http:\/\/cfcontabil.com\/cf\/wp-json\/wp\/v2\/users\/1"}],"replies":[{"embeddable":true,"href":"http:\/\/cfcontabil.com\/cf\/wp-json\/wp\/v2\/comments?post=2203"}],"version-history":[{"count":2,"href":"http:\/\/cfcontabil.com\/cf\/wp-json\/wp\/v2\/posts\/2203\/revisions"}],"predecessor-version":[{"id":2207,"href":"http:\/\/cfcontabil.com\/cf\/wp-json\/wp\/v2\/posts\/2203\/revisions\/2207"}],"wp:featuredmedia":[{"embeddable":true,"href":"http:\/\/cfcontabil.com\/cf\/wp-json\/wp\/v2\/media\/2204"}],"wp:attachment":[{"href":"http:\/\/cfcontabil.com\/cf\/wp-json\/wp\/v2\/media?parent=2203"}],"wp:term":[{"taxonomy":"category","embeddable":true,"href":"http:\/\/cfcontabil.com\/cf\/wp-json\/wp\/v2\/categories?post=2203"},{"taxonomy":"post_tag","embeddable":true,"href":"http:\/\/cfcontabil.com\/cf\/wp-json\/wp\/v2\/tags?post=2203"}],"curies":[{"name":"wp","href":"https:\/\/api.w.org\/{rel}","templated":true}]}}