{"id":2208,"date":"2020-04-01T23:00:25","date_gmt":"2020-04-02T02:00:25","guid":{"rendered":"http:\/\/cfcontabil.com\/cf\/?p=2208"},"modified":"2020-04-01T22:07:09","modified_gmt":"2020-04-02T01:07:09","slug":"prazo-para-microempresarios-emitirem-notas-fiscais-e-prorrogado","status":"publish","type":"post","link":"http:\/\/cfcontabil.com\/cf\/prazo-para-microempresarios-emitirem-notas-fiscais-e-prorrogado\/","title":{"rendered":"Prazo para microempres\u00e1rios emitirem notas fiscais \u00e9 prorrogado"},"content":{"rendered":"<h2 class=\"txt-gray mb-0 h4\">A medida poder\u00e1 ser efetuada at\u00e9 31 de dezembro. Iniciativa deve beneficiar mais de 135 mil microempres\u00e1rios que se utilizam deste servi\u00e7o<\/h2>\n<p>O prazo para emiss\u00e3o de notas fiscais por meio do Sistema de Emiss\u00e3o de\u00a0<strong>Nota Fiscal Avulsa<\/strong>\u00a0(Senfa) para Microempreendedores Individuais (MEIs) do Distrito Federal foi prorrogado para 31 de dezembro. O prazo, que terminaria amanh\u00e3 (31\/3), foi alterado pelo Governo do DF (GDF) para ajudar os empreendedores a superar a\u00a0crise provocada pela pandemia\u00a0da Covid-19, novo coronav\u00edrus, e precisam reduzir seus custos.<\/p>\n<div>Adotado pela Secretaria de Desenvolvimento Econ\u00f4mico (SDE), o\u00a0<strong>servi\u00e7o \u00e9 gratuito<\/strong>, e deve beneficiar mais de 135 mil microempres\u00e1rios que se utilizam deste servi\u00e7o. O titular do \u00f3rg\u00e3o Ruy Coutinho, encaminhou o pedido de\u00a0<strong>prorroga\u00e7\u00e3o\u00a0<\/strong>para a Secretaria de Economia, que foi formalizado hoje (30\/03) pelo secret\u00e1rio Andr\u00e9 Oliveira, publicado no Di\u00e1rio oficial da Uni\u00e3o.<\/div>\n<div><\/div>\n<div>Segundo o subsecret\u00e1rio de Rela\u00e7\u00f5es com o Setor Produtivo da SDE, M\u00e1rcio Faria J\u00fanior, a medida veio em boa hora. \u201cPrecisamos ajudar estas categorias que j\u00e1 est\u00e3o tendo dificuldades com seus neg\u00f3cios\u201d, afirma. Caso o prazo n\u00e3o fosse prorrogado, os MEIs seriam obrigados a arcar com novos custos, visando adquirir programas de emiss\u00e3o de notas e certificado digital.<\/div>\n<div><\/div>\n<div>As\u00a0<strong>dificuldades<\/strong>\u00a0enfrentadas pelos MEIs foi detectada pela SDE por meio de pedidos encaminhados ao Programa Simplifica PJ, administrado pela secretaria. O Simplifica \u00e9 destinado \u00e0 simplifica\u00e7\u00e3o e \u00e0 desburocratiza\u00e7\u00e3o do atendimento \u00e0s empresas, aos empres\u00e1rios e aos futuros empreendedores do DF.<\/div>\n<div><\/div>\n<div>O objetivo da iniciativa \u00e9\u00a0<a href=\"https:\/\/www.correiobraziliense.com.br\/app\/noticia\/cidades\/2020\/03\/28\/interna_cidadesdf,840829\/sem-isolamento-mais-de-70-da-populacao-do-df-teria-contato-com-a-cov.shtml\">evitar que o empreendedor se desloque\u00a0<\/a>a diversos \u00f3rg\u00e3os para obter orienta\u00e7\u00f5es e servi\u00e7os \u00e0s empresas, como registro e licenciamento das atividades econ\u00f4micas. \u201cPor meio dos nossos canais de atendimento do Simplifica PJ compreendemos a necessidade de serem tomadas medidas r\u00e1pidas destinadas a atender este pleito\u201d, afirma Faria J\u00fanior.<\/div>\n<div><\/div>\n<div>Servi\u00e7o<\/div>\n<div><\/div>\n<div>O Simplifica continua atendendo normalmente \u00e0s demandas dos empres\u00e1rios. Para encaminhar demandas, os usu\u00e1rios podem acessar o e-mail simplifica.pj@desenvolvimento.df.gov.br ou simplificapj@gmail.com.<\/div>\n<div><\/div>\n<div>Fonte: CB<\/div>\n","protected":false},"excerpt":{"rendered":"<p>A medida poder\u00e1 ser efetuada at\u00e9 31 de dezembro. Iniciativa deve beneficiar mais de 135 mil microempres\u00e1rios que se utilizam deste servi\u00e7o O prazo para emiss\u00e3o de notas fiscais por meio do Sistema de Emiss\u00e3o de\u00a0Nota Fiscal Avulsa\u00a0(Senfa) para Microempreendedores Individuais (MEIs) do Distrito Federal foi prorrogado para 31 de dezembro. O prazo, que terminaria [&hellip;]<\/p>\n","protected":false},"author":1,"featured_media":2209,"comment_status":"open","ping_status":"open","sticky":false,"template":"","format":"standard","meta":{"jetpack_post_was_ever_published":false,"_jetpack_newsletter_access":"","_jetpack_dont_email_post_to_subs":false,"_jetpack_newsletter_tier_id":0,"_jetpack_memberships_contains_paywalled_content":false,"_jetpack_memberships_contains_paid_content":false,"footnotes":"","jetpack_publicize_message":"","jetpack_publicize_feature_enabled":true,"jetpack_social_post_already_shared":true,"jetpack_social_options":{"image_generator_settings":{"template":"highway","default_image_id":0,"font":"","enabled":false},"version":2}},"categories":[46],"tags":[394,758,274,199,770,205],"class_list":["post-2208","post","type-post","status-publish","format-standard","has-post-thumbnail","hentry","category-df","tag-autonomo","tag-covid19","tag-eletronica","tag-fiscal","tag-nfsa","tag-nota"],"jetpack_publicize_connections":[],"jetpack_featured_media_url":"https:\/\/i0.wp.com\/cfcontabil.com\/cf\/wp-content\/uploads\/2020\/04\/nota-fiscal-eletronica-1024x768-1.jpg?fit=1024%2C768","jetpack_sharing_enabled":true,"jetpack_shortlink":"https:\/\/wp.me\/p2wklX-zC","jetpack-related-posts":[{"id":2029,"url":"http:\/\/cfcontabil.com\/cf\/sistema-de-emissao-de-notas-fiscais-avulsas-estara-disponivel-ate-31-de-marco\/","url_meta":{"origin":2208,"position":0},"title":"Sistema de Emiss\u00e3o de Notas Fiscais Avulsas estar\u00e1 dispon\u00edvel at\u00e9 31 de mar\u00e7o","author":"Ab\u00edlio Gon\u00e7alves","date":"2 de janeiro de 2020","format":false,"excerpt":"A SEFAZ informa que o Sistema de Emiss\u00e3o de Notas Fiscais Avulsas estar\u00e1 dispon\u00edvel, para utiliza\u00e7\u00e3o no site desta Secretaria, at\u00e9 31\/03\/2020, tendo em vista que o ajuste SINIEF n\u00ba 07\/2009, prorrogado pelo Ajuste SINIEF 29\/2019, disp\u00f5e que as Notas Fiscais Eletr\u00f4nicas, que n\u00e3o atendem aos requisitos da NF-e, deixar\u00e3o\u2026","rel":"","context":"Post similar","block_context":{"text":"Post similar","link":""},"img":{"alt_text":"","src":"https:\/\/i0.wp.com\/cfcontabil.com\/cf\/wp-content\/uploads\/2020\/01\/servicio_nota_fiscal.png?fit=416%2C234&resize=350%2C200","width":350,"height":200},"classes":[]},{"id":774,"url":"http:\/\/cfcontabil.com\/cf\/obrigatoriedade-da-nfc-e-para-empresas-do-df\/","url_meta":{"origin":2208,"position":1},"title":"Obrigatoriedade da NFC-e para empresas do DF","author":"Ab\u00edlio Gon\u00e7alves","date":"4 de outubro de 2016","format":false,"excerpt":"A\u00a0 Nota Fiscal de Consumidor Eletr\u00f4nica (NFC-e), tamb\u00e9m conhecida como a Nota Fiscal Eletr\u00f4nica modelo 65, \u00e9 o projeto\u00a0 que substituir\u00e1 a Nota Fiscal de Venda ao Consumidor (Modelo 02D), a Nota Fiscal de Servi\u00e7o (Modelo 03A) e ao Cupom Fiscal emitido por equipamento Emissor de Cupom Fiscal (ECF). As\u2026","rel":"","context":"Em &quot;Geral&quot;","block_context":{"text":"Geral","link":"http:\/\/cfcontabil.com\/cf\/category\/geral\/"},"img":{"alt_text":"","src":"https:\/\/i0.wp.com\/cfcontabil.com\/cf\/wp-content\/uploads\/2016\/10\/nfce-1.png?fit=1200%2C1022&resize=350%2C200","width":350,"height":200,"srcset":"https:\/\/i0.wp.com\/cfcontabil.com\/cf\/wp-content\/uploads\/2016\/10\/nfce-1.png?fit=1200%2C1022&resize=350%2C200 1x, https:\/\/i0.wp.com\/cfcontabil.com\/cf\/wp-content\/uploads\/2016\/10\/nfce-1.png?fit=1200%2C1022&resize=525%2C300 1.5x, https:\/\/i0.wp.com\/cfcontabil.com\/cf\/wp-content\/uploads\/2016\/10\/nfce-1.png?fit=1200%2C1022&resize=700%2C400 2x, https:\/\/i0.wp.com\/cfcontabil.com\/cf\/wp-content\/uploads\/2016\/10\/nfce-1.png?fit=1200%2C1022&resize=1050%2C600 3x"},"classes":[]},{"id":1142,"url":"http:\/\/cfcontabil.com\/cf\/dctf-2205-vence-o-prazo-de-entrega-das-inativas-e-sem-movimento-em-jan-e-fev2017\/","url_meta":{"origin":2208,"position":2},"title":"DCTF \u2013 22\/05 vence o prazo de entrega das Inativas e sem movimento em jan e fev\/2017","author":"Ab\u00edlio Gon\u00e7alves","date":"28 de abril de 2017","format":false,"excerpt":"Com a\u00a0prorroga\u00e7\u00e3o do prazo de entrega da DCTF inativa 2017\u00a0e sem movimento dos meses de janeiro e fevereiro de 2017 para 22 de maio de 2017, houve um grande n\u00famero de\u00a0d\u00favidas e questionamentos nas redes sociais, principalmente sobre o uso do Certificado Digital. \u00c9 fato que n\u00e3o faz nenhum sentido\u2026","rel":"","context":"Em &quot;Departamento Fiscal&quot;","block_context":{"text":"Departamento Fiscal","link":"http:\/\/cfcontabil.com\/cf\/category\/df\/"},"img":{"alt_text":"","src":"https:\/\/i0.wp.com\/cfcontabil.com\/cf\/wp-content\/uploads\/2017\/02\/dctf-1.png?fit=800%2C500&resize=350%2C200","width":350,"height":200,"srcset":"https:\/\/i0.wp.com\/cfcontabil.com\/cf\/wp-content\/uploads\/2017\/02\/dctf-1.png?fit=800%2C500&resize=350%2C200 1x, https:\/\/i0.wp.com\/cfcontabil.com\/cf\/wp-content\/uploads\/2017\/02\/dctf-1.png?fit=800%2C500&resize=525%2C300 1.5x, https:\/\/i0.wp.com\/cfcontabil.com\/cf\/wp-content\/uploads\/2017\/02\/dctf-1.png?fit=800%2C500&resize=700%2C400 2x"},"classes":[]},{"id":119,"url":"http:\/\/cfcontabil.com\/cf\/tecnologia-na-governanca-triburaria\/","url_meta":{"origin":2208,"position":3},"title":"Tecnologia na Governan\u00e7a Tribur\u00e1ria","author":"Vin\u00edcius Moizinho","date":"22 de agosto de 2012","format":false,"excerpt":"Bom dia, prezados! Hoje trago a voc\u00eas um excelente artigo produzido por\u00a0Luciano Silva, atual diretor executivo da SPL Fiscal, empresa especializada na presta\u00e7\u00e3o de servi\u00e7os de terceiriza\u00e7\u00e3o de processos fiscais. Nele o autor aborta a import\u00e2ncia do controle tribut\u00e1rio para as empresas brasileiras, destacando como contribuintes podem se beneficiar com\u2026","rel":"","context":"Em &quot;Geral&quot;","block_context":{"text":"Geral","link":"http:\/\/cfcontabil.com\/cf\/category\/geral\/"},"img":{"alt_text":"","src":"https:\/\/i0.wp.com\/thumbs.dreamstime.com\/thumblarge_545\/12865050587MYJsS.jpg?resize=350%2C200","width":350,"height":200},"classes":[]},{"id":1304,"url":"http:\/\/cfcontabil.com\/cf\/nf-e-versao-4-0-sera-obrigatoria-a-partir-de-2-de-julho-saiba-o-que-muda\/","url_meta":{"origin":2208,"position":4},"title":"NF-e vers\u00e3o 4.0 ser\u00e1 obrigat\u00f3ria a partir de 2 de julho; saiba o que muda","author":"Ab\u00edlio Gon\u00e7alves","date":"10 de junho de 2018","format":false,"excerpt":"A partir de 2 de julho o Governo Federal deixar\u00e1 de aceitar notas fiscais eletr\u00f4nicas antigas Se voc\u00ea vende produtos (bens e mercadorias), precisa se adaptar \u00e0s altera\u00e7\u00f5es do documento. Apesar da obrigatoriedade do novo layout ter sido prorrogada para julho deste ano (o prazo inicial era abril de 2018),\u2026","rel":"","context":"Em &quot;Departamento Fiscal&quot;","block_context":{"text":"Departamento Fiscal","link":"http:\/\/cfcontabil.com\/cf\/category\/df\/"},"img":{"alt_text":"","src":"https:\/\/i0.wp.com\/cfcontabil.com\/cf\/wp-content\/uploads\/2018\/06\/nfe-4-1.png?fit=523%2C246&resize=350%2C200","width":350,"height":200},"classes":[]},{"id":628,"url":"http:\/\/cfcontabil.com\/cf\/de-volta-ao-batente\/","url_meta":{"origin":2208,"position":5},"title":"De volta ao batente!","author":"Vin\u00edcius Moizinho","date":"4 de janeiro de 2016","format":false,"excerpt":"\u00a0 \u00a0 Mais um ano se inicia, repleto de novas possibilidades e promessas.\u00a0E como n\u00e3o poderia ser diferente, estamos de volta ao trabalho! De segunda a sexta-feira, em nossos hor\u00e1rios habituais de atendimento nos per\u00edodos matutino (das 8h \u00e0s 12h) e vespertino (13h \u00e0s 17h30). Fique \u00e0 vontade para entrar\u2026","rel":"","context":"Em &quot;Consultoria Empresarial&quot;","block_context":{"text":"Consultoria Empresarial","link":"http:\/\/cfcontabil.com\/cf\/category\/consultoria\/"},"img":{"alt_text":"","src":"https:\/\/i0.wp.com\/cfcontabil.com\/cf\/wp-content\/uploads\/2016\/01\/2016-01-04-2.png?fit=1200%2C640&resize=350%2C200","width":350,"height":200,"srcset":"https:\/\/i0.wp.com\/cfcontabil.com\/cf\/wp-content\/uploads\/2016\/01\/2016-01-04-2.png?fit=1200%2C640&resize=350%2C200 1x, https:\/\/i0.wp.com\/cfcontabil.com\/cf\/wp-content\/uploads\/2016\/01\/2016-01-04-2.png?fit=1200%2C640&resize=525%2C300 1.5x, https:\/\/i0.wp.com\/cfcontabil.com\/cf\/wp-content\/uploads\/2016\/01\/2016-01-04-2.png?fit=1200%2C640&resize=700%2C400 2x, https:\/\/i0.wp.com\/cfcontabil.com\/cf\/wp-content\/uploads\/2016\/01\/2016-01-04-2.png?fit=1200%2C640&resize=1050%2C600 3x"},"classes":[]}],"jetpack_likes_enabled":true,"_links":{"self":[{"href":"http:\/\/cfcontabil.com\/cf\/wp-json\/wp\/v2\/posts\/2208","targetHints":{"allow":["GET"]}}],"collection":[{"href":"http:\/\/cfcontabil.com\/cf\/wp-json\/wp\/v2\/posts"}],"about":[{"href":"http:\/\/cfcontabil.com\/cf\/wp-json\/wp\/v2\/types\/post"}],"author":[{"embeddable":true,"href":"http:\/\/cfcontabil.com\/cf\/wp-json\/wp\/v2\/users\/1"}],"replies":[{"embeddable":true,"href":"http:\/\/cfcontabil.com\/cf\/wp-json\/wp\/v2\/comments?post=2208"}],"version-history":[{"count":1,"href":"http:\/\/cfcontabil.com\/cf\/wp-json\/wp\/v2\/posts\/2208\/revisions"}],"predecessor-version":[{"id":2210,"href":"http:\/\/cfcontabil.com\/cf\/wp-json\/wp\/v2\/posts\/2208\/revisions\/2210"}],"wp:featuredmedia":[{"embeddable":true,"href":"http:\/\/cfcontabil.com\/cf\/wp-json\/wp\/v2\/media\/2209"}],"wp:attachment":[{"href":"http:\/\/cfcontabil.com\/cf\/wp-json\/wp\/v2\/media?parent=2208"}],"wp:term":[{"taxonomy":"category","embeddable":true,"href":"http:\/\/cfcontabil.com\/cf\/wp-json\/wp\/v2\/categories?post=2208"},{"taxonomy":"post_tag","embeddable":true,"href":"http:\/\/cfcontabil.com\/cf\/wp-json\/wp\/v2\/tags?post=2208"}],"curies":[{"name":"wp","href":"https:\/\/api.w.org\/{rel}","templated":true}]}}