{"id":2211,"date":"2020-04-01T23:30:39","date_gmt":"2020-04-02T02:30:39","guid":{"rendered":"http:\/\/cfcontabil.com\/cf\/?p=2211"},"modified":"2020-04-01T22:13:38","modified_gmt":"2020-04-02T01:13:38","slug":"senado-aprova-extensao-de-auxilio-de-r-600-a-mais-de-30-categorias","status":"publish","type":"post","link":"http:\/\/cfcontabil.com\/cf\/senado-aprova-extensao-de-auxilio-de-r-600-a-mais-de-30-categorias\/","title":{"rendered":"Senado aprova extens\u00e3o de aux\u00edlio de R$ 600 a mais de 30 categorias"},"content":{"rendered":"<h3 class=\"col-10 offset-1 animated fadeInDown dealy-900 display-8 display-md-8 alt-font font-italic my-1 text-center\">Projeto conhecido como &#8220;coronavoucher&#8221; segue para vota\u00e7\u00e3o na C\u00e2mara<\/h3>\n<p><a href=\"https:\/\/i0.wp.com\/cfcontabil.com\/cf\/wp-content\/uploads\/2020\/04\/auxiliopagogovernofederal.jpg\"><img data-recalc-dims=\"1\" fetchpriority=\"high\" decoding=\"async\" data-attachment-id=\"2212\" data-permalink=\"http:\/\/cfcontabil.com\/cf\/senado-aprova-extensao-de-auxilio-de-r-600-a-mais-de-30-categorias\/auxiliopagogovernofederal\/\" data-orig-file=\"https:\/\/i0.wp.com\/cfcontabil.com\/cf\/wp-content\/uploads\/2020\/04\/auxiliopagogovernofederal.jpg?fit=640%2C360\" data-orig-size=\"640,360\" data-comments-opened=\"1\" data-image-meta=\"{&quot;aperture&quot;:&quot;0&quot;,&quot;credit&quot;:&quot;&quot;,&quot;camera&quot;:&quot;&quot;,&quot;caption&quot;:&quot;&quot;,&quot;created_timestamp&quot;:&quot;0&quot;,&quot;copyright&quot;:&quot;&quot;,&quot;focal_length&quot;:&quot;0&quot;,&quot;iso&quot;:&quot;0&quot;,&quot;shutter_speed&quot;:&quot;0&quot;,&quot;title&quot;:&quot;&quot;,&quot;orientation&quot;:&quot;0&quot;}\" data-image-title=\"auxilio+pago+governo+federal\" data-image-description=\"\" data-image-caption=\"\" data-large-file=\"https:\/\/i0.wp.com\/cfcontabil.com\/cf\/wp-content\/uploads\/2020\/04\/auxiliopagogovernofederal.jpg?fit=640%2C360\" class=\"aligncenter size-full wp-image-2212\" src=\"https:\/\/i0.wp.com\/cfcontabil.com\/cf\/wp-content\/uploads\/2020\/04\/auxiliopagogovernofederal.jpg?resize=640%2C360\" alt=\"\" width=\"640\" height=\"360\" srcset=\"https:\/\/i0.wp.com\/cfcontabil.com\/cf\/wp-content\/uploads\/2020\/04\/auxiliopagogovernofederal.jpg?w=640 640w, https:\/\/i0.wp.com\/cfcontabil.com\/cf\/wp-content\/uploads\/2020\/04\/auxiliopagogovernofederal.jpg?resize=300%2C169 300w, https:\/\/i0.wp.com\/cfcontabil.com\/cf\/wp-content\/uploads\/2020\/04\/auxiliopagogovernofederal.jpg?resize=370%2C208 370w, https:\/\/i0.wp.com\/cfcontabil.com\/cf\/wp-content\/uploads\/2020\/04\/auxiliopagogovernofederal.jpg?resize=270%2C152 270w\" sizes=\"(max-width: 640px) 100vw, 640px\" \/><\/a><\/p>\n<p>O Senado aprovou na tarde de hoje (1\u00ba) um Projeto de Lei (PL) que acrescenta dezenas de categorias entre as eleg\u00edveis a receber o aux\u00edlio de R$ 600 mensais, conhecido como &#8220;coronavoucher&#8221;, pelo per\u00edodo de tr\u00eas meses. A aprova\u00e7\u00e3o ocorreu por unanimidade, com 79 votos favor\u00e1veis. O projeto segue para a C\u00e2mara dos Deputados.<\/p>\n<p>O PL aprovado hoje \u00e9 complementar ao projeto aprovado pelo Congresso na \u00faltima segunda-feira (30), que aprova o pagamento do\u00a0<a href=\"https:\/\/agenciabrasil.ebc.com.br\/politica\/noticia\/2020-03\/senado-aprova-beneficio-de-r-600-autonomos-e-informais\" target=\"_blank\" rel=\"noopener noreferrer\">aux\u00edlio a aut\u00f4nomos e informais<\/a>. Esse projeto foi sancionado no fim da tarde pelo presidente da Rep\u00fablica, segundo informa\u00e7\u00f5es do l\u00edder do governo no Senado, Fernando Bezerra (MDB-PE). Entre outros crit\u00e9rios, o benefici\u00e1rio deve ter renda familiar mensal por pessoa de at\u00e9 meio sal\u00e1rio m\u00ednimo (R$ 522,50) ou renda familiar mensal total (tudo o que a fam\u00edlia recebe) de at\u00e9 tr\u00eas sal\u00e1rios m\u00ednimos (R$ 3.135,00).<\/p>\n<p>O parecer ficou a cargo do senador Esperidi\u00e3o Amin (PP-SC). Ele relatou o projeto de Randolfe Rodrigues (Rede-AP), mas aglutinando as ideias de dez outros Projetos de Lei com temas correlatos. De acordo com o substitutivo apresentado pelo relator, s\u00e3o inclu\u00eddas mais de 30 categorias que incluem motoristas de t\u00e1xi e de aplicativos, caminhoneiros, m\u00fasicos, ambulantes, feirantes, gar\u00e7ons, dentre outros.<\/p>\n<p>\u201cAmpliamos o alcance, estabelecemos regras mais claras para atender os mais carentes e, finalmente, procuramos agilizar a forma de pagar\u201d, disse Amin, em declara\u00e7\u00e3o divulgada \u00e0 imprensa.<\/p>\n<p>Para evitar a concentra\u00e7\u00e3o do pagamento em poucos bancos, o projeto prev\u00ea a extens\u00e3o do pagamento a todas as institui\u00e7\u00f5es financeiras e n\u00e3o financeiras de transfer\u00eancia de capital, como ag\u00eancias lot\u00e9ricas e ag\u00eancias dos Correios. As\u00a0<em>fintechs<\/em>, empresas de tecnologia que oferecem servi\u00e7os financeiros digitalmente (como empr\u00e9stimos e cart\u00f5es de cr\u00e9dito), tamb\u00e9m est\u00e3o autorizadas a fazer o pagamento.<\/p>\n<p>Outro dispositivo inclu\u00eddo no projeto estipula que homens que criam sozinhos os filhos, o chamado provedor de fam\u00edlia monoparental, t\u00eam direito a duas cotas do aux\u00edlio, ou seja R$ 1.200. No PL aprovado anteriormente e rec\u00e9m-sancionado, o recebimento das duas cotas s\u00f3 est\u00e1 autorizado a mulheres que vivem em situa\u00e7\u00e3o monoparental.<\/p>\n<h2>Confira as categorias inclu\u00eddas no PL aprovado hoje no Senado:<\/h2>\n<p>&#8211; Pescadores profissionais artesanais e os aquicultores, os agricultores familiares registrados no Cadastro Nacional da Agricultura Familiar (CAF);<br \/>\n&#8211;\u00a0os t\u00e9cnicos agr\u00edcolas;<br \/>\n&#8211;\u00a0os cooperados ou associados em cooperativa ou associa\u00e7\u00e3o de catadores e catadoras de materiais recicl\u00e1veis;<br \/>\n&#8211;\u00a0os taxistas e os mototaxistas; os motoristas de aplicativo; os motoristas de transporte escolar; os caminhoneiros; os entregadores de aplicativo;<br \/>\n&#8211;\u00a0as diaristas;<br \/>\n&#8211;\u00a0os agentes de turismo e os guias de turismo;<br \/>\n&#8211;\u00a0os trabalhadores das artes e da cultura, entre eles, os autores e artistas, de qualquer \u00e1rea, setor ou linguagem art\u00edstica, incluindo int\u00e9rpretes e executantes, e os t\u00e9cnicos em espet\u00e1culos de divers\u00f5es;<br \/>\n&#8211;\u00a0os mineiros; os garimpeiros, definidos como aqueles que, individualmente ou em forma associativa, atuem diretamente no processo da extra\u00e7\u00e3o de subst\u00e2ncias minerais garimp\u00e1veis;<br \/>\n&#8211;\u00a0os ministros de culto, mission\u00e1rios, te\u00f3logos e profissionais assemelhados;<br \/>\n&#8211;\u00a0os profissionais aut\u00f4nomos da educa\u00e7\u00e3o f\u00edsica; os trabalhadores do esporte, entre eles, atletas, para-atletas, t\u00e9cnicos, preparadores f\u00edsicos, fisioterapeutas, nutricionistas, psic\u00f3logos, \u00e1rbitros e auxiliares de arbitragem, de qualquer modalidade, incluindo aqueles trabalhadores envolvidos na realiza\u00e7\u00e3o das competi\u00e7\u00f5es;<br \/>\n&#8211;\u00a0os feirantes, os barraqueiros de praia; os ambulantes, os feirantes, os camel\u00f4s, as baianas de acaraj\u00e9, os gar\u00e7ons, os marisqueiros, os catadores de caranguejos;<br \/>\n&#8211;\u00a0as manicures e pedicures;<br \/>\n&#8211; os s\u00f3cios de pessoas jur\u00eddicas inativas, dispensada a apresenta\u00e7\u00e3o da Declara\u00e7\u00e3o de Informa\u00e7\u00f5es Socioecon\u00f4micas e Fiscais (DEFIS).<\/p>\n<p>Fonte: Ag\u00eanciaBrasil<\/p>\n","protected":false},"excerpt":{"rendered":"<p>Projeto conhecido como &#8220;coronavoucher&#8221; segue para vota\u00e7\u00e3o na C\u00e2mara O Senado aprovou na tarde de hoje (1\u00ba) um Projeto de Lei (PL) que acrescenta dezenas de categorias entre as eleg\u00edveis a receber o aux\u00edlio de R$ 600 mensais, conhecido como &#8220;coronavoucher&#8221;, pelo per\u00edodo de tr\u00eas meses. A aprova\u00e7\u00e3o ocorreu por unanimidade, com 79 votos favor\u00e1veis. [&hellip;]<\/p>\n","protected":false},"author":1,"featured_media":2213,"comment_status":"open","ping_status":"open","sticky":false,"template":"","format":"standard","meta":{"jetpack_post_was_ever_published":false,"_jetpack_newsletter_access":"","_jetpack_dont_email_post_to_subs":false,"_jetpack_newsletter_tier_id":0,"_jetpack_memberships_contains_paywalled_content":false,"_jetpack_memberships_contains_paid_content":false,"footnotes":"","jetpack_publicize_message":"","jetpack_publicize_feature_enabled":true,"jetpack_social_post_already_shared":true,"jetpack_social_options":{"image_generator_settings":{"template":"highway","default_image_id":0,"font":"","enabled":false},"version":2}},"categories":[22],"tags":[493,754,771,758,304],"class_list":["post-2211","post","type-post","status-publish","format-standard","has-post-thumbnail","hentry","category-geral","tag-auxilio","tag-coronavirus","tag-coronavoucher","tag-covid19","tag-governo"],"jetpack_publicize_connections":[],"jetpack_featured_media_url":"https:\/\/i0.wp.com\/cfcontabil.com\/cf\/wp-content\/uploads\/2020\/04\/coronavoucher.jpg?fit=785%2C442","jetpack_sharing_enabled":true,"jetpack_shortlink":"https:\/\/wp.me\/p2wklX-zF","jetpack-related-posts":[{"id":2196,"url":"http:\/\/cfcontabil.com\/cf\/coronavirus-camara-aprova-projeto-que-preve-r-600-por-mes-para-trabalhador-informal\/","url_meta":{"origin":2211,"position":0},"title":"Coronav\u00edrus: C\u00e2mara aprova projeto que prev\u00ea R$ 600 por m\u00eas para trabalhador informal","author":"Ab\u00edlio Gon\u00e7alves","date":"27 de mar\u00e7o de 2020","format":false,"excerpt":"Texto vai ao Senado e prev\u00ea repasse por 3 meses. Aut\u00f4nomo dever\u00e1 cumprir requisitos como ter mais de 18 anos e n\u00e3o receber benef\u00edcio previdenci\u00e1rio ou assistencial. A\u00a0C\u00e2mara dos Deputados\u00a0aprovou nesta quinta-feira (26) um projeto que prev\u00ea o pagamento de R$ 600 a trabalhadores informais por tr\u00eas meses em raz\u00e3o\u2026","rel":"","context":"Em \"aux\u00edlio\"","block_context":{"text":"aux\u00edlio","link":"http:\/\/cfcontabil.com\/cf\/tag\/auxilio\/"},"img":{"alt_text":"","src":"https:\/\/i0.wp.com\/cfcontabil.com\/cf\/wp-content\/uploads\/2020\/03\/plenario-camara.jpg?fit=640%2C419&resize=350%2C200","width":350,"height":200,"srcset":"https:\/\/i0.wp.com\/cfcontabil.com\/cf\/wp-content\/uploads\/2020\/03\/plenario-camara.jpg?fit=640%2C419&resize=350%2C200 1x, https:\/\/i0.wp.com\/cfcontabil.com\/cf\/wp-content\/uploads\/2020\/03\/plenario-camara.jpg?fit=640%2C419&resize=525%2C300 1.5x"},"classes":[]},{"id":1772,"url":"http:\/\/cfcontabil.com\/cf\/ibaneis-aprova-lei-fixando-prazo-de-7-dias-para-o-governo-liberar-alvara-de-construcao-no-df\/","url_meta":{"origin":2211,"position":1},"title":"Ibaneis aprova lei fixando prazo de 7 dias para o governo liberar alvar\u00e1 de constru\u00e7\u00e3o no DF","author":"Ab\u00edlio Gon\u00e7alves","date":"16 de outubro de 2019","format":false,"excerpt":"Tamb\u00e9m foram criados pontos de apoio para caminhoneiros nas vias de acesso \u00e0s cidades do DF O governador do Distrito Federal, Ibaneis Rocha (MDB), obteve vit\u00f3rias expressivas na vota\u00e7\u00e3o de projetos de origem do Poder Executivo nesta ter\u00e7a-feira (15), na C\u00e2mara Legislativa. Foram seus projetos aprovados no total, incluindo o\u2026","rel":"","context":"Em &quot;Consultoria Empresarial&quot;","block_context":{"text":"Consultoria Empresarial","link":"http:\/\/cfcontabil.com\/cf\/category\/consultoria\/"},"img":{"alt_text":"","src":"https:\/\/i0.wp.com\/cfcontabil.com\/cf\/wp-content\/uploads\/2019\/10\/alvara.jpg?fit=767%2C400&resize=350%2C200","width":350,"height":200,"srcset":"https:\/\/i0.wp.com\/cfcontabil.com\/cf\/wp-content\/uploads\/2019\/10\/alvara.jpg?fit=767%2C400&resize=350%2C200 1x, https:\/\/i0.wp.com\/cfcontabil.com\/cf\/wp-content\/uploads\/2019\/10\/alvara.jpg?fit=767%2C400&resize=525%2C300 1.5x, https:\/\/i0.wp.com\/cfcontabil.com\/cf\/wp-content\/uploads\/2019\/10\/alvara.jpg?fit=767%2C400&resize=700%2C400 2x"},"classes":[]},{"id":2311,"url":"http:\/\/cfcontabil.com\/cf\/caixa-deposita-2a-parcela-de-r-600-de-nascidos-em-janeiro-ou-fevereiro\/","url_meta":{"origin":2211,"position":2},"title":"Caixa deposita 2\u00aa parcela de R$ 600 de nascidos em janeiro ou fevereiro","author":"Ab\u00edlio Gon\u00e7alves","date":"20 de maio de 2020","format":false,"excerpt":"O governo deposita nesta quarta-feira (20) a segunda parcela do aux\u00edlio emergencial de R$ 600 para quem nasceu em janeiro ou fevereiro e recebeu a primeira parcela entre 1\u00ba e 30 de abril. A exce\u00e7\u00e3o \u00e9 o benefici\u00e1rio do Bolsa Fam\u00edlia, que recebe de acordo com outro calend\u00e1rio. O calend\u00e1rio\u2026","rel":"","context":"Em &quot;Geral&quot;","block_context":{"text":"Geral","link":"http:\/\/cfcontabil.com\/cf\/category\/geral\/"},"img":{"alt_text":"","src":"https:\/\/i0.wp.com\/cfcontabil.com\/cf\/wp-content\/uploads\/2020\/05\/auxilio-emergencial-caixa-economica-federal-2020-1024x572-1.jpg?fit=1024%2C572&resize=350%2C200","width":350,"height":200,"srcset":"https:\/\/i0.wp.com\/cfcontabil.com\/cf\/wp-content\/uploads\/2020\/05\/auxilio-emergencial-caixa-economica-federal-2020-1024x572-1.jpg?fit=1024%2C572&resize=350%2C200 1x, https:\/\/i0.wp.com\/cfcontabil.com\/cf\/wp-content\/uploads\/2020\/05\/auxilio-emergencial-caixa-economica-federal-2020-1024x572-1.jpg?fit=1024%2C572&resize=525%2C300 1.5x, https:\/\/i0.wp.com\/cfcontabil.com\/cf\/wp-content\/uploads\/2020\/05\/auxilio-emergencial-caixa-economica-federal-2020-1024x572-1.jpg?fit=1024%2C572&resize=700%2C400 2x"},"classes":[]},{"id":2604,"url":"http:\/\/cfcontabil.com\/cf\/senado-aprova-parcelamento-de-dividas-fiscais-de-micro-e-pequenas-empresas\/","url_meta":{"origin":2211,"position":3},"title":"Senado aprova parcelamento de d\u00edvidas fiscais de micro e pequenas empresas","author":"Ab\u00edlio Gon\u00e7alves","date":"6 de agosto de 2021","format":false,"excerpt":"Por 68 votos favor\u00e1veis e nenhum contr\u00e1rio, os senadores aprovaram, nesta quinta-feira (5), substitutivo do senador Fernando Bezerra Coelho (MDB-PE) que permite o pagamento em at\u00e9 15 anos das d\u00edvidas das micro e pequenas empresas com a Uni\u00e3o, inclusive de microempreendedores individuais. O Projeto de Lei Complementar (PLP)\u00a046\/2021, que apresenta\u2026","rel":"","context":"Em &quot;Geral&quot;","block_context":{"text":"Geral","link":"http:\/\/cfcontabil.com\/cf\/category\/geral\/"},"img":{"alt_text":"","src":"https:\/\/i0.wp.com\/cfcontabil.com\/cf\/wp-content\/uploads\/2021\/08\/parcelamento-dinheiro.jpg?fit=600%2C310&resize=350%2C200","width":350,"height":200,"srcset":"https:\/\/i0.wp.com\/cfcontabil.com\/cf\/wp-content\/uploads\/2021\/08\/parcelamento-dinheiro.jpg?fit=600%2C310&resize=350%2C200 1x, https:\/\/i0.wp.com\/cfcontabil.com\/cf\/wp-content\/uploads\/2021\/08\/parcelamento-dinheiro.jpg?fit=600%2C310&resize=525%2C300 1.5x"},"classes":[]},{"id":1105,"url":"http:\/\/cfcontabil.com\/cf\/sancionada-lei-que-estende-prazo-para-repatriacao-de-recursos\/","url_meta":{"origin":2211,"position":4},"title":"Sancionada lei que estende prazo para repatria\u00e7\u00e3o de recursos","author":"Ab\u00edlio Gon\u00e7alves","date":"4 de abril de 2017","format":false,"excerpt":"Foi sancionada sem vetos a lei que reabre o prazo para repatria\u00e7\u00e3o e regulariza\u00e7\u00e3o de ativos (bens, valores, cr\u00e9ditos e direitos) mantidos no exterior e n\u00e3o declarados. A Lei 13.428\/2017 foi sancionada na quinta-feira (30) pelo presidente Michel Temer e publicada nesta sexta-feira (31) no Di\u00e1rio Oficial da Uni\u00e3o. A\u2026","rel":"","context":"Em &quot;Departamento Fiscal&quot;","block_context":{"text":"Departamento Fiscal","link":"http:\/\/cfcontabil.com\/cf\/category\/df\/"},"img":{"alt_text":"","src":"https:\/\/i0.wp.com\/cfcontabil.com\/cf\/wp-content\/uploads\/2017\/02\/receita-federal-1-1.png?fit=702%2C325&resize=350%2C200","width":350,"height":200,"srcset":"https:\/\/i0.wp.com\/cfcontabil.com\/cf\/wp-content\/uploads\/2017\/02\/receita-federal-1-1.png?fit=702%2C325&resize=350%2C200 1x, https:\/\/i0.wp.com\/cfcontabil.com\/cf\/wp-content\/uploads\/2017\/02\/receita-federal-1-1.png?fit=702%2C325&resize=525%2C300 1.5x, https:\/\/i0.wp.com\/cfcontabil.com\/cf\/wp-content\/uploads\/2017\/02\/receita-federal-1-1.png?fit=702%2C325&resize=700%2C400 2x"},"classes":[]},{"id":2192,"url":"http:\/\/cfcontabil.com\/cf\/mp-do-contribuinte-legal-e-aprovada\/","url_meta":{"origin":2211,"position":5},"title":"MP do Contribuinte Legal \u00e9 aprovada","author":"Ab\u00edlio Gon\u00e7alves","date":"25 de mar\u00e7o de 2020","format":false,"excerpt":"Medida Provis\u00f3ria do Contribuinte Legal permite a regulariza\u00e7\u00e3o de d\u00edvidas com a Uni\u00e3o Entenda o que muda. Com vota\u00e7\u00e3o remota, o Plen\u00e1rio do Senado aprovou nesta ter\u00e7a-feira (24) a MP 899\/2019, mais conhecida como MP do Contribuinte Legal. Essa medida regulamenta a negocia\u00e7\u00e3o de d\u00edvidas tribut\u00e1ria com a Uni\u00e3o. Foram\u2026","rel":"","context":"Em &quot;Departamento Fiscal&quot;","block_context":{"text":"Departamento Fiscal","link":"http:\/\/cfcontabil.com\/cf\/category\/df\/"},"img":{"alt_text":"","src":"https:\/\/i0.wp.com\/cfcontabil.com\/cf\/wp-content\/uploads\/2020\/03\/dinheiro-caneta.jpg?fit=600%2C310&resize=350%2C200","width":350,"height":200,"srcset":"https:\/\/i0.wp.com\/cfcontabil.com\/cf\/wp-content\/uploads\/2020\/03\/dinheiro-caneta.jpg?fit=600%2C310&resize=350%2C200 1x, https:\/\/i0.wp.com\/cfcontabil.com\/cf\/wp-content\/uploads\/2020\/03\/dinheiro-caneta.jpg?fit=600%2C310&resize=525%2C300 1.5x"},"classes":[]}],"jetpack_likes_enabled":true,"_links":{"self":[{"href":"http:\/\/cfcontabil.com\/cf\/wp-json\/wp\/v2\/posts\/2211","targetHints":{"allow":["GET"]}}],"collection":[{"href":"http:\/\/cfcontabil.com\/cf\/wp-json\/wp\/v2\/posts"}],"about":[{"href":"http:\/\/cfcontabil.com\/cf\/wp-json\/wp\/v2\/types\/post"}],"author":[{"embeddable":true,"href":"http:\/\/cfcontabil.com\/cf\/wp-json\/wp\/v2\/users\/1"}],"replies":[{"embeddable":true,"href":"http:\/\/cfcontabil.com\/cf\/wp-json\/wp\/v2\/comments?post=2211"}],"version-history":[{"count":1,"href":"http:\/\/cfcontabil.com\/cf\/wp-json\/wp\/v2\/posts\/2211\/revisions"}],"predecessor-version":[{"id":2214,"href":"http:\/\/cfcontabil.com\/cf\/wp-json\/wp\/v2\/posts\/2211\/revisions\/2214"}],"wp:featuredmedia":[{"embeddable":true,"href":"http:\/\/cfcontabil.com\/cf\/wp-json\/wp\/v2\/media\/2213"}],"wp:attachment":[{"href":"http:\/\/cfcontabil.com\/cf\/wp-json\/wp\/v2\/media?parent=2211"}],"wp:term":[{"taxonomy":"category","embeddable":true,"href":"http:\/\/cfcontabil.com\/cf\/wp-json\/wp\/v2\/categories?post=2211"},{"taxonomy":"post_tag","embeddable":true,"href":"http:\/\/cfcontabil.com\/cf\/wp-json\/wp\/v2\/tags?post=2211"}],"curies":[{"name":"wp","href":"https:\/\/api.w.org\/{rel}","templated":true}]}}