{"id":2215,"date":"2020-04-02T22:53:29","date_gmt":"2020-04-03T01:53:29","guid":{"rendered":"http:\/\/cfcontabil.com\/cf\/?p=2215"},"modified":"2020-04-02T22:54:30","modified_gmt":"2020-04-03T01:54:30","slug":"ponto-a-ponto-mp-936-2020-entenda-cortes-salariais-suspensoes-e-beneficio","status":"publish","type":"post","link":"http:\/\/cfcontabil.com\/cf\/ponto-a-ponto-mp-936-2020-entenda-cortes-salariais-suspensoes-e-beneficio\/","title":{"rendered":"Ponto a ponto MP 936\/2020: Entenda cortes salariais, suspens\u00f5es e benef\u00edcio"},"content":{"rendered":"<h2 class=\"linhadeOlho\">A MP 936\/2020 possibilita o corte salarial de at\u00e9 70%, suspens\u00e3o do contrato de trabalho e benef\u00edcio emergencial. Entenda ponto a ponto<\/h2>\n<p><a href=\"https:\/\/i0.wp.com\/cfcontabil.com\/cf\/wp-content\/uploads\/2017\/01\/CTPStrabalho-1.jpg\"><img data-recalc-dims=\"1\" fetchpriority=\"high\" decoding=\"async\" data-attachment-id=\"857\" data-permalink=\"http:\/\/cfcontabil.com\/cf\/empresarios-mais-confiantes-e-com-intencao-de-contratar\/ctpstrabalho\/\" data-orig-file=\"https:\/\/i0.wp.com\/cfcontabil.com\/cf\/wp-content\/uploads\/2017\/01\/CTPStrabalho-1.jpg?fit=4600%2C2995\" data-orig-size=\"4600,2995\" data-comments-opened=\"1\" data-image-meta=\"{&quot;aperture&quot;:&quot;2&quot;,&quot;credit&quot;:&quot;&quot;,&quot;camera&quot;:&quot;X10&quot;,&quot;caption&quot;:&quot;05-06-2014 - S\\u00e3o Paulo - O MPT-RJ (Minist\\u00e9rio P\\u00fablico do Trabalho no Rio de Janeiro) entrou com a\\u00e7\\u00e3o civil p\\u00fablica pedindo que todos os selecionados para o programa de trabalho volunt\\u00e1rio da Fifa para a Copa do Mundo sejam contratados com carteira de trabalho assinada. Foto Rafael Neddermeyer\/ Fotos Publicas&quot;,&quot;created_timestamp&quot;:&quot;1401981185&quot;,&quot;copyright&quot;:&quot;&quot;,&quot;focal_length&quot;:&quot;7.1&quot;,&quot;iso&quot;:&quot;400&quot;,&quot;shutter_speed&quot;:&quot;0.0025&quot;,&quot;title&quot;:&quot;&quot;,&quot;orientation&quot;:&quot;0&quot;}\" data-image-title=\"CTPStrabalho\" data-image-description=\"\" data-image-caption=\"&lt;p&gt;05-06-2014 &amp;#8211; S\u00e3o Paulo &amp;#8211; O MPT-RJ (Minist\u00e9rio P\u00fablico do Trabalho no Rio de Janeiro) entrou com a\u00e7\u00e3o civil p\u00fablica pedindo que todos os selecionados para o programa de trabalho volunt\u00e1rio da Fifa para a Copa do Mundo sejam contratados com carteira de trabalho assinada. Foto Rafael Neddermeyer\/ Fotos Publicas&lt;\/p&gt;\n\" data-large-file=\"https:\/\/i0.wp.com\/cfcontabil.com\/cf\/wp-content\/uploads\/2017\/01\/CTPStrabalho-1.jpg?fit=1024%2C667\" class=\"size-full wp-image-857\" src=\"https:\/\/i0.wp.com\/cfcontabil.com\/cf\/wp-content\/uploads\/2017\/01\/CTPStrabalho-1.jpg?resize=1170%2C762\" alt=\"\" width=\"1170\" height=\"762\" srcset=\"https:\/\/i0.wp.com\/cfcontabil.com\/cf\/wp-content\/uploads\/2017\/01\/CTPStrabalho-1.jpg?w=4600 4600w, https:\/\/i0.wp.com\/cfcontabil.com\/cf\/wp-content\/uploads\/2017\/01\/CTPStrabalho-1.jpg?resize=300%2C195 300w, https:\/\/i0.wp.com\/cfcontabil.com\/cf\/wp-content\/uploads\/2017\/01\/CTPStrabalho-1.jpg?resize=768%2C500 768w, https:\/\/i0.wp.com\/cfcontabil.com\/cf\/wp-content\/uploads\/2017\/01\/CTPStrabalho-1.jpg?resize=1024%2C667 1024w, https:\/\/i0.wp.com\/cfcontabil.com\/cf\/wp-content\/uploads\/2017\/01\/CTPStrabalho-1.jpg?resize=370%2C241 370w, https:\/\/i0.wp.com\/cfcontabil.com\/cf\/wp-content\/uploads\/2017\/01\/CTPStrabalho-1.jpg?resize=770%2C501 770w, https:\/\/i0.wp.com\/cfcontabil.com\/cf\/wp-content\/uploads\/2017\/01\/CTPStrabalho-1.jpg?w=2340 2340w, https:\/\/i0.wp.com\/cfcontabil.com\/cf\/wp-content\/uploads\/2017\/01\/CTPStrabalho-1.jpg?w=3510 3510w\" sizes=\"(max-width: 1170px) 100vw, 1170px\" \/><\/a><\/p>\n<div class=\"texto\">\n<div>\n<p>O Di\u00e1rio Oficial da Uni\u00e3o publicou nesta quarta-feira, 01, a MP 936\/2020 que institui o Programa Emergencial de Manuten\u00e7\u00e3o do Emprego e da Renda.<\/p>\n<p>Em suma, a norma estabelece o pagamento de um Benef\u00edcio Emergencial de Preserva\u00e7\u00e3o do Emprego e da Renda e permite redu\u00e7\u00e3o de jornadas e sal\u00e1rios e a suspens\u00e3o tempor\u00e1ria de contratos de trabalhos.<\/p>\n<p>Essa \u00e9 mais uma medida anunciada pelo Governo que tem como objetivo amenizar os Impactos causados com a crise do\u00a0Coronav\u00edrus.<\/p>\n<p>Entenda Ponto a Ponto o que muda na MP 936\/2020:<\/p>\n<h3><strong>Redu\u00e7\u00e3o de sal\u00e1rios<\/strong><\/h3>\n<p>Com a MP, o empregador poder\u00e1 reduzir os sal\u00e1rios dos funcion\u00e1rios desde que seja de forma proporcional \u00e0 jornada de trabalho. Ficam permitidos cortes de 25%, 50% ou 70%, por at\u00e9 noventa dias.<\/p>\n<p>\u00c9 importante ressaltar que o valor do sal\u00e1rio-hora de trabalho do funcion\u00e1rio deve ser mantido.<\/p>\n<h3><strong>Suspens\u00e3o do Contrato de Trabalho<\/strong><\/h3>\n<p>Durante o estado de calamidade p\u00fablica, o empregador poder\u00e1 acordar a suspens\u00e3o tempor\u00e1ria do contrato de trabalho de seus empregados, pelo prazo m\u00e1ximo de sessenta dias, que poder\u00e1 ser fracionado em at\u00e9 dois per\u00edodos de trinta dias.<\/p>\n<p>A suspens\u00e3o tempor\u00e1ria do contrato de trabalho ser\u00e1 pactuada por acordo individual escrito entre empregador e empregado, que ser\u00e1 encaminhado ao empregado com anteced\u00eancia de, no m\u00ednimo, dois dias corridos.<\/p>\n<p>Vale lembrar que a suspens\u00e3o ser\u00e1 v\u00e1lida aos empregados com sal\u00e1rio igual ou inferior a R$ 3.135 e aos portadores de diploma de n\u00edvel superior e que percebam sal\u00e1rio mensal igual ou superior a duas vezes o limite m\u00e1ximo dos benef\u00edcios do Regime Geral de Previd\u00eancia Social.<\/p>\n<p>A empresa que tiver auferido, no ano-calend\u00e1rio de 2019, receita bruta superior a R$ 4.800.000,00, somente poder\u00e1 suspender o contrato de trabalho de seus empregados mediante o pagamento de ajuda compensat\u00f3ria mensal no valor de trinta por cento do valor do sal\u00e1rio do empregado durante o per\u00edodo de suspens\u00e3o.<\/p>\n<p>Al\u00e9m disso, se durante o per\u00edodo de suspens\u00e3o tempor\u00e1ria do contrato de trabalho o empregado mantiver as atividades de trabalho, ainda que parcialmente, por meio de teletrabalho, trabalho remoto ou trabalho \u00e0 dist\u00e2ncia, ficar\u00e1 descaracterizada a suspens\u00e3o tempor\u00e1ria do contrato de trabalho e o empregador estar\u00e1 sujeito \u00e0 penalidades.<\/p>\n<h3><strong>Rescis\u00e3o<\/strong><\/h3>\n<p>A dispensa sem justa causa que ocorrer durante o per\u00edodo de garantia provis\u00f3ria no emprego sujeitar\u00e1 o empregador ao pagamento, al\u00e9m das parcelas rescis\u00f3rias previstas na legisla\u00e7\u00e3o em vigor, de indeniza\u00e7\u00e3o no valor de:<\/p>\n<p><strong>Redu\u00e7\u00e3o salarial de 25 \u00e0 50%<\/strong>: Pagamento de 50% do sal\u00e1rio que o empregado teria direito inicialmente;<\/p>\n<p><strong>Redu\u00e7\u00e3o salarial de 50 a 60%<\/strong>: Pagamento de 75% do sal\u00e1rio que o empregado teria direito inicialmente;<\/p>\n<p><strong>Redu\u00e7\u00e3o salarial superior \u00e0 70% ou suspens\u00e3o<\/strong>: Pagamento de 100% do sal\u00e1rio que o empregado teria direito inicialmente.<\/p>\n<h3><strong>Benef\u00edcio Emergencial<\/strong><\/h3>\n<p>O empregador deve informar o Minist\u00e9rio da Economia sobre a redu\u00e7\u00e3o da jornada de trabalho e de sal\u00e1rio ou a suspens\u00e3o tempor\u00e1ria do contrato de trabalho, no prazo de dez dias, contados da data da celebra\u00e7\u00e3o do acordo.<\/p>\n<p>Dessa forma, o trabalhador poder\u00e1 receber um Benef\u00edcio Emergencial que ser\u00e1 pago no prazo de trinta dias da data da celebra\u00e7\u00e3o do acordo. O valor de tal benef\u00edcio ter\u00e1 como\u00a0base de c\u00e1lculo\u00a0o valor mensal do seguro-desemprego a que o empregado teria direito.<\/p>\n<p>\u00c9 importante ressaltar que o Benef\u00edcio Emergencial ser\u00e1 pago exclusivamente enquanto durar a redu\u00e7\u00e3o proporcional da jornada de trabalho e de sal\u00e1rio ou a suspens\u00e3o tempor\u00e1ria do contrato de trabalho.<\/p>\n<p>Caso o empregador n\u00e3o preste a informa\u00e7\u00e3o dentro do prazo previsto ficar\u00e1 respons\u00e1vel pelo pagamento da remunera\u00e7\u00e3o no valor anterior \u00e0 redu\u00e7\u00e3o da jornada de trabalho e de sal\u00e1rio ou da suspens\u00e3o tempor\u00e1ria do contrato de trabalho do empregado, inclusive dos respectivos encargos sociais, at\u00e9 a que informa\u00e7\u00e3o seja prestada.<\/p>\n<p>A forma de transmiss\u00e3o dessas informa\u00e7\u00f5es e comunica\u00e7\u00f5es, assim como mais detalhes do pagamento do Benef\u00edcio Emergencial, ser\u00e3o disciplinados pelo Minist\u00e9rio da Economia.<\/p>\n<h3><strong>Valor Benef\u00edcio Emergencial<\/strong><\/h3>\n<p>O valor de tal Benef\u00edcio Emergencial ter\u00e1 como\u00a0base de c\u00e1lculo\u00a0o valor mensal do seguro-desemprego a que o empregado teria direito, nas seguintes situa\u00e7\u00f5es:<\/p>\n<p>I &#8211; na hip\u00f3tese de redu\u00e7\u00e3o de jornada de trabalho e de sal\u00e1rio, ser\u00e1 calculado aplicando-se sobre a\u00a0base de c\u00e1lculo\u00a0o percentual da redu\u00e7\u00e3o;<\/p>\n<p>II &#8211; na hip\u00f3tese de suspens\u00e3o tempor\u00e1ria do contrato de trabalho, ter\u00e1 valor mensal: equivalente a cem por cento do valor do seguro-desemprego a que o empregado teria direito, ou equivalente a 70% do seguro-desemprego a que o empregado teria direito.<\/p>\n<p>O empregado com contrato de trabalho intermitente formalizado at\u00e9 1 de abril\/2020, far\u00e1 jus ao benef\u00edcio emergencial mensal no valor de R$ 600, pelo per\u00edodo de tr\u00eas meses.<\/p>\n<p>A norma estabelece que a exist\u00eancia de mais de um contrato de trabalho n\u00e3o gerar\u00e1 direito \u00e0 concess\u00e3o de mais de um benef\u00edcio emergencial mensal.<\/p>\n<\/div>\n<\/div>\n<section class=\"autorMateria\">\n<div class=\"imagemAutor\"><em>Fonte: Contabeis<\/em><\/div>\n<\/section>\n","protected":false},"excerpt":{"rendered":"<p>A MP 936\/2020 possibilita o corte salarial de at\u00e9 70%, suspens\u00e3o do contrato de trabalho e benef\u00edcio emergencial. Entenda ponto a ponto O Di\u00e1rio Oficial da Uni\u00e3o publicou nesta quarta-feira, 01, a MP 936\/2020 que institui o Programa Emergencial de Manuten\u00e7\u00e3o do Emprego e da Renda. Em suma, a norma estabelece o pagamento de um [&hellip;]<\/p>\n","protected":false},"author":1,"featured_media":2216,"comment_status":"open","ping_status":"open","sticky":false,"template":"","format":"standard","meta":{"jetpack_post_was_ever_published":false,"_jetpack_newsletter_access":"","_jetpack_dont_email_post_to_subs":false,"_jetpack_newsletter_tier_id":0,"_jetpack_memberships_contains_paywalled_content":false,"_jetpack_memberships_contains_paid_content":false,"footnotes":"","jetpack_publicize_message":"","jetpack_publicize_feature_enabled":true,"jetpack_social_post_already_shared":true,"jetpack_social_options":{"image_generator_settings":{"template":"highway","default_image_id":0,"font":"","enabled":false},"version":2}},"categories":[29],"tags":[314,773,235,93,772],"class_list":["post-2215","post","type-post","status-publish","format-standard","has-post-thumbnail","hentry","category-dp","tag-beneficio","tag-emergencial","tag-emprego","tag-salario","tag-suspensao"],"jetpack_publicize_connections":[],"jetpack_featured_media_url":"https:\/\/i0.wp.com\/cfcontabil.com\/cf\/wp-content\/uploads\/2020\/04\/emprego-4.jpg.pagespeed.ic_.4H7FnGacfP.jpg?fit=1086%2C652","jetpack_sharing_enabled":true,"jetpack_shortlink":"https:\/\/wp.me\/p2wklX-zJ","jetpack-related-posts":[{"id":2242,"url":"http:\/\/cfcontabil.com\/cf\/sistema-liberado-beneficio-emergencial-empregadores-ja-podem-comunicar-reducao-e-suspensao-salarial\/","url_meta":{"origin":2215,"position":0},"title":"SISTEMA LIBERADO: Benef\u00edcio Emergencial &#8211; Empregadores j\u00e1 podem comunicar redu\u00e7\u00e3o e suspens\u00e3o salarial","author":"Ab\u00edlio Gon\u00e7alves","date":"6 de abril de 2020","format":false,"excerpt":"Empregadores devem comunicar a redu\u00e7\u00e3o salarial de seus funcion\u00e1rios para ter direito ao Benef\u00edcio Emergencial. O\u00a0Sistema Empregador Web\u00a0foi atualizado para o envio das informa\u00e7\u00f5es contratuais conforme a Medida Provis\u00f3ria 936\/2020, que permite a redu\u00e7\u00e3o de jornada e renda.\u00a0Acesse o leiaute. Benef\u00edcio Emergencial de Preven\u00e7\u00e3o do Emprego e Renda O empregador\u2026","rel":"","context":"Em &quot;Departamento Pessoal&quot;","block_context":{"text":"Departamento Pessoal","link":"http:\/\/cfcontabil.com\/cf\/category\/dp\/"},"img":{"alt_text":"","src":"https:\/\/i0.wp.com\/cfcontabil.com\/cf\/wp-content\/uploads\/2020\/04\/empregador_web.jpg?fit=1200%2C675&resize=350%2C200","width":350,"height":200,"srcset":"https:\/\/i0.wp.com\/cfcontabil.com\/cf\/wp-content\/uploads\/2020\/04\/empregador_web.jpg?fit=1200%2C675&resize=350%2C200 1x, https:\/\/i0.wp.com\/cfcontabil.com\/cf\/wp-content\/uploads\/2020\/04\/empregador_web.jpg?fit=1200%2C675&resize=525%2C300 1.5x, https:\/\/i0.wp.com\/cfcontabil.com\/cf\/wp-content\/uploads\/2020\/04\/empregador_web.jpg?fit=1200%2C675&resize=700%2C400 2x, https:\/\/i0.wp.com\/cfcontabil.com\/cf\/wp-content\/uploads\/2020\/04\/empregador_web.jpg?fit=1200%2C675&resize=1050%2C600 3x"},"classes":[]},{"id":2392,"url":"http:\/\/cfcontabil.com\/cf\/com-o-fim-de-medida-empresas-retomam-horario-e-salario-integrais\/","url_meta":{"origin":2215,"position":1},"title":"Com o fim de medida, empresas retomam hor\u00e1rio e sal\u00e1rio integrais","author":"Ab\u00edlio Gon\u00e7alves","date":"6 de janeiro de 2021","format":false,"excerpt":"A medida do governo que permitia o corte de sal\u00e1rios e a redu\u00e7\u00e3o da jornada de trabalho, como forma de proteger os empregos no per\u00edodo de pandemia, terminou em 31 de dezembro de 2020. Desde o in\u00edcio do m\u00eas, os empregadores devem retornar com o hor\u00e1rio e pagamento integrais aos\u2026","rel":"","context":"Em &quot;Geral&quot;","block_context":{"text":"Geral","link":"http:\/\/cfcontabil.com\/cf\/category\/geral\/"},"img":{"alt_text":"","src":"https:\/\/i0.wp.com\/cfcontabil.com\/cf\/wp-content\/uploads\/2020\/04\/emprego-4.jpg.pagespeed.ic_.4H7FnGacfP.jpg?fit=1086%2C652&resize=350%2C200","width":350,"height":200,"srcset":"https:\/\/i0.wp.com\/cfcontabil.com\/cf\/wp-content\/uploads\/2020\/04\/emprego-4.jpg.pagespeed.ic_.4H7FnGacfP.jpg?fit=1086%2C652&resize=350%2C200 1x, https:\/\/i0.wp.com\/cfcontabil.com\/cf\/wp-content\/uploads\/2020\/04\/emprego-4.jpg.pagespeed.ic_.4H7FnGacfP.jpg?fit=1086%2C652&resize=525%2C300 1.5x, https:\/\/i0.wp.com\/cfcontabil.com\/cf\/wp-content\/uploads\/2020\/04\/emprego-4.jpg.pagespeed.ic_.4H7FnGacfP.jpg?fit=1086%2C652&resize=700%2C400 2x, https:\/\/i0.wp.com\/cfcontabil.com\/cf\/wp-content\/uploads\/2020\/04\/emprego-4.jpg.pagespeed.ic_.4H7FnGacfP.jpg?fit=1086%2C652&resize=1050%2C600 3x"},"classes":[]},{"id":2375,"url":"http:\/\/cfcontabil.com\/cf\/13o-salario-deve-ser-integral-para-quem-teve-jornada-reduzida-diz-governo\/","url_meta":{"origin":2215,"position":2},"title":"13\u00ba sal\u00e1rio deve ser integral para quem teve jornada reduzida, diz governo","author":"Ab\u00edlio Gon\u00e7alves","date":"18 de novembro de 2020","format":false,"excerpt":"Segundo o documento, o benef\u00edcio natalino \u00e9 calculado com base na remunera\u00e7\u00e3o integral do m\u00eas de dezembro, sem influ\u00eancia das redu\u00e7\u00f5es tempor\u00e1rias de jornada e sal\u00e1rio. BAIXE O ARQUIVO COMPLETO: SEI_ME-11826535-Nota-T\u00e9cnicaBaixar O governo divulgou uma nota t\u00e9cnica em que define que\u00a0o 13\u00ba sal\u00e1rio deve ser pago integramente para quem teve\u2026","rel":"","context":"Em &quot;Departamento Pessoal&quot;","block_context":{"text":"Departamento Pessoal","link":"http:\/\/cfcontabil.com\/cf\/category\/dp\/"},"img":{"alt_text":"","src":"https:\/\/i0.wp.com\/cfcontabil.com\/cf\/wp-content\/uploads\/2019\/10\/dinheiro.jpg?fit=670%2C400&resize=350%2C200","width":350,"height":200,"srcset":"https:\/\/i0.wp.com\/cfcontabil.com\/cf\/wp-content\/uploads\/2019\/10\/dinheiro.jpg?fit=670%2C400&resize=350%2C200 1x, https:\/\/i0.wp.com\/cfcontabil.com\/cf\/wp-content\/uploads\/2019\/10\/dinheiro.jpg?fit=670%2C400&resize=525%2C300 1.5x"},"classes":[]},{"id":2343,"url":"http:\/\/cfcontabil.com\/cf\/decreto-define-regras-para-pagamento-de-auxilio-emergencial-de-r-300\/","url_meta":{"origin":2215,"position":3},"title":"Decreto define regras para pagamento de aux\u00edlio emergencial de R$ 300","author":"Ab\u00edlio Gon\u00e7alves","date":"18 de setembro de 2020","format":false,"excerpt":"A medida foi publicada no Di\u00e1rio Oficial As regras para a concess\u00e3o do aux\u00edlio emergencial residual de R$ 300 foram publicadas em edi\u00e7\u00e3o extra do\u00a0Di\u00e1rio Oficial da Uni\u00e3o\u00a0(DOU) dessa quarta-feira (16). O\u00a0Decreto\u00a0n\u00ba 10.488 regulamenta a Medida Provis\u00f3ria n\u00ba 1.000, de 2 de setembro de 2020, que concede o aux\u00edlio emergencial\u2026","rel":"","context":"Em &quot;Geral&quot;","block_context":{"text":"Geral","link":"http:\/\/cfcontabil.com\/cf\/category\/geral\/"},"img":{"alt_text":"","src":"https:\/\/i0.wp.com\/cfcontabil.com\/cf\/wp-content\/uploads\/2020\/09\/caixa_economica_federal0505202674.jpg?fit=1170%2C700&resize=350%2C200","width":350,"height":200,"srcset":"https:\/\/i0.wp.com\/cfcontabil.com\/cf\/wp-content\/uploads\/2020\/09\/caixa_economica_federal0505202674.jpg?fit=1170%2C700&resize=350%2C200 1x, https:\/\/i0.wp.com\/cfcontabil.com\/cf\/wp-content\/uploads\/2020\/09\/caixa_economica_federal0505202674.jpg?fit=1170%2C700&resize=525%2C300 1.5x, https:\/\/i0.wp.com\/cfcontabil.com\/cf\/wp-content\/uploads\/2020\/09\/caixa_economica_federal0505202674.jpg?fit=1170%2C700&resize=700%2C400 2x, https:\/\/i0.wp.com\/cfcontabil.com\/cf\/wp-content\/uploads\/2020\/09\/caixa_economica_federal0505202674.jpg?fit=1170%2C700&resize=1050%2C600 3x"},"classes":[]},{"id":2224,"url":"http:\/\/cfcontabil.com\/cf\/fgts-e-ferias-de-domesticas-o-que-preciso-fazer-no-esocial\/","url_meta":{"origin":2215,"position":4},"title":"FGTS e F\u00e9rias de Dom\u00e9sticas: O que preciso fazer no eSocial?","author":"Ab\u00edlio Gon\u00e7alves","date":"5 de abril de 2020","format":false,"excerpt":"A MP 927\/2020 permite a todos os empregadores suspender o recolhimento de FGTS at\u00e9 maio. A MP 927\/2020 permitiu a suspens\u00e3o de recolhimento do Fundo de Garantia por Tempo de Servi\u00e7o,\u00a0FGTS,\u00a0por parte dos empregadores. Com a medida, fica suspensa a obrigatoriedade do recolhimento referente aos per\u00edodos de mar\u00e7o, abril e\u2026","rel":"","context":"Em &quot;Departamento Pessoal&quot;","block_context":{"text":"Departamento Pessoal","link":"http:\/\/cfcontabil.com\/cf\/category\/dp\/"},"img":{"alt_text":"","src":"https:\/\/i0.wp.com\/cfcontabil.com\/cf\/wp-content\/uploads\/2020\/04\/mp927.jpeg?fit=768%2C423&resize=350%2C200","width":350,"height":200,"srcset":"https:\/\/i0.wp.com\/cfcontabil.com\/cf\/wp-content\/uploads\/2020\/04\/mp927.jpeg?fit=768%2C423&resize=350%2C200 1x, https:\/\/i0.wp.com\/cfcontabil.com\/cf\/wp-content\/uploads\/2020\/04\/mp927.jpeg?fit=768%2C423&resize=525%2C300 1.5x, https:\/\/i0.wp.com\/cfcontabil.com\/cf\/wp-content\/uploads\/2020\/04\/mp927.jpeg?fit=768%2C423&resize=700%2C400 2x"},"classes":[]},{"id":2352,"url":"http:\/\/cfcontabil.com\/cf\/governo-ainda-nao-definiu-como-sera-o-13o-de-quem-teve-corte-salarial\/","url_meta":{"origin":2215,"position":5},"title":"Governo ainda n\u00e3o definiu como ser\u00e1 o 13\u00ba de quem teve corte salarial","author":"Ab\u00edlio Gon\u00e7alves","date":"30 de outubro de 2020","format":false,"excerpt":"Empres\u00e1rios acreditam que benef\u00edcio deve ser menor para os trabalhadores que fizeram acordos de redu\u00e7\u00e3o salarial, mas querem aval do governo. Apesar da data de pagamento do 13\u00ba sal\u00e1rio estar chegando, o governo federal ainda n\u00e3o definiu como deve ser feito o c\u00e1lculo do benef\u00edcio de quem teve o sal\u00e1rio\u2026","rel":"","context":"Em \"Benef\u00edcio\"","block_context":{"text":"Benef\u00edcio","link":"http:\/\/cfcontabil.com\/cf\/tag\/beneficio\/"},"img":{"alt_text":"","src":"https:\/\/i0.wp.com\/cfcontabil.com\/cf\/wp-content\/uploads\/2020\/03\/dinheiro-caneta.jpg?fit=600%2C310&resize=350%2C200","width":350,"height":200,"srcset":"https:\/\/i0.wp.com\/cfcontabil.com\/cf\/wp-content\/uploads\/2020\/03\/dinheiro-caneta.jpg?fit=600%2C310&resize=350%2C200 1x, https:\/\/i0.wp.com\/cfcontabil.com\/cf\/wp-content\/uploads\/2020\/03\/dinheiro-caneta.jpg?fit=600%2C310&resize=525%2C300 1.5x"},"classes":[]}],"jetpack_likes_enabled":true,"_links":{"self":[{"href":"http:\/\/cfcontabil.com\/cf\/wp-json\/wp\/v2\/posts\/2215","targetHints":{"allow":["GET"]}}],"collection":[{"href":"http:\/\/cfcontabil.com\/cf\/wp-json\/wp\/v2\/posts"}],"about":[{"href":"http:\/\/cfcontabil.com\/cf\/wp-json\/wp\/v2\/types\/post"}],"author":[{"embeddable":true,"href":"http:\/\/cfcontabil.com\/cf\/wp-json\/wp\/v2\/users\/1"}],"replies":[{"embeddable":true,"href":"http:\/\/cfcontabil.com\/cf\/wp-json\/wp\/v2\/comments?post=2215"}],"version-history":[{"count":2,"href":"http:\/\/cfcontabil.com\/cf\/wp-json\/wp\/v2\/posts\/2215\/revisions"}],"predecessor-version":[{"id":2218,"href":"http:\/\/cfcontabil.com\/cf\/wp-json\/wp\/v2\/posts\/2215\/revisions\/2218"}],"wp:featuredmedia":[{"embeddable":true,"href":"http:\/\/cfcontabil.com\/cf\/wp-json\/wp\/v2\/media\/2216"}],"wp:attachment":[{"href":"http:\/\/cfcontabil.com\/cf\/wp-json\/wp\/v2\/media?parent=2215"}],"wp:term":[{"taxonomy":"category","embeddable":true,"href":"http:\/\/cfcontabil.com\/cf\/wp-json\/wp\/v2\/categories?post=2215"},{"taxonomy":"post_tag","embeddable":true,"href":"http:\/\/cfcontabil.com\/cf\/wp-json\/wp\/v2\/tags?post=2215"}],"curies":[{"name":"wp","href":"https:\/\/api.w.org\/{rel}","templated":true}]}}