{"id":2221,"date":"2020-04-04T22:31:14","date_gmt":"2020-04-05T01:31:14","guid":{"rendered":"http:\/\/cfcontabil.com\/cf\/?p=2221"},"modified":"2020-04-04T15:41:13","modified_gmt":"2020-04-04T18:41:13","slug":"alem-da-prorrogacao-do-prazo-de-entrega-irpf-tem-mais-alteracoes","status":"publish","type":"post","link":"http:\/\/cfcontabil.com\/cf\/alem-da-prorrogacao-do-prazo-de-entrega-irpf-tem-mais-alteracoes\/","title":{"rendered":"Al\u00e9m da prorroga\u00e7\u00e3o do prazo de entrega, IRPF tem mais altera\u00e7\u00f5es"},"content":{"rendered":"<p>Anunciada pelo Secret\u00e1rio Especial da Receita Federal, Jos\u00e9 Tostes Neto, na \u00faltima quarta-feira (01\/04), a prorroga\u00e7\u00e3o para <em>30 de junho<\/em> do prazo de entrega da declara\u00e7\u00e3o do\u00a0Imposto de Renda\u00a0Pessoa F\u00edsica (IRPF) n\u00e3o foi a \u00fanica novidade sobre o tema.<\/p>\n<p>A Instru\u00e7\u00e3o Normativa RFB n. 930, publicada no Di\u00e1rio Oficial da Uni\u00e3o nesta quinta-feira (02\/04) tamb\u00e9m volta atr\u00e1s na obrigatoriedade da inser\u00e7\u00e3o do recibo de entrega da \u00faltima\u00a0declara\u00e7\u00e3o\u00a0para contribuintes com rendimentos superiores a R$200 mil.<\/p>\n<p><em>\u201cEssa obrigatoriedade era uma das novidades para a declara\u00e7\u00e3o deste ano. Muitos contribuintes n\u00e3o guardam esta numera\u00e7\u00e3o e recorrem ao atendimento presencial da Receita. Diante da situa\u00e7\u00e3o de atendimento reduzido devido \u00e0 pandemia da\u00a0COVID-19, \u00e9 compreens\u00edvel que tenha voltado atr\u00e1s\u201d<\/em>, explica o presidente do Conselho Regional de Contabilidade do Rio de Janeiro, Samir Nehme.<\/p>\n<p><a href=\"https:\/\/i0.wp.com\/cfcontabil.com\/cf\/wp-content\/uploads\/2020\/03\/IRPF-CELULAR-NOT.jpg\"><img data-recalc-dims=\"1\" fetchpriority=\"high\" decoding=\"async\" data-attachment-id=\"2138\" data-permalink=\"http:\/\/cfcontabil.com\/cf\/mais-de-16-mi-de-contribuintes-ja-entregaram-declaracao-do-ir\/imposto-de-renda-201declaracao-irpf-2019\/\" data-orig-file=\"https:\/\/i0.wp.com\/cfcontabil.com\/cf\/wp-content\/uploads\/2020\/03\/IRPF-CELULAR-NOT.jpg?fit=1170%2C700\" data-orig-size=\"1170,700\" data-comments-opened=\"1\" data-image-meta=\"{&quot;aperture&quot;:&quot;2.8&quot;,&quot;credit&quot;:&quot;Marcello Casal JrAg\\u00eancia Brasil&quot;,&quot;camera&quot;:&quot;Canon EOS-1D X&quot;,&quot;caption&quot;:&quot;IMPOSTO DE RENDA 201,Declara\\u00e7\\u00e3o IRPF 2019&quot;,&quot;created_timestamp&quot;:&quot;1553196338&quot;,&quot;copyright&quot;:&quot;Ag\\u00eancia Brasil\/EBC&quot;,&quot;focal_length&quot;:&quot;70&quot;,&quot;iso&quot;:&quot;500&quot;,&quot;shutter_speed&quot;:&quot;0.02&quot;,&quot;title&quot;:&quot;IMPOSTO DE RENDA 201,Declara\\u00e7\\u00e3o IRPF 2019&quot;,&quot;orientation&quot;:&quot;1&quot;}\" data-image-title=\"IMPOSTO DE RENDA 201,Declara\u00e7\u00e3o IRPF 2019\" data-image-description=\"\" data-image-caption=\"&lt;p&gt;IMPOSTO DE RENDA 201,Declara\u00e7\u00e3o IRPF 2019&lt;\/p&gt;\n\" data-large-file=\"https:\/\/i0.wp.com\/cfcontabil.com\/cf\/wp-content\/uploads\/2020\/03\/IRPF-CELULAR-NOT.jpg?fit=1024%2C613\" class=\"size-full wp-image-2138\" src=\"https:\/\/i0.wp.com\/cfcontabil.com\/cf\/wp-content\/uploads\/2020\/03\/IRPF-CELULAR-NOT.jpg?resize=1170%2C700\" alt=\"\" width=\"1170\" height=\"700\" srcset=\"https:\/\/i0.wp.com\/cfcontabil.com\/cf\/wp-content\/uploads\/2020\/03\/IRPF-CELULAR-NOT.jpg?w=1170 1170w, https:\/\/i0.wp.com\/cfcontabil.com\/cf\/wp-content\/uploads\/2020\/03\/IRPF-CELULAR-NOT.jpg?resize=300%2C179 300w, https:\/\/i0.wp.com\/cfcontabil.com\/cf\/wp-content\/uploads\/2020\/03\/IRPF-CELULAR-NOT.jpg?resize=1024%2C613 1024w, https:\/\/i0.wp.com\/cfcontabil.com\/cf\/wp-content\/uploads\/2020\/03\/IRPF-CELULAR-NOT.jpg?resize=768%2C459 768w, https:\/\/i0.wp.com\/cfcontabil.com\/cf\/wp-content\/uploads\/2020\/03\/IRPF-CELULAR-NOT.jpg?resize=770%2C461 770w, https:\/\/i0.wp.com\/cfcontabil.com\/cf\/wp-content\/uploads\/2020\/03\/IRPF-CELULAR-NOT.jpg?resize=370%2C221 370w\" sizes=\"(max-width: 1170px) 100vw, 1170px\" \/><\/a><\/p>\n<p>Para Samir, a prorroga\u00e7\u00e3o do prazo de entrega representa um benef\u00edcio para os profissionais da contabilidade e os contribuintes. <em>\u201cNeste momento, os profissionais cont\u00e1beis est\u00e3o sendo extremamente demandados por seus clientes com orienta\u00e7\u00f5es trabalhistas e de financiamentos. A prorroga\u00e7\u00e3o permite que fa\u00e7amos uma Declara\u00e7\u00e3o com mais calma e coloca em seguran\u00e7a, tamb\u00e9m, o contribuinte, principalmente os idosos, que n\u00e3o precisar\u00e3o se expor a riscos desnecess\u00e1rios para a entrega de documentos\u201d<\/em>, afirma.<\/p>\n<p>\u00c9 importante ressaltar, no entanto, que aqueles que desejarem se antecipar poder\u00e3o permanecer fazendo a entrega. Inclusive, a Receita j\u00e1 recebeu mais de oito milh\u00f5es de\u00a0Declara\u00e7\u00f5es.<\/p>\n<p>Se mant\u00e9m a novidade sobre a antecipa\u00e7\u00e3o\u00a0 da restitui\u00e7\u00e3o, anunciada para 2020, no in\u00edcio do pagamento em maio, e em cinco lotes. A regra m\u00e1xima \u00e9 quem recebe primeiro aquele que entrega primeiro.<\/p>\n<p>J\u00e1 os prazos de pagamento das quotas foram alterados: at\u00e9 10 de junho para a quota \u00fanica ou primeira quota, e entre 11 e 30 de junho a partir da segunda quota.<\/p>\n","protected":false},"excerpt":{"rendered":"<p>Anunciada pelo Secret\u00e1rio Especial da Receita Federal, Jos\u00e9 Tostes Neto, na \u00faltima quarta-feira (01\/04), a prorroga\u00e7\u00e3o para 30 de junho do prazo de entrega da declara\u00e7\u00e3o do\u00a0Imposto de Renda\u00a0Pessoa F\u00edsica (IRPF) n\u00e3o foi a \u00fanica novidade sobre o tema. A Instru\u00e7\u00e3o Normativa RFB n. 930, publicada no Di\u00e1rio Oficial da Uni\u00e3o nesta quinta-feira (02\/04) tamb\u00e9m [&hellip;]<\/p>\n","protected":false},"author":1,"featured_media":2193,"comment_status":"open","ping_status":"open","sticky":false,"template":"","format":"standard","meta":{"jetpack_post_was_ever_published":false,"_jetpack_newsletter_access":"","_jetpack_dont_email_post_to_subs":false,"_jetpack_newsletter_tier_id":0,"_jetpack_memberships_contains_paywalled_content":false,"_jetpack_memberships_contains_paid_content":false,"footnotes":"","jetpack_publicize_message":"","jetpack_publicize_feature_enabled":true,"jetpack_social_post_already_shared":true,"jetpack_social_options":{"image_generator_settings":{"template":"highway","default_image_id":0,"font":"","enabled":false},"version":2}},"categories":[46],"tags":[107,108,115,110,111],"class_list":["post-2221","post","type-post","status-publish","format-standard","has-post-thumbnail","hentry","category-df","tag-fisica","tag-imposto","tag-irpf","tag-pessoa","tag-renda"],"jetpack_publicize_connections":[],"jetpack_featured_media_url":"https:\/\/i0.wp.com\/cfcontabil.com\/cf\/wp-content\/uploads\/2020\/03\/dinheiro-caneta.jpg?fit=600%2C310","jetpack_sharing_enabled":true,"jetpack_shortlink":"https:\/\/wp.me\/p2wklX-zP","jetpack-related-posts":[{"id":2305,"url":"http:\/\/cfcontabil.com\/cf\/receita-federal-ja-recebeu-mais-de-14-milhoes-de-declaracoes-do-irpf-2020\/","url_meta":{"origin":2221,"position":0},"title":"Receita Federal j\u00e1 recebeu mais de 14 milh\u00f5es de declara\u00e7\u00f5es do IRPF 2020","author":"Ab\u00edlio Gon\u00e7alves","date":"14 de maio de 2020","format":false,"excerpt":"O prazo de entrega foi prorrogado para at\u00e9 30 de junho. At\u00e9 \u00e0s 11h de ontem (13\/05) 14.000.701 declara\u00e7\u00f5es foram recebidas pelos sistemas da Receita Federal. De acordo com o supervisor nacional do IR, auditor-fiscal Joaquim Adir, a expectativa \u00e9 de que 32 milh\u00f5es de contribuintes entreguem declara\u00e7\u00e3o neste ano.\u2026","rel":"","context":"Em &quot;Departamento Fiscal&quot;","block_context":{"text":"Departamento Fiscal","link":"http:\/\/cfcontabil.com\/cf\/category\/df\/"},"img":{"alt_text":"","src":"https:\/\/i0.wp.com\/cfcontabil.com\/cf\/wp-content\/uploads\/2020\/03\/IRPF-CELULAR-NOT.jpg?fit=1170%2C700&resize=350%2C200","width":350,"height":200,"srcset":"https:\/\/i0.wp.com\/cfcontabil.com\/cf\/wp-content\/uploads\/2020\/03\/IRPF-CELULAR-NOT.jpg?fit=1170%2C700&resize=350%2C200 1x, https:\/\/i0.wp.com\/cfcontabil.com\/cf\/wp-content\/uploads\/2020\/03\/IRPF-CELULAR-NOT.jpg?fit=1170%2C700&resize=525%2C300 1.5x, https:\/\/i0.wp.com\/cfcontabil.com\/cf\/wp-content\/uploads\/2020\/03\/IRPF-CELULAR-NOT.jpg?fit=1170%2C700&resize=700%2C400 2x, https:\/\/i0.wp.com\/cfcontabil.com\/cf\/wp-content\/uploads\/2020\/03\/IRPF-CELULAR-NOT.jpg?fit=1170%2C700&resize=1050%2C600 3x"},"classes":[]},{"id":1224,"url":"http:\/\/cfcontabil.com\/cf\/confira-as-regras-da-declaracao-do-irpf-2017\/","url_meta":{"origin":2221,"position":1},"title":"Confira as regras da Declara\u00e7\u00e3o do IRPF 2017","author":"Ab\u00edlio Gon\u00e7alves","date":"23 de fevereiro de 2017","format":false,"excerpt":"O prazo de entrega vai de 2 de mar\u00e7o a 28 de abril de 2017 Na manh\u00e3 de hoje (22\/2), a Receita Federal anunciou em coletiva de imprensa as principais novidades e regras do Imposto de Renda das Pessoas F\u00edsicas para este ano. Entre as inova\u00e7\u00f5es est\u00e1 a atualiza\u00e7\u00e3o autom\u00e1tica\u2026","rel":"","context":"Em &quot;Departamento Fiscal&quot;","block_context":{"text":"Departamento Fiscal","link":"http:\/\/cfcontabil.com\/cf\/category\/df\/"},"img":{"alt_text":"","src":"","width":0,"height":0},"classes":[]},{"id":2137,"url":"http:\/\/cfcontabil.com\/cf\/mais-de-16-mi-de-contribuintes-ja-entregaram-declaracao-do-ir\/","url_meta":{"origin":2221,"position":2},"title":"Mais de 1,6 mi de contribuintes j\u00e1 entregaram declara\u00e7\u00e3o do IR","author":"Ab\u00edlio Gon\u00e7alves","date":"6 de mar\u00e7o de 2020","format":false,"excerpt":"Receita Federal espera receber 32 milh\u00f5es de declara\u00e7\u00f5es em 2020 No quarto dia de entrega da declara\u00e7\u00e3o do Imposto de Renda Pessoa F\u00edsica (IRPF) 2020, pouco mais de 1,6 milh\u00e3o de contribuintes acertaram as contas com o Le\u00e3o. Esse \u00e9 o n\u00famero de documentos enviados desde a \u00faltima\u00a0segunda-feira (2) at\u00e9\u2026","rel":"","context":"Em &quot;Departamento Fiscal&quot;","block_context":{"text":"Departamento Fiscal","link":"http:\/\/cfcontabil.com\/cf\/category\/df\/"},"img":{"alt_text":"","src":"https:\/\/i0.wp.com\/cfcontabil.com\/cf\/wp-content\/uploads\/2020\/03\/IRPF-CELULAR-NOT.jpg?fit=1170%2C700&resize=350%2C200","width":350,"height":200,"srcset":"https:\/\/i0.wp.com\/cfcontabil.com\/cf\/wp-content\/uploads\/2020\/03\/IRPF-CELULAR-NOT.jpg?fit=1170%2C700&resize=350%2C200 1x, https:\/\/i0.wp.com\/cfcontabil.com\/cf\/wp-content\/uploads\/2020\/03\/IRPF-CELULAR-NOT.jpg?fit=1170%2C700&resize=525%2C300 1.5x, https:\/\/i0.wp.com\/cfcontabil.com\/cf\/wp-content\/uploads\/2020\/03\/IRPF-CELULAR-NOT.jpg?fit=1170%2C700&resize=700%2C400 2x, https:\/\/i0.wp.com\/cfcontabil.com\/cf\/wp-content\/uploads\/2020\/03\/IRPF-CELULAR-NOT.jpg?fit=1170%2C700&resize=1050%2C600 3x"},"classes":[]},{"id":2748,"url":"http:\/\/cfcontabil.com\/cf\/imposto-de-renda-2022-prepare-seus-documentos-esta-semana\/","url_meta":{"origin":2221,"position":3},"title":"Imposto de Renda 2022: prepare seus documentos esta semana!","author":"Ab\u00edlio Gon\u00e7alves","date":"23 de fevereiro de 2022","format":false,"excerpt":"Separe seus documentos para fazer a declara\u00e7\u00e3o a partir de 2 de mar\u00e7o.","rel":"","context":"Em &quot;Imposto de Renda&quot;","block_context":{"text":"Imposto de Renda","link":"http:\/\/cfcontabil.com\/cf\/category\/imposto-de-renda\/"},"img":{"alt_text":"","src":"https:\/\/i0.wp.com\/cfcontabil.com\/cf\/wp-content\/uploads\/2022\/02\/Banner-na-imposto-de-renda-Miniatura-do-YouTube.png?fit=1200%2C675&resize=350%2C200","width":350,"height":200,"srcset":"https:\/\/i0.wp.com\/cfcontabil.com\/cf\/wp-content\/uploads\/2022\/02\/Banner-na-imposto-de-renda-Miniatura-do-YouTube.png?fit=1200%2C675&resize=350%2C200 1x, https:\/\/i0.wp.com\/cfcontabil.com\/cf\/wp-content\/uploads\/2022\/02\/Banner-na-imposto-de-renda-Miniatura-do-YouTube.png?fit=1200%2C675&resize=525%2C300 1.5x, https:\/\/i0.wp.com\/cfcontabil.com\/cf\/wp-content\/uploads\/2022\/02\/Banner-na-imposto-de-renda-Miniatura-do-YouTube.png?fit=1200%2C675&resize=700%2C400 2x, https:\/\/i0.wp.com\/cfcontabil.com\/cf\/wp-content\/uploads\/2022\/02\/Banner-na-imposto-de-renda-Miniatura-do-YouTube.png?fit=1200%2C675&resize=1050%2C600 3x"},"classes":[]},{"id":2112,"url":"http:\/\/cfcontabil.com\/cf\/contribuintes-podem-baixar-programa-do-imposto-de-renda-2020-nesta-quinta-feira-20\/","url_meta":{"origin":2221,"position":4},"title":"Contribuintes podem baixar programa do Imposto de Renda 2020 nesta quinta-feira (20)","author":"Ab\u00edlio Gon\u00e7alves","date":"20 de fevereiro de 2020","format":false,"excerpt":"Receita Federal espera receber 32 milh\u00f5es de declara\u00e7\u00f5es de pessoas f\u00edsicas https:\/\/www.youtube.com\/watch?v=UpwbSoIuHaA&feature=youtu.be Contribuinte que atrasar a entrega do IRPF 2020 pagar\u00e1 multa de 1% sobre o imposto devido ao m\u00eas. O valor m\u00ednimo \u00e9 de R$ 165,74. - Foto: Secom\/PR Apartir das 8h desta quinta-feira (20), contribuintes poder\u00e3o baixar o\u2026","rel":"","context":"Em &quot;Departamento Fiscal&quot;","block_context":{"text":"Departamento Fiscal","link":"http:\/\/cfcontabil.com\/cf\/category\/df\/"},"img":{"alt_text":"","src":"https:\/\/i0.wp.com\/cfcontabil.com\/cf\/wp-content\/uploads\/2020\/02\/IRPF-regras-youtube.jpeg?fit=1200%2C675&resize=350%2C200","width":350,"height":200,"srcset":"https:\/\/i0.wp.com\/cfcontabil.com\/cf\/wp-content\/uploads\/2020\/02\/IRPF-regras-youtube.jpeg?fit=1200%2C675&resize=350%2C200 1x, https:\/\/i0.wp.com\/cfcontabil.com\/cf\/wp-content\/uploads\/2020\/02\/IRPF-regras-youtube.jpeg?fit=1200%2C675&resize=525%2C300 1.5x, https:\/\/i0.wp.com\/cfcontabil.com\/cf\/wp-content\/uploads\/2020\/02\/IRPF-regras-youtube.jpeg?fit=1200%2C675&resize=700%2C400 2x, https:\/\/i0.wp.com\/cfcontabil.com\/cf\/wp-content\/uploads\/2020\/02\/IRPF-regras-youtube.jpeg?fit=1200%2C675&resize=1050%2C600 3x"},"classes":[]},{"id":1075,"url":"http:\/\/cfcontabil.com\/cf\/receita-federal-lanca-video-do-imposto-de-renda-2017\/","url_meta":{"origin":2221,"position":5},"title":"Receita Federal lan\u00e7a v\u00eddeo do Imposto de Renda 2017","author":"Ab\u00edlio Gon\u00e7alves","date":"21 de mar\u00e7o de 2017","format":false,"excerpt":"A TV Receita acaba de lan\u00e7ar v\u00eddeo em anima\u00e7\u00e3o para a divulga\u00e7\u00e3o do IRPF 2017. As imagens apresentam as novidades da declara\u00e7\u00e3o deste ano, al\u00e9m de enfatizar de forma l\u00fadica e simplificada os pontos b\u00e1sicos da declara\u00e7\u00e3o de imposto de renda pessoa f\u00edsica. Com bom humor e de forma descontra\u00edda,\u2026","rel":"","context":"Em &quot;Departamento Fiscal&quot;","block_context":{"text":"Departamento Fiscal","link":"http:\/\/cfcontabil.com\/cf\/category\/df\/"},"img":{"alt_text":"","src":"https:\/\/i0.wp.com\/cfcontabil.com\/cf\/wp-content\/uploads\/2017\/02\/irpf2017-1.png?fit=490%2C247&resize=350%2C200","width":350,"height":200},"classes":[]}],"jetpack_likes_enabled":true,"_links":{"self":[{"href":"http:\/\/cfcontabil.com\/cf\/wp-json\/wp\/v2\/posts\/2221","targetHints":{"allow":["GET"]}}],"collection":[{"href":"http:\/\/cfcontabil.com\/cf\/wp-json\/wp\/v2\/posts"}],"about":[{"href":"http:\/\/cfcontabil.com\/cf\/wp-json\/wp\/v2\/types\/post"}],"author":[{"embeddable":true,"href":"http:\/\/cfcontabil.com\/cf\/wp-json\/wp\/v2\/users\/1"}],"replies":[{"embeddable":true,"href":"http:\/\/cfcontabil.com\/cf\/wp-json\/wp\/v2\/comments?post=2221"}],"version-history":[{"count":1,"href":"http:\/\/cfcontabil.com\/cf\/wp-json\/wp\/v2\/posts\/2221\/revisions"}],"predecessor-version":[{"id":2222,"href":"http:\/\/cfcontabil.com\/cf\/wp-json\/wp\/v2\/posts\/2221\/revisions\/2222"}],"wp:featuredmedia":[{"embeddable":true,"href":"http:\/\/cfcontabil.com\/cf\/wp-json\/wp\/v2\/media\/2193"}],"wp:attachment":[{"href":"http:\/\/cfcontabil.com\/cf\/wp-json\/wp\/v2\/media?parent=2221"}],"wp:term":[{"taxonomy":"category","embeddable":true,"href":"http:\/\/cfcontabil.com\/cf\/wp-json\/wp\/v2\/categories?post=2221"},{"taxonomy":"post_tag","embeddable":true,"href":"http:\/\/cfcontabil.com\/cf\/wp-json\/wp\/v2\/tags?post=2221"}],"curies":[{"name":"wp","href":"https:\/\/api.w.org\/{rel}","templated":true}]}}