{"id":2232,"date":"2020-04-04T17:28:47","date_gmt":"2020-04-04T20:28:47","guid":{"rendered":"http:\/\/cfcontabil.com\/cf\/?p=2232"},"modified":"2020-04-04T17:28:47","modified_gmt":"2020-04-04T20:28:47","slug":"gdf-atualiza-sistema-de-imposto-sobre-heranca","status":"publish","type":"post","link":"http:\/\/cfcontabil.com\/cf\/gdf-atualiza-sistema-de-imposto-sobre-heranca\/","title":{"rendered":"GDF atualiza sistema de imposto sobre heran\u00e7a"},"content":{"rendered":"<p>C\u00e1lculo e emiss\u00e3o do imposto vencido tamb\u00e9m passa a ser feito pela internet<\/p>\n<p><a href=\"https:\/\/i0.wp.com\/cfcontabil.com\/cf\/wp-content\/uploads\/2020\/04\/heranca_dinheiro_casa.jpg\"><img data-recalc-dims=\"1\" fetchpriority=\"high\" decoding=\"async\" data-attachment-id=\"2233\" data-permalink=\"http:\/\/cfcontabil.com\/cf\/gdf-atualiza-sistema-de-imposto-sobre-heranca\/heranca_dinheiro_casa\/\" data-orig-file=\"https:\/\/i0.wp.com\/cfcontabil.com\/cf\/wp-content\/uploads\/2020\/04\/heranca_dinheiro_casa.jpg?fit=750%2C360\" data-orig-size=\"750,360\" data-comments-opened=\"1\" data-image-meta=\"{&quot;aperture&quot;:&quot;0&quot;,&quot;credit&quot;:&quot;&quot;,&quot;camera&quot;:&quot;&quot;,&quot;caption&quot;:&quot;&quot;,&quot;created_timestamp&quot;:&quot;0&quot;,&quot;copyright&quot;:&quot;&quot;,&quot;focal_length&quot;:&quot;0&quot;,&quot;iso&quot;:&quot;0&quot;,&quot;shutter_speed&quot;:&quot;0&quot;,&quot;title&quot;:&quot;&quot;,&quot;orientation&quot;:&quot;0&quot;}\" data-image-title=\"heranca_dinheiro_casa\" data-image-description=\"\" data-image-caption=\"\" data-large-file=\"https:\/\/i0.wp.com\/cfcontabil.com\/cf\/wp-content\/uploads\/2020\/04\/heranca_dinheiro_casa.jpg?fit=750%2C360\" class=\"aligncenter size-full wp-image-2233\" src=\"https:\/\/i0.wp.com\/cfcontabil.com\/cf\/wp-content\/uploads\/2020\/04\/heranca_dinheiro_casa.jpg?resize=750%2C360\" alt=\"\" width=\"750\" height=\"360\" srcset=\"https:\/\/i0.wp.com\/cfcontabil.com\/cf\/wp-content\/uploads\/2020\/04\/heranca_dinheiro_casa.jpg?w=750 750w, https:\/\/i0.wp.com\/cfcontabil.com\/cf\/wp-content\/uploads\/2020\/04\/heranca_dinheiro_casa.jpg?resize=300%2C144 300w, https:\/\/i0.wp.com\/cfcontabil.com\/cf\/wp-content\/uploads\/2020\/04\/heranca_dinheiro_casa.jpg?resize=370%2C178 370w\" sizes=\"(max-width: 750px) 100vw, 750px\" \/><\/a><\/p>\n<p>A Secretaria de Economia (SEEC) disponibilizou no portal da Receita do DF uma nova vers\u00e3o do sistema que calcula o Imposto sobre Transmiss\u00e3o Causa Mortis e Doa\u00e7\u00e3o de Quaisquer Bens ou Direitos (ITCD) \u2013 ou imposto sobre heran\u00e7a, como tamb\u00e9m \u00e9 conhecido. Com a atualiza\u00e7\u00e3o, a ferramenta on-line passa a permitir que o contribuinte emita o imposto nas hip\u00f3teses em que ele esteja vencido. O pr\u00f3prio sistema calcular\u00e1 o valor do imposto devidamente atualizado e com os acr\u00e9scimos legais.<\/p>\n<p>Outra novidade \u00e9 que a partir de 30 de maio de 2020 ser\u00e1 poss\u00edvel enviar as declara\u00e7\u00f5es relativas aos processos de div\u00f3rcios e separa\u00e7\u00f5es. Com as mudan\u00e7as implementadas, a SEEC acredita que 80% dos c\u00e1lculos do ITCD ser\u00e3o realizados pela internet.<\/p>\n<p>Desde que a Secretaria de Economia lan\u00e7ou o sistema da Declara\u00e7\u00e3o Eletr\u00f4nica do ITCD (DEITCD), o contribuinte pode emitir o boleto de pagamento pela internet. Para isso, basta acessar o portal\u00a0<a href=\"http:\/\/www.receita.fazenda.df.gov.br\/\" target=\"_blank\" rel=\"noopener noreferrer\">www.receita.fazenda.df.gov.br<\/a>\u00a0e preencher a declara\u00e7\u00e3o eletr\u00f4nica. Ap\u00f3s isso, um sistema calcula automaticamente o valor do imposto e gera o boleto.<\/p>\n<p>Essa modalidade foi disponibilizada em maio de 2019 para proporcionar agilidade e comodidade aos contribuintes.\u00a0 A partir de ent\u00e3o, o cidad\u00e3o n\u00e3o precisa mais se dirigir a uma ag\u00eancia da Receita, abrir um processo e aguardar sua tramita\u00e7\u00e3o, o que poderia levar at\u00e9 90 dias.<\/p>\n<p>De acordo com o \u00faltimo levantamento, de 31 de mar\u00e7o de 2020, os contribuintes j\u00e1 enviaram um total de 928 declara\u00e7\u00f5es por meio dessa declara\u00e7\u00e3o. Isso representou uma arrecada\u00e7\u00e3o de aproximadamente R$ 12,5 milh\u00f5es aos cofres p\u00fablicos.<\/p>\n<p>A Secretaria de Economia estima que a nova funcionalidade de apura\u00e7\u00e3o do imposto vencido proporcione uma redu\u00e7\u00e3o mensal de 200 processos encaminhados aos auditores-fiscais da Receita do DF para c\u00e1lculo do imposto de forma convencional \u2013 feita com o envio de documentos no atendimento virtual do site da Receita.<\/p>\n<p>Por essa modalidade, a documenta\u00e7\u00e3o \u00e9 conferida pelos auditores manualmente e o c\u00e1lculo n\u00e3o \u00e9 autom\u00e1tico. J\u00e1 em rela\u00e7\u00e3o aos casos de div\u00f3rcios e separa\u00e7\u00f5es, a redu\u00e7\u00e3o esperada \u00e9 de 60 declara\u00e7\u00f5es mensais.<\/p>\n<p>O sistema da Deitcd pode ser acessado na \u00e1rea restrita do link \u201cServi\u00e7os On-Line\u201d constante do site da Receita do Distrito Federal (<a href=\"http:\/\/www.receita.fazenda.df.gov.br\/\" target=\"_blank\" rel=\"noopener noreferrer\">www.receita.fazenda.df.gov.br<\/a>&lt;<a href=\"http:\/\/www.receita.fazenda.df.gov.br\/\" target=\"_blank\" rel=\"noopener noreferrer\">http:\/\/www.receita.fazenda.df.gov.br\/<\/a>&gt;) e as instru\u00e7\u00f5es de preenchimento poder\u00e3o ser encontradas na op\u00e7\u00e3o \u201cCidad\u00e3o\u201d, na aba \u201cInvent\u00e1rio \/ Separa\u00e7\u00e3o \/ Div\u00f3rcio \/ Dissolu\u00e7\u00e3o de Uni\u00e3o Est\u00e1vel&lt;<a href=\"https:\/\/www.receita.fazenda.df.gov.br\/\" target=\"_blank\" rel=\"noopener noreferrer\">https:\/\/www.receita.fazenda.df.gov.br\/<\/a>&gt;\u201d, no link \u201cInvent\u00e1rio \u2013 ITCD.\u201d<\/p>\n<p>&nbsp;<\/p>\n<p><strong>Prazo de atendimento<\/strong><\/p>\n<p>\u2013\u00a0 Deitcd on-line: imediato<\/p>\n<p>\u2013\u00a0 Atendimento virtual com preenchimento de formul\u00e1rios: at\u00e9 90 dias<\/p>\n<hr \/>\n<p><strong>Sobre o Imposto<br \/>\n<\/strong>O ITCD, mais conhecido como imposto de heran\u00e7a e doa\u00e7\u00e3o, \u00e9 um tributo que incide sobre a doa\u00e7\u00e3o ou sobre a transmiss\u00e3o heredit\u00e1ria ou testament\u00e1ria de bens m\u00f3veis, inclusive semoventes, t\u00edtulos e cr\u00e9ditos, e direitos a eles relativos ou bens im\u00f3veis situados em territ\u00f3rio do Estado.<\/p>\n<p>O valor do imposto \u00e9 calculado sobre o valor venal (de venda) da transmiss\u00e3o de quaisquer bens ou direitos havidos por sucess\u00e3o leg\u00edtima ou testament\u00e1ria, inclusive por sucess\u00e3o decorrente de morte presumida e por sucess\u00e3o provis\u00f3ria, nos termos da lei civil; ou por doa\u00e7\u00e3o.<\/p>\n<hr \/>\n<p><strong>Quem deve pagar o ITCD?<\/strong><\/p>\n<p>\u2013 O herdeiro ou legat\u00e1rio nas transmiss\u00f5es causa mortis<\/p>\n<p>\u2013 O benefici\u00e1rio, na hip\u00f3tese de ren\u00fancia ou desist\u00eancia de heran\u00e7a, legado ou usufruto<\/p>\n<p>\u2013 O donat\u00e1rio nas doa\u00e7\u00f5es<\/p>\n<hr \/>\n<p>*\u00a0<i>Com informa\u00e7\u00f5es da Secretaria de Economia\u00a0<\/i><\/p>\n<p>Fonte: Ag\u00eancia Bras\u00edlia<\/p>\n","protected":false},"excerpt":{"rendered":"<p>C\u00e1lculo e emiss\u00e3o do imposto vencido tamb\u00e9m passa a ser feito pela internet A Secretaria de Economia (SEEC) disponibilizou no portal da Receita do DF uma nova vers\u00e3o do sistema que calcula o Imposto sobre Transmiss\u00e3o Causa Mortis e Doa\u00e7\u00e3o de Quaisquer Bens ou Direitos (ITCD) \u2013 ou imposto sobre heran\u00e7a, como tamb\u00e9m \u00e9 conhecido. [&hellip;]<\/p>\n","protected":false},"author":1,"featured_media":2234,"comment_status":"open","ping_status":"open","sticky":false,"template":"","format":"standard","meta":{"jetpack_post_was_ever_published":false,"_jetpack_newsletter_access":"","_jetpack_dont_email_post_to_subs":false,"_jetpack_newsletter_tier_id":0,"_jetpack_memberships_contains_paywalled_content":false,"_jetpack_memberships_contains_paid_content":false,"footnotes":"","jetpack_publicize_message":"","jetpack_publicize_feature_enabled":true,"jetpack_social_post_already_shared":true,"jetpack_social_options":{"image_generator_settings":{"template":"highway","default_image_id":0,"font":"","enabled":false},"version":2}},"categories":[46],"tags":[218,94,469,455,775,108,776],"class_list":["post-2232","post","type-post","status-publish","format-standard","has-post-thumbnail","hentry","category-df","tag-bens","tag-calculo","tag-direitos","tag-doacao","tag-heranca","tag-imposto","tag-itcd"],"jetpack_publicize_connections":[],"jetpack_featured_media_url":"https:\/\/i0.wp.com\/cfcontabil.com\/cf\/wp-content\/uploads\/2020\/04\/testamento_heranca.jpeg?fit=600%2C361","jetpack_sharing_enabled":true,"jetpack_shortlink":"https:\/\/wp.me\/p2wklX-A0","jetpack-related-posts":[{"id":1859,"url":"http:\/\/cfcontabil.com\/cf\/df-igrejas-serao-cadastradas-para-ter-isencao-de-impostos\/","url_meta":{"origin":2232,"position":0},"title":"DF: igrejas ser\u00e3o cadastradas para ter isen\u00e7\u00e3o de impostos","author":"Ab\u00edlio Gon\u00e7alves","date":"7 de novembro de 2019","format":false,"excerpt":"Governo criou o Cadastro de Templo Religiosos (CTR) a fim de regularizar a concess\u00e3o de imunidade tribut\u00e1ria a entidades de Bras\u00edlia IGO ESTRELA\/METR\u00d3POLES Governo do Distrito Federal (GDF) criou o Cadastro dos\u00a0Templos Religiosos\u00a0(CTR). Institui\u00e7\u00f5es listadas ter\u00e3o o direito de imunidade de impostos automaticamente garantido. Ou seja, n\u00e3o pagar\u00e3o mais tributos.\u2026","rel":"","context":"Em &quot;Geral&quot;","block_context":{"text":"Geral","link":"http:\/\/cfcontabil.com\/cf\/category\/geral\/"},"img":{"alt_text":"","src":"https:\/\/i0.wp.com\/cfcontabil.com\/cf\/wp-content\/uploads\/2019\/11\/igreja.jpg?fit=847%2C362&resize=350%2C200","width":350,"height":200,"srcset":"https:\/\/i0.wp.com\/cfcontabil.com\/cf\/wp-content\/uploads\/2019\/11\/igreja.jpg?fit=847%2C362&resize=350%2C200 1x, https:\/\/i0.wp.com\/cfcontabil.com\/cf\/wp-content\/uploads\/2019\/11\/igreja.jpg?fit=847%2C362&resize=525%2C300 1.5x, https:\/\/i0.wp.com\/cfcontabil.com\/cf\/wp-content\/uploads\/2019\/11\/igreja.jpg?fit=847%2C362&resize=700%2C400 2x"},"classes":[]},{"id":1234,"url":"http:\/\/cfcontabil.com\/cf\/contribuintes-devem-estar-atentos-aos-termos-do-ir\/","url_meta":{"origin":2232,"position":1},"title":"Contribuintes devem estar atentos aos termos do IR","author":"Ab\u00edlio Gon\u00e7alves","date":"8 de mar\u00e7o de 2017","format":false,"excerpt":"Na retifica\u00e7\u00e3o \u00e9 poss\u00edvel corrigir erros da declara\u00e7\u00e3o enviada Na hora de preencher a declara\u00e7\u00e3o de Imposto de Renda, a quantidade de termos cont\u00e1beis pode confundir quem deve informar os rendimentos \u00e0 Receita Federal. \u00c9 preciso estar atento a esses conceitos para evitar erros e multas por inconsist\u00eancias. Confira alguns\u2026","rel":"","context":"Em &quot;Departamento Fiscal&quot;","block_context":{"text":"Departamento Fiscal","link":"http:\/\/cfcontabil.com\/cf\/category\/df\/"},"img":{"alt_text":"","src":"https:\/\/i0.wp.com\/cfcontabil.com\/cf\/wp-content\/uploads\/2017\/03\/ir-2016-declaracao-retificadora_615x300.png?resize=350%2C200","width":350,"height":200,"srcset":"https:\/\/i0.wp.com\/cfcontabil.com\/cf\/wp-content\/uploads\/2017\/03\/ir-2016-declaracao-retificadora_615x300.png?resize=350%2C200 1x, https:\/\/i0.wp.com\/cfcontabil.com\/cf\/wp-content\/uploads\/2017\/03\/ir-2016-declaracao-retificadora_615x300.png?resize=525%2C300 1.5x"},"classes":[]},{"id":2264,"url":"http:\/\/cfcontabil.com\/cf\/df-tera-refis-mais-eficaz-de-sua-historia\/","url_meta":{"origin":2232,"position":2},"title":"DF ter\u00e1 Refis mais eficaz de sua hist\u00f3ria","author":"Ab\u00edlio Gon\u00e7alves","date":"13 de abril de 2020","format":false,"excerpt":"Secret\u00e1rio de Economia explica que novo programa tem redu\u00e7\u00f5es significativas de al\u00edquotas e pode gerar economia de R$ 823,2 milh\u00f5es \u00e0s empresas Manter a economia nos eixos \u00e9 uma das prioridades do Governo do Distrito Federal. Principalmente em momentos de crise, como \u00e9 o caso das incertezas geradas pela pandemia\u2026","rel":"","context":"Em \"Ativa\"","block_context":{"text":"Ativa","link":"http:\/\/cfcontabil.com\/cf\/tag\/ativa\/"},"img":{"alt_text":"","src":"https:\/\/i0.wp.com\/cfcontabil.com\/cf\/wp-content\/uploads\/2020\/04\/REFIS-DF.jpg?fit=512%2C287&resize=350%2C200","width":350,"height":200},"classes":[]},{"id":2962,"url":"http:\/\/cfcontabil.com\/cf\/o-abc-dos-impostos-imobiliarios-tudo-sobre-iptu-itbi-itcmd-e-mais\/","url_meta":{"origin":2232,"position":3},"title":"O ABC dos Impostos Imobili\u00e1rios: Tudo Sobre IPTU, ITBI, ITCMD e Mais","author":"Ab\u00edlio Gon\u00e7alves","date":"7 de mar\u00e7o de 2024","format":false,"excerpt":"Se voc\u00ea \u00e9 como a maioria das pessoas, pensar em impostos pode ser uma dor de cabe\u00e7a. Mas quando se trata do mundo dos im\u00f3veis, entender os impostos \u00e9 essencial para evitar surpresas desagrad\u00e1veis e garantir que voc\u00ea esteja em conformidade com a lei. Por isso, hoje vamos desvendar os\u2026","rel":"","context":"Em &quot;Geral&quot;","block_context":{"text":"Geral","link":"http:\/\/cfcontabil.com\/cf\/category\/geral\/"},"img":{"alt_text":"","src":"https:\/\/i0.wp.com\/cfcontabil.com\/cf\/wp-content\/uploads\/2024\/03\/capa-impostos-imoveis-cfcontabil.png?fit=1200%2C675&resize=350%2C200","width":350,"height":200,"srcset":"https:\/\/i0.wp.com\/cfcontabil.com\/cf\/wp-content\/uploads\/2024\/03\/capa-impostos-imoveis-cfcontabil.png?fit=1200%2C675&resize=350%2C200 1x, https:\/\/i0.wp.com\/cfcontabil.com\/cf\/wp-content\/uploads\/2024\/03\/capa-impostos-imoveis-cfcontabil.png?fit=1200%2C675&resize=525%2C300 1.5x, https:\/\/i0.wp.com\/cfcontabil.com\/cf\/wp-content\/uploads\/2024\/03\/capa-impostos-imoveis-cfcontabil.png?fit=1200%2C675&resize=700%2C400 2x, https:\/\/i0.wp.com\/cfcontabil.com\/cf\/wp-content\/uploads\/2024\/03\/capa-impostos-imoveis-cfcontabil.png?fit=1200%2C675&resize=1050%2C600 3x"},"classes":[]},{"id":338,"url":"http:\/\/cfcontabil.com\/cf\/parcelamento-tributario-recuperadf\/","url_meta":{"origin":2232,"position":4},"title":"Parcelamento Tribut\u00e1rio \u2013 RECUPERA\/DF","author":"Vin\u00edcius Moizinho","date":"16 de abril de 2013","format":false,"excerpt":"A C\u00e2mara Legislativa do Distrito Federal decretou e o Governador do Distrito Federal sancionou a Lei n\u00ba 5.096, de 10\/04\/2013, que instituiu o Recupera\/DF, novo programa de parcelamento tribut\u00e1rio\u00a0que vai ajudar os empres\u00e1rios e pessoas f\u00edsicas a sanar d\u00e9bitos contra\u00eddos com o GDF at\u00e9 31 de dezembro de 2011. Pela\u2026","rel":"","context":"Em &quot;Contabilidade em geral&quot;","block_context":{"text":"Contabilidade em geral","link":"http:\/\/cfcontabil.com\/cf\/category\/contabilidade-2\/"},"img":{"alt_text":"Governo do Distritp Federal","src":"https:\/\/i0.wp.com\/www.fernandovasconcelos.com\/wp-content\/uploads\/2012\/08\/Logomarca-do-GDF.jpg?resize=350%2C200","width":350,"height":200},"classes":[]},{"id":1129,"url":"http:\/\/cfcontabil.com\/cf\/projeto-autoriza-deducao-no-imposto-de-renda-de-doacoes-para-escolas\/","url_meta":{"origin":2232,"position":5},"title":"Projeto autoriza dedu\u00e7\u00e3o no Imposto de Renda de doa\u00e7\u00f5es para escolas","author":"Ab\u00edlio Gon\u00e7alves","date":"18 de abril de 2017","format":false,"excerpt":"Est\u00e1 pronto para ser votado na Comiss\u00e3o de Constitui\u00e7\u00e3o, Justi\u00e7a e Cidadania (CCJ) o projeto de lei (PLS 198\/2013) que cria o Programa Nacional de Incentivo \u00e0 Educa\u00e7\u00e3o Escolar B\u00e1sica Gratuita (Pronie). O projeto autoriza a dedu\u00e7\u00e3o no Imposto de Renda, por pessoas f\u00edsicas e Jur\u00eddicas, de doa\u00e7\u00f5es feitas para\u2026","rel":"","context":"Em &quot;Departamento Fiscal&quot;","block_context":{"text":"Departamento Fiscal","link":"http:\/\/cfcontabil.com\/cf\/category\/df\/"},"img":{"alt_text":"","src":"https:\/\/i0.wp.com\/cfcontabil.com\/cf\/wp-content\/uploads\/2017\/04\/educa%C3%A7%C3%A3o-1.jpg?fit=1200%2C700&resize=350%2C200","width":350,"height":200,"srcset":"https:\/\/i0.wp.com\/cfcontabil.com\/cf\/wp-content\/uploads\/2017\/04\/educa%C3%A7%C3%A3o-1.jpg?fit=1200%2C700&resize=350%2C200 1x, https:\/\/i0.wp.com\/cfcontabil.com\/cf\/wp-content\/uploads\/2017\/04\/educa%C3%A7%C3%A3o-1.jpg?fit=1200%2C700&resize=525%2C300 1.5x, https:\/\/i0.wp.com\/cfcontabil.com\/cf\/wp-content\/uploads\/2017\/04\/educa%C3%A7%C3%A3o-1.jpg?fit=1200%2C700&resize=700%2C400 2x, https:\/\/i0.wp.com\/cfcontabil.com\/cf\/wp-content\/uploads\/2017\/04\/educa%C3%A7%C3%A3o-1.jpg?fit=1200%2C700&resize=1050%2C600 3x"},"classes":[]}],"jetpack_likes_enabled":true,"_links":{"self":[{"href":"http:\/\/cfcontabil.com\/cf\/wp-json\/wp\/v2\/posts\/2232","targetHints":{"allow":["GET"]}}],"collection":[{"href":"http:\/\/cfcontabil.com\/cf\/wp-json\/wp\/v2\/posts"}],"about":[{"href":"http:\/\/cfcontabil.com\/cf\/wp-json\/wp\/v2\/types\/post"}],"author":[{"embeddable":true,"href":"http:\/\/cfcontabil.com\/cf\/wp-json\/wp\/v2\/users\/1"}],"replies":[{"embeddable":true,"href":"http:\/\/cfcontabil.com\/cf\/wp-json\/wp\/v2\/comments?post=2232"}],"version-history":[{"count":1,"href":"http:\/\/cfcontabil.com\/cf\/wp-json\/wp\/v2\/posts\/2232\/revisions"}],"predecessor-version":[{"id":2235,"href":"http:\/\/cfcontabil.com\/cf\/wp-json\/wp\/v2\/posts\/2232\/revisions\/2235"}],"wp:featuredmedia":[{"embeddable":true,"href":"http:\/\/cfcontabil.com\/cf\/wp-json\/wp\/v2\/media\/2234"}],"wp:attachment":[{"href":"http:\/\/cfcontabil.com\/cf\/wp-json\/wp\/v2\/media?parent=2232"}],"wp:term":[{"taxonomy":"category","embeddable":true,"href":"http:\/\/cfcontabil.com\/cf\/wp-json\/wp\/v2\/categories?post=2232"},{"taxonomy":"post_tag","embeddable":true,"href":"http:\/\/cfcontabil.com\/cf\/wp-json\/wp\/v2\/tags?post=2232"}],"curies":[{"name":"wp","href":"https:\/\/api.w.org\/{rel}","templated":true}]}}