{"id":2236,"date":"2020-04-06T14:10:57","date_gmt":"2020-04-06T17:10:57","guid":{"rendered":"http:\/\/cfcontabil.com\/cf\/?p=2236"},"modified":"2020-04-06T14:10:57","modified_gmt":"2020-04-06T17:10:57","slug":"como-os-donos-de-negocio-podem-proteger-seus-colaboradores-do-covid-19","status":"publish","type":"post","link":"http:\/\/cfcontabil.com\/cf\/como-os-donos-de-negocio-podem-proteger-seus-colaboradores-do-covid-19\/","title":{"rendered":"Como os donos de neg\u00f3cio podem proteger seus colaboradores do Covid-19"},"content":{"rendered":"<p>Confira dicas para implementar na sua empresa medidas que v\u00e3o evitar o adoecimento de seus funcion\u00e1rios e tamb\u00e9m impedir que crise do coronav\u00edrus se agrave.<\/p>\n<p><a href=\"https:\/\/i0.wp.com\/cfcontabil.com\/cf\/wp-content\/uploads\/2020\/04\/lavarasmaos.png\"><img data-recalc-dims=\"1\" fetchpriority=\"high\" decoding=\"async\" data-attachment-id=\"2240\" data-permalink=\"http:\/\/cfcontabil.com\/cf\/como-os-donos-de-negocio-podem-proteger-seus-colaboradores-do-covid-19\/lavarasmaos\/\" data-orig-file=\"https:\/\/i0.wp.com\/cfcontabil.com\/cf\/wp-content\/uploads\/2020\/04\/lavarasmaos.png?fit=512%2C297\" data-orig-size=\"512,297\" data-comments-opened=\"1\" data-image-meta=\"{&quot;aperture&quot;:&quot;0&quot;,&quot;credit&quot;:&quot;&quot;,&quot;camera&quot;:&quot;&quot;,&quot;caption&quot;:&quot;&quot;,&quot;created_timestamp&quot;:&quot;0&quot;,&quot;copyright&quot;:&quot;&quot;,&quot;focal_length&quot;:&quot;0&quot;,&quot;iso&quot;:&quot;0&quot;,&quot;shutter_speed&quot;:&quot;0&quot;,&quot;title&quot;:&quot;&quot;,&quot;orientation&quot;:&quot;0&quot;}\" data-image-title=\"lavarasmaos\" data-image-description=\"\" data-image-caption=\"\" data-large-file=\"https:\/\/i0.wp.com\/cfcontabil.com\/cf\/wp-content\/uploads\/2020\/04\/lavarasmaos.png?fit=512%2C297\" class=\"aligncenter size-full wp-image-2240\" src=\"https:\/\/i0.wp.com\/cfcontabil.com\/cf\/wp-content\/uploads\/2020\/04\/lavarasmaos.png?resize=512%2C297\" alt=\"\" width=\"512\" height=\"297\" srcset=\"https:\/\/i0.wp.com\/cfcontabil.com\/cf\/wp-content\/uploads\/2020\/04\/lavarasmaos.png?w=512 512w, https:\/\/i0.wp.com\/cfcontabil.com\/cf\/wp-content\/uploads\/2020\/04\/lavarasmaos.png?resize=300%2C174 300w, https:\/\/i0.wp.com\/cfcontabil.com\/cf\/wp-content\/uploads\/2020\/04\/lavarasmaos.png?resize=370%2C215 370w\" sizes=\"(max-width: 512px) 100vw, 512px\" \/><\/a><\/p>\n<p>O alastramento do coronav\u00edrus\u00a0<strong>acertou em cheio a rotina dos donos de neg\u00f3cios<\/strong>\u00a0e seus colaboradores. Por conta da epidemia, muitas empresas passaram a adotar a pr\u00e1tica do\u00a0<strong>home office<\/strong>\u00a0ou\u00a0<strong>liberaram seus funcion\u00e1rios<\/strong>. E mesmo o\u00a0<a href=\"http:\/\/www.planalto.gov.br\/ccivil_03\/_ato2019-2022\/2020\/lei\/L13979.htm\" target=\"_blank\" rel=\"noopener noreferrer\">Governo Federal sancionou uma lei<\/a>\u00a0que regulamenta medidas a serem tomadas para enfrentar este caso de emerg\u00eancia.<\/p>\n<p>Mas e as empresas que continuam em pleno funcionamento,\u00a0<strong>como<\/strong>\u00a0podem\u00a0<strong>proteger seus colaboradores<\/strong>\u00a0e tamb\u00e9m reduzir a transmiss\u00e3o da doen\u00e7a?<\/p>\n<p>Estabelecimentos comerciais como padarias, mercados e farm\u00e1cias, al\u00e9m dos restaurantes que continuam com a produ\u00e7\u00e3o para atender os clientes por meio do delivery, devem adotar\u00a0<strong>iniciativas pr\u00f3prias<\/strong>\u00a0a fim de\u00a0<strong>reduzir os riscos<\/strong>\u00a0de cont\u00e1gio dos empregados, estabelecendo normas de sa\u00fade, higiene e seguran\u00e7a.<\/p>\n<p>E para voc\u00ea saber como pode implementar essas medidas no seu neg\u00f3cio, criamos algumas\u00a0<strong>dicas<\/strong>.\u00a0<strong>Confira<\/strong>\u00a0e mantenha a sociedade segura e saud\u00e1vel!<\/p>\n<div><\/div>\n<div><\/div>\n<h3 id=\"h3-66aee55858311710VgnVCM1000004c00210a____\">Proteja seus funcion\u00e1rios<\/h3>\n<p>1. Se algu\u00e9m da sua equipe\u00a0<strong>apresentar os sintomas do coronav\u00edrus<\/strong>, pe\u00e7a para que ele\u00a0<strong>fique em casa<\/strong>\u00a0e n\u00e3o trabalhe at\u00e9 estar livre de qualquer sinal da doen\u00e7a, por pelo menos 24 horas, sem uso de medicamento para redu\u00e7\u00e3o de febre.<\/p>\n<p>2. Se um\u00a0<strong>funcion\u00e1rio<\/strong>\u00a0for\u00a0<strong>infectado<\/strong>\u00a0pelo novo coronav\u00edrus,\u00a0<strong>informe \u00e0 equipe<\/strong>\u00a0sobre a exposi\u00e7\u00e3o \u00e0 doen\u00e7a no ambiente de trabalho e preserve a identidade da pessoa diagnosticada com o Covid-19.<\/p>\n<p>3. N\u00e3o obrigue seus funcion\u00e1rios a entregar\u00a0<strong>atestado m\u00e9dico<\/strong>\u00a0se apresentarem sintomas da doen\u00e7a, j\u00e1 que os postos de sa\u00fade e hospitais v\u00e3o estar sobrecarregados. Al\u00e9m disso, \u00e9 importante manter a pessoa em casa para n\u00e3o espalhar ainda mais o v\u00edrus.<\/p>\n<p>4. Entenda que muitos de seus funcion\u00e1rios podem precisar ficar em casa para\u00a0<strong>cuidar de familiares doentes e crian\u00e7as<\/strong>. Adote uma postura compreens\u00edvel para esses casos e veja a melhor maneira de contornar a situa\u00e7\u00e3o.<\/p>\n<p>5. Adote uma\u00a0<strong>pol\u00edtica de licen\u00e7a<\/strong>\u00a0que se ad\u00e9que \u00e0s recomenda\u00e7\u00f5es do Minist\u00e9rio da Sa\u00fade e outros \u00f3rg\u00e3os especializados no assunto e deixe claro para a sua equipe quais diretrizes a empresa segue.<\/p>\n<div><\/div>\n<div><\/div>\n<h3 id=\"h3-76aee55858311710VgnVCM1000004c00210a____\">Cuidados na empresa<\/h3>\n<p>1. Estabele\u00e7a um\u00a0<strong>canal de comunica\u00e7\u00e3o<\/strong>\u00a0<strong>direto<\/strong>\u00a0com sua equipe. Voc\u00ea pode usar o mural da empresa e outros pontos estrat\u00e9gicos para passar as principais informa\u00e7\u00f5es sobre como evitar a transmiss\u00e3o da doen\u00e7a no ambiente de trabalho.<\/p>\n<p>2. Disponibilize\u00a0<strong>len\u00e7os e lixeiras<\/strong>\u00a0para seu descarte. Escolha recipientes que n\u00e3o necessitem de acionamento por meio do toque.<\/p>\n<p>3. Mostre aos seus funcion\u00e1rios a import\u00e2ncia de\u00a0<strong>lavar as m\u00e3os<\/strong>\u00a0com frequ\u00eancia e ensine a maneira correta de fazer isso. Al\u00e9m disso, espalhe\u00a0<strong>\u00e1lcool em gel<\/strong>\u00a0para higieniza\u00e7\u00e3o das m\u00e3os por toda a empresa.<\/p>\n<p>4.\u00a0<strong>Limpe<\/strong>\u00a0todas as\u00a0<strong>superf\u00edcies<\/strong>\u00a0usadas no ambiente de trabalho, principalmente bancadas, ma\u00e7anetas, corrim\u00f5es e outras de uso mais frequente. Voc\u00ea pode manter a utiliza\u00e7\u00e3o dos produtos de limpeza habituais, seguindo as instru\u00e7\u00f5es de uso de cada um deles.<\/p>\n<p>5. Forne\u00e7a\u00a0<strong>toalhinhas descart\u00e1veis<\/strong>\u00a0para que as superf\u00edcies mais usadas possam ser limpas pelos colaboradores antes de cada uso.<\/p>\n<p>Fonte: Sebrae<\/p>\n","protected":false},"excerpt":{"rendered":"<p>Confira dicas para implementar na sua empresa medidas que v\u00e3o evitar o adoecimento de seus funcion\u00e1rios e tamb\u00e9m impedir que crise do coronav\u00edrus se agrave. O alastramento do coronav\u00edrus\u00a0acertou em cheio a rotina dos donos de neg\u00f3cios\u00a0e seus colaboradores. Por conta da epidemia, muitas empresas passaram a adotar a pr\u00e1tica do\u00a0home office\u00a0ou\u00a0liberaram seus funcion\u00e1rios. E [&hellip;]<\/p>\n","protected":false},"author":1,"featured_media":2237,"comment_status":"open","ping_status":"open","sticky":false,"template":"","format":"standard","meta":{"jetpack_post_was_ever_published":false,"_jetpack_newsletter_access":"","_jetpack_dont_email_post_to_subs":false,"_jetpack_newsletter_tier_id":0,"_jetpack_memberships_contains_paywalled_content":false,"_jetpack_memberships_contains_paid_content":false,"footnotes":"","jetpack_publicize_message":"","jetpack_publicize_feature_enabled":true,"jetpack_social_post_already_shared":true,"jetpack_social_options":{"image_generator_settings":{"template":"highway","default_image_id":0,"font":"","enabled":false},"version":2}},"categories":[22],"tags":[780,777,754,758,779,778,673],"class_list":["post-2236","post","type-post","status-publish","format-standard","has-post-thumbnail","hentry","category-geral","tag-casa","tag-colaboradores","tag-coronavirus","tag-covid19","tag-em","tag-fique","tag-protecao"],"jetpack_publicize_connections":[],"jetpack_featured_media_url":"https:\/\/i0.wp.com\/cfcontabil.com\/cf\/wp-content\/uploads\/2020\/04\/coronavirus-continentes-mundo.jpeg?fit=600%2C381","jetpack_sharing_enabled":true,"jetpack_shortlink":"https:\/\/wp.me\/p2wklX-A4","jetpack-related-posts":[{"id":2158,"url":"http:\/\/cfcontabil.com\/cf\/coronavirus-sebrae-lanca-guia-de-gestao-financeira-para-orientar-pequenos-negocios\/","url_meta":{"origin":2236,"position":0},"title":"Coronav\u00edrus: Sebrae lan\u00e7a Guia de Gest\u00e3o Financeira para orientar pequenos neg\u00f3cios","author":"Ab\u00edlio Gon\u00e7alves","date":"18 de mar\u00e7o de 2020","format":false,"excerpt":"Documento orienta donos de pequenos neg\u00f3cios com recomenda\u00e7\u00f5es preparadas por especialistas. Medidas est\u00e3o alinhadas \u00e0s do Banco Central e Febraban O Guia de Gest\u00e3o Financeira do Sebrae busca apoiar os donos de pequenos neg\u00f3cios nesse momento de instabilidade econ\u00f4mica causada pelos efeitos do novo Coronav\u00edrus. O documento traz orienta\u00e7\u00f5es sobre\u2026","rel":"","context":"Em &quot;Geral&quot;","block_context":{"text":"Geral","link":"http:\/\/cfcontabil.com\/cf\/category\/geral\/"},"img":{"alt_text":"","src":"https:\/\/i0.wp.com\/cfcontabil.com\/cf\/wp-content\/uploads\/2020\/03\/coronavirus_1280x720_00124C00.jpg?fit=810%2C455&resize=350%2C200","width":350,"height":200,"srcset":"https:\/\/i0.wp.com\/cfcontabil.com\/cf\/wp-content\/uploads\/2020\/03\/coronavirus_1280x720_00124C00.jpg?fit=810%2C455&resize=350%2C200 1x, https:\/\/i0.wp.com\/cfcontabil.com\/cf\/wp-content\/uploads\/2020\/03\/coronavirus_1280x720_00124C00.jpg?fit=810%2C455&resize=525%2C300 1.5x, https:\/\/i0.wp.com\/cfcontabil.com\/cf\/wp-content\/uploads\/2020\/03\/coronavirus_1280x720_00124C00.jpg?fit=810%2C455&resize=700%2C400 2x"},"classes":[]},{"id":2316,"url":"http:\/\/cfcontabil.com\/cf\/so-14-dos-pequenos-negocios-ja-conseguiram-credito-na-pandemia-diz-sebrae\/","url_meta":{"origin":2236,"position":1},"title":"S\u00f3 14% dos pequenos neg\u00f3cios j\u00e1 conseguiram cr\u00e9dito na pandemia, diz Sebrae","author":"Ab\u00edlio Gon\u00e7alves","date":"20 de maio de 2020","format":false,"excerpt":"Pesquisa do Sebrae diz que 58% das MPEs que pediram cr\u00e9dito nas \u00faltimas semanas j\u00e1 tiveram o pedido negado. Outros 18% est\u00e3o em an\u00e1lise, sendo que 53% aguardam uma resposta dos bancos h\u00e1 mais de duas semanas O Programa Nacional de Apoio \u00e0s Microempresas e Empresas de Pequeno Porte (Pronampe)\u2026","rel":"","context":"Em \"Cr\u00e9dito\"","block_context":{"text":"Cr\u00e9dito","link":"http:\/\/cfcontabil.com\/cf\/tag\/credito\/"},"img":{"alt_text":"","src":"https:\/\/i0.wp.com\/cfcontabil.com\/cf\/wp-content\/uploads\/2019\/11\/dinheiro-nota-real.jpg?fit=678%2C452&resize=350%2C200","width":350,"height":200,"srcset":"https:\/\/i0.wp.com\/cfcontabil.com\/cf\/wp-content\/uploads\/2019\/11\/dinheiro-nota-real.jpg?fit=678%2C452&resize=350%2C200 1x, https:\/\/i0.wp.com\/cfcontabil.com\/cf\/wp-content\/uploads\/2019\/11\/dinheiro-nota-real.jpg?fit=678%2C452&resize=525%2C300 1.5x"},"classes":[]},{"id":2162,"url":"http:\/\/cfcontabil.com\/cf\/comunidado-importante-covid19-coronavirus\/","url_meta":{"origin":2236,"position":2},"title":"COMUNIDADO IMPORTANTE &#8211; COVID19 (CORONAV\u00cdRUS)","author":"Ab\u00edlio Gon\u00e7alves","date":"19 de mar\u00e7o de 2020","format":false,"excerpt":"Prezados clientes e parceiros. Em decorr\u00eancia da pandemia do COVID19 (coronav\u00edrus) e pensando no bem-estar e sa\u00fade de todos, informamos que estamos priorizando nosso atendimento virtual (n\u00e3o presencial) a fim de evitar a propaga\u00e7\u00e3o do v\u00edrus. Estamos trabalhando internamente de forma remota garantindo o atendimento de todas as solicita\u00e7\u00f5es externas\u2026","rel":"","context":"Em &quot;Geral&quot;","block_context":{"text":"Geral","link":"http:\/\/cfcontabil.com\/cf\/category\/geral\/"},"img":{"alt_text":"","src":"https:\/\/i0.wp.com\/cfcontabil.com\/cf\/wp-content\/uploads\/2020\/03\/WhatsApp-1.jpg?fit=739%2C415&resize=350%2C200","width":350,"height":200,"srcset":"https:\/\/i0.wp.com\/cfcontabil.com\/cf\/wp-content\/uploads\/2020\/03\/WhatsApp-1.jpg?fit=739%2C415&resize=350%2C200 1x, https:\/\/i0.wp.com\/cfcontabil.com\/cf\/wp-content\/uploads\/2020\/03\/WhatsApp-1.jpg?fit=739%2C415&resize=525%2C300 1.5x, https:\/\/i0.wp.com\/cfcontabil.com\/cf\/wp-content\/uploads\/2020\/03\/WhatsApp-1.jpg?fit=739%2C415&resize=700%2C400 2x"},"classes":[]},{"id":2200,"url":"http:\/\/cfcontabil.com\/cf\/governo-anuncia-r-40-bi-para-financiar-salario-do-trabalhador-de-pequenas-e-medias-empresas\/","url_meta":{"origin":2236,"position":3},"title":"Governo anuncia R$ 40 bi para financiar sal\u00e1rio do trabalhador de pequenas e m\u00e9dias empresas","author":"Ab\u00edlio Gon\u00e7alves","date":"27 de mar\u00e7o de 2020","format":false,"excerpt":"Empr\u00e9stimo cobrir\u00e1 dois meses de folha e ser\u00e1 limitado a dois sal\u00e1rios m\u00ednimos por funcion\u00e1rio, informou o presidente do BC. Empresas n\u00e3o poder\u00e3o demitir no per\u00edodo. O governo federal anunciou nesta sexta-feira (27) uma linha de cr\u00e9dito emergencial para pequenas e m\u00e9dias empresas e que vai ajud\u00e1-las a pagar os\u2026","rel":"","context":"Em &quot;Departamento Pessoal&quot;","block_context":{"text":"Departamento Pessoal","link":"http:\/\/cfcontabil.com\/cf\/category\/dp\/"},"img":{"alt_text":"","src":"https:\/\/i0.wp.com\/cfcontabil.com\/cf\/wp-content\/uploads\/2019\/11\/salario.jpg?fit=703%2C436&resize=350%2C200","width":350,"height":200,"srcset":"https:\/\/i0.wp.com\/cfcontabil.com\/cf\/wp-content\/uploads\/2019\/11\/salario.jpg?fit=703%2C436&resize=350%2C200 1x, https:\/\/i0.wp.com\/cfcontabil.com\/cf\/wp-content\/uploads\/2019\/11\/salario.jpg?fit=703%2C436&resize=525%2C300 1.5x, https:\/\/i0.wp.com\/cfcontabil.com\/cf\/wp-content\/uploads\/2019\/11\/salario.jpg?fit=703%2C436&resize=700%2C400 2x"},"classes":[]},{"id":2339,"url":"http:\/\/cfcontabil.com\/cf\/lgpd-como-garantir-a-seguranca-dos-dados-no-home-office\/","url_meta":{"origin":2236,"position":4},"title":"LGPD: Como garantir a seguran\u00e7a dos dados no home office?","author":"Ab\u00edlio Gon\u00e7alves","date":"14 de setembro de 2020","format":false,"excerpt":"A san\u00e7\u00e3o da Lei Geral de Prote\u00e7\u00e3o de Dados (LGPD) completou dois anos em 14 de agosto e o Senado votou no \u00faltimo dia 26 de agosto a medida provis\u00f3ria 959\/20, que prop\u00f4s o adiamento da LGPD. Mas, na pr\u00e1tica, a lei ainda n\u00e3o est\u00e1 em vigor e o in\u00edcio\u2026","rel":"","context":"Em &quot;Geral&quot;","block_context":{"text":"Geral","link":"http:\/\/cfcontabil.com\/cf\/category\/geral\/"},"img":{"alt_text":"","src":"https:\/\/i0.wp.com\/cfcontabil.com\/cf\/wp-content\/uploads\/2020\/09\/LGPD-cadeado-1.jpg?fit=870%2C450&resize=350%2C200","width":350,"height":200,"srcset":"https:\/\/i0.wp.com\/cfcontabil.com\/cf\/wp-content\/uploads\/2020\/09\/LGPD-cadeado-1.jpg?fit=870%2C450&resize=350%2C200 1x, https:\/\/i0.wp.com\/cfcontabil.com\/cf\/wp-content\/uploads\/2020\/09\/LGPD-cadeado-1.jpg?fit=870%2C450&resize=525%2C300 1.5x, https:\/\/i0.wp.com\/cfcontabil.com\/cf\/wp-content\/uploads\/2020\/09\/LGPD-cadeado-1.jpg?fit=870%2C450&resize=700%2C400 2x"},"classes":[]},{"id":2392,"url":"http:\/\/cfcontabil.com\/cf\/com-o-fim-de-medida-empresas-retomam-horario-e-salario-integrais\/","url_meta":{"origin":2236,"position":5},"title":"Com o fim de medida, empresas retomam hor\u00e1rio e sal\u00e1rio integrais","author":"Ab\u00edlio Gon\u00e7alves","date":"6 de janeiro de 2021","format":false,"excerpt":"A medida do governo que permitia o corte de sal\u00e1rios e a redu\u00e7\u00e3o da jornada de trabalho, como forma de proteger os empregos no per\u00edodo de pandemia, terminou em 31 de dezembro de 2020. Desde o in\u00edcio do m\u00eas, os empregadores devem retornar com o hor\u00e1rio e pagamento integrais aos\u2026","rel":"","context":"Em &quot;Geral&quot;","block_context":{"text":"Geral","link":"http:\/\/cfcontabil.com\/cf\/category\/geral\/"},"img":{"alt_text":"","src":"https:\/\/i0.wp.com\/cfcontabil.com\/cf\/wp-content\/uploads\/2020\/04\/emprego-4.jpg.pagespeed.ic_.4H7FnGacfP.jpg?fit=1086%2C652&resize=350%2C200","width":350,"height":200,"srcset":"https:\/\/i0.wp.com\/cfcontabil.com\/cf\/wp-content\/uploads\/2020\/04\/emprego-4.jpg.pagespeed.ic_.4H7FnGacfP.jpg?fit=1086%2C652&resize=350%2C200 1x, https:\/\/i0.wp.com\/cfcontabil.com\/cf\/wp-content\/uploads\/2020\/04\/emprego-4.jpg.pagespeed.ic_.4H7FnGacfP.jpg?fit=1086%2C652&resize=525%2C300 1.5x, https:\/\/i0.wp.com\/cfcontabil.com\/cf\/wp-content\/uploads\/2020\/04\/emprego-4.jpg.pagespeed.ic_.4H7FnGacfP.jpg?fit=1086%2C652&resize=700%2C400 2x, https:\/\/i0.wp.com\/cfcontabil.com\/cf\/wp-content\/uploads\/2020\/04\/emprego-4.jpg.pagespeed.ic_.4H7FnGacfP.jpg?fit=1086%2C652&resize=1050%2C600 3x"},"classes":[]}],"jetpack_likes_enabled":true,"_links":{"self":[{"href":"http:\/\/cfcontabil.com\/cf\/wp-json\/wp\/v2\/posts\/2236","targetHints":{"allow":["GET"]}}],"collection":[{"href":"http:\/\/cfcontabil.com\/cf\/wp-json\/wp\/v2\/posts"}],"about":[{"href":"http:\/\/cfcontabil.com\/cf\/wp-json\/wp\/v2\/types\/post"}],"author":[{"embeddable":true,"href":"http:\/\/cfcontabil.com\/cf\/wp-json\/wp\/v2\/users\/1"}],"replies":[{"embeddable":true,"href":"http:\/\/cfcontabil.com\/cf\/wp-json\/wp\/v2\/comments?post=2236"}],"version-history":[{"count":1,"href":"http:\/\/cfcontabil.com\/cf\/wp-json\/wp\/v2\/posts\/2236\/revisions"}],"predecessor-version":[{"id":2241,"href":"http:\/\/cfcontabil.com\/cf\/wp-json\/wp\/v2\/posts\/2236\/revisions\/2241"}],"wp:featuredmedia":[{"embeddable":true,"href":"http:\/\/cfcontabil.com\/cf\/wp-json\/wp\/v2\/media\/2237"}],"wp:attachment":[{"href":"http:\/\/cfcontabil.com\/cf\/wp-json\/wp\/v2\/media?parent=2236"}],"wp:term":[{"taxonomy":"category","embeddable":true,"href":"http:\/\/cfcontabil.com\/cf\/wp-json\/wp\/v2\/categories?post=2236"},{"taxonomy":"post_tag","embeddable":true,"href":"http:\/\/cfcontabil.com\/cf\/wp-json\/wp\/v2\/tags?post=2236"}],"curies":[{"name":"wp","href":"https:\/\/api.w.org\/{rel}","templated":true}]}}