{"id":2252,"date":"2020-04-09T22:24:51","date_gmt":"2020-04-10T01:24:51","guid":{"rendered":"http:\/\/cfcontabil.com\/cf\/?p=2252"},"modified":"2020-04-09T22:24:51","modified_gmt":"2020-04-10T01:24:51","slug":"gdf-libera-abertura-das-lojas-de-moveis-e-de-eletroeletronicos","status":"publish","type":"post","link":"http:\/\/cfcontabil.com\/cf\/gdf-libera-abertura-das-lojas-de-moveis-e-de-eletroeletronicos\/","title":{"rendered":"GDF libera abertura das lojas de m\u00f3veis e de eletroeletr\u00f4nicos"},"content":{"rendered":"<p><a href=\"https:\/\/i0.wp.com\/cfcontabil.com\/cf\/wp-content\/uploads\/2020\/04\/DECRETO-GDF-MOVEIS.jpeg\"><img data-recalc-dims=\"1\" fetchpriority=\"high\" decoding=\"async\" data-attachment-id=\"2253\" data-permalink=\"http:\/\/cfcontabil.com\/cf\/gdf-libera-abertura-das-lojas-de-moveis-e-de-eletroeletronicos\/decreto-gdf-moveis\/\" data-orig-file=\"https:\/\/i0.wp.com\/cfcontabil.com\/cf\/wp-content\/uploads\/2020\/04\/DECRETO-GDF-MOVEIS.jpeg?fit=1080%2C1080\" data-orig-size=\"1080,1080\" data-comments-opened=\"1\" data-image-meta=\"{&quot;aperture&quot;:&quot;0&quot;,&quot;credit&quot;:&quot;&quot;,&quot;camera&quot;:&quot;&quot;,&quot;caption&quot;:&quot;&quot;,&quot;created_timestamp&quot;:&quot;0&quot;,&quot;copyright&quot;:&quot;&quot;,&quot;focal_length&quot;:&quot;0&quot;,&quot;iso&quot;:&quot;0&quot;,&quot;shutter_speed&quot;:&quot;0&quot;,&quot;title&quot;:&quot;&quot;,&quot;orientation&quot;:&quot;0&quot;}\" data-image-title=\"DECRETO GDF MOVEIS\" data-image-description=\"\" data-image-caption=\"\" data-large-file=\"https:\/\/i0.wp.com\/cfcontabil.com\/cf\/wp-content\/uploads\/2020\/04\/DECRETO-GDF-MOVEIS.jpeg?fit=1024%2C1024\" class=\"aligncenter size-full wp-image-2253\" src=\"https:\/\/i0.wp.com\/cfcontabil.com\/cf\/wp-content\/uploads\/2020\/04\/DECRETO-GDF-MOVEIS.jpeg?resize=1080%2C1080\" alt=\"\" width=\"1080\" height=\"1080\" srcset=\"https:\/\/i0.wp.com\/cfcontabil.com\/cf\/wp-content\/uploads\/2020\/04\/DECRETO-GDF-MOVEIS.jpeg?w=1080 1080w, https:\/\/i0.wp.com\/cfcontabil.com\/cf\/wp-content\/uploads\/2020\/04\/DECRETO-GDF-MOVEIS.jpeg?resize=300%2C300 300w, https:\/\/i0.wp.com\/cfcontabil.com\/cf\/wp-content\/uploads\/2020\/04\/DECRETO-GDF-MOVEIS.jpeg?resize=1024%2C1024 1024w, https:\/\/i0.wp.com\/cfcontabil.com\/cf\/wp-content\/uploads\/2020\/04\/DECRETO-GDF-MOVEIS.jpeg?resize=150%2C150 150w, https:\/\/i0.wp.com\/cfcontabil.com\/cf\/wp-content\/uploads\/2020\/04\/DECRETO-GDF-MOVEIS.jpeg?resize=768%2C768 768w, https:\/\/i0.wp.com\/cfcontabil.com\/cf\/wp-content\/uploads\/2020\/04\/DECRETO-GDF-MOVEIS.jpeg?resize=370%2C370 370w, https:\/\/i0.wp.com\/cfcontabil.com\/cf\/wp-content\/uploads\/2020\/04\/DECRETO-GDF-MOVEIS.jpeg?resize=75%2C75 75w, https:\/\/i0.wp.com\/cfcontabil.com\/cf\/wp-content\/uploads\/2020\/04\/DECRETO-GDF-MOVEIS.jpeg?resize=770%2C770 770w\" sizes=\"(max-width: 1080px) 100vw, 1080px\" \/><\/a><\/p>\n<p>Em edi\u00e7\u00e3o extra do Di\u00e1rio Oficial publicada nesta quinta (09\/04), tamb\u00e9m \u00e9 suspensa a quarentena para todo Sistema S, como Sesc e Senai. governador do Distrito Federal, Ibaneis Rocha (MDB), liberou a abertura de lojas de todo o setor moveleiro, da \u00e1rea de eletroeletr\u00f4nicos e de todo o Sistema S \u2013 como Sesc, Senac, Sesi e Senai.<\/p>\n<p>O Decreto n\u00ba 40.612, publicado em edi\u00e7\u00e3o extra na noite desta quinta-feira (09\/04), amplia as \u00e1reas que ficam liberadas da quarentena imposta para enfrentar a pandemia de coronav\u00edrus na capital federal.<\/p>\n<p>J\u00e1 estavam liberadas para abrir as cl\u00ednicas e consult\u00f3rios m\u00e9dicos e odontol\u00f3gicos, cl\u00ednicas veterin\u00e1rias, supermercados, minimercados, mercearias, algumas \u00e1reas aliment\u00edcias de feiras, somente para levar, entre outros.<\/p>\n<p>O isolamento tem sido uma das medidas mais defendidas pelo governador Ibaneis Rocha no combate \u00e0 Covid-19, que j\u00e1 matou 13 pessoas em Bras\u00edlia.<\/p>\n<p>Confira o que fica liberado para abrir a partir desta quinta-feira (09\/04):<\/p>\n<p>Setor moveleiro;<br \/>\nSetor eletroeletr\u00f4nico;<br \/>\nO Sistema S:<br \/>\na) Servi\u00e7o Nacional de Aprendizagem Industrial (Senai);<br \/>\nb) Servi\u00e7o Social do Com\u00e9rcio (Sesc);<br \/>\nc) Servi\u00e7o Social da Ind\u00fastria (Sesi);<br \/>\nd) Servi\u00e7o Nacional de Aprendizagem do Com\u00e9rcio (Senac);<br \/>\ne) Servi\u00e7o Nacional de Aprendizagem Rural (Senar);<br \/>\nf) Servi\u00e7o Nacional de Aprendizagem do Cooperativismo (Sescoop)<br \/>\ng) Servi\u00e7o Social de Transporte (Sest)<br \/>\nh) Servi\u00e7o Brasileiro de Apoio \u00e0s Micro e Pequenas Empresas (Sebrae)<br \/>\ni) Servi\u00e7o Nacional de Aprendizagem do Transporte (Senat)<\/p>\n<p>No entanto, shoppings e com\u00e9rcios continuam fechados at\u00e9 3 de maio, e as escolas com as aulas suspensas at\u00e9 31 de maio.<\/p>\n<p><strong>O que permanece fechado no Distrito Federal?<\/strong><\/p>\n<p>Suspens\u00e3o de eventos que precisem de alvar\u00e1 do GDF;<br \/>\nSuspens\u00e3o das atividades de cinemas e teatros;<br \/>\nFechamento de academias;<br \/>\nMudan\u00e7a no atendimento de \u00f3rg\u00e3os p\u00fablicos;<br \/>\nFechamento de parques, boates, feiras e shoppings;<br \/>\nFechamento de shoppings (exceto farm\u00e1cias, laborat\u00f3rios e cl\u00ednicas)<br \/>\nFechamento de lojas, bares e restaurantes;<br \/>\nFechamento de sal\u00f5es de beleza, barbearias, esmalterias e centros est\u00e9ticos;<br \/>\nSuspens\u00e3o de missas, cultos e celebra\u00e7\u00f5es religiosas;<br \/>\nProibi\u00e7\u00e3o do com\u00e9rcio ambulante em geral.<br \/>\nO que pode abrir?<br \/>\nCl\u00ednicas m\u00e9dicas;<br \/>\nCl\u00ednicas odontol\u00f3gicas e veterin\u00e1rias (em casos de emerg\u00eancia);<br \/>\nLaborat\u00f3rios;<br \/>\nFarm\u00e1cias;<br \/>\nFuner\u00e1rias e servi\u00e7os relacionados;<br \/>\nPet shops (caso tenham veterin\u00e1rios, vendam rem\u00e9dios ou produtos sanit\u00e1rios para animais);<br \/>\nPostos de combust\u00edveis;<br \/>\nSupermercados;<br \/>\nMinimercados, mercearias e afins;<br \/>\nCom\u00e9rcio estabelecido de produtos naturais, bem como de suplementos e f\u00f3rmulas alimentares, sem consumo no local;<br \/>\nCom\u00e9rcio estabelecido varejista e atacadista de hortifrutigranjeiros;<br \/>\nLojas de materiais de constru\u00e7\u00e3o e produtos para casa;<br \/>\nPadarias;<br \/>\nF\u00e1bricas e lojas de bolos caseiros e p\u00e3es;<br \/>\nAtacadistas;<br \/>\nPeixarias;<br \/>\nOpera\u00e7\u00f5es de delivery;<br \/>\nOficinas mec\u00e2nicas, exceto de lanternagem e pintura;<br \/>\nConcession\u00e1rias de ve\u00edculos;<br \/>\nEstandes de compra e venda de im\u00f3veis;<br \/>\nBorracharias;<br \/>\nAgropecu\u00e1rias (com venda de insumos, medicamentos e produto veterin\u00e1rios);<br \/>\nServi\u00e7o de tele-entrega em feiras permanentes e\/ou populares;<br \/>\nEmpresas de constru\u00e7\u00e3o civil (sem atendimento ao p\u00fablico);<br \/>\nLot\u00e9ricas;<br \/>\nLojas de conveni\u00eancia em postos (sem consumo no local);<br \/>\nEmpresas de tecnologia, exceto lojas de equipamentos e suprimentos de inform\u00e1tica;<br \/>\nLavanderias (exclusivamente no sistema de entrega em domic\u00edlio);<br \/>\nFloriculturas (exclusivamente no sistema de entrega em domic\u00edlio);<br \/>\nEmpresas do segmento de controle de vetores e pragas urbanas;<br \/>\nConstru\u00e7\u00e3o civil.<\/p>\n<p>FONTE: GDF<\/p>\n","protected":false},"excerpt":{"rendered":"<p>Em edi\u00e7\u00e3o extra do Di\u00e1rio Oficial publicada nesta quinta (09\/04), tamb\u00e9m \u00e9 suspensa a quarentena para todo Sistema S, como Sesc e Senai. governador do Distrito Federal, Ibaneis Rocha (MDB), liberou a abertura de lojas de todo o setor moveleiro, da \u00e1rea de eletroeletr\u00f4nicos e de todo o Sistema S \u2013 como Sesc, Senac, Sesi [&hellip;]<\/p>\n","protected":false},"author":1,"featured_media":2254,"comment_status":"open","ping_status":"open","sticky":false,"template":"","format":"standard","meta":{"jetpack_post_was_ever_published":false,"_jetpack_newsletter_access":"","_jetpack_dont_email_post_to_subs":false,"_jetpack_newsletter_tier_id":0,"_jetpack_memberships_contains_paywalled_content":false,"_jetpack_memberships_contains_paid_content":false,"footnotes":"","jetpack_publicize_message":"","jetpack_publicize_feature_enabled":true,"jetpack_social_post_already_shared":true,"jetpack_social_options":{"image_generator_settings":{"template":"highway","default_image_id":0,"font":"","enabled":false},"version":2}},"categories":[22],"tags":[754,758,431,709],"class_list":["post-2252","post","type-post","status-publish","format-standard","has-post-thumbnail","hentry","category-geral","tag-coronavirus","tag-covid19","tag-decreto","tag-df"],"jetpack_publicize_connections":[],"jetpack_featured_media_url":"https:\/\/i0.wp.com\/cfcontabil.com\/cf\/wp-content\/uploads\/2020\/04\/loja-de-moveis.jpg?fit=813%2C425","jetpack_sharing_enabled":true,"jetpack_shortlink":"https:\/\/wp.me\/p2wklX-Ak","jetpack-related-posts":[{"id":2267,"url":"http:\/\/cfcontabil.com\/cf\/coronavirus-governo-libera-o-funcionamento-de-oticas-no-df\/","url_meta":{"origin":2252,"position":0},"title":"Coronav\u00edrus: governo libera o funcionamento de \u00f3ticas no DF","author":"Ab\u00edlio Gon\u00e7alves","date":"15 de abril de 2020","format":false,"excerpt":"Decreto que permite a abertura das lojas foi publicado em edi\u00e7\u00e3o extra do Di\u00e1rio Oficial dessa ter\u00e7a-feira (14\/04) O Governo do Distrito Federal (GDF)\u00a0liberou a abertura de \u00f3ticas durante o per\u00edodo de restri\u00e7\u00f5es ao com\u00e9rcio decorrentes da\u00a0pandemia do novo coronav\u00edrus. A medida foi publicada em edi\u00e7\u00e3o extra do Di\u00e1rio Oficial\u2026","rel":"","context":"Em &quot;Geral&quot;","block_context":{"text":"Geral","link":"http:\/\/cfcontabil.com\/cf\/category\/geral\/"},"img":{"alt_text":"","src":"https:\/\/i0.wp.com\/cfcontabil.com\/cf\/wp-content\/uploads\/2020\/04\/otica-960x640-1.jpg?fit=960%2C640&resize=350%2C200","width":350,"height":200,"srcset":"https:\/\/i0.wp.com\/cfcontabil.com\/cf\/wp-content\/uploads\/2020\/04\/otica-960x640-1.jpg?fit=960%2C640&resize=350%2C200 1x, https:\/\/i0.wp.com\/cfcontabil.com\/cf\/wp-content\/uploads\/2020\/04\/otica-960x640-1.jpg?fit=960%2C640&resize=525%2C300 1.5x, https:\/\/i0.wp.com\/cfcontabil.com\/cf\/wp-content\/uploads\/2020\/04\/otica-960x640-1.jpg?fit=960%2C640&resize=700%2C400 2x"},"classes":[]},{"id":2279,"url":"http:\/\/cfcontabil.com\/cf\/coronavirus-gdf-permite-abertura-de-armarinhos-e-lojas-de-tecido\/","url_meta":{"origin":2252,"position":1},"title":"Coronav\u00edrus: GDF permite abertura de armarinhos e lojas de tecido","author":"Ab\u00edlio Gon\u00e7alves","date":"25 de abril de 2020","format":false,"excerpt":"\u00d3ticas, lojas de todo o setor moveleiro e da \u00e1rea de eletrodom\u00e9sticos j\u00e1 haviam sido autorizadas a funcionar em decreto anterior Governo do Distrito Federal (GDF) liberou a abertura de lojas de tecido e armarinhos durante o per\u00edodo de restri\u00e7\u00f5es ao com\u00e9rcio decorrentes da pandemia do\u00a0novo coronav\u00edrus. Decreto assinado pelo\u2026","rel":"","context":"Em &quot;Geral&quot;","block_context":{"text":"Geral","link":"http:\/\/cfcontabil.com\/cf\/category\/geral\/"},"img":{"alt_text":"","src":"https:\/\/i0.wp.com\/cfcontabil.com\/cf\/wp-content\/uploads\/2020\/04\/loja_tecidos.jpg?fit=460%2C242&resize=350%2C200","width":350,"height":200},"classes":[]},{"id":2203,"url":"http:\/\/cfcontabil.com\/cf\/governo-amplia-isolamento-social-ate-3-de-maio\/","url_meta":{"origin":2252,"position":2},"title":"Governo amplia isolamento social at\u00e9 3 de maio","author":"Ab\u00edlio Gon\u00e7alves","date":"1 de abril de 2020","format":false,"excerpt":"O decreto 40.583 permite com\u00e9rcio de alimentos em feiras e funcionamento de cl\u00ednicas m\u00e9dicas. Aulas em escolas e faculdades s\u00f3 em junho. O decreto vale a partir de hoje com exce\u00e7\u00e3o das feiras que come\u00e7ar\u00e3o a funcionar no dia 6 O isolamento social no Distrito Federal ser\u00e1 prorrogado at\u00e9 o\u2026","rel":"","context":"Em &quot;Geral&quot;","block_context":{"text":"Geral","link":"http:\/\/cfcontabil.com\/cf\/category\/geral\/"},"img":{"alt_text":"","src":"https:\/\/i0.wp.com\/cfcontabil.com\/cf\/wp-content\/uploads\/2020\/04\/novo-decreto-df-isolamento.jpeg?fit=1200%2C675&resize=350%2C200","width":350,"height":200,"srcset":"https:\/\/i0.wp.com\/cfcontabil.com\/cf\/wp-content\/uploads\/2020\/04\/novo-decreto-df-isolamento.jpeg?fit=1200%2C675&resize=350%2C200 1x, https:\/\/i0.wp.com\/cfcontabil.com\/cf\/wp-content\/uploads\/2020\/04\/novo-decreto-df-isolamento.jpeg?fit=1200%2C675&resize=525%2C300 1.5x, https:\/\/i0.wp.com\/cfcontabil.com\/cf\/wp-content\/uploads\/2020\/04\/novo-decreto-df-isolamento.jpeg?fit=1200%2C675&resize=700%2C400 2x, https:\/\/i0.wp.com\/cfcontabil.com\/cf\/wp-content\/uploads\/2020\/04\/novo-decreto-df-isolamento.jpeg?fit=1200%2C675&resize=1050%2C600 3x"},"classes":[]},{"id":2275,"url":"http:\/\/cfcontabil.com\/cf\/gdf-determina-abertura-de-novos-espacos\/","url_meta":{"origin":2252,"position":3},"title":"GDF determina abertura de novos espa\u00e7os","author":"Ab\u00edlio Gon\u00e7alves","date":"22 de abril de 2020","format":false,"excerpt":"Medida publicada em edi\u00e7\u00e3o extra do DODF desta quarta-feira (22), libera reabertura de escrit\u00f3rios de advocacia, contabilidade, engenharia e arquitetura, al\u00e9m de imobili\u00e1rias Escrit\u00f3rios de advocacia, contabilidade, engenharia e arquitetura passam a funcionar a partir de hoje (22). Decreto liberando as atividades desses setores foi publicado na tarde desta quarta-feira\u2026","rel":"","context":"Em &quot;Geral&quot;","block_context":{"text":"Geral","link":"http:\/\/cfcontabil.com\/cf\/category\/geral\/"},"img":{"alt_text":"","src":"https:\/\/i0.wp.com\/cfcontabil.com\/cf\/wp-content\/uploads\/2020\/04\/abertura_contabilidade_blog.jpeg?fit=1200%2C675&resize=350%2C200","width":350,"height":200,"srcset":"https:\/\/i0.wp.com\/cfcontabil.com\/cf\/wp-content\/uploads\/2020\/04\/abertura_contabilidade_blog.jpeg?fit=1200%2C675&resize=350%2C200 1x, https:\/\/i0.wp.com\/cfcontabil.com\/cf\/wp-content\/uploads\/2020\/04\/abertura_contabilidade_blog.jpeg?fit=1200%2C675&resize=525%2C300 1.5x, https:\/\/i0.wp.com\/cfcontabil.com\/cf\/wp-content\/uploads\/2020\/04\/abertura_contabilidade_blog.jpeg?fit=1200%2C675&resize=700%2C400 2x, https:\/\/i0.wp.com\/cfcontabil.com\/cf\/wp-content\/uploads\/2020\/04\/abertura_contabilidade_blog.jpeg?fit=1200%2C675&resize=1050%2C600 3x"},"classes":[]},{"id":905,"url":"http:\/\/cfcontabil.com\/cf\/esocial-permitira-que-governo-federal-intensifique-fiscalizacoes\/","url_meta":{"origin":2252,"position":4},"title":"eSocial permitir\u00e1 que Governo Federal intensifique fiscaliza\u00e7\u00f5es","author":"Ab\u00edlio Gon\u00e7alves","date":"28 de janeiro de 2017","format":false,"excerpt":"Helio Donin Jr. afirmou que Minist\u00e9rio do Trabalho s\u00f3 tem capacidade para fiscalizar 3% das empresas Unificar as informa\u00e7\u00f5es e cruzar a base de dados para poder identificar poss\u00edveis irregularidades e atuar com a fiscaliza\u00e7\u00e3o \u00e9 um dos objetivos do Governo Federal com a implementa\u00e7\u00e3o do eSocial. Foi o que\u2026","rel":"","context":"Em &quot;Departamento Pessoal&quot;","block_context":{"text":"Departamento Pessoal","link":"http:\/\/cfcontabil.com\/cf\/category\/dp\/"},"img":{"alt_text":"","src":"https:\/\/i0.wp.com\/cfcontabil.com\/cf\/wp-content\/uploads\/2016\/03\/E-social-1-1.jpg?fit=660%2C271&resize=350%2C200","width":350,"height":200,"srcset":"https:\/\/i0.wp.com\/cfcontabil.com\/cf\/wp-content\/uploads\/2016\/03\/E-social-1-1.jpg?fit=660%2C271&resize=350%2C200 1x, https:\/\/i0.wp.com\/cfcontabil.com\/cf\/wp-content\/uploads\/2016\/03\/E-social-1-1.jpg?fit=660%2C271&resize=525%2C300 1.5x"},"classes":[]},{"id":2289,"url":"http:\/\/cfcontabil.com\/cf\/multa-para-quem-circular-sem-mascara-no-df-so-sera-aplicada-em-11-de-maio\/","url_meta":{"origin":2252,"position":5},"title":"Multa para quem circular sem m\u00e1scara no DF s\u00f3 ser\u00e1 aplicada em 11 de maio","author":"Ab\u00edlio Gon\u00e7alves","date":"30 de abril de 2020","format":false,"excerpt":"Secretaria de Governo distribuir\u00e1 m\u00e1scaras a partir de hoje (30\/4) em diversos terminais e nas esta\u00e7\u00f5es de metr\u00f4. A Companhia do Metropolitano do Distrito Federal (Metr\u00f4-DF) divulgou que ser\u00e1 exigido o uso de m\u00e1scaras por todos os usu\u00e1rios para o acesso aos trens e esta\u00e7\u00f5es a partir desta quinta-feira (30).\u2026","rel":"","context":"Em &quot;Geral&quot;","block_context":{"text":"Geral","link":"http:\/\/cfcontabil.com\/cf\/category\/geral\/"},"img":{"alt_text":"","src":"https:\/\/i0.wp.com\/cfcontabil.com\/cf\/wp-content\/uploads\/2020\/04\/uso-de-mascaras.jpeg?fit=1200%2C675&resize=350%2C200","width":350,"height":200,"srcset":"https:\/\/i0.wp.com\/cfcontabil.com\/cf\/wp-content\/uploads\/2020\/04\/uso-de-mascaras.jpeg?fit=1200%2C675&resize=350%2C200 1x, https:\/\/i0.wp.com\/cfcontabil.com\/cf\/wp-content\/uploads\/2020\/04\/uso-de-mascaras.jpeg?fit=1200%2C675&resize=525%2C300 1.5x, https:\/\/i0.wp.com\/cfcontabil.com\/cf\/wp-content\/uploads\/2020\/04\/uso-de-mascaras.jpeg?fit=1200%2C675&resize=700%2C400 2x, https:\/\/i0.wp.com\/cfcontabil.com\/cf\/wp-content\/uploads\/2020\/04\/uso-de-mascaras.jpeg?fit=1200%2C675&resize=1050%2C600 3x"},"classes":[]}],"jetpack_likes_enabled":true,"_links":{"self":[{"href":"http:\/\/cfcontabil.com\/cf\/wp-json\/wp\/v2\/posts\/2252","targetHints":{"allow":["GET"]}}],"collection":[{"href":"http:\/\/cfcontabil.com\/cf\/wp-json\/wp\/v2\/posts"}],"about":[{"href":"http:\/\/cfcontabil.com\/cf\/wp-json\/wp\/v2\/types\/post"}],"author":[{"embeddable":true,"href":"http:\/\/cfcontabil.com\/cf\/wp-json\/wp\/v2\/users\/1"}],"replies":[{"embeddable":true,"href":"http:\/\/cfcontabil.com\/cf\/wp-json\/wp\/v2\/comments?post=2252"}],"version-history":[{"count":1,"href":"http:\/\/cfcontabil.com\/cf\/wp-json\/wp\/v2\/posts\/2252\/revisions"}],"predecessor-version":[{"id":2255,"href":"http:\/\/cfcontabil.com\/cf\/wp-json\/wp\/v2\/posts\/2252\/revisions\/2255"}],"wp:featuredmedia":[{"embeddable":true,"href":"http:\/\/cfcontabil.com\/cf\/wp-json\/wp\/v2\/media\/2254"}],"wp:attachment":[{"href":"http:\/\/cfcontabil.com\/cf\/wp-json\/wp\/v2\/media?parent=2252"}],"wp:term":[{"taxonomy":"category","embeddable":true,"href":"http:\/\/cfcontabil.com\/cf\/wp-json\/wp\/v2\/categories?post=2252"},{"taxonomy":"post_tag","embeddable":true,"href":"http:\/\/cfcontabil.com\/cf\/wp-json\/wp\/v2\/tags?post=2252"}],"curies":[{"name":"wp","href":"https:\/\/api.w.org\/{rel}","templated":true}]}}