{"id":2257,"date":"2020-04-13T15:47:39","date_gmt":"2020-04-13T18:47:39","guid":{"rendered":"http:\/\/cfcontabil.com\/cf\/?p=2257"},"modified":"2020-04-13T15:47:39","modified_gmt":"2020-04-13T18:47:39","slug":"inss-recebe-atestado-por-aplicativo-e-auxilio-pode-ser-pago-sem-pericia","status":"publish","type":"post","link":"http:\/\/cfcontabil.com\/cf\/inss-recebe-atestado-por-aplicativo-e-auxilio-pode-ser-pago-sem-pericia\/","title":{"rendered":"INSS recebe atestado por aplicativo; e aux\u00edlio pode ser pago sem per\u00edcia"},"content":{"rendered":"<p>Segurados da Previd\u00eancia agora precisam pedir o aux\u00edlio-doen\u00e7a podem, a partir de agora, enviar o atestado m\u00e9dico pelo aplicativo para celular Meu INSS ou pelo computador (no site meu.inss.gov.br).<\/p>\n<p><a href=\"https:\/\/i0.wp.com\/cfcontabil.com\/cf\/wp-content\/uploads\/2020\/04\/meuinssapp.jpg\"><img data-recalc-dims=\"1\" fetchpriority=\"high\" decoding=\"async\" data-attachment-id=\"2259\" data-permalink=\"http:\/\/cfcontabil.com\/cf\/inss-recebe-atestado-por-aplicativo-e-auxilio-pode-ser-pago-sem-pericia\/meuinssapp\/\" data-orig-file=\"https:\/\/i0.wp.com\/cfcontabil.com\/cf\/wp-content\/uploads\/2020\/04\/meuinssapp.jpg?fit=700%2C372\" data-orig-size=\"700,372\" data-comments-opened=\"1\" data-image-meta=\"{&quot;aperture&quot;:&quot;0&quot;,&quot;credit&quot;:&quot;&quot;,&quot;camera&quot;:&quot;&quot;,&quot;caption&quot;:&quot;&quot;,&quot;created_timestamp&quot;:&quot;0&quot;,&quot;copyright&quot;:&quot;&quot;,&quot;focal_length&quot;:&quot;0&quot;,&quot;iso&quot;:&quot;0&quot;,&quot;shutter_speed&quot;:&quot;0&quot;,&quot;title&quot;:&quot;&quot;,&quot;orientation&quot;:&quot;0&quot;}\" data-image-title=\"meuinssapp\" data-image-description=\"\" data-image-caption=\"\" data-large-file=\"https:\/\/i0.wp.com\/cfcontabil.com\/cf\/wp-content\/uploads\/2020\/04\/meuinssapp.jpg?fit=700%2C372\" class=\"aligncenter size-full wp-image-2259\" src=\"https:\/\/i0.wp.com\/cfcontabil.com\/cf\/wp-content\/uploads\/2020\/04\/meuinssapp.jpg?resize=700%2C372\" alt=\"\" width=\"700\" height=\"372\" srcset=\"https:\/\/i0.wp.com\/cfcontabil.com\/cf\/wp-content\/uploads\/2020\/04\/meuinssapp.jpg?w=700 700w, https:\/\/i0.wp.com\/cfcontabil.com\/cf\/wp-content\/uploads\/2020\/04\/meuinssapp.jpg?resize=300%2C159 300w, https:\/\/i0.wp.com\/cfcontabil.com\/cf\/wp-content\/uploads\/2020\/04\/meuinssapp.jpg?resize=370%2C197 370w\" sizes=\"(max-width: 700px) 100vw, 700px\" \/><\/a><\/p>\n<p>O INSS informou nesta sexta-feira (10) que os segurados da Previd\u00eancia que precisam pedir o aux\u00edlio-doen\u00e7a podem, a partir de agora, enviar o atestado m\u00e9dico pelo aplicativo para celular Meu INSS ou pelo computador (no site\u00a0<a href=\"https:\/\/folhape.com.br\/economia\/economia\/coronavirus\/2020\/04\/10\/meu.inss.gov.br\" target=\"_blank\" rel=\"noopener noreferrer\">meu.inss.gov.br<\/a>).<br \/>\nA an\u00e1lise do atestado sem que o candidato ao benef\u00edcio precise ir a um posto de atendimento \u00e9 uma das medidas adotadas pelo INSS durante a pandemia do novo coronav\u00edrus.<\/p>\n<p>A medida foi oficializada pela Portaria Conjunta 9.381, publicada na ter\u00e7a-feira (7) no Di\u00e1rio Oficial da Uni\u00e3o.<\/p>\n<p>Entre outras medidas, a portaria permite tamb\u00e9m a antecipa\u00e7\u00e3o de R$ 1.045 para segurados que solicitarem o aux\u00edlio-doen\u00e7a. Mas, para a libera\u00e7\u00e3o do pedido sem a realiza\u00e7\u00e3o da per\u00edcia presencial, o \u00f3rg\u00e3o ainda precisava liberar o envio do atestado pela internet.<\/p>\n<p>Quem j\u00e1 usa o aplicativo Meu INSS pode baixar uma atualiza\u00e7\u00e3o, que j\u00e1 est\u00e1 dispon\u00edvel. Caso n\u00e3o tenha o aplicativo, ele est\u00e1 dispon\u00edvel para os sistemas Android e iOS.<br \/>\nO INSS tamb\u00e9m colocou em seu site oficial (inss.gov.br) um passo a passo sobre como utilizar a nova ferramenta.<\/p>\n<p>O segurado deve ficar atento aos procedimentos de como devem ser enviados os documentos, informados no momento do pedido.<\/p>\n<p>Todos os atestados ser\u00e3o submetidos \u00e0 an\u00e1lise preliminar pela Subsecretaria da Per\u00edcia M\u00e9dica Federal da Secretaria de Previd\u00eancia e pelo INSS.<\/p>\n<p>O atestado m\u00e9dico dever\u00e1 ser leg\u00edvel, sem rasuras e conter as seguintes informa\u00e7\u00f5es:<\/p>\n<p>-Assinatura e carimbo do m\u00e9dico, com registro do CRM (Conselho Regional de Medicina)<br \/>\n-Informa\u00e7\u00f5es sobre a doen\u00e7a ou a respectiva numera\u00e7\u00e3o da CID (Classifica\u00e7\u00e3o Internacional de Doen\u00e7as) Prazo estimado do repouso necess\u00e1rio<br \/>\n-A concess\u00e3o do aux\u00edlio-doen\u00e7a continuar\u00e1 considerando os requisitos necess\u00e1rios, como car\u00eancia, para que o segurado tenha direito ao benef\u00edcio.<\/p>\n<p>O benefici\u00e1rio poder\u00e1 pedir a prorroga\u00e7\u00e3o da antecipa\u00e7\u00e3o do aux\u00edlio-doen\u00e7a, com base no prazo de afastamento da atividade informado no atestado m\u00e9dico apresentado inicialmente ou mediante envio de novo atestado m\u00e9dico. No entanto, o prazo total n\u00e3o poder\u00e1 ultrapassar os tr\u00eas meses.<\/p>\n<p>Com o fechamento das ag\u00eancias para o combate \u00e0 propaga\u00e7\u00e3o da pandemia do novo coronav\u00edrus at\u00e9, pelo menos, 30 de abril, o INSS liberou os segurados da per\u00edcia m\u00e9dica presencial para requerer aux\u00edlio-doen\u00e7a e BPC (benef\u00edcio assistencial), transferindo esses servi\u00e7os para o Meu INSS.<\/p>\n","protected":false},"excerpt":{"rendered":"<p>Segurados da Previd\u00eancia agora precisam pedir o aux\u00edlio-doen\u00e7a podem, a partir de agora, enviar o atestado m\u00e9dico pelo aplicativo para celular Meu INSS ou pelo computador (no site meu.inss.gov.br). O INSS informou nesta sexta-feira (10) que os segurados da Previd\u00eancia que precisam pedir o aux\u00edlio-doen\u00e7a podem, a partir de agora, enviar o atestado m\u00e9dico pelo [&hellip;]<\/p>\n","protected":false},"author":1,"featured_media":2258,"comment_status":"open","ping_status":"open","sticky":false,"template":"","format":"standard","meta":{"jetpack_post_was_ever_published":false,"_jetpack_newsletter_access":"","_jetpack_dont_email_post_to_subs":false,"_jetpack_newsletter_tier_id":0,"_jetpack_memberships_contains_paywalled_content":false,"_jetpack_memberships_contains_paid_content":false,"footnotes":"","jetpack_publicize_message":"","jetpack_publicize_feature_enabled":true,"jetpack_social_post_already_shared":true,"jetpack_social_options":{"image_generator_settings":{"template":"highway","default_image_id":0,"font":"","enabled":false},"version":2}},"categories":[29],"tags":[787,789,786,493,234,788],"class_list":["post-2257","post","type-post","status-publish","format-standard","has-post-thumbnail","hentry","category-dp","tag-android","tag-app","tag-atestado","tag-auxilio","tag-inss","tag-ios"],"jetpack_publicize_connections":[],"jetpack_featured_media_url":"https:\/\/i0.wp.com\/cfcontabil.com\/cf\/wp-content\/uploads\/2020\/04\/celular.jpg?fit=475%2C365","jetpack_sharing_enabled":true,"jetpack_shortlink":"https:\/\/wp.me\/p2wklX-Ap","jetpack-related-posts":[{"id":2121,"url":"http:\/\/cfcontabil.com\/cf\/irpf-2020-prazo-e-ate-dia-28-para-receber-o-informe-de-rendimentos\/","url_meta":{"origin":2257,"position":0},"title":"IRPF 2020: Prazo \u00e9 at\u00e9 dia 28 para receber o informe de rendimentos","author":"Ab\u00edlio Gon\u00e7alves","date":"26 de fevereiro de 2020","format":false,"excerpt":"Estamos a poucos dias para iniciar a entrega a Declara\u00e7\u00e3o do Imposto de Renda Pessoa F\u00edsica de 2020, portanto \u00e9 importante ter uma aten\u00e7\u00e3o especial a documenta\u00e7\u00e3o necess\u00e1ria. Um dos documentos mais importantes \u00e9 o informe de rendimentos, pois nele cont\u00e9m todas as informa\u00e7\u00f5es prestadas pelas empresas, bancos e corretoras\u2026","rel":"","context":"Em &quot;Departamento Fiscal&quot;","block_context":{"text":"Departamento Fiscal","link":"http:\/\/cfcontabil.com\/cf\/category\/df\/"},"img":{"alt_text":"","src":"https:\/\/i0.wp.com\/cfcontabil.com\/cf\/wp-content\/uploads\/2020\/02\/Informe-de-Rendimentos-IRPF-2.jpg?fit=1080%2C1080&resize=350%2C200","width":350,"height":200,"srcset":"https:\/\/i0.wp.com\/cfcontabil.com\/cf\/wp-content\/uploads\/2020\/02\/Informe-de-Rendimentos-IRPF-2.jpg?fit=1080%2C1080&resize=350%2C200 1x, https:\/\/i0.wp.com\/cfcontabil.com\/cf\/wp-content\/uploads\/2020\/02\/Informe-de-Rendimentos-IRPF-2.jpg?fit=1080%2C1080&resize=525%2C300 1.5x, https:\/\/i0.wp.com\/cfcontabil.com\/cf\/wp-content\/uploads\/2020\/02\/Informe-de-Rendimentos-IRPF-2.jpg?fit=1080%2C1080&resize=700%2C400 2x, https:\/\/i0.wp.com\/cfcontabil.com\/cf\/wp-content\/uploads\/2020\/02\/Informe-de-Rendimentos-IRPF-2.jpg?fit=1080%2C1080&resize=1050%2C600 3x"},"classes":[]},{"id":2366,"url":"http:\/\/cfcontabil.com\/cf\/inss-inicia-pericia-por-telemedicina-a-partir-da-proxima-semana\/","url_meta":{"origin":2257,"position":1},"title":"INSS inicia per\u00edcia por telemedicina a partir da pr\u00f3xima semana","author":"Ab\u00edlio Gon\u00e7alves","date":"10 de novembro de 2020","format":false,"excerpt":"Projeto piloto vai at\u00e9 31 de janeiro do pr\u00f3ximo ano Os atendimentos da experi\u00eancia piloto de realiza\u00e7\u00e3o de per\u00edcias m\u00e9dicas com uso da telemedicina ocorrer\u00e3o a partir da pr\u00f3xima segunda-feira (16) at\u00e9 o dia 31 de janeiro de 2021.\u00a0De acordo com a Secretaria Especial de Previd\u00eancia e Trabalho, o protocolo\u2026","rel":"","context":"Post similar","block_context":{"text":"Post similar","link":""},"img":{"alt_text":"","src":"https:\/\/i0.wp.com\/cfcontabil.com\/cf\/wp-content\/uploads\/2017\/01\/logo-inss-previdencia-social-1.png?fit=1000%2C604&resize=350%2C200","width":350,"height":200,"srcset":"https:\/\/i0.wp.com\/cfcontabil.com\/cf\/wp-content\/uploads\/2017\/01\/logo-inss-previdencia-social-1.png?fit=1000%2C604&resize=350%2C200 1x, https:\/\/i0.wp.com\/cfcontabil.com\/cf\/wp-content\/uploads\/2017\/01\/logo-inss-previdencia-social-1.png?fit=1000%2C604&resize=525%2C300 1.5x, https:\/\/i0.wp.com\/cfcontabil.com\/cf\/wp-content\/uploads\/2017\/01\/logo-inss-previdencia-social-1.png?fit=1000%2C604&resize=700%2C400 2x"},"classes":[]},{"id":1911,"url":"http:\/\/cfcontabil.com\/cf\/mudancas-nas-aliquotas-de-contribuicao-previdenciaria-comecarao-a-valer-em-marco-de-2020\/","url_meta":{"origin":2257,"position":2},"title":"Mudan\u00e7as nas al\u00edquotas de contribui\u00e7\u00e3o previdenci\u00e1ria come\u00e7ar\u00e3o a valer em mar\u00e7o de 2020","author":"Ab\u00edlio Gon\u00e7alves","date":"18 de novembro de 2019","format":false,"excerpt":"A\u00a0reforma da Previd\u00eancia\u00a0foi publicada no Di\u00e1rio Oficial na \u00faltima quarta-feira (dia 13) e, com isso, as novas regras de concess\u00e3o de aposentadoria e pens\u00e3o por morte j\u00e1 come\u00e7aram a valer. As\u00a0mudan\u00e7as nas al\u00edquotas de contribui\u00e7\u00e3o previdenci\u00e1ria\u00a0de servidores p\u00fablicos e segurados do Instituto Nacional do Seguro Social (INSS), por\u00e9m, s\u00f3 come\u00e7ar\u00e3o\u2026","rel":"","context":"Em &quot;Departamento Pessoal&quot;","block_context":{"text":"Departamento Pessoal","link":"http:\/\/cfcontabil.com\/cf\/category\/dp\/"},"img":{"alt_text":"","src":"https:\/\/i0.wp.com\/cfcontabil.com\/cf\/wp-content\/uploads\/2017\/01\/logo-inss-previdencia-social-1.png?fit=1000%2C604&resize=350%2C200","width":350,"height":200,"srcset":"https:\/\/i0.wp.com\/cfcontabil.com\/cf\/wp-content\/uploads\/2017\/01\/logo-inss-previdencia-social-1.png?fit=1000%2C604&resize=350%2C200 1x, https:\/\/i0.wp.com\/cfcontabil.com\/cf\/wp-content\/uploads\/2017\/01\/logo-inss-previdencia-social-1.png?fit=1000%2C604&resize=525%2C300 1.5x, https:\/\/i0.wp.com\/cfcontabil.com\/cf\/wp-content\/uploads\/2017\/01\/logo-inss-previdencia-social-1.png?fit=1000%2C604&resize=700%2C400 2x"},"classes":[]},{"id":1840,"url":"http:\/\/cfcontabil.com\/cf\/entregadores-motoboys-e-frentistas-terao-aposentadoria-especial-no-inss\/","url_meta":{"origin":2257,"position":3},"title":"Entregadores, motoboys e frentistas ter\u00e3o aposentadoria especial no INSS","author":"Ab\u00edlio Gon\u00e7alves","date":"1 de novembro de 2019","format":false,"excerpt":"Muitos destes trabalhadores utilizam aplicativos de entrega de comida ou pequenas encomendas. A\u00a0Reforma da Previd\u00eancia\u00a0n\u00e3o vai mexer com a aposentadoria de atividades de risco. Com isso, seguran\u00e7as e vigilantes patrimoniais, frentistas e trabalhadores em postos de combust\u00edveis, motoboys e entregadores, motorista de caminh\u00e3o-tanque, eletricit\u00e1rios expostos a tens\u00e3o acima de 250\u2026","rel":"","context":"Em &quot;Departamento Pessoal&quot;","block_context":{"text":"Departamento Pessoal","link":"http:\/\/cfcontabil.com\/cf\/category\/dp\/"},"img":{"alt_text":"","src":"https:\/\/i0.wp.com\/cfcontabil.com\/cf\/wp-content\/uploads\/2019\/10\/motoboy.jpg?fit=679%2C452&resize=350%2C200","width":350,"height":200,"srcset":"https:\/\/i0.wp.com\/cfcontabil.com\/cf\/wp-content\/uploads\/2019\/10\/motoboy.jpg?fit=679%2C452&resize=350%2C200 1x, https:\/\/i0.wp.com\/cfcontabil.com\/cf\/wp-content\/uploads\/2019\/10\/motoboy.jpg?fit=679%2C452&resize=525%2C300 1.5x"},"classes":[]},{"id":2041,"url":"http:\/\/cfcontabil.com\/cf\/tres-das-cinco-novas-regras-de-aposentadoria-ja-estao-valendo\/","url_meta":{"origin":2257,"position":4},"title":"Tr\u00eas das cinco novas regras de aposentadoria j\u00e1 est\u00e3o valendo","author":"Ab\u00edlio Gon\u00e7alves","date":"3 de janeiro de 2020","format":false,"excerpt":"Segurados do INSS que est\u00e3o perto de requerer o benef\u00edcio devem ficar atentos \u00e0s normas de transi\u00e7\u00e3o para a Nova Previd\u00eancia. De maneira geral, ser\u00e1 preciso trabalhar mais tempo para poder passar \u00e0 inatividade. Piso e teto foram ampliados Tr\u00eas das cinco regras de transi\u00e7\u00e3o da\u00a0reforma da Previd\u00eancia\u00a0entraram em vigor\u2026","rel":"","context":"Em &quot;Departamento Pessoal&quot;","block_context":{"text":"Departamento Pessoal","link":"http:\/\/cfcontabil.com\/cf\/category\/dp\/"},"img":{"alt_text":"","src":"https:\/\/i0.wp.com\/cfcontabil.com\/cf\/wp-content\/uploads\/2020\/01\/inss-aposentadoria.jpg?fit=790%2C490&resize=350%2C200","width":350,"height":200,"srcset":"https:\/\/i0.wp.com\/cfcontabil.com\/cf\/wp-content\/uploads\/2020\/01\/inss-aposentadoria.jpg?fit=790%2C490&resize=350%2C200 1x, https:\/\/i0.wp.com\/cfcontabil.com\/cf\/wp-content\/uploads\/2020\/01\/inss-aposentadoria.jpg?fit=790%2C490&resize=525%2C300 1.5x, https:\/\/i0.wp.com\/cfcontabil.com\/cf\/wp-content\/uploads\/2020\/01\/inss-aposentadoria.jpg?fit=790%2C490&resize=700%2C400 2x"},"classes":[]},{"id":2653,"url":"http:\/\/cfcontabil.com\/cf\/mei-precisa-pagar-suas-dividas-ate-o-final-de-agosto\/","url_meta":{"origin":2257,"position":5},"title":"MEI precisa pagar suas d\u00edvidas at\u00e9 o final de agosto","author":"Ab\u00edlio Gon\u00e7alves","date":"23 de agosto de 2021","format":false,"excerpt":"A partir de setembro, a Receita Federal encaminhar\u00e1 os d\u00e9bitos n\u00e3o regularizados para a D\u00edvida Ativa, e elas ser\u00e3o cobradas com juros. Os microempreendedores individuais (MEI) que est\u00e3o devendo impostos poder\u00e3o regularizar suas d\u00edvidas at\u00e9 o final deste m\u00eas. A situa\u00e7\u00e3o pode ser resolvida pelo pagamento dos d\u00e9bitos, utilizando o\u2026","rel":"","context":"Em &quot;Departamento Fiscal&quot;","block_context":{"text":"Departamento Fiscal","link":"http:\/\/cfcontabil.com\/cf\/category\/df\/"},"img":{"alt_text":"","src":"https:\/\/i0.wp.com\/cfcontabil.com\/cf\/wp-content\/uploads\/2020\/04\/MEI-1200x675-1.png?fit=1200%2C675&resize=350%2C200","width":350,"height":200,"srcset":"https:\/\/i0.wp.com\/cfcontabil.com\/cf\/wp-content\/uploads\/2020\/04\/MEI-1200x675-1.png?fit=1200%2C675&resize=350%2C200 1x, https:\/\/i0.wp.com\/cfcontabil.com\/cf\/wp-content\/uploads\/2020\/04\/MEI-1200x675-1.png?fit=1200%2C675&resize=525%2C300 1.5x, https:\/\/i0.wp.com\/cfcontabil.com\/cf\/wp-content\/uploads\/2020\/04\/MEI-1200x675-1.png?fit=1200%2C675&resize=700%2C400 2x, https:\/\/i0.wp.com\/cfcontabil.com\/cf\/wp-content\/uploads\/2020\/04\/MEI-1200x675-1.png?fit=1200%2C675&resize=1050%2C600 3x"},"classes":[]}],"jetpack_likes_enabled":true,"_links":{"self":[{"href":"http:\/\/cfcontabil.com\/cf\/wp-json\/wp\/v2\/posts\/2257","targetHints":{"allow":["GET"]}}],"collection":[{"href":"http:\/\/cfcontabil.com\/cf\/wp-json\/wp\/v2\/posts"}],"about":[{"href":"http:\/\/cfcontabil.com\/cf\/wp-json\/wp\/v2\/types\/post"}],"author":[{"embeddable":true,"href":"http:\/\/cfcontabil.com\/cf\/wp-json\/wp\/v2\/users\/1"}],"replies":[{"embeddable":true,"href":"http:\/\/cfcontabil.com\/cf\/wp-json\/wp\/v2\/comments?post=2257"}],"version-history":[{"count":1,"href":"http:\/\/cfcontabil.com\/cf\/wp-json\/wp\/v2\/posts\/2257\/revisions"}],"predecessor-version":[{"id":2260,"href":"http:\/\/cfcontabil.com\/cf\/wp-json\/wp\/v2\/posts\/2257\/revisions\/2260"}],"wp:featuredmedia":[{"embeddable":true,"href":"http:\/\/cfcontabil.com\/cf\/wp-json\/wp\/v2\/media\/2258"}],"wp:attachment":[{"href":"http:\/\/cfcontabil.com\/cf\/wp-json\/wp\/v2\/media?parent=2257"}],"wp:term":[{"taxonomy":"category","embeddable":true,"href":"http:\/\/cfcontabil.com\/cf\/wp-json\/wp\/v2\/categories?post=2257"},{"taxonomy":"post_tag","embeddable":true,"href":"http:\/\/cfcontabil.com\/cf\/wp-json\/wp\/v2\/tags?post=2257"}],"curies":[{"name":"wp","href":"https:\/\/api.w.org\/{rel}","templated":true}]}}