{"id":2261,"date":"2020-04-13T18:00:43","date_gmt":"2020-04-13T21:00:43","guid":{"rendered":"http:\/\/cfcontabil.com\/cf\/?p=2261"},"modified":"2020-04-13T15:52:28","modified_gmt":"2020-04-13T18:52:28","slug":"receita-federal-amplia-lista-de-servicos-atendidos-pelo-chat","status":"publish","type":"post","link":"http:\/\/cfcontabil.com\/cf\/receita-federal-amplia-lista-de-servicos-atendidos-pelo-chat\/","title":{"rendered":"Receita Federal amplia lista de servi\u00e7os atendidos pelo chat"},"content":{"rendered":"<h3 class=\"col-10 offset-1 animated fadeInDown dealy-900 display-8 display-md-8 alt-font font-italic my-1 text-center\">Medida evita deslocamentos at\u00e9 unidades de atendimento<\/h3>\n<p><a href=\"https:\/\/i0.wp.com\/cfcontabil.com\/cf\/wp-content\/uploads\/2019\/11\/Receita-Federal.jpg\"><img data-recalc-dims=\"1\" fetchpriority=\"high\" decoding=\"async\" data-attachment-id=\"1937\" data-permalink=\"http:\/\/cfcontabil.com\/cf\/governo-avalia-imposto-de-renda-de-35-para-salarios-acima-de-r-39-mil\/receita-federal\/\" data-orig-file=\"https:\/\/i0.wp.com\/cfcontabil.com\/cf\/wp-content\/uploads\/2019\/11\/Receita-Federal.jpg?fit=1440%2C810\" data-orig-size=\"1440,810\" data-comments-opened=\"1\" data-image-meta=\"{&quot;aperture&quot;:&quot;0&quot;,&quot;credit&quot;:&quot;&quot;,&quot;camera&quot;:&quot;&quot;,&quot;caption&quot;:&quot;&quot;,&quot;created_timestamp&quot;:&quot;0&quot;,&quot;copyright&quot;:&quot;&quot;,&quot;focal_length&quot;:&quot;0&quot;,&quot;iso&quot;:&quot;0&quot;,&quot;shutter_speed&quot;:&quot;0&quot;,&quot;title&quot;:&quot;&quot;,&quot;orientation&quot;:&quot;0&quot;}\" data-image-title=\"Receita Federal\" data-image-description=\"\" data-image-caption=\"\" data-large-file=\"https:\/\/i0.wp.com\/cfcontabil.com\/cf\/wp-content\/uploads\/2019\/11\/Receita-Federal.jpg?fit=1024%2C576\" class=\"aligncenter size-full wp-image-1937\" src=\"https:\/\/i0.wp.com\/cfcontabil.com\/cf\/wp-content\/uploads\/2019\/11\/Receita-Federal.jpg?resize=1170%2C658\" alt=\"\" width=\"1170\" height=\"658\" srcset=\"https:\/\/i0.wp.com\/cfcontabil.com\/cf\/wp-content\/uploads\/2019\/11\/Receita-Federal.jpg?w=1440 1440w, https:\/\/i0.wp.com\/cfcontabil.com\/cf\/wp-content\/uploads\/2019\/11\/Receita-Federal.jpg?resize=300%2C169 300w, https:\/\/i0.wp.com\/cfcontabil.com\/cf\/wp-content\/uploads\/2019\/11\/Receita-Federal.jpg?resize=1024%2C576 1024w, https:\/\/i0.wp.com\/cfcontabil.com\/cf\/wp-content\/uploads\/2019\/11\/Receita-Federal.jpg?resize=768%2C432 768w, https:\/\/i0.wp.com\/cfcontabil.com\/cf\/wp-content\/uploads\/2019\/11\/Receita-Federal.jpg?resize=1170%2C658 1170w, https:\/\/i0.wp.com\/cfcontabil.com\/cf\/wp-content\/uploads\/2019\/11\/Receita-Federal.jpg?resize=770%2C433 770w, https:\/\/i0.wp.com\/cfcontabil.com\/cf\/wp-content\/uploads\/2019\/11\/Receita-Federal.jpg?resize=370%2C208 370w, https:\/\/i0.wp.com\/cfcontabil.com\/cf\/wp-content\/uploads\/2019\/11\/Receita-Federal.jpg?resize=270%2C152 270w\" sizes=\"(max-width: 1170px) 100vw, 1170px\" \/><\/a><\/p>\n<p>A Receita Federal ampliou a lista de servi\u00e7os que s\u00e3o prestados de maneira virtual pelo\u00a0<em>chat<\/em>\u00a0(atendimento\u00a0<em>online<\/em>) para evitar deslocamentos at\u00e9 as unidades de atendimento presencial no per\u00edodo de quarentena por causa do coronav\u00edrus.<\/p>\n<p>O\u00a0<em>chat<\/em>\u00a0da Receita foi criado em abril de 2019. A ferramenta permite ao contribuinte conversar diretamente com servidores da Receita Federal sobre sua situa\u00e7\u00e3o espec\u00edfica.<\/p>\n<p>\u201cAtualmente, a Receita Federal realiza por meio do chat cerca de 28.940 atendimentos mensais. A expectativa \u00e9 que este volume seja consideravelmente ampliado com a atual expans\u00e3o dos servi\u00e7os prestados por meio deste canal\u201d, disse o \u00f3rg\u00e3o.<\/p>\n<p>Os canais de atendimento podem ser encontrados no\u00a0<a href=\"http:\/\/receita.economia.gov.br\/interface\/menu_atendimento\/formas-de-atendimento\" target=\"_blank\" rel=\"noopener noreferrer\">portal da Receita Federal<\/a>.<\/p>\n<h2>Os servi\u00e7os s\u00e3o os seguintes:<\/h2>\n<p>&#8211; C\u00f3pia de Declara\u00e7\u00f5es n\u00e3o dispon\u00edveis no e-CAC (para contribuintes com Certificado Digital)<\/p>\n<p>&#8211; Emiss\u00e3o de GPS (DebCad)<\/p>\n<p>&#8211; Orienta\u00e7\u00f5es &#8211; CNPJ<\/p>\n<p>&#8211; Orienta\u00e7\u00f5es &#8211; Obra<\/p>\n<p>&#8211; Orienta\u00e7\u00f5es &#8211; PGFN<\/p>\n<p>&#8211; Orienta\u00e7\u00f5es &#8211; Parcelamento<\/p>\n<p>&#8211; Orienta\u00e7\u00f5es &#8211; PER\/Dcomp<\/p>\n<p>&#8211; Regulariza\u00e7\u00e3o de D\u00e9bitos Fazend\u00e1rios PJ<\/p>\n<p>&#8211; Regulariza\u00e7\u00e3o de D\u00e9bitos Previdenci\u00e1rios PJ<\/p>\n<p>&#8211; Regulariza\u00e7\u00e3o de Parcelamentos PF e PJ<\/p>\n<p>&#8211; Regulariza\u00e7\u00e3o de D\u00e9bitos de ITR<\/p>\n<p>&#8211; Simples Nacional<\/p>\n<p>&#8211; Protocolo de Processos (para contribuintes com Certificado Digital) &#8211; previs\u00e3o: pr\u00f3xima semana<\/p>\n<p>&#8211; Na lista abaixo, est\u00e3o os servi\u00e7os que j\u00e1 s\u00e3o atendidos pelo chat:<\/p>\n<p>&#8211; Convers\u00e3o de Processos Digitais<\/p>\n<p>&#8211; Discord\u00e2ncia de Compensa\u00e7\u00e3o de Of\u00edcio de PER\/Dcomp<\/p>\n<p>&#8211; eSocial &#8211; Empregador Dom\u00e9stico<\/p>\n<p>&#8211; Orienta\u00e7\u00f5es &#8211; CPF<\/p>\n<p>&#8211; Orienta\u00e7\u00f5es &#8211; DCTFWeb<\/p>\n<p>&#8211; Regulariza\u00e7\u00e3o de D\u00e9bitos Fazend\u00e1rios PF<\/p>\n<p>&#8211; Regulariza\u00e7\u00e3o de D\u00e9bitos Previdenci\u00e1rios PF<\/p>\n","protected":false},"excerpt":{"rendered":"<p>Medida evita deslocamentos at\u00e9 unidades de atendimento A Receita Federal ampliou a lista de servi\u00e7os que s\u00e3o prestados de maneira virtual pelo\u00a0chat\u00a0(atendimento\u00a0online) para evitar deslocamentos at\u00e9 as unidades de atendimento presencial no per\u00edodo de quarentena por causa do coronav\u00edrus. O\u00a0chat\u00a0da Receita foi criado em abril de 2019. A ferramenta permite ao contribuinte conversar diretamente com [&hellip;]<\/p>\n","protected":false},"author":1,"featured_media":2262,"comment_status":"open","ping_status":"open","sticky":false,"template":"","format":"standard","meta":{"jetpack_post_was_ever_published":false,"_jetpack_newsletter_access":"","_jetpack_dont_email_post_to_subs":false,"_jetpack_newsletter_tier_id":0,"_jetpack_memberships_contains_paywalled_content":false,"_jetpack_memberships_contains_paid_content":false,"footnotes":"","jetpack_publicize_message":"","jetpack_publicize_feature_enabled":true,"jetpack_social_post_already_shared":true,"jetpack_social_options":{"image_generator_settings":{"template":"highway","default_image_id":0,"font":"","enabled":false},"version":2}},"categories":[46],"tags":[246,790,71,74],"class_list":["post-2261","post","type-post","status-publish","format-standard","has-post-thumbnail","hentry","category-df","tag-atendimento","tag-chat","tag-federal","tag-receita"],"jetpack_publicize_connections":[],"jetpack_featured_media_url":"https:\/\/i0.wp.com\/cfcontabil.com\/cf\/wp-content\/uploads\/2020\/04\/celularmaos.jpg?fit=1170%2C700","jetpack_sharing_enabled":true,"jetpack_shortlink":"https:\/\/wp.me\/p2wklX-At","jetpack-related-posts":[{"id":730,"url":"http:\/\/cfcontabil.com\/cf\/receita-vai-ampliar-marcacao-de-atendimento-presencial-pela-internet\/","url_meta":{"origin":2261,"position":0},"title":"Receita vai ampliar marca\u00e7\u00e3o de atendimento presencial pela internet","author":"Ab\u00edlio Gon\u00e7alves","date":"4 de abril de 2016","format":false,"excerpt":"A Receita Federal ampliar\u00e1 o servi\u00e7o de agendamento na internet para os contribuintes que necessitam de atendimento presencial como parte do projeto de moderniza\u00e7\u00e3o do Fisco. As mudan\u00e7as est\u00e3o na Portaria 457, de 28 de mar\u00e7o deste ano, que regulamenta um conjunto de procedimentos relativos ao atendimento presencial da Receita,\u2026","rel":"","context":"Em &quot;Consultoria Empresarial&quot;","block_context":{"text":"Consultoria Empresarial","link":"http:\/\/cfcontabil.com\/cf\/category\/consultoria\/"},"img":{"alt_text":"","src":"https:\/\/i0.wp.com\/cfcontabil.com\/cf\/wp-content\/uploads\/2016\/04\/notebook-1.jpg?fit=627%2C400&resize=350%2C200","width":350,"height":200,"srcset":"https:\/\/i0.wp.com\/cfcontabil.com\/cf\/wp-content\/uploads\/2016\/04\/notebook-1.jpg?fit=627%2C400&resize=350%2C200 1x, https:\/\/i0.wp.com\/cfcontabil.com\/cf\/wp-content\/uploads\/2016\/04\/notebook-1.jpg?fit=627%2C400&resize=525%2C300 1.5x"},"classes":[]},{"id":1418,"url":"http:\/\/cfcontabil.com\/cf\/receita-federal-realiza-mudancas-no-atendimento\/","url_meta":{"origin":2261,"position":1},"title":"Receita Federal realiza mudan\u00e7as no atendimento","author":"Ab\u00edlio Gon\u00e7alves","date":"31 de outubro de 2018","format":false,"excerpt":"Para\u00a0servi\u00e7os Pessoa Jur\u00eddica em Minas Gerais e em Bras\u00edlia visando maior agilidade A partir do dia 5 de novembro de 2018, alguns servi\u00e7os de pessoa jur\u00eddica nas unidades de atendimento da Receita Federal em Minas Gerais e no Centro de Atendimento ao Contribuinte (CAC) em Bras\u00edlia ter\u00e3o o fluxo de\u2026","rel":"","context":"Em &quot;Departamento Fiscal&quot;","block_context":{"text":"Departamento Fiscal","link":"http:\/\/cfcontabil.com\/cf\/category\/df\/"},"img":{"alt_text":"","src":"https:\/\/i0.wp.com\/cfcontabil.com\/cf\/wp-content\/uploads\/2017\/02\/receita-federal-1-1.png?fit=702%2C325&resize=350%2C200","width":350,"height":200,"srcset":"https:\/\/i0.wp.com\/cfcontabil.com\/cf\/wp-content\/uploads\/2017\/02\/receita-federal-1-1.png?fit=702%2C325&resize=350%2C200 1x, https:\/\/i0.wp.com\/cfcontabil.com\/cf\/wp-content\/uploads\/2017\/02\/receita-federal-1-1.png?fit=702%2C325&resize=525%2C300 1.5x, https:\/\/i0.wp.com\/cfcontabil.com\/cf\/wp-content\/uploads\/2017\/02\/receita-federal-1-1.png?fit=702%2C325&resize=700%2C400 2x"},"classes":[]},{"id":2247,"url":"http:\/\/cfcontabil.com\/cf\/regularizar-cpf\/","url_meta":{"origin":2261,"position":2},"title":"Regularizar CPF","author":"Ab\u00edlio Gon\u00e7alves","date":"8 de abril de 2020","format":false,"excerpt":"Nota de esclarecimento sobre regulariza\u00e7\u00e3o do CPF para recebimento de aux\u00edlio emergencial de R$ 600,00 para trabalhadores informais, desempregados, MEIs e contribuintes individuais do INSS Servi\u00e7o de regulariza\u00e7\u00e3o est\u00e1 dispon\u00edvel 24 horas por dia, 7 dias da semana. Conforme amplamente anunciado, o Governo Federal disponibilizou aux\u00edlio emergencial de R$ 600,00\u2026","rel":"","context":"Em \"altera\u00e7\u00e3o\"","block_context":{"text":"altera\u00e7\u00e3o","link":"http:\/\/cfcontabil.com\/cf\/tag\/alteracao\/"},"img":{"alt_text":"","src":"https:\/\/i0.wp.com\/cfcontabil.com\/cf\/wp-content\/uploads\/2020\/04\/cpf.png?fit=400%2C256&resize=350%2C200","width":350,"height":200},"classes":[]},{"id":2329,"url":"http:\/\/cfcontabil.com\/cf\/receita-federal-cria-servico-online-para-validacao-da-procuracao-rfb-com-firma-reconhecida\/","url_meta":{"origin":2261,"position":3},"title":"Receita Federal cria servi\u00e7o online para valida\u00e7\u00e3o da Procura\u00e7\u00e3o RFB com firma reconhecida","author":"Ab\u00edlio Gon\u00e7alves","date":"24 de agosto de 2020","format":false,"excerpt":"Medida, dispon\u00edvel no Portal e-CAC, permitir\u00e1 a redu\u00e7\u00e3o do atendimento presencial em cerca de 25% A Receita Federal do Brasil (RFB) passou a oferecer ao contribuinte, no\u00a0Portal e-CAC, o servi\u00e7o Procura\u00e7\u00e3o RFB com firma reconhecida em cart\u00f3rio por meio do Dossi\u00ea Digital de Atendimento (DDA). A medida visa reduzir o\u2026","rel":"","context":"Em &quot;Consultoria Empresarial&quot;","block_context":{"text":"Consultoria Empresarial","link":"http:\/\/cfcontabil.com\/cf\/category\/consultoria\/"},"img":{"alt_text":"","src":"https:\/\/i0.wp.com\/cfcontabil.com\/cf\/wp-content\/uploads\/2020\/03\/RECEITA_FEDERAL.jpeg?fit=768%2C512&resize=350%2C200","width":350,"height":200,"srcset":"https:\/\/i0.wp.com\/cfcontabil.com\/cf\/wp-content\/uploads\/2020\/03\/RECEITA_FEDERAL.jpeg?fit=768%2C512&resize=350%2C200 1x, https:\/\/i0.wp.com\/cfcontabil.com\/cf\/wp-content\/uploads\/2020\/03\/RECEITA_FEDERAL.jpeg?fit=768%2C512&resize=525%2C300 1.5x, https:\/\/i0.wp.com\/cfcontabil.com\/cf\/wp-content\/uploads\/2020\/03\/RECEITA_FEDERAL.jpeg?fit=768%2C512&resize=700%2C400 2x"},"classes":[]},{"id":1236,"url":"http:\/\/cfcontabil.com\/cf\/mei-deve-prestar-contas-a-receita-federal-atraves-da-declaracao-anual-do-simples-nacional\/","url_meta":{"origin":2261,"position":4},"title":"MEI deve prestar contas \u00e0 Receita Federal atrav\u00e9s da Declara\u00e7\u00e3o Anual do Simples Nacional","author":"Ab\u00edlio Gon\u00e7alves","date":"7 de mar\u00e7o de 2017","format":false,"excerpt":"Documento \u00e9 feito de forma gratuita nos postos de atendimento do Sebrae e \u00e9 obriga\u00e7\u00e3o do empres\u00e1rio para que seus direitos sejam assegurados. O Microempreendedor Individual (MEI) j\u00e1 pode procurar um dos postos de atendimento do Sebrae em Alagoas ou uma das Salas do Empreendedor no estado para realizar a\u2026","rel":"","context":"Em &quot;Departamento Fiscal&quot;","block_context":{"text":"Departamento Fiscal","link":"http:\/\/cfcontabil.com\/cf\/category\/df\/"},"img":{"alt_text":"","src":"https:\/\/i0.wp.com\/cfcontabil.com\/cf\/wp-content\/uploads\/2017\/03\/mei-micro-empreendedor-individual-696x287-1.jpg?fit=696%2C287&resize=350%2C200","width":350,"height":200,"srcset":"https:\/\/i0.wp.com\/cfcontabil.com\/cf\/wp-content\/uploads\/2017\/03\/mei-micro-empreendedor-individual-696x287-1.jpg?fit=696%2C287&resize=350%2C200 1x, https:\/\/i0.wp.com\/cfcontabil.com\/cf\/wp-content\/uploads\/2017\/03\/mei-micro-empreendedor-individual-696x287-1.jpg?fit=696%2C287&resize=525%2C300 1.5x"},"classes":[]},{"id":2399,"url":"http:\/\/cfcontabil.com\/cf\/receita-federal-implementa-impugnacao-de-malha-irpf-pela-internet\/","url_meta":{"origin":2261,"position":5},"title":"Receita Federal implementa Impugna\u00e7\u00e3o de Malha IRPF pela Internet","author":"Ab\u00edlio Gon\u00e7alves","date":"8 de janeiro de 2021","format":false,"excerpt":"Contribuinte poder\u00e1 entregar a defesa de Notifica\u00e7\u00e3o de Lan\u00e7amento, decorrente da malha fiscal, inteiramente pelo e-CAC. Apartir de hoje (7\/1) o contribuinte que teve sua declara\u00e7\u00e3o retida em malha e n\u00e3o concordar com os valores lan\u00e7ados, poder\u00e1 apresentar sua impugna\u00e7\u00e3o (defesa) por meio do e-CAC sem a necessidade de comparecer\u2026","rel":"","context":"Em &quot;Departamento Fiscal&quot;","block_context":{"text":"Departamento Fiscal","link":"http:\/\/cfcontabil.com\/cf\/category\/df\/"},"img":{"alt_text":"","src":"https:\/\/i0.wp.com\/cfcontabil.com\/cf\/wp-content\/uploads\/2017\/02\/irpfrfb-1.jpg?fit=640%2C340&resize=350%2C200","width":350,"height":200,"srcset":"https:\/\/i0.wp.com\/cfcontabil.com\/cf\/wp-content\/uploads\/2017\/02\/irpfrfb-1.jpg?fit=640%2C340&resize=350%2C200 1x, https:\/\/i0.wp.com\/cfcontabil.com\/cf\/wp-content\/uploads\/2017\/02\/irpfrfb-1.jpg?fit=640%2C340&resize=525%2C300 1.5x"},"classes":[]}],"jetpack_likes_enabled":true,"_links":{"self":[{"href":"http:\/\/cfcontabil.com\/cf\/wp-json\/wp\/v2\/posts\/2261","targetHints":{"allow":["GET"]}}],"collection":[{"href":"http:\/\/cfcontabil.com\/cf\/wp-json\/wp\/v2\/posts"}],"about":[{"href":"http:\/\/cfcontabil.com\/cf\/wp-json\/wp\/v2\/types\/post"}],"author":[{"embeddable":true,"href":"http:\/\/cfcontabil.com\/cf\/wp-json\/wp\/v2\/users\/1"}],"replies":[{"embeddable":true,"href":"http:\/\/cfcontabil.com\/cf\/wp-json\/wp\/v2\/comments?post=2261"}],"version-history":[{"count":1,"href":"http:\/\/cfcontabil.com\/cf\/wp-json\/wp\/v2\/posts\/2261\/revisions"}],"predecessor-version":[{"id":2263,"href":"http:\/\/cfcontabil.com\/cf\/wp-json\/wp\/v2\/posts\/2261\/revisions\/2263"}],"wp:featuredmedia":[{"embeddable":true,"href":"http:\/\/cfcontabil.com\/cf\/wp-json\/wp\/v2\/media\/2262"}],"wp:attachment":[{"href":"http:\/\/cfcontabil.com\/cf\/wp-json\/wp\/v2\/media?parent=2261"}],"wp:term":[{"taxonomy":"category","embeddable":true,"href":"http:\/\/cfcontabil.com\/cf\/wp-json\/wp\/v2\/categories?post=2261"},{"taxonomy":"post_tag","embeddable":true,"href":"http:\/\/cfcontabil.com\/cf\/wp-json\/wp\/v2\/tags?post=2261"}],"curies":[{"name":"wp","href":"https:\/\/api.w.org\/{rel}","templated":true}]}}