{"id":2264,"date":"2020-04-13T16:23:36","date_gmt":"2020-04-13T19:23:36","guid":{"rendered":"http:\/\/cfcontabil.com\/cf\/?p=2264"},"modified":"2020-04-13T16:23:36","modified_gmt":"2020-04-13T19:23:36","slug":"df-tera-refis-mais-eficaz-de-sua-historia","status":"publish","type":"post","link":"http:\/\/cfcontabil.com\/cf\/df-tera-refis-mais-eficaz-de-sua-historia\/","title":{"rendered":"DF ter\u00e1 Refis mais eficaz de sua hist\u00f3ria"},"content":{"rendered":"<p>Secret\u00e1rio de Economia explica que novo programa tem redu\u00e7\u00f5es significativas de al\u00edquotas e pode gerar economia de R$ 823,2 milh\u00f5es \u00e0s empresas<\/p>\n<p><img data-recalc-dims=\"1\" decoding=\"async\" src=\"https:\/\/i0.wp.com\/agenciabrasilia.df.gov.br\/wp-conteudo\/uploads\/2020\/04\/DF246F96-B259-4C38-ACF9-AA85AD64BF77.jpeg?w=1170\" \/><\/p>\n<p class=\"s3\">Manter a economia nos eixos \u00e9 uma das prioridades do Governo do Distrito Federal. Principalmente em momentos de crise, como \u00e9 o caso das incertezas geradas pela pandemia de coronav\u00edrus (causador da\u00a0<a href=\"https:\/\/www.agenciabrasilia.df.gov.br\/topicos\/covid-19\/\" target=\"_blank\" rel=\"noopener noreferrer\"><strong>Covid-19<\/strong><\/a>). Uma das medidas adotadas pela atual gest\u00e3o foi o\u00a0<a href=\"https:\/\/www.agenciabrasilia.df.gov.br\/2020\/04\/07\/gdf-encaminha-criacao-do-refis-2020-a-camara-legislativa\/\" target=\"_blank\" rel=\"noopener noreferrer\"><strong>encaminhamento de um novo Programa de Regulariza\u00e7\u00e3o Fiscal do DF \u2013 Refis 2020<\/strong><\/a>\u00a0para a C\u00e2mara Legislativa do DF (CLDF).<\/p>\n<p class=\"s3\">Moderno e arrojado, a proposi\u00e7\u00e3o oferece condi\u00e7\u00f5es in\u00e9ditas e modernas para a sa\u00fade fiscal de empresas e cidad\u00e3os. Para entrar em vigor, ele precisa passar pelo crivo dos deputados distritais.<\/p>\n<p><span class=\"s5\"><span class=\"bumpedFont15\">Em conversa com a\u00a0<\/span><\/span><strong><span class=\"s2\"><span class=\"bumpedFont15\">Ag\u00eancia Bras\u00edlia<\/span><\/span><\/strong><span class=\"s5\"><span class=\"bumpedFont15\">, o secret\u00e1rio de\u00a0<a href=\"https:\/\/www.agenciabrasilia.df.gov.br\/categoria\/economia\/\" target=\"_blank\" rel=\"noopener noreferrer\"><strong>Economia<\/strong><\/a>, Andr\u00e9 Clemente, detalhou as condi\u00e7\u00f5es do Refis 2020 (veja ao final da mat\u00e9ria), destacou a redu\u00e7\u00e3o dos percentuais e demonstrou como o Distrito Federal est\u00e1 atento \u00e0s mudan\u00e7as e \u00e0s respostas do setor econ\u00f4mico. Para o secret\u00e1rio, o Refis 2020 \u201c\u00e9 o mais agressivo\u201d j\u00e1 feito no DF.<\/span><\/span><\/p>\n<p>Esse programa de recupera\u00e7\u00e3o fiscal vem sendo planejado pelo atual governo desde a \u00e9poca da transi\u00e7\u00e3o. Sabe-se da necessidade de recuperar a sa\u00fade fiscal das empresas e a sa\u00fade fiscal dos cidad\u00e3os. Sabe-se tamb\u00e9m a grande necessidade de arrecadar os recursos inscritos em d\u00edvida ativa, que s\u00e3o mais de R$ 32 bilh\u00f5es. Recursos esses de dif\u00edcil recupera\u00e7\u00e3o. H\u00e1 d\u00e9bitos anteriores ao ano 2000, ent\u00e3o o Distrito Federal fez uma grande engenharia econ\u00f4mica, financeira e jur\u00eddica para construir esse novo Refis. Fomos ao Conselho de Secret\u00e1rios de Fazenda [Confaz], no ano passado, e foi aprovada toda essa estrutura\u00e7\u00e3o. \u00c9 o Refis mais agressivo j\u00e1 feito no Distrito Federal. Ele tem servido de modelo para outros estados, inclusive para o Governo Federal.<\/p>\n<p>Ele \u00e9 consubstanciado n\u00e3o s\u00f3 em redu\u00e7\u00e3o de multas e juros, mas inova tamb\u00e9m ao introduzir o desconto no principal, que \u00e9 o valor do imposto e a corre\u00e7\u00e3o monet\u00e1ria. Ou seja, toda aquela d\u00edvida tribut\u00e1ria que \u00e9 composta de impostos, corre\u00e7\u00e3o monet\u00e1ria, \u00a0juros de mora e multa morat\u00f3ria agora vai ser alcan\u00e7ada pelo Refis. Al\u00e9m desses descontos do principal \u2013 corre\u00e7\u00e3o monet\u00e1ria, juros e multa, que tornam o cr\u00e9dito tribut\u00e1rio mais f\u00e1cil de pagar \u2013 o projeto tamb\u00e9m inova ao colocar a possibilidade de da\u00e7\u00e3o em pagamento. Ou seja, bens que o devedor tem ele pode oferecer para que haja a quita\u00e7\u00e3o dos seus d\u00e9bitos.<\/p>\n<p>O Refis 2020 traz ainda a possibilidade de compensa\u00e7\u00e3o com precat\u00f3rios. Sabemos que o Distrito Federal tem uma grande d\u00edvida com precat\u00f3rios e os cidad\u00e3os e pessoas jur\u00eddicas que foram detentores de precat\u00f3rios poder\u00e3o utiliz\u00e1-los para compensa\u00e7\u00e3o de impostos. \u00c9 um novo Refis, uma grande novidade que permite a regulariza\u00e7\u00e3o de empresas e de cidad\u00e3os que estejam devendo seus impostos. E, neste momento de crise, todo esse projeto foi aprimorado.<\/p>\n<h2 class=\"s3\">Veja como ser\u00e1 feito o parcelamento:<\/h2>\n<p class=\"s3\">I \u2013 redu\u00e7\u00e3o do principal atualizado nas seguintes propor\u00e7\u00f5es:<\/p>\n<p class=\"s3\">a) 50% do seu valor para d\u00e9bitos inscritos em d\u00edvida ativa at\u00e9 31 de dezembro de 2002;<\/p>\n<p class=\"s3\">b) 40% do seu valor para d\u00e9bitos inscritos em d\u00edvida ativa entre 1\u00b0 de janeiro de 2003 e 31 de dezembro de 2008;<\/p>\n<p class=\"s3\">c) 30% do seu valor para d\u00e9bitos inscritos em d\u00edvida ativa entre 1\u00b0 de janeiro de 2009 e 31 de dezembro de 2012.<\/p>\n<p class=\"s3\">II \u2013 redu\u00e7\u00e3o de juros e multas, inclusive as de car\u00e1ter morat\u00f3rio, nas seguintes propor\u00e7\u00f5es:<\/p>\n<p class=\"s3\">a) 95% do seu valor, para pagamento \u00e0 vista ou em at\u00e9 cinco parcelas;<\/p>\n<p class=\"s3\">b) 90% do seu valor, para pagamento de seis a 12 parcelas;<\/p>\n<p class=\"s3\">c) 80% do seu valor, para pagamento de 13 a 24 parcelas;<\/p>\n<p class=\"s3\">d) 70% do seu valor, para pagamento de 25 a 36 parcelas;<\/p>\n<p class=\"s3\">e) 60% do seu valor, para pagamento de 37 a 48 parcelas;<\/p>\n<p class=\"s3\">f) 55% do seu valor, para pagamento de 49 a 60 parcelas;<\/p>\n<p class=\"s3\">g) 50% do seu valor, para pagamento de 61 a 120 parcelas.<\/p>\n<h2 class=\"s3\">O que pode ser parcelado:<\/h2>\n<p class=\"s3\">I \u2013 Imposto sobre Opera\u00e7\u00f5es Relativas \u00e0 Circula\u00e7\u00e3o de Mercadorias (ICM) e Imposto sobre Opera\u00e7\u00f5es Relativas \u00e0 Circula\u00e7\u00e3o de Mercadorias e sobre Presta\u00e7\u00f5es de Servi\u00e7os de Transporte Interestadual e Intermunicipal e de Comunica\u00e7\u00e3o (ICMS);<\/p>\n<p class=\"s3\">II \u2013 Regime Tribut\u00e1rio Simplificado do Distrito Federal \u2013 Simples Candango, institu\u00eddo pela Lei n\u00ba 2.510, de 29 de dezembro de 1999;<\/p>\n<p class=\"s3\">III \u2013 Imposto sobre Servi\u00e7os de Qualquer Natureza (ISS), inclusive o devido pelos profissionais aut\u00f4nomos e sociedades uniprofissionais de que tratam o artigo 90, par\u00e1grafos 1\u00ba e 3\u00ba, e o artigo 94 do Decreto-Lei n\u00ba 82, de 26 de dezembro de 1966;<\/p>\n<p class=\"s3\">IV \u2013 Imposto sobre a Propriedade Predial e Territorial Urbana (IPTU);<\/p>\n<p class=\"s3\">V \u2013 Imposto sobre a Propriedade de Ve\u00edculos Automotores (IPVA);<\/p>\n<p class=\"s3\">VI \u2013 Imposto sobre a Transmiss\u00e3o Inter Vivos de Bens Im\u00f3veis por Natureza ou Acess\u00e3o F\u00edsica e de Direitos Reais sobre Im\u00f3veis (ITBI);<\/p>\n<p class=\"s3\">VII \u2013 Imposto sobre a Transmiss\u00e3o Causa Mortis ou Doa\u00e7\u00e3o de Bens e Direitos (ITCD);<\/p>\n<p class=\"s3\">VIII \u2013 Taxa de Limpeza P\u00fablica (TLP); e<\/p>\n<p class=\"s3\">IX \u2013 D\u00e9bitos n\u00e3o-tribut\u00e1rios, na forma do regulamento.<\/p>\n<p>Fonte: Ag\u00eancia Bras\u00edlia<\/p>\n","protected":false},"excerpt":{"rendered":"<p>Secret\u00e1rio de Economia explica que novo programa tem redu\u00e7\u00f5es significativas de al\u00edquotas e pode gerar economia de R$ 823,2 milh\u00f5es \u00e0s empresas Manter a economia nos eixos \u00e9 uma das prioridades do Governo do Distrito Federal. Principalmente em momentos de crise, como \u00e9 o caso das incertezas geradas pela pandemia de coronav\u00edrus (causador da\u00a0Covid-19). Uma [&hellip;]<\/p>\n","protected":false},"author":1,"featured_media":2265,"comment_status":"open","ping_status":"open","sticky":false,"template":"","format":"standard","meta":{"jetpack_post_was_ever_published":false,"_jetpack_newsletter_access":"","_jetpack_dont_email_post_to_subs":false,"_jetpack_newsletter_tier_id":0,"_jetpack_memberships_contains_paywalled_content":false,"_jetpack_memberships_contains_paid_content":false,"footnotes":"","jetpack_publicize_message":"","jetpack_publicize_feature_enabled":true,"jetpack_social_post_already_shared":true,"jetpack_social_options":{"image_generator_settings":{"template":"highway","default_image_id":0,"font":"","enabled":false},"version":2}},"categories":[1],"tags":[449,123,676,432,112,113,126],"class_list":["post-2264","post","type-post","status-publish","format-standard","has-post-thumbnail","hentry","category-uncategorized","tag-ativa","tag-debitos","tag-desconto","tag-divida","tag-gdf","tag-parcelamento","tag-refis"],"jetpack_publicize_connections":[],"jetpack_featured_media_url":"https:\/\/i0.wp.com\/cfcontabil.com\/cf\/wp-content\/uploads\/2020\/04\/REFIS-DF.jpg?fit=512%2C287","jetpack_sharing_enabled":true,"jetpack_shortlink":"https:\/\/wp.me\/p2wklX-Aw","jetpack-related-posts":[{"id":2361,"url":"http:\/\/cfcontabil.com\/cf\/ibaneis-sanciona-novo-refis-para-ajudar-no-resgate-da-economia-do-distrito-federal\/","url_meta":{"origin":2264,"position":0},"title":"Ibaneis sanciona novo Refis para ajudar no resgate da economia do Distrito Federal","author":"Ab\u00edlio Gon\u00e7alves","date":"9 de novembro de 2020","format":false,"excerpt":"Foi sancionada\u00a0 nesta segunda-feira (9), pelo governador Ibaneis Rocha, a lei do novo Programa de Incentivo \u00e0 Regulariza\u00e7\u00e3o Fiscal (Refis 2020). A medida, aprovada\u00a0 pela C\u00e2mara Legislativa, tem como objetivo, segundo o chefe do Executivo local, de resgatar a economia do DF. O governador disse que\u00a0 o novo refis era\u2026","rel":"","context":"Em &quot;Departamento Fiscal&quot;","block_context":{"text":"Departamento Fiscal","link":"http:\/\/cfcontabil.com\/cf\/category\/df\/"},"img":{"alt_text":"","src":"https:\/\/i0.wp.com\/cfcontabil.com\/cf\/wp-content\/uploads\/2020\/11\/ibaneis-refis.jpg?fit=971%2C533&resize=350%2C200","width":350,"height":200,"srcset":"https:\/\/i0.wp.com\/cfcontabil.com\/cf\/wp-content\/uploads\/2020\/11\/ibaneis-refis.jpg?fit=971%2C533&resize=350%2C200 1x, https:\/\/i0.wp.com\/cfcontabil.com\/cf\/wp-content\/uploads\/2020\/11\/ibaneis-refis.jpg?fit=971%2C533&resize=525%2C300 1.5x, https:\/\/i0.wp.com\/cfcontabil.com\/cf\/wp-content\/uploads\/2020\/11\/ibaneis-refis.jpg?fit=971%2C533&resize=700%2C400 2x"},"classes":[]},{"id":2357,"url":"http:\/\/cfcontabil.com\/cf\/aprovacao-do-refis-salvara-diversas-empresas-afirma-fecomercio-df\/","url_meta":{"origin":2264,"position":1},"title":"\u201cAprova\u00e7\u00e3o do Refis salvar\u00e1 diversas empresas\u201d, afirma Fecom\u00e9rcio-DF","author":"Ab\u00edlio Gon\u00e7alves","date":"4 de novembro de 2020","format":false,"excerpt":"Projeto foi aprovado nesta ter\u00e7a-feira na CLDF e seguiu para san\u00e7\u00e3o do governador Ibaneis Rocha Muito aguardado pelo setor produtivo do Distrito Federal, o Programa de Incentivo \u00e0 Regulariza\u00e7\u00e3o Fiscal do Distrito Federal (Refis-DF) foi aprovado pela C\u00e2mara Legislativa na noite desta ter\u00e7a-feira (3\/11). Agora, o texto segue para an\u00e1lise\u2026","rel":"","context":"Em &quot;Departamento Fiscal&quot;","block_context":{"text":"Departamento Fiscal","link":"http:\/\/cfcontabil.com\/cf\/category\/df\/"},"img":{"alt_text":"","src":"https:\/\/i0.wp.com\/cfcontabil.com\/cf\/wp-content\/uploads\/2020\/11\/cldf-01-fb.jpg?fit=600%2C315&resize=350%2C200","width":350,"height":200,"srcset":"https:\/\/i0.wp.com\/cfcontabil.com\/cf\/wp-content\/uploads\/2020\/11\/cldf-01-fb.jpg?fit=600%2C315&resize=350%2C200 1x, https:\/\/i0.wp.com\/cfcontabil.com\/cf\/wp-content\/uploads\/2020\/11\/cldf-01-fb.jpg?fit=600%2C315&resize=525%2C300 1.5x"},"classes":[]},{"id":1768,"url":"http:\/\/cfcontabil.com\/cf\/confaz-autoriza-df-mais-sete-estados-a-fazer-novo-refis-em-2020\/","url_meta":{"origin":2264,"position":2},"title":"Confaz autoriza DF mais sete estados a fazer novo Refis em 2020","author":"Ab\u00edlio Gon\u00e7alves","date":"16 de outubro de 2019","format":false,"excerpt":"O\u00a0Conselho Nacional de Pol\u00edtica Fazend\u00e1ria (Confaz)\u00a0autorizou o Distrito Federal e sete estados a lan\u00e7ar um novo\u00a0Programa de Refinanciamento de D\u00edvidas (Refis)\u00a0em 2020. A medida permite que empresas com d\u00e9bitos relativos ao\u00a0Imposto sobre Circula\u00e7\u00e3o de Mercadorias e Servi\u00e7os (ICMS)\u00a0tenham mais prazo para quit\u00e1-los, com descontos nas multas. No caso do DF,\u2026","rel":"","context":"Em &quot;Departamento Fiscal&quot;","block_context":{"text":"Departamento Fiscal","link":"http:\/\/cfcontabil.com\/cf\/category\/df\/"},"img":{"alt_text":"","src":"https:\/\/i0.wp.com\/cfcontabil.com\/cf\/wp-content\/uploads\/2019\/10\/imposto.jpg?fit=715%2C300&resize=350%2C200","width":350,"height":200,"srcset":"https:\/\/i0.wp.com\/cfcontabil.com\/cf\/wp-content\/uploads\/2019\/10\/imposto.jpg?fit=715%2C300&resize=350%2C200 1x, https:\/\/i0.wp.com\/cfcontabil.com\/cf\/wp-content\/uploads\/2019\/10\/imposto.jpg?fit=715%2C300&resize=525%2C300 1.5x, https:\/\/i0.wp.com\/cfcontabil.com\/cf\/wp-content\/uploads\/2019\/10\/imposto.jpg?fit=715%2C300&resize=700%2C400 2x"},"classes":[]},{"id":2382,"url":"http:\/\/cfcontabil.com\/cf\/contribuintes-tem-ate-hoje-quarta-feira-16-para-aderir-ao-refis\/","url_meta":{"origin":2264,"position":3},"title":"Contribuintes t\u00eam at\u00e9 hoje (quarta-feira, 16) para aderir ao Refis","author":"Ab\u00edlio Gon\u00e7alves","date":"16 de dezembro de 2020","format":false,"excerpt":"O acesso ao portal de servi\u00e7os da Receita do DF pode ser feito por pessoas jur\u00eddicas, mediante certifica\u00e7\u00e3o digital; e por pessoas f\u00edsicas, por certifica\u00e7\u00e3o digital ou mediante login\/senha. Pessoas f\u00edsicas e jur\u00eddicas t\u00eam at\u00e9 quarta-feira (16) para aderir ao Programa de Incentivo \u00e0 Regulariza\u00e7\u00e3o Fiscal \u2013 Refis 2020. Quem\u2026","rel":"","context":"Em &quot;Departamento Fiscal&quot;","block_context":{"text":"Departamento Fiscal","link":"http:\/\/cfcontabil.com\/cf\/category\/df\/"},"img":{"alt_text":"","src":"https:\/\/i0.wp.com\/cfcontabil.com\/cf\/wp-content\/uploads\/2020\/12\/refis-df.jpeg?fit=1200%2C799&resize=350%2C200","width":350,"height":200,"srcset":"https:\/\/i0.wp.com\/cfcontabil.com\/cf\/wp-content\/uploads\/2020\/12\/refis-df.jpeg?fit=1200%2C799&resize=350%2C200 1x, https:\/\/i0.wp.com\/cfcontabil.com\/cf\/wp-content\/uploads\/2020\/12\/refis-df.jpeg?fit=1200%2C799&resize=525%2C300 1.5x, https:\/\/i0.wp.com\/cfcontabil.com\/cf\/wp-content\/uploads\/2020\/12\/refis-df.jpeg?fit=1200%2C799&resize=700%2C400 2x, https:\/\/i0.wp.com\/cfcontabil.com\/cf\/wp-content\/uploads\/2020\/12\/refis-df.jpeg?fit=1200%2C799&resize=1050%2C600 3x"},"classes":[]},{"id":1285,"url":"http:\/\/cfcontabil.com\/cf\/adesao-ao-refis-podera-ser-feita-ate-29-de-setembro\/","url_meta":{"origin":2264,"position":4},"title":"Ades\u00e3o ao Refis poder\u00e1 ser feita at\u00e9 29 de setembro","author":"Ab\u00edlio Gon\u00e7alves","date":"31 de agosto de 2017","format":false,"excerpt":"O presidente da Rep\u00fablica em exerc\u00edcio,\u00a0Rodrigo Maia, editou medida provis\u00f3ria (MP) prorrogando o prazo de ades\u00e3o ao novo refinanciamento de d\u00edvidas de empres\u00e1rios com a Receita Federal para o pr\u00f3ximo dia 29 de setembro. Os l\u00edderes da C\u00e2mara dos Deputados est\u00e3o em busca de acordo para votar a proposta at\u00e9\u2026","rel":"","context":"Em &quot;Departamento Fiscal&quot;","block_context":{"text":"Departamento Fiscal","link":"http:\/\/cfcontabil.com\/cf\/category\/df\/"},"img":{"alt_text":"","src":"","width":0,"height":0},"classes":[]},{"id":1904,"url":"http:\/\/cfcontabil.com\/cf\/secretaria-assina-primeiro-contrato-do-emprega-df\/","url_meta":{"origin":2264,"position":5},"title":"Secretaria assina primeiro contrato do Emprega DF","author":"Ab\u00edlio Gon\u00e7alves","date":"18 de novembro de 2019","format":false,"excerpt":"Empresa vai gerar 130 novos postos de trabalho. Desconto no ICMS chegar\u00e1 67% e j\u00e1 reflete em investimentos Criado em meados abril para incentivar os investimentos no Distrito Federal, o programa\u00a0Emprega DF\u00a0come\u00e7a a sair do papel. O grupo empresarial SKS foi o primeiro a assinar contrato com a Secretaria de\u2026","rel":"","context":"Em &quot;Geral&quot;","block_context":{"text":"Geral","link":"http:\/\/cfcontabil.com\/cf\/category\/geral\/"},"img":{"alt_text":"","src":"https:\/\/i0.wp.com\/cfcontabil.com\/cf\/wp-content\/uploads\/2019\/11\/Emprega-DF.jpg?fit=680%2C451&resize=350%2C200","width":350,"height":200,"srcset":"https:\/\/i0.wp.com\/cfcontabil.com\/cf\/wp-content\/uploads\/2019\/11\/Emprega-DF.jpg?fit=680%2C451&resize=350%2C200 1x, https:\/\/i0.wp.com\/cfcontabil.com\/cf\/wp-content\/uploads\/2019\/11\/Emprega-DF.jpg?fit=680%2C451&resize=525%2C300 1.5x"},"classes":[]}],"jetpack_likes_enabled":true,"_links":{"self":[{"href":"http:\/\/cfcontabil.com\/cf\/wp-json\/wp\/v2\/posts\/2264","targetHints":{"allow":["GET"]}}],"collection":[{"href":"http:\/\/cfcontabil.com\/cf\/wp-json\/wp\/v2\/posts"}],"about":[{"href":"http:\/\/cfcontabil.com\/cf\/wp-json\/wp\/v2\/types\/post"}],"author":[{"embeddable":true,"href":"http:\/\/cfcontabil.com\/cf\/wp-json\/wp\/v2\/users\/1"}],"replies":[{"embeddable":true,"href":"http:\/\/cfcontabil.com\/cf\/wp-json\/wp\/v2\/comments?post=2264"}],"version-history":[{"count":1,"href":"http:\/\/cfcontabil.com\/cf\/wp-json\/wp\/v2\/posts\/2264\/revisions"}],"predecessor-version":[{"id":2266,"href":"http:\/\/cfcontabil.com\/cf\/wp-json\/wp\/v2\/posts\/2264\/revisions\/2266"}],"wp:featuredmedia":[{"embeddable":true,"href":"http:\/\/cfcontabil.com\/cf\/wp-json\/wp\/v2\/media\/2265"}],"wp:attachment":[{"href":"http:\/\/cfcontabil.com\/cf\/wp-json\/wp\/v2\/media?parent=2264"}],"wp:term":[{"taxonomy":"category","embeddable":true,"href":"http:\/\/cfcontabil.com\/cf\/wp-json\/wp\/v2\/categories?post=2264"},{"taxonomy":"post_tag","embeddable":true,"href":"http:\/\/cfcontabil.com\/cf\/wp-json\/wp\/v2\/tags?post=2264"}],"curies":[{"name":"wp","href":"https:\/\/api.w.org\/{rel}","templated":true}]}}