{"id":2267,"date":"2020-04-15T09:13:15","date_gmt":"2020-04-15T12:13:15","guid":{"rendered":"http:\/\/cfcontabil.com\/cf\/?p=2267"},"modified":"2020-04-15T09:13:15","modified_gmt":"2020-04-15T12:13:15","slug":"coronavirus-governo-libera-o-funcionamento-de-oticas-no-df","status":"publish","type":"post","link":"http:\/\/cfcontabil.com\/cf\/coronavirus-governo-libera-o-funcionamento-de-oticas-no-df\/","title":{"rendered":"Coronav\u00edrus: governo libera o funcionamento de \u00f3ticas no DF"},"content":{"rendered":"<h2 class=\"m-resume-single\">Decreto que permite a abertura das lojas foi publicado em edi\u00e7\u00e3o extra do Di\u00e1rio Oficial dessa ter\u00e7a-feira (14\/04)<\/h2>\n<p>O Governo do Distrito Federal (GDF)\u00a0liberou a abertura de \u00f3ticas durante o per\u00edodo de restri\u00e7\u00f5es ao com\u00e9rcio decorrentes da\u00a0pandemia do novo coronav\u00edrus. A medida foi publicada em edi\u00e7\u00e3o extra do Di\u00e1rio Oficial (DODF) na noite dessa ter\u00e7a-feira (14\/04).<\/p>\n<div class=\"m-banner-wrap m-banner-rectangle m-publicity-content-middle\"><a href=\"https:\/\/i0.wp.com\/cfcontabil.com\/cf\/wp-content\/uploads\/2020\/04\/Decreto-autoriza-oticas.jpg\"><img data-recalc-dims=\"1\" fetchpriority=\"high\" decoding=\"async\" data-attachment-id=\"2268\" data-permalink=\"http:\/\/cfcontabil.com\/cf\/coronavirus-governo-libera-o-funcionamento-de-oticas-no-df\/decreto-autoriza-oticas\/\" data-orig-file=\"https:\/\/i0.wp.com\/cfcontabil.com\/cf\/wp-content\/uploads\/2020\/04\/Decreto-autoriza-oticas.jpg?fit=600%2C488\" data-orig-size=\"600,488\" data-comments-opened=\"1\" data-image-meta=\"{&quot;aperture&quot;:&quot;0&quot;,&quot;credit&quot;:&quot;&quot;,&quot;camera&quot;:&quot;&quot;,&quot;caption&quot;:&quot;&quot;,&quot;created_timestamp&quot;:&quot;0&quot;,&quot;copyright&quot;:&quot;&quot;,&quot;focal_length&quot;:&quot;0&quot;,&quot;iso&quot;:&quot;0&quot;,&quot;shutter_speed&quot;:&quot;0&quot;,&quot;title&quot;:&quot;&quot;,&quot;orientation&quot;:&quot;0&quot;}\" data-image-title=\"Decreto-autoriza-oticas\" data-image-description=\"\" data-image-caption=\"\" data-large-file=\"https:\/\/i0.wp.com\/cfcontabil.com\/cf\/wp-content\/uploads\/2020\/04\/Decreto-autoriza-oticas.jpg?fit=600%2C488\" class=\"aligncenter size-full wp-image-2268\" src=\"https:\/\/i0.wp.com\/cfcontabil.com\/cf\/wp-content\/uploads\/2020\/04\/Decreto-autoriza-oticas.jpg?resize=600%2C488\" alt=\"\" width=\"600\" height=\"488\" srcset=\"https:\/\/i0.wp.com\/cfcontabil.com\/cf\/wp-content\/uploads\/2020\/04\/Decreto-autoriza-oticas.jpg?w=600 600w, https:\/\/i0.wp.com\/cfcontabil.com\/cf\/wp-content\/uploads\/2020\/04\/Decreto-autoriza-oticas.jpg?resize=300%2C244 300w, https:\/\/i0.wp.com\/cfcontabil.com\/cf\/wp-content\/uploads\/2020\/04\/Decreto-autoriza-oticas.jpg?resize=370%2C301 370w\" sizes=\"(max-width: 600px) 100vw, 600px\" \/><\/a><\/div>\n<p>Na \u00faltima quinta-feira (09\/04), foi\u00a0autorizado o funcionamento de lojas de todo o setor moveleiro, da \u00e1rea de eletrodom\u00e9sticos e do Sistema S\u00a0\u2013 Sesc, Senac, Sesi e Senai. Neste \u00faltimo caso, a medida vale para as atividades relacionadas ao combate do novo coronav\u00edrus.<\/p>\n<p><a href=\"https:\/\/i0.wp.com\/cfcontabil.com\/cf\/wp-content\/uploads\/2020\/04\/DECRETO-GDF-MOVEIS.jpeg\"><img data-recalc-dims=\"1\" decoding=\"async\" data-attachment-id=\"2253\" data-permalink=\"http:\/\/cfcontabil.com\/cf\/gdf-libera-abertura-das-lojas-de-moveis-e-de-eletroeletronicos\/decreto-gdf-moveis\/\" data-orig-file=\"https:\/\/i0.wp.com\/cfcontabil.com\/cf\/wp-content\/uploads\/2020\/04\/DECRETO-GDF-MOVEIS.jpeg?fit=1080%2C1080\" data-orig-size=\"1080,1080\" data-comments-opened=\"1\" data-image-meta=\"{&quot;aperture&quot;:&quot;0&quot;,&quot;credit&quot;:&quot;&quot;,&quot;camera&quot;:&quot;&quot;,&quot;caption&quot;:&quot;&quot;,&quot;created_timestamp&quot;:&quot;0&quot;,&quot;copyright&quot;:&quot;&quot;,&quot;focal_length&quot;:&quot;0&quot;,&quot;iso&quot;:&quot;0&quot;,&quot;shutter_speed&quot;:&quot;0&quot;,&quot;title&quot;:&quot;&quot;,&quot;orientation&quot;:&quot;0&quot;}\" data-image-title=\"DECRETO GDF MOVEIS\" data-image-description=\"\" data-image-caption=\"\" data-large-file=\"https:\/\/i0.wp.com\/cfcontabil.com\/cf\/wp-content\/uploads\/2020\/04\/DECRETO-GDF-MOVEIS.jpeg?fit=1024%2C1024\" class=\"aligncenter size-full wp-image-2253\" src=\"https:\/\/i0.wp.com\/cfcontabil.com\/cf\/wp-content\/uploads\/2020\/04\/DECRETO-GDF-MOVEIS.jpeg?resize=1080%2C1080\" alt=\"\" width=\"1080\" height=\"1080\" srcset=\"https:\/\/i0.wp.com\/cfcontabil.com\/cf\/wp-content\/uploads\/2020\/04\/DECRETO-GDF-MOVEIS.jpeg?w=1080 1080w, https:\/\/i0.wp.com\/cfcontabil.com\/cf\/wp-content\/uploads\/2020\/04\/DECRETO-GDF-MOVEIS.jpeg?resize=300%2C300 300w, https:\/\/i0.wp.com\/cfcontabil.com\/cf\/wp-content\/uploads\/2020\/04\/DECRETO-GDF-MOVEIS.jpeg?resize=1024%2C1024 1024w, https:\/\/i0.wp.com\/cfcontabil.com\/cf\/wp-content\/uploads\/2020\/04\/DECRETO-GDF-MOVEIS.jpeg?resize=150%2C150 150w, https:\/\/i0.wp.com\/cfcontabil.com\/cf\/wp-content\/uploads\/2020\/04\/DECRETO-GDF-MOVEIS.jpeg?resize=768%2C768 768w, https:\/\/i0.wp.com\/cfcontabil.com\/cf\/wp-content\/uploads\/2020\/04\/DECRETO-GDF-MOVEIS.jpeg?resize=370%2C370 370w, https:\/\/i0.wp.com\/cfcontabil.com\/cf\/wp-content\/uploads\/2020\/04\/DECRETO-GDF-MOVEIS.jpeg?resize=75%2C75 75w, https:\/\/i0.wp.com\/cfcontabil.com\/cf\/wp-content\/uploads\/2020\/04\/DECRETO-GDF-MOVEIS.jpeg?resize=770%2C770 770w\" sizes=\"(max-width: 1080px) 100vw, 1080px\" \/><\/a><\/p>\n<p>Estava liberado tamb\u00e9m o funcionamento de cl\u00ednicas e os consult\u00f3rios m\u00e9dicos e odontol\u00f3gicos, cl\u00ednicas veterin\u00e1rias, supermercados, minimercados, mercearias, algumas \u00e1reas aliment\u00edcias de feiras (somente para levar), entre outros.<\/p>\n<p>No entanto,\u00a0shoppings e demais com\u00e9rcios continuam fechados at\u00e9 3 de maio, e as escolas permanecem com as aulas suspensas at\u00e9 31 de maio.<\/p>\n","protected":false},"excerpt":{"rendered":"<p>Decreto que permite a abertura das lojas foi publicado em edi\u00e7\u00e3o extra do Di\u00e1rio Oficial dessa ter\u00e7a-feira (14\/04) O Governo do Distrito Federal (GDF)\u00a0liberou a abertura de \u00f3ticas durante o per\u00edodo de restri\u00e7\u00f5es ao com\u00e9rcio decorrentes da\u00a0pandemia do novo coronav\u00edrus. A medida foi publicada em edi\u00e7\u00e3o extra do Di\u00e1rio Oficial (DODF) na noite dessa ter\u00e7a-feira [&hellip;]<\/p>\n","protected":false},"author":1,"featured_media":2269,"comment_status":"open","ping_status":"open","sticky":false,"template":"","format":"standard","meta":{"jetpack_post_was_ever_published":false,"_jetpack_newsletter_access":"","_jetpack_dont_email_post_to_subs":false,"_jetpack_newsletter_tier_id":0,"_jetpack_memberships_contains_paywalled_content":false,"_jetpack_memberships_contains_paid_content":false,"footnotes":"","jetpack_publicize_message":"","jetpack_publicize_feature_enabled":true,"jetpack_social_post_already_shared":true,"jetpack_social_options":{"image_generator_settings":{"template":"highway","default_image_id":0,"font":"","enabled":false},"version":2}},"categories":[22],"tags":[700,754,758,431,791],"class_list":["post-2267","post","type-post","status-publish","format-standard","has-post-thumbnail","hentry","category-geral","tag-abertura","tag-coronavirus","tag-covid19","tag-decreto","tag-otica"],"jetpack_publicize_connections":[],"jetpack_featured_media_url":"https:\/\/i0.wp.com\/cfcontabil.com\/cf\/wp-content\/uploads\/2020\/04\/otica-960x640-1.jpg?fit=960%2C640","jetpack_sharing_enabled":true,"jetpack_shortlink":"https:\/\/wp.me\/p2wklX-Az","jetpack-related-posts":[{"id":2279,"url":"http:\/\/cfcontabil.com\/cf\/coronavirus-gdf-permite-abertura-de-armarinhos-e-lojas-de-tecido\/","url_meta":{"origin":2267,"position":0},"title":"Coronav\u00edrus: GDF permite abertura de armarinhos e lojas de tecido","author":"Ab\u00edlio Gon\u00e7alves","date":"25 de abril de 2020","format":false,"excerpt":"\u00d3ticas, lojas de todo o setor moveleiro e da \u00e1rea de eletrodom\u00e9sticos j\u00e1 haviam sido autorizadas a funcionar em decreto anterior Governo do Distrito Federal (GDF) liberou a abertura de lojas de tecido e armarinhos durante o per\u00edodo de restri\u00e7\u00f5es ao com\u00e9rcio decorrentes da pandemia do\u00a0novo coronav\u00edrus. Decreto assinado pelo\u2026","rel":"","context":"Em &quot;Geral&quot;","block_context":{"text":"Geral","link":"http:\/\/cfcontabil.com\/cf\/category\/geral\/"},"img":{"alt_text":"","src":"https:\/\/i0.wp.com\/cfcontabil.com\/cf\/wp-content\/uploads\/2020\/04\/loja_tecidos.jpg?fit=460%2C242&resize=350%2C200","width":350,"height":200},"classes":[]},{"id":2275,"url":"http:\/\/cfcontabil.com\/cf\/gdf-determina-abertura-de-novos-espacos\/","url_meta":{"origin":2267,"position":1},"title":"GDF determina abertura de novos espa\u00e7os","author":"Ab\u00edlio Gon\u00e7alves","date":"22 de abril de 2020","format":false,"excerpt":"Medida publicada em edi\u00e7\u00e3o extra do DODF desta quarta-feira (22), libera reabertura de escrit\u00f3rios de advocacia, contabilidade, engenharia e arquitetura, al\u00e9m de imobili\u00e1rias Escrit\u00f3rios de advocacia, contabilidade, engenharia e arquitetura passam a funcionar a partir de hoje (22). Decreto liberando as atividades desses setores foi publicado na tarde desta quarta-feira\u2026","rel":"","context":"Em &quot;Geral&quot;","block_context":{"text":"Geral","link":"http:\/\/cfcontabil.com\/cf\/category\/geral\/"},"img":{"alt_text":"","src":"https:\/\/i0.wp.com\/cfcontabil.com\/cf\/wp-content\/uploads\/2020\/04\/abertura_contabilidade_blog.jpeg?fit=1200%2C675&resize=350%2C200","width":350,"height":200,"srcset":"https:\/\/i0.wp.com\/cfcontabil.com\/cf\/wp-content\/uploads\/2020\/04\/abertura_contabilidade_blog.jpeg?fit=1200%2C675&resize=350%2C200 1x, https:\/\/i0.wp.com\/cfcontabil.com\/cf\/wp-content\/uploads\/2020\/04\/abertura_contabilidade_blog.jpeg?fit=1200%2C675&resize=525%2C300 1.5x, https:\/\/i0.wp.com\/cfcontabil.com\/cf\/wp-content\/uploads\/2020\/04\/abertura_contabilidade_blog.jpeg?fit=1200%2C675&resize=700%2C400 2x, https:\/\/i0.wp.com\/cfcontabil.com\/cf\/wp-content\/uploads\/2020\/04\/abertura_contabilidade_blog.jpeg?fit=1200%2C675&resize=1050%2C600 3x"},"classes":[]},{"id":2252,"url":"http:\/\/cfcontabil.com\/cf\/gdf-libera-abertura-das-lojas-de-moveis-e-de-eletroeletronicos\/","url_meta":{"origin":2267,"position":2},"title":"GDF libera abertura das lojas de m\u00f3veis e de eletroeletr\u00f4nicos","author":"Ab\u00edlio Gon\u00e7alves","date":"9 de abril de 2020","format":false,"excerpt":"Em edi\u00e7\u00e3o extra do Di\u00e1rio Oficial publicada nesta quinta (09\/04), tamb\u00e9m \u00e9 suspensa a quarentena para todo Sistema S, como Sesc e Senai. governador do Distrito Federal, Ibaneis Rocha (MDB), liberou a abertura de lojas de todo o setor moveleiro, da \u00e1rea de eletroeletr\u00f4nicos e de todo o Sistema S\u2026","rel":"","context":"Em &quot;Geral&quot;","block_context":{"text":"Geral","link":"http:\/\/cfcontabil.com\/cf\/category\/geral\/"},"img":{"alt_text":"","src":"https:\/\/i0.wp.com\/cfcontabil.com\/cf\/wp-content\/uploads\/2020\/04\/loja-de-moveis.jpg?fit=813%2C425&resize=350%2C200","width":350,"height":200,"srcset":"https:\/\/i0.wp.com\/cfcontabil.com\/cf\/wp-content\/uploads\/2020\/04\/loja-de-moveis.jpg?fit=813%2C425&resize=350%2C200 1x, https:\/\/i0.wp.com\/cfcontabil.com\/cf\/wp-content\/uploads\/2020\/04\/loja-de-moveis.jpg?fit=813%2C425&resize=525%2C300 1.5x, https:\/\/i0.wp.com\/cfcontabil.com\/cf\/wp-content\/uploads\/2020\/04\/loja-de-moveis.jpg?fit=813%2C425&resize=700%2C400 2x"},"classes":[]},{"id":2203,"url":"http:\/\/cfcontabil.com\/cf\/governo-amplia-isolamento-social-ate-3-de-maio\/","url_meta":{"origin":2267,"position":3},"title":"Governo amplia isolamento social at\u00e9 3 de maio","author":"Ab\u00edlio Gon\u00e7alves","date":"1 de abril de 2020","format":false,"excerpt":"O decreto 40.583 permite com\u00e9rcio de alimentos em feiras e funcionamento de cl\u00ednicas m\u00e9dicas. Aulas em escolas e faculdades s\u00f3 em junho. O decreto vale a partir de hoje com exce\u00e7\u00e3o das feiras que come\u00e7ar\u00e3o a funcionar no dia 6 O isolamento social no Distrito Federal ser\u00e1 prorrogado at\u00e9 o\u2026","rel":"","context":"Em &quot;Geral&quot;","block_context":{"text":"Geral","link":"http:\/\/cfcontabil.com\/cf\/category\/geral\/"},"img":{"alt_text":"","src":"https:\/\/i0.wp.com\/cfcontabil.com\/cf\/wp-content\/uploads\/2020\/04\/novo-decreto-df-isolamento.jpeg?fit=1200%2C675&resize=350%2C200","width":350,"height":200,"srcset":"https:\/\/i0.wp.com\/cfcontabil.com\/cf\/wp-content\/uploads\/2020\/04\/novo-decreto-df-isolamento.jpeg?fit=1200%2C675&resize=350%2C200 1x, https:\/\/i0.wp.com\/cfcontabil.com\/cf\/wp-content\/uploads\/2020\/04\/novo-decreto-df-isolamento.jpeg?fit=1200%2C675&resize=525%2C300 1.5x, https:\/\/i0.wp.com\/cfcontabil.com\/cf\/wp-content\/uploads\/2020\/04\/novo-decreto-df-isolamento.jpeg?fit=1200%2C675&resize=700%2C400 2x, https:\/\/i0.wp.com\/cfcontabil.com\/cf\/wp-content\/uploads\/2020\/04\/novo-decreto-df-isolamento.jpeg?fit=1200%2C675&resize=1050%2C600 3x"},"classes":[]},{"id":2189,"url":"http:\/\/cfcontabil.com\/cf\/bancos-anunciam-novos-horarios-de-funcionamento-das-agencias\/","url_meta":{"origin":2267,"position":4},"title":"Bancos anunciam novos hor\u00e1rios de funcionamento das ag\u00eancias","author":"Ab\u00edlio Gon\u00e7alves","date":"25 de mar\u00e7o de 2020","format":false,"excerpt":"Alguns oferecer\u00e3o atendimento exclusivo para grupos de risco Diante do avan\u00e7o da pandemia do novo coronav\u00edrus (Covid-2019) no pa\u00eds, Banco do Brasil, Caixa Econ\u00f4mica Federal, Santander e Bradesco est\u00e3o anunciando novos hor\u00e1rios de funcionamento tempor\u00e1rios para suas ag\u00eancias banc\u00e1rias de todo pa\u00eds. A partir dessa ter\u00e7a-feira (24), as ag\u00eancias do\u2026","rel":"","context":"Em &quot;Geral&quot;","block_context":{"text":"Geral","link":"http:\/\/cfcontabil.com\/cf\/category\/geral\/"},"img":{"alt_text":"","src":"https:\/\/i0.wp.com\/cfcontabil.com\/cf\/wp-content\/uploads\/2020\/03\/horariodefuncionamento.jpeg?fit=783%2C391&resize=350%2C200","width":350,"height":200,"srcset":"https:\/\/i0.wp.com\/cfcontabil.com\/cf\/wp-content\/uploads\/2020\/03\/horariodefuncionamento.jpeg?fit=783%2C391&resize=350%2C200 1x, https:\/\/i0.wp.com\/cfcontabil.com\/cf\/wp-content\/uploads\/2020\/03\/horariodefuncionamento.jpeg?fit=783%2C391&resize=525%2C300 1.5x, https:\/\/i0.wp.com\/cfcontabil.com\/cf\/wp-content\/uploads\/2020\/03\/horariodefuncionamento.jpeg?fit=783%2C391&resize=700%2C400 2x"},"classes":[]},{"id":2316,"url":"http:\/\/cfcontabil.com\/cf\/so-14-dos-pequenos-negocios-ja-conseguiram-credito-na-pandemia-diz-sebrae\/","url_meta":{"origin":2267,"position":5},"title":"S\u00f3 14% dos pequenos neg\u00f3cios j\u00e1 conseguiram cr\u00e9dito na pandemia, diz Sebrae","author":"Ab\u00edlio Gon\u00e7alves","date":"20 de maio de 2020","format":false,"excerpt":"Pesquisa do Sebrae diz que 58% das MPEs que pediram cr\u00e9dito nas \u00faltimas semanas j\u00e1 tiveram o pedido negado. Outros 18% est\u00e3o em an\u00e1lise, sendo que 53% aguardam uma resposta dos bancos h\u00e1 mais de duas semanas O Programa Nacional de Apoio \u00e0s Microempresas e Empresas de Pequeno Porte (Pronampe)\u2026","rel":"","context":"Em \"Cr\u00e9dito\"","block_context":{"text":"Cr\u00e9dito","link":"http:\/\/cfcontabil.com\/cf\/tag\/credito\/"},"img":{"alt_text":"","src":"https:\/\/i0.wp.com\/cfcontabil.com\/cf\/wp-content\/uploads\/2019\/11\/dinheiro-nota-real.jpg?fit=678%2C452&resize=350%2C200","width":350,"height":200,"srcset":"https:\/\/i0.wp.com\/cfcontabil.com\/cf\/wp-content\/uploads\/2019\/11\/dinheiro-nota-real.jpg?fit=678%2C452&resize=350%2C200 1x, https:\/\/i0.wp.com\/cfcontabil.com\/cf\/wp-content\/uploads\/2019\/11\/dinheiro-nota-real.jpg?fit=678%2C452&resize=525%2C300 1.5x"},"classes":[]}],"jetpack_likes_enabled":true,"_links":{"self":[{"href":"http:\/\/cfcontabil.com\/cf\/wp-json\/wp\/v2\/posts\/2267","targetHints":{"allow":["GET"]}}],"collection":[{"href":"http:\/\/cfcontabil.com\/cf\/wp-json\/wp\/v2\/posts"}],"about":[{"href":"http:\/\/cfcontabil.com\/cf\/wp-json\/wp\/v2\/types\/post"}],"author":[{"embeddable":true,"href":"http:\/\/cfcontabil.com\/cf\/wp-json\/wp\/v2\/users\/1"}],"replies":[{"embeddable":true,"href":"http:\/\/cfcontabil.com\/cf\/wp-json\/wp\/v2\/comments?post=2267"}],"version-history":[{"count":1,"href":"http:\/\/cfcontabil.com\/cf\/wp-json\/wp\/v2\/posts\/2267\/revisions"}],"predecessor-version":[{"id":2270,"href":"http:\/\/cfcontabil.com\/cf\/wp-json\/wp\/v2\/posts\/2267\/revisions\/2270"}],"wp:featuredmedia":[{"embeddable":true,"href":"http:\/\/cfcontabil.com\/cf\/wp-json\/wp\/v2\/media\/2269"}],"wp:attachment":[{"href":"http:\/\/cfcontabil.com\/cf\/wp-json\/wp\/v2\/media?parent=2267"}],"wp:term":[{"taxonomy":"category","embeddable":true,"href":"http:\/\/cfcontabil.com\/cf\/wp-json\/wp\/v2\/categories?post=2267"},{"taxonomy":"post_tag","embeddable":true,"href":"http:\/\/cfcontabil.com\/cf\/wp-json\/wp\/v2\/tags?post=2267"}],"curies":[{"name":"wp","href":"https:\/\/api.w.org\/{rel}","templated":true}]}}